{"id":171479,"date":"2026-01-25T05:13:21","date_gmt":"2026-01-25T08:13:21","guid":{"rendered":"https:\/\/portaltela.pt\/noticias\/2026\/01\/25\/rui-oliveira-soma-titulo-nacional-de-eliminacao-ao-omnium\/"},"modified":"2026-01-25T05:13:21","modified_gmt":"2026-01-25T08:13:21","slug":"rui-oliveira-soma-titulo-nacional-de-eliminacao-ao-omnium","status":"publish","type":"post","link":"https:\/\/portaltela.pt\/desporto\/2026\/01\/25\/rui-oliveira-soma-titulo-nacional-de-eliminacao-ao-omnium\/","title":{"rendered":"Rui Oliveira soma t\u00edtulo nacional de elimina\u00e7\u00e3o ao omnium"},"content":{"rendered":"<p>Rui Oliveira sagrou-se campe\u00e3o nacional de elimina\u00e7\u00e3o em elites, no arranque do segundo dia dos campeonatos nacionais de pista em Anadia. A vencer tamb\u00e9m o omnium no dia anterior, o ciclista da UAE Emirates confirmou o feito no Vel\u00f3dromo Nacional, em Sangalhos, mantendo o dom\u00ednio na disciplina.<\/p>\n<p>No mesmo recinto, Oliveira ficou \u00e0 frente de Miguel Salgueiro, segundo classificado no elimina\u00e7\u00e3o, enquanto Diogo Narciso completou o p\u00f3dio no p\u00f3dio fechado. Na prova de scratch, o ol\u00edmpico conquistou a medalha de prata, sobressaindo entre Gabriel Baptista e Salgueiro.<\/p>\n<h3>Resultados principais e outros passos<\/h3>\n<p>Diogo Narciso e Miguel Salgueiro venceram o madison, seguidos pelas duplas Jo\u00e3o Martins com Baptista e Daniel Dias com Jo\u00e3o Matias. Daniela Campos, campe\u00e3 ol\u00edmpica de madison em Paris 2024 ao lado de I\u00fari Leit\u00e3o, repetiu a dupla vit\u00f3ria ao triunfar tamb\u00e9m no elimina\u00e7\u00e3o e no scratch, mantendo o ritmo do dia anterior.<\/p>\n<p>A dupla feminina Beatriz Roxo e Marta Carvalho ficou posicionada na persegui\u00e7\u00e3o aos t\u00edtulos disputados, seguindo a dupla de Campos no omnium, ainda que em ordem inversa. Os campeonatos nacionais de pista decorrem at\u00e9 domingo em Anadia, reunindo 178 atletas de 46 equipas para definirem 36 t\u00edtulos em sete disciplinas e cinco escal\u00f5es.<\/p>\n","protected":false},"excerpt":{"rendered":"<ul>\n<li>Rui Oliveira, ciclista ol\u00edmpico da UAE Emirates, sagrou\u2011se campe\u00e3o nacional de elimina\u00e7\u00e3o em elites em Anadia, no Vel\u00f3dromo Nacional de Sangalhos, pouco depois de vencer o omnium no dia anterior.<\/li>\n<li>No mesmo evento, o atleta ficou em segundo no omnium e conquistou a prata em scratch, terminando atr\u00e1s de Miguel Salgueiro.<\/li>\n<li>Diogo Narciso e Miguel Salgueiro venceram o madison, com as duplas Jo\u00e3o Martins e Gabriel Baptista e Daniel Dias com Jo\u00e3o Matias a ocuparem os lugares seguintes.<\/li>\n<li>Daniela Campos, campe\u00e3 ol\u00edmpica de madison nos Jogos de Paris 2024 ao lado de I\u00fari Leit\u00e3o, triunfou nas disciplinas de elimina\u00e7\u00e3o e scratch pela segunda jornada consecutiva.<\/li>\n<li>Os campeonatos nacionais de pista decorrem em Anadia, atribuem 36 t\u00edtulos em sete disciplinas e cinco escal\u00f5es, com 178 atletas inscritos de 46 equipas.<\/li>\n<\/ul>\n","protected":false},"author":2,"featured_media":171486,"comment_status":"closed","ping_status":"closed","sticky":false,"template":"","format":"standard","meta":{"footnotes":""},"categories":[21],"tags":[1504,923,152,186,1898,1014],"class_list":["post-171479","post","type-post","status-publish","format-standard","has-post-thumbnail","hentry","category-desporto","tag-anadia","tag-ciclismo","tag-desporto","tag-desportos","tag-federacao-portuguesa-de-ciclismo","tag-portugal"],"yoast_head":"<!-- This site is optimized with the Yoast SEO plugin v27.2 - https:\/\/yoast.com\/product\/yoast-seo-wordpress\/ -->\n<title>Rui Oliveira soma t\u00edtulo nacional de elimina\u00e7\u00e3o ao omnium - Portal Tela Portugal<\/title>\n<meta name=\"robots\" content=\"index, follow, max-snippet:-1, max-image-preview:large, max-video-preview:-1\" \/>\n<meta property=\"og:locale\" content=\"pt_PT\" \/>\n<meta property=\"og:type\" content=\"article\" \/>\n<meta property=\"og:title\" content=\"Rui Oliveira soma t\u00edtulo nacional de elimina\u00e7\u00e3o ao omnium - Portal Tela Portugal\" \/>\n<meta property=\"og:description\" content=\"Rui Oliveira, ciclista ol\u00edmpico da UAE Emirates, sagrou\u2011se campe\u00e3o nacional de elimina\u00e7\u00e3o em elites em Anadia, no Vel\u00f3dromo Nacional de Sangalhos, pouco depois de vencer o omnium no dia anterior. No mesmo evento, o atleta ficou em segundo no omnium e conquistou a prata em scratch, terminando atr\u00e1s de Miguel Salgueiro. Diogo Narciso e Miguel Salgueiro venceram o madison, com as duplas Jo\u00e3o Martins e Gabriel Baptista e Daniel Dias com Jo\u00e3o Matias a ocuparem os lugares seguintes. Daniela Campos, campe\u00e3 ol\u00edmpica de madison nos Jogos de Paris 2024 ao lado de I\u00fari Leit\u00e3o, triunfou nas disciplinas de elimina\u00e7\u00e3o e scratch pela segunda jornada consecutiva. Os campeonatos nacionais de pista decorrem em Anadia, atribuem 36 t\u00edtulos em sete disciplinas e cinco escal\u00f5es, com 178 atletas inscritos de 46 equipas.\" \/>\n<meta property=\"og:url\" content=\"https:\/\/portaltela.pt\/noticias\/2026\/01\/25\/rui-oliveira-soma-titulo-nacional-de-eliminacao-ao-omnium\/\" \/>\n<meta property=\"og:site_name\" content=\"Portal Tela Portugal\" \/>\n<meta property=\"article:published_time\" content=\"2026-01-25T08:13:21+00:00\" \/>\n<meta name=\"author\" content=\"Telinha\" \/>\n<meta name=\"twitter:card\" content=\"summary_large_image\" \/>\n<meta name=\"twitter:label1\" content=\"Escrito por\" \/>\n\t<meta name=\"twitter:data1\" content=\"Telinha\" \/>\n\t<meta name=\"twitter:label2\" content=\"Tempo estimado de leitura\" \/>\n\t<meta name=\"twitter:data2\" content=\"1 minuto\" \/>\n<script type=\"application\/ld+json\" class=\"yoast-schema-graph\">{\"@context\":\"https:\/\/schema.org\",\"@graph\":[{\"@type\":\"Article\",\"@id\":\"https:\/\/portaltela.pt\/noticias\/2026\/01\/25\/rui-oliveira-soma-titulo-nacional-de-eliminacao-ao-omnium\/#article\",\"isPartOf\":{\"@id\":\"https:\/\/portaltela.pt\/noticias\/2026\/01\/25\/rui-oliveira-soma-titulo-nacional-de-eliminacao-ao-omnium\/\"},\"author\":{\"name\":\"Telinha\",\"@id\":\"https:\/\/portaltela.pt\/#\/schema\/person\/c4278d4a6028830caff9ee44b42d32ed\"},\"headline\":\"Rui Oliveira soma t\u00edtulo nacional de elimina\u00e7\u00e3o ao omnium\",\"datePublished\":\"2026-01-25T08:13:21+00:00\",\"mainEntityOfPage\":{\"@id\":\"https:\/\/portaltela.pt\/noticias\/2026\/01\/25\/rui-oliveira-soma-titulo-nacional-de-eliminacao-ao-omnium\/\"},\"wordCount\":225,\"image\":{\"@id\":\"https:\/\/portaltela.pt\/noticias\/2026\/01\/25\/rui-oliveira-soma-titulo-nacional-de-eliminacao-ao-omnium\/#primaryimage\"},\"thumbnailUrl\":\"https:\/\/portaltela.pt\/s.01k8rhncp4jt1\/2026\/01\/img_1200x721uu2026-01-25-08-13-05-2417178.jpg\",\"keywords\":[\"Anadia\",\"ciclismo\",\"desporto\",\"desportos\",\"Federa\u00e7\u00e3o Portuguesa de Ciclismo\",\"Portugal\"],\"articleSection\":[\"Desporto\"],\"inLanguage\":\"pt-PT\"},{\"@type\":\"WebPage\",\"@id\":\"https:\/\/portaltela.pt\/noticias\/2026\/01\/25\/rui-oliveira-soma-titulo-nacional-de-eliminacao-ao-omnium\/\",\"url\":\"https:\/\/portaltela.pt\/noticias\/2026\/01\/25\/rui-oliveira-soma-titulo-nacional-de-eliminacao-ao-omnium\/\",\"name\":\"Rui Oliveira soma t\u00edtulo nacional de elimina\u00e7\u00e3o ao omnium - Portal Tela Portugal\",\"isPartOf\":{\"@id\":\"https:\/\/portaltela.pt\/#website\"},\"primaryImageOfPage\":{\"@id\":\"https:\/\/portaltela.pt\/noticias\/2026\/01\/25\/rui-oliveira-soma-titulo-nacional-de-eliminacao-ao-omnium\/#primaryimage\"},\"image\":{\"@id\":\"https:\/\/portaltela.pt\/noticias\/2026\/01\/25\/rui-oliveira-soma-titulo-nacional-de-eliminacao-ao-omnium\/#primaryimage\"},\"thumbnailUrl\":\"https:\/\/portaltela.pt\/s.01k8rhncp4jt1\/2026\/01\/img_1200x721uu2026-01-25-08-13-05-2417178.jpg\",\"datePublished\":\"2026-01-25T08:13:21+00:00\",\"author\":{\"@id\":\"https:\/\/portaltela.pt\/#\/schema\/person\/c4278d4a6028830caff9ee44b42d32ed\"},\"breadcrumb\":{\"@id\":\"https:\/\/portaltela.pt\/noticias\/2026\/01\/25\/rui-oliveira-soma-titulo-nacional-de-eliminacao-ao-omnium\/#breadcrumb\"},\"inLanguage\":\"pt-PT\",\"potentialAction\":[{\"@type\":\"ReadAction\",\"target\":[\"https:\/\/portaltela.pt\/noticias\/2026\/01\/25\/rui-oliveira-soma-titulo-nacional-de-eliminacao-ao-omnium\/\"]}]},{\"@type\":\"ImageObject\",\"inLanguage\":\"pt-PT\",\"@id\":\"https:\/\/portaltela.pt\/noticias\/2026\/01\/25\/rui-oliveira-soma-titulo-nacional-de-eliminacao-ao-omnium\/#primaryimage\",\"url\":\"https:\/\/portaltela.pt\/s.01k8rhncp4jt1\/2026\/01\/img_1200x721uu2026-01-25-08-13-05-2417178.jpg\",\"contentUrl\":\"https:\/\/portaltela.pt\/s.01k8rhncp4jt1\/2026\/01\/img_1200x721uu2026-01-25-08-13-05-2417178.jpg\",\"width\":796,\"height\":448,\"caption\":\"Rui Oliveira junta t\u00edtulo nacional de elimina\u00e7\u00e3o ao de omnium\"},{\"@type\":\"BreadcrumbList\",\"@id\":\"https:\/\/portaltela.pt\/noticias\/2026\/01\/25\/rui-oliveira-soma-titulo-nacional-de-eliminacao-ao-omnium\/#breadcrumb\",\"itemListElement\":[{\"@type\":\"ListItem\",\"position\":1,\"name\":\"In\u00edcio\",\"item\":\"https:\/\/portaltela.pt\/\"},{\"@type\":\"ListItem\",\"position\":2,\"name\":\"Rui Oliveira soma t\u00edtulo nacional de elimina\u00e7\u00e3o ao omnium\"}]},{\"@type\":\"WebSite\",\"@id\":\"https:\/\/portaltela.pt\/#website\",\"url\":\"https:\/\/portaltela.pt\/\",\"name\":\"Portal Tela Portugal\",\"description\":\"\",\"potentialAction\":[{\"@type\":\"SearchAction\",\"target\":{\"@type\":\"EntryPoint\",\"urlTemplate\":\"https:\/\/portaltela.pt\/?s={search_term_string}\"},\"query-input\":{\"@type\":\"PropertyValueSpecification\",\"valueRequired\":true,\"valueName\":\"search_term_string\"}}],\"inLanguage\":\"pt-PT\"},{\"@type\":\"Person\",\"@id\":\"https:\/\/portaltela.pt\/#\/schema\/person\/c4278d4a6028830caff9ee44b42d32ed\",\"name\":\"Telinha\",\"image\":{\"@type\":\"ImageObject\",\"inLanguage\":\"pt-PT\",\"@id\":\"https:\/\/portaltela.pt\/s.01k8rhncp4jt1\/2025\/11\/talking-bot-125x125.png\",\"url\":\"https:\/\/portaltela.pt\/s.01k8rhncp4jt1\/2025\/11\/talking-bot-125x125.png\",\"contentUrl\":\"https:\/\/portaltela.pt\/s.01k8rhncp4jt1\/2025\/11\/talking-bot-125x125.png\",\"caption\":\"Telinha\"},\"sameAs\":[\"https:\/\/portaltela.pt\/\"],\"url\":\"https:\/\/portaltela.pt\/por\/367410592786\/\"}]}<\/script>\n<!-- \/ Yoast SEO plugin. -->","yoast_head_json":{"title":"Rui Oliveira soma t\u00edtulo nacional de elimina\u00e7\u00e3o ao omnium - Portal Tela Portugal","robots":{"index":"index","follow":"follow","max-snippet":"max-snippet:-1","max-image-preview":"max-image-preview:large","max-video-preview":"max-video-preview:-1"},"og_locale":"pt_PT","og_type":"article","og_title":"Rui Oliveira soma t\u00edtulo nacional de elimina\u00e7\u00e3o ao omnium - Portal Tela Portugal","og_description":"Rui Oliveira, ciclista ol\u00edmpico da UAE Emirates, sagrou\u2011se campe\u00e3o nacional de elimina\u00e7\u00e3o em elites em Anadia, no Vel\u00f3dromo Nacional de Sangalhos, pouco depois de vencer o omnium no dia anterior. No mesmo evento, o atleta ficou em segundo no omnium e conquistou a prata em scratch, terminando atr\u00e1s de Miguel Salgueiro. Diogo Narciso e Miguel Salgueiro venceram o madison, com as duplas Jo\u00e3o Martins e Gabriel Baptista e Daniel Dias com Jo\u00e3o Matias a ocuparem os lugares seguintes. Daniela Campos, campe\u00e3 ol\u00edmpica de madison nos Jogos de Paris 2024 ao lado de I\u00fari Leit\u00e3o, triunfou nas disciplinas de elimina\u00e7\u00e3o e scratch pela segunda jornada consecutiva. Os campeonatos nacionais de pista decorrem em Anadia, atribuem 36 t\u00edtulos em sete disciplinas e cinco escal\u00f5es, com 178 atletas inscritos de 46 equipas.","og_url":"https:\/\/portaltela.pt\/noticias\/2026\/01\/25\/rui-oliveira-soma-titulo-nacional-de-eliminacao-ao-omnium\/","og_site_name":"Portal Tela Portugal","article_published_time":"2026-01-25T08:13:21+00:00","author":"Telinha","twitter_card":"summary_large_image","twitter_misc":{"Escrito por":"Telinha","Tempo estimado de leitura":"1 minuto"},"schema":{"@context":"https:\/\/schema.org","@graph":[{"@type":"Article","@id":"https:\/\/portaltela.pt\/noticias\/2026\/01\/25\/rui-oliveira-soma-titulo-nacional-de-eliminacao-ao-omnium\/#article","isPartOf":{"@id":"https:\/\/portaltela.pt\/noticias\/2026\/01\/25\/rui-oliveira-soma-titulo-nacional-de-eliminacao-ao-omnium\/"},"author":{"name":"Telinha","@id":"https:\/\/portaltela.pt\/#\/schema\/person\/c4278d4a6028830caff9ee44b42d32ed"},"headline":"Rui Oliveira soma t\u00edtulo nacional de elimina\u00e7\u00e3o ao omnium","datePublished":"2026-01-25T08:13:21+00:00","mainEntityOfPage":{"@id":"https:\/\/portaltela.pt\/noticias\/2026\/01\/25\/rui-oliveira-soma-titulo-nacional-de-eliminacao-ao-omnium\/"},"wordCount":225,"image":{"@id":"https:\/\/portaltela.pt\/noticias\/2026\/01\/25\/rui-oliveira-soma-titulo-nacional-de-eliminacao-ao-omnium\/#primaryimage"},"thumbnailUrl":"https:\/\/portaltela.pt\/s.01k8rhncp4jt1\/2026\/01\/img_1200x721uu2026-01-25-08-13-05-2417178.jpg","keywords":["Anadia","ciclismo","desporto","desportos","Federa\u00e7\u00e3o Portuguesa de Ciclismo","Portugal"],"articleSection":["Desporto"],"inLanguage":"pt-PT"},{"@type":"WebPage","@id":"https:\/\/portaltela.pt\/noticias\/2026\/01\/25\/rui-oliveira-soma-titulo-nacional-de-eliminacao-ao-omnium\/","url":"https:\/\/portaltela.pt\/noticias\/2026\/01\/25\/rui-oliveira-soma-titulo-nacional-de-eliminacao-ao-omnium\/","name":"Rui Oliveira soma t\u00edtulo nacional de elimina\u00e7\u00e3o ao omnium - Portal Tela Portugal","isPartOf":{"@id":"https:\/\/portaltela.pt\/#website"},"primaryImageOfPage":{"@id":"https:\/\/portaltela.pt\/noticias\/2026\/01\/25\/rui-oliveira-soma-titulo-nacional-de-eliminacao-ao-omnium\/#primaryimage"},"image":{"@id":"https:\/\/portaltela.pt\/noticias\/2026\/01\/25\/rui-oliveira-soma-titulo-nacional-de-eliminacao-ao-omnium\/#primaryimage"},"thumbnailUrl":"https:\/\/portaltela.pt\/s.01k8rhncp4jt1\/2026\/01\/img_1200x721uu2026-01-25-08-13-05-2417178.jpg","datePublished":"2026-01-25T08:13:21+00:00","author":{"@id":"https:\/\/portaltela.pt\/#\/schema\/person\/c4278d4a6028830caff9ee44b42d32ed"},"breadcrumb":{"@id":"https:\/\/portaltela.pt\/noticias\/2026\/01\/25\/rui-oliveira-soma-titulo-nacional-de-eliminacao-ao-omnium\/#breadcrumb"},"inLanguage":"pt-PT","potentialAction":[{"@type":"ReadAction","target":["https:\/\/portaltela.pt\/noticias\/2026\/01\/25\/rui-oliveira-soma-titulo-nacional-de-eliminacao-ao-omnium\/"]}]},{"@type":"ImageObject","inLanguage":"pt-PT","@id":"https:\/\/portaltela.pt\/noticias\/2026\/01\/25\/rui-oliveira-soma-titulo-nacional-de-eliminacao-ao-omnium\/#primaryimage","url":"https:\/\/portaltela.pt\/s.01k8rhncp4jt1\/2026\/01\/img_1200x721uu2026-01-25-08-13-05-2417178.jpg","contentUrl":"https:\/\/portaltela.pt\/s.01k8rhncp4jt1\/2026\/01\/img_1200x721uu2026-01-25-08-13-05-2417178.jpg","width":796,"height":448,"caption":"Rui Oliveira junta t\u00edtulo nacional de elimina\u00e7\u00e3o ao de omnium"},{"@type":"BreadcrumbList","@id":"https:\/\/portaltela.pt\/noticias\/2026\/01\/25\/rui-oliveira-soma-titulo-nacional-de-eliminacao-ao-omnium\/#breadcrumb","itemListElement":[{"@type":"ListItem","position":1,"name":"In\u00edcio","item":"https:\/\/portaltela.pt\/"},{"@type":"ListItem","position":2,"name":"Rui Oliveira soma t\u00edtulo nacional de elimina\u00e7\u00e3o ao omnium"}]},{"@type":"WebSite","@id":"https:\/\/portaltela.pt\/#website","url":"https:\/\/portaltela.pt\/","name":"Portal Tela Portugal","description":"","potentialAction":[{"@type":"SearchAction","target":{"@type":"EntryPoint","urlTemplate":"https:\/\/portaltela.pt\/?s={search_term_string}"},"query-input":{"@type":"PropertyValueSpecification","valueRequired":true,"valueName":"search_term_string"}}],"inLanguage":"pt-PT"},{"@type":"Person","@id":"https:\/\/portaltela.pt\/#\/schema\/person\/c4278d4a6028830caff9ee44b42d32ed","name":"Telinha","image":{"@type":"ImageObject","inLanguage":"pt-PT","@id":"https:\/\/portaltela.pt\/s.01k8rhncp4jt1\/2025\/11\/talking-bot-125x125.png","url":"https:\/\/portaltela.pt\/s.01k8rhncp4jt1\/2025\/11\/talking-bot-125x125.png","contentUrl":"https:\/\/portaltela.pt\/s.01k8rhncp4jt1\/2025\/11\/talking-bot-125x125.png","caption":"Telinha"},"sameAs":["https:\/\/portaltela.pt\/"],"url":"https:\/\/portaltela.pt\/por\/367410592786\/"}]}},"_links":{"self":[{"href":"https:\/\/portaltela.pt\/api\/wp\/v2\/posts\/171479","targetHints":{"allow":["GET"]}}],"collection":[{"href":"https:\/\/portaltela.pt\/api\/wp\/v2\/posts"}],"about":[{"href":"https:\/\/portaltela.pt\/api\/wp\/v2\/types\/post"}],"author":[{"embeddable":true,"href":"https:\/\/portaltela.pt\/api\/wp\/v2\/users\/2"}],"replies":[{"embeddable":true,"href":"https:\/\/portaltela.pt\/api\/wp\/v2\/comments?post=171479"}],"version-history":[{"count":0,"href":"https:\/\/portaltela.pt\/api\/wp\/v2\/posts\/171479\/revisions"}],"wp:featuredmedia":[{"embeddable":true,"href":"https:\/\/portaltela.pt\/api\/wp\/v2\/media\/171486"}],"wp:attachment":[{"href":"https:\/\/portaltela.pt\/api\/wp\/v2\/media?parent=171479"}],"wp:term":[{"taxonomy":"category","embeddable":true,"href":"https:\/\/portaltela.pt\/api\/wp\/v2\/categories?post=171479"},{"taxonomy":"post_tag","embeddable":true,"href":"https:\/\/portaltela.pt\/api\/wp\/v2\/tags?post=171479"}],"curies":[{"name":"wp","href":"https:\/\/api.w.org\/{rel}","templated":true}]}}