{"id":171470,"date":"2026-01-25T03:02:00","date_gmt":"2026-01-25T06:02:00","guid":{"rendered":"https:\/\/portaltela.pt\/noticias\/2026\/01\/25\/samu-encara-desafio-real-rumo-ao-campeonato-do-mundo\/"},"modified":"2026-01-25T03:02:00","modified_gmt":"2026-01-25T06:02:00","slug":"samu-encara-desafio-real-rumo-ao-campeonato-do-mundo","status":"publish","type":"post","link":"https:\/\/portaltela.pt\/desporto\/futebol\/2026\/01\/25\/samu-encara-desafio-real-rumo-ao-campeonato-do-mundo\/","title":{"rendered":"Samu encara desafio real rumo ao Campeonato do Mundo"},"content":{"rendered":"<p>Samu encara um desafio real rumo ao Mundial, com a aten\u00e7\u00e3o centrada no pr\u00f3ximo objetivo do FC Porto. O ponta de lan\u00e7a tem como motiva\u00e7\u00e3o a qualifica\u00e7\u00e3o global, numa fase em que a equipa procura manter o ritmo competitivo.<\/p>\n<p>O panorama n\u00e3o \u00e9 simples para o avan\u00e7ado. A ascens\u00e3o de Gonzalo Garc\u00eda pode complicar-lhe a miss\u00e3o, com o advers\u00e1rio a impor maior press\u00e3o na linha ofensiva do Porto.<\/p>\n<p>Em dezembro, o desempenho foi s\u00f3lido, mas em 2026 Samu ainda s\u00f3 festejou um golo. O tento chegou num lance atribu\u00eddo a uma defesa do Santa Clara, num contexto em que o goleador tem estado menos eficiente.<\/p>\n<p>Foram tr\u00eas jogos seguidos sem ganhar, diante de Benfica, Vitoria de Guimar\u00e3es e Viktoria Plzen, consolidando uma fase de seca que preocupa a equipa t\u00e9cnica e os adeptos.<\/p>\n<h3>Proximo desafio e foco no Gil Vicente<\/h3>\n<p>Frente ao Gil Vicente, o Porto tenta retomar a confian\u00e7a e o rendimento ofensivo, essencial para manter o objetivo europeu e a aspira\u00e7\u00e3o ao Mundial. A equipa procura equil\u00edbrio entre ataque r\u00e1pido e transi\u00e7\u00f5es defensivas bem organizadas.<\/p>\n","protected":false},"excerpt":{"rendered":"<ul>\n<li>O avan\u00e7ado Samu, do FC Porto, mira o Mundial, mas a explos\u00e3o de Gonzalo Garc\u00eda pode complicar-lhe a miss\u00e3o.<\/li>\n<li>Depois de um dezembro forte, Samu s\u00f3 marcou um golo em 2026, surgindo de uma assist\u00eancia do guarda-redes do Santa Clara.<\/li>\n<li>Seguiram-se tr\u00eas jogos sem marcar para o ponta-de-lan\u00e7a portista, frente a Benfica, V. Guimar\u00e3es e Viktoria Plzen.<\/li>\n<li>O objetivo \u00e9 manter a forma para o duelo com o Gil Vicente, antes do segue rumo ao Mundial.<\/li>\n<\/ul>\n","protected":false},"author":2,"featured_media":171473,"comment_status":"closed","ping_status":"closed","sticky":false,"template":"","format":"standard","meta":{"footnotes":""},"categories":[21,24],"tags":[1946,2028,32,1829,47,3725],"class_list":["post-171470","post","type-post","status-publish","format-standard","has-post-thumbnail","hentry","category-desporto","category-futebol","tag-benfica","tag-fc-porto","tag-futebol","tag-gil-vicente","tag-mundial","tag-viktoria-plzen"],"yoast_head":"<!-- This site is optimized with the Yoast SEO plugin v27.2 - https:\/\/yoast.com\/product\/yoast-seo-wordpress\/ -->\n<title>Samu encara desafio real rumo ao Campeonato do Mundo - Portal Tela Portugal<\/title>\n<meta name=\"robots\" content=\"index, follow, max-snippet:-1, max-image-preview:large, max-video-preview:-1\" \/>\n<meta property=\"og:locale\" content=\"pt_PT\" \/>\n<meta property=\"og:type\" content=\"article\" \/>\n<meta property=\"og:title\" content=\"Samu encara desafio real rumo ao Campeonato do Mundo - Portal Tela Portugal\" \/>\n<meta property=\"og:description\" content=\"O avan\u00e7ado Samu, do FC Porto, mira o Mundial, mas a explos\u00e3o de Gonzalo Garc\u00eda pode complicar-lhe a miss\u00e3o. Depois de um dezembro forte, Samu s\u00f3 marcou um golo em 2026, surgindo de uma assist\u00eancia do guarda-redes do Santa Clara. Seguiram-se tr\u00eas jogos sem marcar para o ponta-de-lan\u00e7a portista, frente a Benfica, V. Guimar\u00e3es e Viktoria Plzen. O objetivo \u00e9 manter a forma para o duelo com o Gil Vicente, antes do segue rumo ao Mundial.\" \/>\n<meta property=\"og:url\" content=\"https:\/\/portaltela.pt\/noticias\/2026\/01\/25\/samu-encara-desafio-real-rumo-ao-campeonato-do-mundo\/\" \/>\n<meta property=\"og:site_name\" content=\"Portal Tela Portugal\" \/>\n<meta property=\"article:published_time\" content=\"2026-01-25T06:02:00+00:00\" \/>\n<meta name=\"author\" content=\"Telinha\" \/>\n<meta name=\"twitter:card\" content=\"summary_large_image\" \/>\n<meta name=\"twitter:label1\" content=\"Escrito por\" \/>\n\t<meta name=\"twitter:data1\" content=\"Telinha\" \/>\n\t<meta name=\"twitter:label2\" content=\"Tempo estimado de leitura\" \/>\n\t<meta name=\"twitter:data2\" content=\"1 minuto\" \/>\n<script type=\"application\/ld+json\" class=\"yoast-schema-graph\">{\"@context\":\"https:\/\/schema.org\",\"@graph\":[{\"@type\":\"Article\",\"@id\":\"https:\/\/portaltela.pt\/noticias\/2026\/01\/25\/samu-encara-desafio-real-rumo-ao-campeonato-do-mundo\/#article\",\"isPartOf\":{\"@id\":\"https:\/\/portaltela.pt\/noticias\/2026\/01\/25\/samu-encara-desafio-real-rumo-ao-campeonato-do-mundo\/\"},\"author\":{\"name\":\"Telinha\",\"@id\":\"https:\/\/portaltela.pt\/#\/schema\/person\/c4278d4a6028830caff9ee44b42d32ed\"},\"headline\":\"Samu encara desafio real rumo ao Campeonato do Mundo\",\"datePublished\":\"2026-01-25T06:02:00+00:00\",\"mainEntityOfPage\":{\"@id\":\"https:\/\/portaltela.pt\/noticias\/2026\/01\/25\/samu-encara-desafio-real-rumo-ao-campeonato-do-mundo\/\"},\"wordCount\":206,\"image\":{\"@id\":\"https:\/\/portaltela.pt\/noticias\/2026\/01\/25\/samu-encara-desafio-real-rumo-ao-campeonato-do-mundo\/#primaryimage\"},\"thumbnailUrl\":\"https:\/\/portaltela.pt\/s.01k8rhncp4jt1\/2026\/01\/img_920x518uu2025-12-27-00-50-56-2411341-3.jpg\",\"keywords\":[\"Benfica\",\"FC Porto\",\"futebol\",\"Gil Vicente\",\"mundial\",\"Viktoria Plzen\"],\"articleSection\":[\"Desporto\",\"Futebol\"],\"inLanguage\":\"pt-PT\"},{\"@type\":\"WebPage\",\"@id\":\"https:\/\/portaltela.pt\/noticias\/2026\/01\/25\/samu-encara-desafio-real-rumo-ao-campeonato-do-mundo\/\",\"url\":\"https:\/\/portaltela.pt\/noticias\/2026\/01\/25\/samu-encara-desafio-real-rumo-ao-campeonato-do-mundo\/\",\"name\":\"Samu encara desafio real rumo ao Campeonato do Mundo - Portal Tela Portugal\",\"isPartOf\":{\"@id\":\"https:\/\/portaltela.pt\/#website\"},\"primaryImageOfPage\":{\"@id\":\"https:\/\/portaltela.pt\/noticias\/2026\/01\/25\/samu-encara-desafio-real-rumo-ao-campeonato-do-mundo\/#primaryimage\"},\"image\":{\"@id\":\"https:\/\/portaltela.pt\/noticias\/2026\/01\/25\/samu-encara-desafio-real-rumo-ao-campeonato-do-mundo\/#primaryimage\"},\"thumbnailUrl\":\"https:\/\/portaltela.pt\/s.01k8rhncp4jt1\/2026\/01\/img_920x518uu2025-12-27-00-50-56-2411341-3.jpg\",\"datePublished\":\"2026-01-25T06:02:00+00:00\",\"author\":{\"@id\":\"https:\/\/portaltela.pt\/#\/schema\/person\/c4278d4a6028830caff9ee44b42d32ed\"},\"breadcrumb\":{\"@id\":\"https:\/\/portaltela.pt\/noticias\/2026\/01\/25\/samu-encara-desafio-real-rumo-ao-campeonato-do-mundo\/#breadcrumb\"},\"inLanguage\":\"pt-PT\",\"potentialAction\":[{\"@type\":\"ReadAction\",\"target\":[\"https:\/\/portaltela.pt\/noticias\/2026\/01\/25\/samu-encara-desafio-real-rumo-ao-campeonato-do-mundo\/\"]}]},{\"@type\":\"ImageObject\",\"inLanguage\":\"pt-PT\",\"@id\":\"https:\/\/portaltela.pt\/noticias\/2026\/01\/25\/samu-encara-desafio-real-rumo-ao-campeonato-do-mundo\/#primaryimage\",\"url\":\"https:\/\/portaltela.pt\/s.01k8rhncp4jt1\/2026\/01\/img_920x518uu2025-12-27-00-50-56-2411341-3.jpg\",\"contentUrl\":\"https:\/\/portaltela.pt\/s.01k8rhncp4jt1\/2026\/01\/img_920x518uu2025-12-27-00-50-56-2411341-3.jpg\",\"width\":796,\"height\":448,\"caption\":\"Samu, jogador do FC Porto\"},{\"@type\":\"BreadcrumbList\",\"@id\":\"https:\/\/portaltela.pt\/noticias\/2026\/01\/25\/samu-encara-desafio-real-rumo-ao-campeonato-do-mundo\/#breadcrumb\",\"itemListElement\":[{\"@type\":\"ListItem\",\"position\":1,\"name\":\"In\u00edcio\",\"item\":\"https:\/\/portaltela.pt\/\"},{\"@type\":\"ListItem\",\"position\":2,\"name\":\"Samu encara desafio real rumo ao Campeonato do Mundo\"}]},{\"@type\":\"WebSite\",\"@id\":\"https:\/\/portaltela.pt\/#website\",\"url\":\"https:\/\/portaltela.pt\/\",\"name\":\"Portal Tela Portugal\",\"description\":\"\",\"potentialAction\":[{\"@type\":\"SearchAction\",\"target\":{\"@type\":\"EntryPoint\",\"urlTemplate\":\"https:\/\/portaltela.pt\/?s={search_term_string}\"},\"query-input\":{\"@type\":\"PropertyValueSpecification\",\"valueRequired\":true,\"valueName\":\"search_term_string\"}}],\"inLanguage\":\"pt-PT\"},{\"@type\":\"Person\",\"@id\":\"https:\/\/portaltela.pt\/#\/schema\/person\/c4278d4a6028830caff9ee44b42d32ed\",\"name\":\"Telinha\",\"image\":{\"@type\":\"ImageObject\",\"inLanguage\":\"pt-PT\",\"@id\":\"https:\/\/portaltela.pt\/s.01k8rhncp4jt1\/2025\/11\/talking-bot-125x125.png\",\"url\":\"https:\/\/portaltela.pt\/s.01k8rhncp4jt1\/2025\/11\/talking-bot-125x125.png\",\"contentUrl\":\"https:\/\/portaltela.pt\/s.01k8rhncp4jt1\/2025\/11\/talking-bot-125x125.png\",\"caption\":\"Telinha\"},\"sameAs\":[\"https:\/\/portaltela.pt\/\"],\"url\":\"https:\/\/portaltela.pt\/por\/367410592786\/\"}]}<\/script>\n<!-- \/ Yoast SEO plugin. -->","yoast_head_json":{"title":"Samu encara desafio real rumo ao Campeonato do Mundo - Portal Tela Portugal","robots":{"index":"index","follow":"follow","max-snippet":"max-snippet:-1","max-image-preview":"max-image-preview:large","max-video-preview":"max-video-preview:-1"},"og_locale":"pt_PT","og_type":"article","og_title":"Samu encara desafio real rumo ao Campeonato do Mundo - Portal Tela Portugal","og_description":"O avan\u00e7ado Samu, do FC Porto, mira o Mundial, mas a explos\u00e3o de Gonzalo Garc\u00eda pode complicar-lhe a miss\u00e3o. Depois de um dezembro forte, Samu s\u00f3 marcou um golo em 2026, surgindo de uma assist\u00eancia do guarda-redes do Santa Clara. Seguiram-se tr\u00eas jogos sem marcar para o ponta-de-lan\u00e7a portista, frente a Benfica, V. Guimar\u00e3es e Viktoria Plzen. O objetivo \u00e9 manter a forma para o duelo com o Gil Vicente, antes do segue rumo ao Mundial.","og_url":"https:\/\/portaltela.pt\/noticias\/2026\/01\/25\/samu-encara-desafio-real-rumo-ao-campeonato-do-mundo\/","og_site_name":"Portal Tela Portugal","article_published_time":"2026-01-25T06:02:00+00:00","author":"Telinha","twitter_card":"summary_large_image","twitter_misc":{"Escrito por":"Telinha","Tempo estimado de leitura":"1 minuto"},"schema":{"@context":"https:\/\/schema.org","@graph":[{"@type":"Article","@id":"https:\/\/portaltela.pt\/noticias\/2026\/01\/25\/samu-encara-desafio-real-rumo-ao-campeonato-do-mundo\/#article","isPartOf":{"@id":"https:\/\/portaltela.pt\/noticias\/2026\/01\/25\/samu-encara-desafio-real-rumo-ao-campeonato-do-mundo\/"},"author":{"name":"Telinha","@id":"https:\/\/portaltela.pt\/#\/schema\/person\/c4278d4a6028830caff9ee44b42d32ed"},"headline":"Samu encara desafio real rumo ao Campeonato do Mundo","datePublished":"2026-01-25T06:02:00+00:00","mainEntityOfPage":{"@id":"https:\/\/portaltela.pt\/noticias\/2026\/01\/25\/samu-encara-desafio-real-rumo-ao-campeonato-do-mundo\/"},"wordCount":206,"image":{"@id":"https:\/\/portaltela.pt\/noticias\/2026\/01\/25\/samu-encara-desafio-real-rumo-ao-campeonato-do-mundo\/#primaryimage"},"thumbnailUrl":"https:\/\/portaltela.pt\/s.01k8rhncp4jt1\/2026\/01\/img_920x518uu2025-12-27-00-50-56-2411341-3.jpg","keywords":["Benfica","FC Porto","futebol","Gil Vicente","mundial","Viktoria Plzen"],"articleSection":["Desporto","Futebol"],"inLanguage":"pt-PT"},{"@type":"WebPage","@id":"https:\/\/portaltela.pt\/noticias\/2026\/01\/25\/samu-encara-desafio-real-rumo-ao-campeonato-do-mundo\/","url":"https:\/\/portaltela.pt\/noticias\/2026\/01\/25\/samu-encara-desafio-real-rumo-ao-campeonato-do-mundo\/","name":"Samu encara desafio real rumo ao Campeonato do Mundo - Portal Tela Portugal","isPartOf":{"@id":"https:\/\/portaltela.pt\/#website"},"primaryImageOfPage":{"@id":"https:\/\/portaltela.pt\/noticias\/2026\/01\/25\/samu-encara-desafio-real-rumo-ao-campeonato-do-mundo\/#primaryimage"},"image":{"@id":"https:\/\/portaltela.pt\/noticias\/2026\/01\/25\/samu-encara-desafio-real-rumo-ao-campeonato-do-mundo\/#primaryimage"},"thumbnailUrl":"https:\/\/portaltela.pt\/s.01k8rhncp4jt1\/2026\/01\/img_920x518uu2025-12-27-00-50-56-2411341-3.jpg","datePublished":"2026-01-25T06:02:00+00:00","author":{"@id":"https:\/\/portaltela.pt\/#\/schema\/person\/c4278d4a6028830caff9ee44b42d32ed"},"breadcrumb":{"@id":"https:\/\/portaltela.pt\/noticias\/2026\/01\/25\/samu-encara-desafio-real-rumo-ao-campeonato-do-mundo\/#breadcrumb"},"inLanguage":"pt-PT","potentialAction":[{"@type":"ReadAction","target":["https:\/\/portaltela.pt\/noticias\/2026\/01\/25\/samu-encara-desafio-real-rumo-ao-campeonato-do-mundo\/"]}]},{"@type":"ImageObject","inLanguage":"pt-PT","@id":"https:\/\/portaltela.pt\/noticias\/2026\/01\/25\/samu-encara-desafio-real-rumo-ao-campeonato-do-mundo\/#primaryimage","url":"https:\/\/portaltela.pt\/s.01k8rhncp4jt1\/2026\/01\/img_920x518uu2025-12-27-00-50-56-2411341-3.jpg","contentUrl":"https:\/\/portaltela.pt\/s.01k8rhncp4jt1\/2026\/01\/img_920x518uu2025-12-27-00-50-56-2411341-3.jpg","width":796,"height":448,"caption":"Samu, jogador do FC Porto"},{"@type":"BreadcrumbList","@id":"https:\/\/portaltela.pt\/noticias\/2026\/01\/25\/samu-encara-desafio-real-rumo-ao-campeonato-do-mundo\/#breadcrumb","itemListElement":[{"@type":"ListItem","position":1,"name":"In\u00edcio","item":"https:\/\/portaltela.pt\/"},{"@type":"ListItem","position":2,"name":"Samu encara desafio real rumo ao Campeonato do Mundo"}]},{"@type":"WebSite","@id":"https:\/\/portaltela.pt\/#website","url":"https:\/\/portaltela.pt\/","name":"Portal Tela Portugal","description":"","potentialAction":[{"@type":"SearchAction","target":{"@type":"EntryPoint","urlTemplate":"https:\/\/portaltela.pt\/?s={search_term_string}"},"query-input":{"@type":"PropertyValueSpecification","valueRequired":true,"valueName":"search_term_string"}}],"inLanguage":"pt-PT"},{"@type":"Person","@id":"https:\/\/portaltela.pt\/#\/schema\/person\/c4278d4a6028830caff9ee44b42d32ed","name":"Telinha","image":{"@type":"ImageObject","inLanguage":"pt-PT","@id":"https:\/\/portaltela.pt\/s.01k8rhncp4jt1\/2025\/11\/talking-bot-125x125.png","url":"https:\/\/portaltela.pt\/s.01k8rhncp4jt1\/2025\/11\/talking-bot-125x125.png","contentUrl":"https:\/\/portaltela.pt\/s.01k8rhncp4jt1\/2025\/11\/talking-bot-125x125.png","caption":"Telinha"},"sameAs":["https:\/\/portaltela.pt\/"],"url":"https:\/\/portaltela.pt\/por\/367410592786\/"}]}},"_links":{"self":[{"href":"https:\/\/portaltela.pt\/api\/wp\/v2\/posts\/171470","targetHints":{"allow":["GET"]}}],"collection":[{"href":"https:\/\/portaltela.pt\/api\/wp\/v2\/posts"}],"about":[{"href":"https:\/\/portaltela.pt\/api\/wp\/v2\/types\/post"}],"author":[{"embeddable":true,"href":"https:\/\/portaltela.pt\/api\/wp\/v2\/users\/2"}],"replies":[{"embeddable":true,"href":"https:\/\/portaltela.pt\/api\/wp\/v2\/comments?post=171470"}],"version-history":[{"count":0,"href":"https:\/\/portaltela.pt\/api\/wp\/v2\/posts\/171470\/revisions"}],"wp:featuredmedia":[{"embeddable":true,"href":"https:\/\/portaltela.pt\/api\/wp\/v2\/media\/171473"}],"wp:attachment":[{"href":"https:\/\/portaltela.pt\/api\/wp\/v2\/media?parent=171470"}],"wp:term":[{"taxonomy":"category","embeddable":true,"href":"https:\/\/portaltela.pt\/api\/wp\/v2\/categories?post=171470"},{"taxonomy":"post_tag","embeddable":true,"href":"https:\/\/portaltela.pt\/api\/wp\/v2\/tags?post=171470"}],"curies":[{"name":"wp","href":"https:\/\/api.w.org\/{rel}","templated":true}]}}