{"id":171444,"date":"2026-01-25T05:00:00","date_gmt":"2026-01-25T08:00:00","guid":{"rendered":"https:\/\/portaltela.pt\/noticias\/2026\/01\/25\/interessado-nos-melhores-jogadores-europeus-ate-aos-18-anos\/"},"modified":"2026-01-25T05:00:00","modified_gmt":"2026-01-25T08:00:00","slug":"interessado-nos-melhores-jogadores-europeus-ate-aos-18-anos","status":"publish","type":"post","link":"https:\/\/portaltela.pt\/desporto\/futebol\/2026\/01\/25\/interessado-nos-melhores-jogadores-europeus-ate-aos-18-anos\/","title":{"rendered":"Interessado nos melhores jogadores europeus at\u00e9 aos 18 anos"},"content":{"rendered":"<p>Jos\u00e9 Mourinho, ent\u00e3o treinador do Chelsea, assinou cr\u00f3nicas semanais na revista DEZ durante a sua primeira passagem pelo clube. O texto em foco faz parte dessa s\u00e9rie de colunas e surge agora recuperado em novo formato.<\/p>\n<p>A pe\u00e7a intitulada Estou interessado nos melhores jogadores da Europa at\u00e9 aos 18 anos foi originalmente publicada a 20 de novembro de 2004. O conte\u00fado revela, na altura, as perspetivas do t\u00e9cnico sobre o talento emergente no futebol europeu.<\/p>\n<p>A recupera\u00e7\u00e3o editorial \u00e9 apresentada pela RECORD, com data de publica\u00e7\u00e3o atual a 25 de janeiro de 2026. O objetivo \u00e9 manter o registo hist\u00f3rico das opini\u00f5es e abordagens de Mourinho \u00e0 \u00e9poca, sem acrescentar ju\u00edzos ou coment\u00e1rios pessoais.<\/p>\n<p>Sobre a pe\u00e7a original, o artigo assegura que o foco est\u00e1 nos jovens jogadores europeus at\u00e9 aos 18 anos, analisando aspetos de talento, forma\u00e7\u00e3o e potencial de sucesso no mais alto n\u00edvel do futebol.<\/p>\n","protected":false},"excerpt":{"rendered":"<ul>\n<li>Jos\u00e9 Mourinho assinou cr\u00f3nicas semanais para a revista DEZ durante a sua primeira passagem pelo Chelsea.<\/li>\n<li>O texto em foco \u00e9 intitulado \u201cEstou interessado nos melhores jogadores da Europa at\u00e9 aos 18 anos\u201d.<\/li>\n<li>O artigo foi originalmente publicado a 20 de novembro de 2004.<\/li>\n<li>Agora \u00e9 recuperado em um novo formato, 20 anos depois.<\/li>\n<li>O texto atual tem Jos\u00e9 Mourinho como autor e est\u00e1 identificado com a data de publica\u00e7\u00e3o de 25 de janeiro de 2026.<\/li>\n<\/ul>\n","protected":false},"author":2,"featured_media":171448,"comment_status":"closed","ping_status":"closed","sticky":false,"template":"","format":"standard","meta":{"footnotes":""},"categories":[21,24],"tags":[2487,32,3338,242,2844,2241],"class_list":["post-171444","post","type-post","status-publish","format-standard","has-post-thumbnail","hentry","category-desporto","category-futebol","tag-europa","tag-futebol","tag-futebol-internacional","tag-jogadores","tag-jovens","tag-jovens-talentos"],"yoast_head":"<!-- This site is optimized with the Yoast SEO plugin v27.2 - https:\/\/yoast.com\/product\/yoast-seo-wordpress\/ -->\n<title>Interessado nos melhores jogadores europeus at\u00e9 aos 18 anos - Portal Tela Portugal<\/title>\n<meta name=\"robots\" content=\"index, follow, max-snippet:-1, max-image-preview:large, max-video-preview:-1\" \/>\n<meta property=\"og:locale\" content=\"pt_PT\" \/>\n<meta property=\"og:type\" content=\"article\" \/>\n<meta property=\"og:title\" content=\"Interessado nos melhores jogadores europeus at\u00e9 aos 18 anos - Portal Tela Portugal\" \/>\n<meta property=\"og:description\" content=\"Jos\u00e9 Mourinho assinou cr\u00f3nicas semanais para a revista DEZ durante a sua primeira passagem pelo Chelsea. O texto em foco \u00e9 intitulado \u201cEstou interessado nos melhores jogadores da Europa at\u00e9 aos 18 anos\u201d. O artigo foi originalmente publicado a 20 de novembro de 2004. Agora \u00e9 recuperado em um novo formato, 20 anos depois. O texto atual tem Jos\u00e9 Mourinho como autor e est\u00e1 identificado com a data de publica\u00e7\u00e3o de 25 de janeiro de 2026.\" \/>\n<meta property=\"og:url\" content=\"https:\/\/portaltela.pt\/noticias\/2026\/01\/25\/interessado-nos-melhores-jogadores-europeus-ate-aos-18-anos\/\" \/>\n<meta property=\"og:site_name\" content=\"Portal Tela Portugal\" \/>\n<meta property=\"article:published_time\" content=\"2026-01-25T08:00:00+00:00\" \/>\n<meta name=\"author\" content=\"Telinha\" \/>\n<meta name=\"twitter:card\" content=\"summary_large_image\" \/>\n<meta name=\"twitter:label1\" content=\"Escrito por\" \/>\n\t<meta name=\"twitter:data1\" content=\"Telinha\" \/>\n\t<meta name=\"twitter:label2\" content=\"Tempo estimado de leitura\" \/>\n\t<meta name=\"twitter:data2\" content=\"1 minuto\" \/>\n<script type=\"application\/ld+json\" class=\"yoast-schema-graph\">{\"@context\":\"https:\/\/schema.org\",\"@graph\":[{\"@type\":\"Article\",\"@id\":\"https:\/\/portaltela.pt\/noticias\/2026\/01\/25\/interessado-nos-melhores-jogadores-europeus-ate-aos-18-anos\/#article\",\"isPartOf\":{\"@id\":\"https:\/\/portaltela.pt\/noticias\/2026\/01\/25\/interessado-nos-melhores-jogadores-europeus-ate-aos-18-anos\/\"},\"author\":{\"name\":\"Telinha\",\"@id\":\"https:\/\/portaltela.pt\/#\/schema\/person\/c4278d4a6028830caff9ee44b42d32ed\"},\"headline\":\"Interessado nos melhores jogadores europeus at\u00e9 aos 18 anos\",\"datePublished\":\"2026-01-25T08:00:00+00:00\",\"mainEntityOfPage\":{\"@id\":\"https:\/\/portaltela.pt\/noticias\/2026\/01\/25\/interessado-nos-melhores-jogadores-europeus-ate-aos-18-anos\/\"},\"wordCount\":162,\"image\":{\"@id\":\"https:\/\/portaltela.pt\/noticias\/2026\/01\/25\/interessado-nos-melhores-jogadores-europeus-ate-aos-18-anos\/#primaryimage\"},\"thumbnailUrl\":\"https:\/\/portaltela.pt\/s.01k8rhncp4jt1\/2026\/01\/img_80x100uu2026-01-25-01-01-00-2417174.jpg\",\"keywords\":[\"Europa\",\"futebol\",\"futebol internacional\",\"jogadores\",\"jovens\",\"Jovens Talentos\"],\"articleSection\":[\"Desporto\",\"Futebol\"],\"inLanguage\":\"pt-PT\"},{\"@type\":\"WebPage\",\"@id\":\"https:\/\/portaltela.pt\/noticias\/2026\/01\/25\/interessado-nos-melhores-jogadores-europeus-ate-aos-18-anos\/\",\"url\":\"https:\/\/portaltela.pt\/noticias\/2026\/01\/25\/interessado-nos-melhores-jogadores-europeus-ate-aos-18-anos\/\",\"name\":\"Interessado nos melhores jogadores europeus at\u00e9 aos 18 anos - Portal Tela Portugal\",\"isPartOf\":{\"@id\":\"https:\/\/portaltela.pt\/#website\"},\"primaryImageOfPage\":{\"@id\":\"https:\/\/portaltela.pt\/noticias\/2026\/01\/25\/interessado-nos-melhores-jogadores-europeus-ate-aos-18-anos\/#primaryimage\"},\"image\":{\"@id\":\"https:\/\/portaltela.pt\/noticias\/2026\/01\/25\/interessado-nos-melhores-jogadores-europeus-ate-aos-18-anos\/#primaryimage\"},\"thumbnailUrl\":\"https:\/\/portaltela.pt\/s.01k8rhncp4jt1\/2026\/01\/img_80x100uu2026-01-25-01-01-00-2417174.jpg\",\"datePublished\":\"2026-01-25T08:00:00+00:00\",\"author\":{\"@id\":\"https:\/\/portaltela.pt\/#\/schema\/person\/c4278d4a6028830caff9ee44b42d32ed\"},\"breadcrumb\":{\"@id\":\"https:\/\/portaltela.pt\/noticias\/2026\/01\/25\/interessado-nos-melhores-jogadores-europeus-ate-aos-18-anos\/#breadcrumb\"},\"inLanguage\":\"pt-PT\",\"potentialAction\":[{\"@type\":\"ReadAction\",\"target\":[\"https:\/\/portaltela.pt\/noticias\/2026\/01\/25\/interessado-nos-melhores-jogadores-europeus-ate-aos-18-anos\/\"]}]},{\"@type\":\"ImageObject\",\"inLanguage\":\"pt-PT\",\"@id\":\"https:\/\/portaltela.pt\/noticias\/2026\/01\/25\/interessado-nos-melhores-jogadores-europeus-ate-aos-18-anos\/#primaryimage\",\"url\":\"https:\/\/portaltela.pt\/s.01k8rhncp4jt1\/2026\/01\/img_80x100uu2026-01-25-01-01-00-2417174.jpg\",\"contentUrl\":\"https:\/\/portaltela.pt\/s.01k8rhncp4jt1\/2026\/01\/img_80x100uu2026-01-25-01-01-00-2417174.jpg\",\"width\":796,\"height\":448,\"caption\":\"Photo\"},{\"@type\":\"BreadcrumbList\",\"@id\":\"https:\/\/portaltela.pt\/noticias\/2026\/01\/25\/interessado-nos-melhores-jogadores-europeus-ate-aos-18-anos\/#breadcrumb\",\"itemListElement\":[{\"@type\":\"ListItem\",\"position\":1,\"name\":\"In\u00edcio\",\"item\":\"https:\/\/portaltela.pt\/\"},{\"@type\":\"ListItem\",\"position\":2,\"name\":\"Interessado nos melhores jogadores europeus at\u00e9 aos 18 anos\"}]},{\"@type\":\"WebSite\",\"@id\":\"https:\/\/portaltela.pt\/#website\",\"url\":\"https:\/\/portaltela.pt\/\",\"name\":\"Portal Tela Portugal\",\"description\":\"\",\"potentialAction\":[{\"@type\":\"SearchAction\",\"target\":{\"@type\":\"EntryPoint\",\"urlTemplate\":\"https:\/\/portaltela.pt\/?s={search_term_string}\"},\"query-input\":{\"@type\":\"PropertyValueSpecification\",\"valueRequired\":true,\"valueName\":\"search_term_string\"}}],\"inLanguage\":\"pt-PT\"},{\"@type\":\"Person\",\"@id\":\"https:\/\/portaltela.pt\/#\/schema\/person\/c4278d4a6028830caff9ee44b42d32ed\",\"name\":\"Telinha\",\"image\":{\"@type\":\"ImageObject\",\"inLanguage\":\"pt-PT\",\"@id\":\"https:\/\/portaltela.pt\/s.01k8rhncp4jt1\/2025\/11\/talking-bot-125x125.png\",\"url\":\"https:\/\/portaltela.pt\/s.01k8rhncp4jt1\/2025\/11\/talking-bot-125x125.png\",\"contentUrl\":\"https:\/\/portaltela.pt\/s.01k8rhncp4jt1\/2025\/11\/talking-bot-125x125.png\",\"caption\":\"Telinha\"},\"sameAs\":[\"https:\/\/portaltela.pt\/\"],\"url\":\"https:\/\/portaltela.pt\/por\/367410592786\/\"}]}<\/script>\n<!-- \/ Yoast SEO plugin. -->","yoast_head_json":{"title":"Interessado nos melhores jogadores europeus at\u00e9 aos 18 anos - Portal Tela Portugal","robots":{"index":"index","follow":"follow","max-snippet":"max-snippet:-1","max-image-preview":"max-image-preview:large","max-video-preview":"max-video-preview:-1"},"og_locale":"pt_PT","og_type":"article","og_title":"Interessado nos melhores jogadores europeus at\u00e9 aos 18 anos - Portal Tela Portugal","og_description":"Jos\u00e9 Mourinho assinou cr\u00f3nicas semanais para a revista DEZ durante a sua primeira passagem pelo Chelsea. O texto em foco \u00e9 intitulado \u201cEstou interessado nos melhores jogadores da Europa at\u00e9 aos 18 anos\u201d. O artigo foi originalmente publicado a 20 de novembro de 2004. Agora \u00e9 recuperado em um novo formato, 20 anos depois. O texto atual tem Jos\u00e9 Mourinho como autor e est\u00e1 identificado com a data de publica\u00e7\u00e3o de 25 de janeiro de 2026.","og_url":"https:\/\/portaltela.pt\/noticias\/2026\/01\/25\/interessado-nos-melhores-jogadores-europeus-ate-aos-18-anos\/","og_site_name":"Portal Tela Portugal","article_published_time":"2026-01-25T08:00:00+00:00","author":"Telinha","twitter_card":"summary_large_image","twitter_misc":{"Escrito por":"Telinha","Tempo estimado de leitura":"1 minuto"},"schema":{"@context":"https:\/\/schema.org","@graph":[{"@type":"Article","@id":"https:\/\/portaltela.pt\/noticias\/2026\/01\/25\/interessado-nos-melhores-jogadores-europeus-ate-aos-18-anos\/#article","isPartOf":{"@id":"https:\/\/portaltela.pt\/noticias\/2026\/01\/25\/interessado-nos-melhores-jogadores-europeus-ate-aos-18-anos\/"},"author":{"name":"Telinha","@id":"https:\/\/portaltela.pt\/#\/schema\/person\/c4278d4a6028830caff9ee44b42d32ed"},"headline":"Interessado nos melhores jogadores europeus at\u00e9 aos 18 anos","datePublished":"2026-01-25T08:00:00+00:00","mainEntityOfPage":{"@id":"https:\/\/portaltela.pt\/noticias\/2026\/01\/25\/interessado-nos-melhores-jogadores-europeus-ate-aos-18-anos\/"},"wordCount":162,"image":{"@id":"https:\/\/portaltela.pt\/noticias\/2026\/01\/25\/interessado-nos-melhores-jogadores-europeus-ate-aos-18-anos\/#primaryimage"},"thumbnailUrl":"https:\/\/portaltela.pt\/s.01k8rhncp4jt1\/2026\/01\/img_80x100uu2026-01-25-01-01-00-2417174.jpg","keywords":["Europa","futebol","futebol internacional","jogadores","jovens","Jovens Talentos"],"articleSection":["Desporto","Futebol"],"inLanguage":"pt-PT"},{"@type":"WebPage","@id":"https:\/\/portaltela.pt\/noticias\/2026\/01\/25\/interessado-nos-melhores-jogadores-europeus-ate-aos-18-anos\/","url":"https:\/\/portaltela.pt\/noticias\/2026\/01\/25\/interessado-nos-melhores-jogadores-europeus-ate-aos-18-anos\/","name":"Interessado nos melhores jogadores europeus at\u00e9 aos 18 anos - Portal Tela Portugal","isPartOf":{"@id":"https:\/\/portaltela.pt\/#website"},"primaryImageOfPage":{"@id":"https:\/\/portaltela.pt\/noticias\/2026\/01\/25\/interessado-nos-melhores-jogadores-europeus-ate-aos-18-anos\/#primaryimage"},"image":{"@id":"https:\/\/portaltela.pt\/noticias\/2026\/01\/25\/interessado-nos-melhores-jogadores-europeus-ate-aos-18-anos\/#primaryimage"},"thumbnailUrl":"https:\/\/portaltela.pt\/s.01k8rhncp4jt1\/2026\/01\/img_80x100uu2026-01-25-01-01-00-2417174.jpg","datePublished":"2026-01-25T08:00:00+00:00","author":{"@id":"https:\/\/portaltela.pt\/#\/schema\/person\/c4278d4a6028830caff9ee44b42d32ed"},"breadcrumb":{"@id":"https:\/\/portaltela.pt\/noticias\/2026\/01\/25\/interessado-nos-melhores-jogadores-europeus-ate-aos-18-anos\/#breadcrumb"},"inLanguage":"pt-PT","potentialAction":[{"@type":"ReadAction","target":["https:\/\/portaltela.pt\/noticias\/2026\/01\/25\/interessado-nos-melhores-jogadores-europeus-ate-aos-18-anos\/"]}]},{"@type":"ImageObject","inLanguage":"pt-PT","@id":"https:\/\/portaltela.pt\/noticias\/2026\/01\/25\/interessado-nos-melhores-jogadores-europeus-ate-aos-18-anos\/#primaryimage","url":"https:\/\/portaltela.pt\/s.01k8rhncp4jt1\/2026\/01\/img_80x100uu2026-01-25-01-01-00-2417174.jpg","contentUrl":"https:\/\/portaltela.pt\/s.01k8rhncp4jt1\/2026\/01\/img_80x100uu2026-01-25-01-01-00-2417174.jpg","width":796,"height":448,"caption":"Photo"},{"@type":"BreadcrumbList","@id":"https:\/\/portaltela.pt\/noticias\/2026\/01\/25\/interessado-nos-melhores-jogadores-europeus-ate-aos-18-anos\/#breadcrumb","itemListElement":[{"@type":"ListItem","position":1,"name":"In\u00edcio","item":"https:\/\/portaltela.pt\/"},{"@type":"ListItem","position":2,"name":"Interessado nos melhores jogadores europeus at\u00e9 aos 18 anos"}]},{"@type":"WebSite","@id":"https:\/\/portaltela.pt\/#website","url":"https:\/\/portaltela.pt\/","name":"Portal Tela Portugal","description":"","potentialAction":[{"@type":"SearchAction","target":{"@type":"EntryPoint","urlTemplate":"https:\/\/portaltela.pt\/?s={search_term_string}"},"query-input":{"@type":"PropertyValueSpecification","valueRequired":true,"valueName":"search_term_string"}}],"inLanguage":"pt-PT"},{"@type":"Person","@id":"https:\/\/portaltela.pt\/#\/schema\/person\/c4278d4a6028830caff9ee44b42d32ed","name":"Telinha","image":{"@type":"ImageObject","inLanguage":"pt-PT","@id":"https:\/\/portaltela.pt\/s.01k8rhncp4jt1\/2025\/11\/talking-bot-125x125.png","url":"https:\/\/portaltela.pt\/s.01k8rhncp4jt1\/2025\/11\/talking-bot-125x125.png","contentUrl":"https:\/\/portaltela.pt\/s.01k8rhncp4jt1\/2025\/11\/talking-bot-125x125.png","caption":"Telinha"},"sameAs":["https:\/\/portaltela.pt\/"],"url":"https:\/\/portaltela.pt\/por\/367410592786\/"}]}},"_links":{"self":[{"href":"https:\/\/portaltela.pt\/api\/wp\/v2\/posts\/171444","targetHints":{"allow":["GET"]}}],"collection":[{"href":"https:\/\/portaltela.pt\/api\/wp\/v2\/posts"}],"about":[{"href":"https:\/\/portaltela.pt\/api\/wp\/v2\/types\/post"}],"author":[{"embeddable":true,"href":"https:\/\/portaltela.pt\/api\/wp\/v2\/users\/2"}],"replies":[{"embeddable":true,"href":"https:\/\/portaltela.pt\/api\/wp\/v2\/comments?post=171444"}],"version-history":[{"count":0,"href":"https:\/\/portaltela.pt\/api\/wp\/v2\/posts\/171444\/revisions"}],"wp:featuredmedia":[{"embeddable":true,"href":"https:\/\/portaltela.pt\/api\/wp\/v2\/media\/171448"}],"wp:attachment":[{"href":"https:\/\/portaltela.pt\/api\/wp\/v2\/media?parent=171444"}],"wp:term":[{"taxonomy":"category","embeddable":true,"href":"https:\/\/portaltela.pt\/api\/wp\/v2\/categories?post=171444"},{"taxonomy":"post_tag","embeddable":true,"href":"https:\/\/portaltela.pt\/api\/wp\/v2\/tags?post=171444"}],"curies":[{"name":"wp","href":"https:\/\/api.w.org\/{rel}","templated":true}]}}