{"id":171418,"date":"2026-01-25T03:50:00","date_gmt":"2026-01-25T06:50:00","guid":{"rendered":"https:\/\/portaltela.pt\/noticias\/2026\/01\/25\/protestos-contra-nova-morte-as-maos-do-ice-tomam-as-ruas-dos-eua\/"},"modified":"2026-01-25T03:50:00","modified_gmt":"2026-01-25T06:50:00","slug":"protestos-contra-nova-morte-as-maos-do-ice-tomam-as-ruas-dos-eua","status":"publish","type":"post","link":"https:\/\/portaltela.pt\/noticias\/politica\/2026\/01\/25\/protestos-contra-nova-morte-as-maos-do-ice-tomam-as-ruas-dos-eua\/","title":{"rendered":"Protestos contra nova morte \u00e0s m\u00e3os do ICE tomam as ruas dos EUA"},"content":{"rendered":"<p>A popula\u00e7\u00e3o dos Estados Unidos voltou a exigir respostas ap\u00f3s a morte a tiro de Alex Jeffrey Pretti, ocorrida em Minneapolis durante uma opera\u00e7\u00e3o do Servi\u00e7o de Controle de Imigra\u00e7\u00e3o (ICE). O incidente aconteceu este s\u00e1bado, no estado de Minnesota, e desencadeou protestos de grande escala em v\u00e1rias cidades do pa\u00eds, com foco na atua\u00e7\u00e3o do ICE e na resposta do governo federal. Nas ruas, manifestantes pediram responsabilidade pelas a\u00e7\u00f5es da ag\u00eancia e pressionaram por mudan\u00e7as nas pol\u00edticas migrat\u00f3rias.<\/p>\n<p>Em Minneapolis, mais de mil pessoas participaram numa vig\u00edlia no parque Whittier, junto ao local do ocorrido. O objetivo foi prestar homenagem a Pretti, com velas acesas e cartazes dirigidos ao ICE. Em Washington, a capital, centenas de pessoas manifestaram-se e seguiram rumo ao edif\u00edcio do Departamento de Seguran\u00e7a Nacional, onde entoaram palavras de protesto.<\/p>\n<p>Os protestos tamb\u00e9m se estenderam a Nova Iorque, Los Angeles, Chicago e Seattle, entre outras cidades, num movimento que ganhou contornos nacionais. O presidente dos EUA, Donald Trump, tem apoiado o envio de apoio da Guarda Nacional a cidades onde houve confrontos com a pol\u00edcia ou opera\u00e7\u00f5es de imigrantes.<\/p>\n<p>Contexto e antecedentes foram citados por organizadores e autoridades locais. A imprensa recordou que, na sexta-feira, milhares ainda ocupavam as ruas de Minneapolis para denunciar abusos associados \u00e0s opera\u00e7\u00f5es do ICE. No \u00faltimo m\u00eas, a ag\u00eancia esteve no centro de cr\u00edticas ap\u00f3s a morte de Ren\u00e9e Nicole Good, baleada por uma agente federal a 7 de janeiro, e de um venezuelano ferido na semana seguinte.<\/p>\n<h3>Opera\u00e7\u00e3o e respostas oficiais<\/h3>\n<p>A Administra\u00e7\u00e3o Trump lan\u00e7ou, em dezembro, a opera\u00e7\u00e3o anti-imigra\u00e7\u00e3o chamada Metro Surge, justificando a medida pela perce\u00e7\u00e3o de aumento da criminalidade em Minnesota. As a\u00e7\u00f5es da ag\u00eancia, incluindo incidentes de alto perfil, t\u00eam sido objeto de debates p\u00fablicos, com v\u00e1rias vozes a exigir maior responsabiliza\u00e7\u00e3o e transpar\u00eancia.<\/p>\n<h3>Desdobramentos e impactos<\/h3>\n<p>O movimento de protesto ampliou-se para v\u00e1rias cidades, com desdobramentos que incluem vig\u00edlias, marchas e concentra\u00e7\u00f5es junto de locais simb\u00f3licos, como sedes governamentais. N\u00e3o houve at\u00e9 ao momento informa\u00e7\u00f5es sobre deten\u00e7\u00f5es ou agress\u00f5es relevantes durante as manifesta\u00e7\u00f5es. As autoridades n\u00e3o confirmaram nenhum comunicado adicional a este relat\u00f3rio.<\/p>\n","protected":false},"excerpt":{"rendered":"<ul>\n<li>Milhares de pessoas sa\u00edram \u00e0s ruas em Minneapolis, Los Angeles, Nova Iorque, Seattle, Washington e Chicago para protestar contra a morte a tiros de Alex Jeffrey Pretti, por agentes do Servi\u00e7o de Controle de Imigra\u00e7\u00e3o (ICE), ocorrida este s\u00e1bado em Minneapolis.<\/li>\n<li>Em Minneapolis, mais de mil participaram numa vig\u00edlia no parque Whittier, onde iluminaram o espa\u00e7o com velas e exibiram cartazes contra o ICE.<\/li>\n<li>Em Washington, uma marcha reuniu centenas e dirigiu-se ao edif\u00edcio do Departamento de Seguran\u00e7a Nacional, junto do qual gritaram \u201cVergonha\u201d, segundo o Washington Post.<\/li>\n<li>Os protestos mais expressivos ocorreram em Nova Iorque, Los Angeles e Chicago, cidades que receberam envio do ICE com apoio da Guarda Nacional, ordenado pela Administra\u00e7\u00e3o de Donald Trump.<\/li>\n<li>Ao longo de sexta-feira, milhares j\u00e1 tinham sa\u00eddo para denunciar abusos nas opera\u00e7\u00f5es do ICE; a\u00e7\u00f5es anteriores, como a morte de Ren\u00e9e Nicole Good e a deten\u00e7\u00e3o de uma crian\u00e7a de cinco anos, alimentaram a indigna\u00e7\u00e3o em Minnesota.<\/li>\n<\/ul>\n","protected":false},"author":2,"featured_media":171439,"comment_status":"closed","ping_status":"closed","sticky":false,"template":"","format":"standard","meta":{"footnotes":""},"categories":[1,5],"tags":[4187,1600,2691,712,2857,250],"class_list":["post-171418","post","type-post","status-publish","format-standard","has-post-thumbnail","hentry","category-noticias","category-politica","tag-departamento-de-seguranca-nacional","tag-estados-unidos","tag-ice","tag-imigracao","tag-protestos","tag-seguranca-publica"],"yoast_head":"<!-- This site is optimized with the Yoast SEO plugin v27.2 - https:\/\/yoast.com\/product\/yoast-seo-wordpress\/ -->\n<title>Protestos contra nova morte \u00e0s m\u00e3os do ICE tomam as ruas dos EUA - Portal Tela Portugal<\/title>\n<meta name=\"robots\" content=\"index, follow, max-snippet:-1, max-image-preview:large, max-video-preview:-1\" \/>\n<meta property=\"og:locale\" content=\"pt_PT\" \/>\n<meta property=\"og:type\" content=\"article\" \/>\n<meta property=\"og:title\" content=\"Protestos contra nova morte \u00e0s m\u00e3os do ICE tomam as ruas dos EUA - Portal Tela Portugal\" \/>\n<meta property=\"og:description\" content=\"Milhares de pessoas sa\u00edram \u00e0s ruas em Minneapolis, Los Angeles, Nova Iorque, Seattle, Washington e Chicago para protestar contra a morte a tiros de Alex Jeffrey Pretti, por agentes do Servi\u00e7o de Controle de Imigra\u00e7\u00e3o (ICE), ocorrida este s\u00e1bado em Minneapolis. Em Minneapolis, mais de mil participaram numa vig\u00edlia no parque Whittier, onde iluminaram o espa\u00e7o com velas e exibiram cartazes contra o ICE. Em Washington, uma marcha reuniu centenas e dirigiu-se ao edif\u00edcio do Departamento de Seguran\u00e7a Nacional, junto do qual gritaram \u201cVergonha\u201d, segundo o Washington Post. Os protestos mais expressivos ocorreram em Nova Iorque, Los Angeles e Chicago, cidades que receberam envio do ICE com apoio da Guarda Nacional, ordenado pela Administra\u00e7\u00e3o de Donald Trump. Ao longo de sexta-feira, milhares j\u00e1 tinham sa\u00eddo para denunciar abusos nas opera\u00e7\u00f5es do ICE; a\u00e7\u00f5es anteriores, como a morte de Ren\u00e9e Nicole Good e a deten\u00e7\u00e3o de uma crian\u00e7a de cinco anos, alimentaram a indigna\u00e7\u00e3o em Minnesota.\" \/>\n<meta property=\"og:url\" content=\"https:\/\/portaltela.pt\/noticias\/2026\/01\/25\/protestos-contra-nova-morte-as-maos-do-ice-tomam-as-ruas-dos-eua\/\" \/>\n<meta property=\"og:site_name\" content=\"Portal Tela Portugal\" \/>\n<meta property=\"article:published_time\" content=\"2026-01-25T06:50:00+00:00\" \/>\n<meta name=\"author\" content=\"Telinha\" \/>\n<meta name=\"twitter:card\" content=\"summary_large_image\" \/>\n<meta name=\"twitter:label1\" content=\"Escrito por\" \/>\n\t<meta name=\"twitter:data1\" content=\"Telinha\" \/>\n\t<meta name=\"twitter:label2\" content=\"Tempo estimado de leitura\" \/>\n\t<meta name=\"twitter:data2\" content=\"2 minutos\" \/>\n<script type=\"application\/ld+json\" class=\"yoast-schema-graph\">{\"@context\":\"https:\/\/schema.org\",\"@graph\":[{\"@type\":\"Article\",\"@id\":\"https:\/\/portaltela.pt\/noticias\/2026\/01\/25\/protestos-contra-nova-morte-as-maos-do-ice-tomam-as-ruas-dos-eua\/#article\",\"isPartOf\":{\"@id\":\"https:\/\/portaltela.pt\/noticias\/2026\/01\/25\/protestos-contra-nova-morte-as-maos-do-ice-tomam-as-ruas-dos-eua\/\"},\"author\":{\"name\":\"Telinha\",\"@id\":\"https:\/\/portaltela.pt\/#\/schema\/person\/c4278d4a6028830caff9ee44b42d32ed\"},\"headline\":\"Protestos contra nova morte \u00e0s m\u00e3os do ICE tomam as ruas dos EUA\",\"datePublished\":\"2026-01-25T06:50:00+00:00\",\"mainEntityOfPage\":{\"@id\":\"https:\/\/portaltela.pt\/noticias\/2026\/01\/25\/protestos-contra-nova-morte-as-maos-do-ice-tomam-as-ruas-dos-eua\/\"},\"wordCount\":412,\"image\":{\"@id\":\"https:\/\/portaltela.pt\/noticias\/2026\/01\/25\/protestos-contra-nova-morte-as-maos-do-ice-tomam-as-ruas-dos-eua\/#primaryimage\"},\"thumbnailUrl\":\"https:\/\/portaltela.pt\/s.01k8rhncp4jt1\/2026\/01\/unnamed-file-5101.jpg\",\"keywords\":[\"Departamento de Seguran\u00e7a Nacional\",\"Estados Unidos\",\"ICE\",\"imigra\u00e7\u00e3o\",\"protestos\",\"seguran\u00e7a p\u00fablica\"],\"articleSection\":[\"Not\u00edcias\",\"Pol\u00edtica\"],\"inLanguage\":\"pt-PT\"},{\"@type\":\"WebPage\",\"@id\":\"https:\/\/portaltela.pt\/noticias\/2026\/01\/25\/protestos-contra-nova-morte-as-maos-do-ice-tomam-as-ruas-dos-eua\/\",\"url\":\"https:\/\/portaltela.pt\/noticias\/2026\/01\/25\/protestos-contra-nova-morte-as-maos-do-ice-tomam-as-ruas-dos-eua\/\",\"name\":\"Protestos contra nova morte \u00e0s m\u00e3os do ICE tomam as ruas dos EUA - Portal Tela Portugal\",\"isPartOf\":{\"@id\":\"https:\/\/portaltela.pt\/#website\"},\"primaryImageOfPage\":{\"@id\":\"https:\/\/portaltela.pt\/noticias\/2026\/01\/25\/protestos-contra-nova-morte-as-maos-do-ice-tomam-as-ruas-dos-eua\/#primaryimage\"},\"image\":{\"@id\":\"https:\/\/portaltela.pt\/noticias\/2026\/01\/25\/protestos-contra-nova-morte-as-maos-do-ice-tomam-as-ruas-dos-eua\/#primaryimage\"},\"thumbnailUrl\":\"https:\/\/portaltela.pt\/s.01k8rhncp4jt1\/2026\/01\/unnamed-file-5101.jpg\",\"datePublished\":\"2026-01-25T06:50:00+00:00\",\"author\":{\"@id\":\"https:\/\/portaltela.pt\/#\/schema\/person\/c4278d4a6028830caff9ee44b42d32ed\"},\"breadcrumb\":{\"@id\":\"https:\/\/portaltela.pt\/noticias\/2026\/01\/25\/protestos-contra-nova-morte-as-maos-do-ice-tomam-as-ruas-dos-eua\/#breadcrumb\"},\"inLanguage\":\"pt-PT\",\"potentialAction\":[{\"@type\":\"ReadAction\",\"target\":[\"https:\/\/portaltela.pt\/noticias\/2026\/01\/25\/protestos-contra-nova-morte-as-maos-do-ice-tomam-as-ruas-dos-eua\/\"]}]},{\"@type\":\"ImageObject\",\"inLanguage\":\"pt-PT\",\"@id\":\"https:\/\/portaltela.pt\/noticias\/2026\/01\/25\/protestos-contra-nova-morte-as-maos-do-ice-tomam-as-ruas-dos-eua\/#primaryimage\",\"url\":\"https:\/\/portaltela.pt\/s.01k8rhncp4jt1\/2026\/01\/unnamed-file-5101.jpg\",\"contentUrl\":\"https:\/\/portaltela.pt\/s.01k8rhncp4jt1\/2026\/01\/unnamed-file-5101.jpg\",\"width\":796,\"height\":448,\"caption\":\"Protestos contra nova morte \u00e0s m\u00e3os do ICE enchem as ruas dos EUA\"},{\"@type\":\"BreadcrumbList\",\"@id\":\"https:\/\/portaltela.pt\/noticias\/2026\/01\/25\/protestos-contra-nova-morte-as-maos-do-ice-tomam-as-ruas-dos-eua\/#breadcrumb\",\"itemListElement\":[{\"@type\":\"ListItem\",\"position\":1,\"name\":\"In\u00edcio\",\"item\":\"https:\/\/portaltela.pt\/\"},{\"@type\":\"ListItem\",\"position\":2,\"name\":\"Protestos contra nova morte \u00e0s m\u00e3os do ICE tomam as ruas dos EUA\"}]},{\"@type\":\"WebSite\",\"@id\":\"https:\/\/portaltela.pt\/#website\",\"url\":\"https:\/\/portaltela.pt\/\",\"name\":\"Portal Tela Portugal\",\"description\":\"\",\"potentialAction\":[{\"@type\":\"SearchAction\",\"target\":{\"@type\":\"EntryPoint\",\"urlTemplate\":\"https:\/\/portaltela.pt\/?s={search_term_string}\"},\"query-input\":{\"@type\":\"PropertyValueSpecification\",\"valueRequired\":true,\"valueName\":\"search_term_string\"}}],\"inLanguage\":\"pt-PT\"},{\"@type\":\"Person\",\"@id\":\"https:\/\/portaltela.pt\/#\/schema\/person\/c4278d4a6028830caff9ee44b42d32ed\",\"name\":\"Telinha\",\"image\":{\"@type\":\"ImageObject\",\"inLanguage\":\"pt-PT\",\"@id\":\"https:\/\/portaltela.pt\/s.01k8rhncp4jt1\/2025\/11\/talking-bot-125x125.png\",\"url\":\"https:\/\/portaltela.pt\/s.01k8rhncp4jt1\/2025\/11\/talking-bot-125x125.png\",\"contentUrl\":\"https:\/\/portaltela.pt\/s.01k8rhncp4jt1\/2025\/11\/talking-bot-125x125.png\",\"caption\":\"Telinha\"},\"sameAs\":[\"https:\/\/portaltela.pt\/\"],\"url\":\"https:\/\/portaltela.pt\/por\/367410592786\/\"}]}<\/script>\n<!-- \/ Yoast SEO plugin. -->","yoast_head_json":{"title":"Protestos contra nova morte \u00e0s m\u00e3os do ICE tomam as ruas dos EUA - Portal Tela Portugal","robots":{"index":"index","follow":"follow","max-snippet":"max-snippet:-1","max-image-preview":"max-image-preview:large","max-video-preview":"max-video-preview:-1"},"og_locale":"pt_PT","og_type":"article","og_title":"Protestos contra nova morte \u00e0s m\u00e3os do ICE tomam as ruas dos EUA - Portal Tela Portugal","og_description":"Milhares de pessoas sa\u00edram \u00e0s ruas em Minneapolis, Los Angeles, Nova Iorque, Seattle, Washington e Chicago para protestar contra a morte a tiros de Alex Jeffrey Pretti, por agentes do Servi\u00e7o de Controle de Imigra\u00e7\u00e3o (ICE), ocorrida este s\u00e1bado em Minneapolis. Em Minneapolis, mais de mil participaram numa vig\u00edlia no parque Whittier, onde iluminaram o espa\u00e7o com velas e exibiram cartazes contra o ICE. Em Washington, uma marcha reuniu centenas e dirigiu-se ao edif\u00edcio do Departamento de Seguran\u00e7a Nacional, junto do qual gritaram \u201cVergonha\u201d, segundo o Washington Post. Os protestos mais expressivos ocorreram em Nova Iorque, Los Angeles e Chicago, cidades que receberam envio do ICE com apoio da Guarda Nacional, ordenado pela Administra\u00e7\u00e3o de Donald Trump. Ao longo de sexta-feira, milhares j\u00e1 tinham sa\u00eddo para denunciar abusos nas opera\u00e7\u00f5es do ICE; a\u00e7\u00f5es anteriores, como a morte de Ren\u00e9e Nicole Good e a deten\u00e7\u00e3o de uma crian\u00e7a de cinco anos, alimentaram a indigna\u00e7\u00e3o em Minnesota.","og_url":"https:\/\/portaltela.pt\/noticias\/2026\/01\/25\/protestos-contra-nova-morte-as-maos-do-ice-tomam-as-ruas-dos-eua\/","og_site_name":"Portal Tela Portugal","article_published_time":"2026-01-25T06:50:00+00:00","author":"Telinha","twitter_card":"summary_large_image","twitter_misc":{"Escrito por":"Telinha","Tempo estimado de leitura":"2 minutos"},"schema":{"@context":"https:\/\/schema.org","@graph":[{"@type":"Article","@id":"https:\/\/portaltela.pt\/noticias\/2026\/01\/25\/protestos-contra-nova-morte-as-maos-do-ice-tomam-as-ruas-dos-eua\/#article","isPartOf":{"@id":"https:\/\/portaltela.pt\/noticias\/2026\/01\/25\/protestos-contra-nova-morte-as-maos-do-ice-tomam-as-ruas-dos-eua\/"},"author":{"name":"Telinha","@id":"https:\/\/portaltela.pt\/#\/schema\/person\/c4278d4a6028830caff9ee44b42d32ed"},"headline":"Protestos contra nova morte \u00e0s m\u00e3os do ICE tomam as ruas dos EUA","datePublished":"2026-01-25T06:50:00+00:00","mainEntityOfPage":{"@id":"https:\/\/portaltela.pt\/noticias\/2026\/01\/25\/protestos-contra-nova-morte-as-maos-do-ice-tomam-as-ruas-dos-eua\/"},"wordCount":412,"image":{"@id":"https:\/\/portaltela.pt\/noticias\/2026\/01\/25\/protestos-contra-nova-morte-as-maos-do-ice-tomam-as-ruas-dos-eua\/#primaryimage"},"thumbnailUrl":"https:\/\/portaltela.pt\/s.01k8rhncp4jt1\/2026\/01\/unnamed-file-5101.jpg","keywords":["Departamento de Seguran\u00e7a Nacional","Estados Unidos","ICE","imigra\u00e7\u00e3o","protestos","seguran\u00e7a p\u00fablica"],"articleSection":["Not\u00edcias","Pol\u00edtica"],"inLanguage":"pt-PT"},{"@type":"WebPage","@id":"https:\/\/portaltela.pt\/noticias\/2026\/01\/25\/protestos-contra-nova-morte-as-maos-do-ice-tomam-as-ruas-dos-eua\/","url":"https:\/\/portaltela.pt\/noticias\/2026\/01\/25\/protestos-contra-nova-morte-as-maos-do-ice-tomam-as-ruas-dos-eua\/","name":"Protestos contra nova morte \u00e0s m\u00e3os do ICE tomam as ruas dos EUA - Portal Tela Portugal","isPartOf":{"@id":"https:\/\/portaltela.pt\/#website"},"primaryImageOfPage":{"@id":"https:\/\/portaltela.pt\/noticias\/2026\/01\/25\/protestos-contra-nova-morte-as-maos-do-ice-tomam-as-ruas-dos-eua\/#primaryimage"},"image":{"@id":"https:\/\/portaltela.pt\/noticias\/2026\/01\/25\/protestos-contra-nova-morte-as-maos-do-ice-tomam-as-ruas-dos-eua\/#primaryimage"},"thumbnailUrl":"https:\/\/portaltela.pt\/s.01k8rhncp4jt1\/2026\/01\/unnamed-file-5101.jpg","datePublished":"2026-01-25T06:50:00+00:00","author":{"@id":"https:\/\/portaltela.pt\/#\/schema\/person\/c4278d4a6028830caff9ee44b42d32ed"},"breadcrumb":{"@id":"https:\/\/portaltela.pt\/noticias\/2026\/01\/25\/protestos-contra-nova-morte-as-maos-do-ice-tomam-as-ruas-dos-eua\/#breadcrumb"},"inLanguage":"pt-PT","potentialAction":[{"@type":"ReadAction","target":["https:\/\/portaltela.pt\/noticias\/2026\/01\/25\/protestos-contra-nova-morte-as-maos-do-ice-tomam-as-ruas-dos-eua\/"]}]},{"@type":"ImageObject","inLanguage":"pt-PT","@id":"https:\/\/portaltela.pt\/noticias\/2026\/01\/25\/protestos-contra-nova-morte-as-maos-do-ice-tomam-as-ruas-dos-eua\/#primaryimage","url":"https:\/\/portaltela.pt\/s.01k8rhncp4jt1\/2026\/01\/unnamed-file-5101.jpg","contentUrl":"https:\/\/portaltela.pt\/s.01k8rhncp4jt1\/2026\/01\/unnamed-file-5101.jpg","width":796,"height":448,"caption":"Protestos contra nova morte \u00e0s m\u00e3os do ICE enchem as ruas dos EUA"},{"@type":"BreadcrumbList","@id":"https:\/\/portaltela.pt\/noticias\/2026\/01\/25\/protestos-contra-nova-morte-as-maos-do-ice-tomam-as-ruas-dos-eua\/#breadcrumb","itemListElement":[{"@type":"ListItem","position":1,"name":"In\u00edcio","item":"https:\/\/portaltela.pt\/"},{"@type":"ListItem","position":2,"name":"Protestos contra nova morte \u00e0s m\u00e3os do ICE tomam as ruas dos EUA"}]},{"@type":"WebSite","@id":"https:\/\/portaltela.pt\/#website","url":"https:\/\/portaltela.pt\/","name":"Portal Tela Portugal","description":"","potentialAction":[{"@type":"SearchAction","target":{"@type":"EntryPoint","urlTemplate":"https:\/\/portaltela.pt\/?s={search_term_string}"},"query-input":{"@type":"PropertyValueSpecification","valueRequired":true,"valueName":"search_term_string"}}],"inLanguage":"pt-PT"},{"@type":"Person","@id":"https:\/\/portaltela.pt\/#\/schema\/person\/c4278d4a6028830caff9ee44b42d32ed","name":"Telinha","image":{"@type":"ImageObject","inLanguage":"pt-PT","@id":"https:\/\/portaltela.pt\/s.01k8rhncp4jt1\/2025\/11\/talking-bot-125x125.png","url":"https:\/\/portaltela.pt\/s.01k8rhncp4jt1\/2025\/11\/talking-bot-125x125.png","contentUrl":"https:\/\/portaltela.pt\/s.01k8rhncp4jt1\/2025\/11\/talking-bot-125x125.png","caption":"Telinha"},"sameAs":["https:\/\/portaltela.pt\/"],"url":"https:\/\/portaltela.pt\/por\/367410592786\/"}]}},"_links":{"self":[{"href":"https:\/\/portaltela.pt\/api\/wp\/v2\/posts\/171418","targetHints":{"allow":["GET"]}}],"collection":[{"href":"https:\/\/portaltela.pt\/api\/wp\/v2\/posts"}],"about":[{"href":"https:\/\/portaltela.pt\/api\/wp\/v2\/types\/post"}],"author":[{"embeddable":true,"href":"https:\/\/portaltela.pt\/api\/wp\/v2\/users\/2"}],"replies":[{"embeddable":true,"href":"https:\/\/portaltela.pt\/api\/wp\/v2\/comments?post=171418"}],"version-history":[{"count":0,"href":"https:\/\/portaltela.pt\/api\/wp\/v2\/posts\/171418\/revisions"}],"wp:featuredmedia":[{"embeddable":true,"href":"https:\/\/portaltela.pt\/api\/wp\/v2\/media\/171439"}],"wp:attachment":[{"href":"https:\/\/portaltela.pt\/api\/wp\/v2\/media?parent=171418"}],"wp:term":[{"taxonomy":"category","embeddable":true,"href":"https:\/\/portaltela.pt\/api\/wp\/v2\/categories?post=171418"},{"taxonomy":"post_tag","embeddable":true,"href":"https:\/\/portaltela.pt\/api\/wp\/v2\/tags?post=171418"}],"curies":[{"name":"wp","href":"https:\/\/api.w.org\/{rel}","templated":true}]}}