{"id":171412,"date":"2026-01-25T03:30:00","date_gmt":"2026-01-25T06:30:00","guid":{"rendered":"https:\/\/portaltela.pt\/noticias\/2026\/01\/25\/armas-investigacao-revela-perda-de-municoes-em-caso-de-crime\/"},"modified":"2026-01-25T03:30:00","modified_gmt":"2026-01-25T06:30:00","slug":"armas-investigacao-revela-perda-de-municoes-em-caso-de-crime","status":"publish","type":"post","link":"https:\/\/portaltela.pt\/noticias\/2026\/01\/25\/armas-investigacao-revela-perda-de-municoes-em-caso-de-crime\/","title":{"rendered":"Armas: investiga\u00e7\u00e3o revela perda de muni\u00e7\u00f5es em caso de crime"},"content":{"rendered":"<p>Nos \u00faltimos anos, Portugal registou uma redu\u00e7\u00e3o substancial da criminalidade grave relacionada com armas de fogo, resultado de uma lei considerada muito r\u00edgida e de um esfor\u00e7o de fiscaliza\u00e7\u00e3o robusto. As estat\u00edsticas indicam que o recurso a armas em crimes graves estabilizou-se abaixo de mil casos anuais, desde 2015.<\/p>\n<p>Entre 2000 e 2016, o volume de crimes graves com armas de fogo chegou a ultrapassar os tr\u00eas mil por ano, representando cerca de 20% da criminalidade grave. Hoje, esse peso ronda os 6%, mantendo-se est\u00e1vel na \u00faltima d\u00e9cada, mesmo com epis\u00f3dios de grande visibilidade medi\u00e1tica.<\/p>\n<p>A PSP revelou, apenas em 2025, a apreens\u00e3o, recupera\u00e7\u00e3o e entrega volunt\u00e1ria de 4.747 armas de fogo. O dado evidencia o papel da pol\u00edcia na redu\u00e7\u00e3o, com as espingardas a dominar as apreens\u00f5es, num ano marcado por um aumento relativo face ao anterior.<\/p>\n<h3>Panorama das armas em Portugal<\/h3>\n<p>Al\u00e9m do trabalho policial, o Estado manteve uma pol\u00edtica de controle com impactos na circula\u00e7\u00e3o de armas. Em 2025, o total de armas legais em Portugal situava-se acima de 1,8 milh\u00e3o, de posse de cerca de 149 mil pessoas, incluindo apenas civis (pol\u00edcias e militares \u00e0 parte).<\/p>\n<p>A atualiza\u00e7\u00e3o legislativa de 2019 restringiu o acesso, limitou o n\u00famero de armas por por pessoa e exigiu armazenamento seguro. A associa\u00e7\u00e3o APAV aponta que o controle de armas pode reduzir n\u00e3o apenas crimes organizados, mas tamb\u00e9m acidentes e les\u00f5es auto-infligidas.<\/p>\n<h3>Tr\u00e1fico e riscos na UE<\/h3>\n<p>Especialistas destacam que as rotas de tr\u00e1fico de armas para a Uni\u00e3o Europeia passam pelos Balc\u00e3s e, hoje, existe preocupa\u00e7\u00e3o com poss\u00edveis novos registos de entrada com o fim da guerra na Ucr\u00e2nia. Relat\u00f3rios internacionais apontam que o tr\u00e1fico de armas est\u00e1 ligado \u00e0 viol\u00eancia criminal, sobretudo na venda de droga.<\/p>\n<p>A Uni\u00e3o Europeia continua atenta ao risco de entrada de armas ilegais, com a Alemanha, Espanha e It\u00e1lia entre os pontos de tr\u00e2nsito mais relevantes. Estudos indicam que o n\u00famero de armas legais em circula\u00e7\u00e3o \u00e9 pr\u00f3ximo do volume de armas ilegais, sublinhando a necessidade de pactos de coopera\u00e7\u00e3o entre pa\u00edses.<\/p>\n","protected":false},"excerpt":{"rendered":"<ul>\n<li>Desde 2016, menos de 1.000 crimes graves com armas por ano, com as armas de fogo representando cerca de 6% desses crimes; j\u00e1 chegaram a 20% no passado.<\/li>\n<li>A PSP, em 2025, apreendeu, recuperou e recebeu de entregas volunt\u00e1rias 4.747 armas de fogo; as espingardas s\u00e3o o tipo mais apreendido.<\/li>\n<li>Nos cinco anos anteriores, mais de 115 mil armas foram apreendidas ou retiradas de circula\u00e7\u00e3o.<\/li>\n<li>Portugal tem mais de 1,8 milh\u00f5es de armas legais registadas, usadas por cerca de 149 mil pessoas; a lei de 2019 endureceu o acesso e o porte.<\/li>\n<li>As principais rotas de tr\u00e1fico de armas para a Uni\u00e3o Europeia v\u00eam dos Balc\u00e3s; h\u00e1 preocupa\u00e7\u00e3o com novas importa\u00e7\u00f5es de armas ilegais na Europa, potenciais impactos da guerra na Ucr\u00e2nia.<\/li>\n<\/ul>\n","protected":false},"author":2,"featured_media":171421,"comment_status":"closed","ping_status":"closed","sticky":false,"template":"","format":"standard","meta":{"footnotes":""},"categories":[1],"tags":[182,1533,177,3418,1014,2423],"class_list":["post-171412","post","type-post","status-publish","format-standard","has-post-thumbnail","hentry","category-noticias","tag-armas","tag-armas-de-fogo","tag-crimes","tag-policia-de-seguranca-publica","tag-portugal","tag-trafico-de-armas"],"yoast_head":"<!-- This site is optimized with the Yoast SEO plugin v27.2 - https:\/\/yoast.com\/product\/yoast-seo-wordpress\/ -->\n<title>Armas: investiga\u00e7\u00e3o revela perda de muni\u00e7\u00f5es em caso de crime - Portal Tela Portugal<\/title>\n<meta name=\"robots\" content=\"index, follow, max-snippet:-1, max-image-preview:large, max-video-preview:-1\" \/>\n<meta property=\"og:locale\" content=\"pt_PT\" \/>\n<meta property=\"og:type\" content=\"article\" \/>\n<meta property=\"og:title\" content=\"Armas: investiga\u00e7\u00e3o revela perda de muni\u00e7\u00f5es em caso de crime - Portal Tela Portugal\" \/>\n<meta property=\"og:description\" content=\"Desde 2016, menos de 1.000 crimes graves com armas por ano, com as armas de fogo representando cerca de 6% desses crimes; j\u00e1 chegaram a 20% no passado. A PSP, em 2025, apreendeu, recuperou e recebeu de entregas volunt\u00e1rias 4.747 armas de fogo; as espingardas s\u00e3o o tipo mais apreendido. Nos cinco anos anteriores, mais de 115 mil armas foram apreendidas ou retiradas de circula\u00e7\u00e3o. Portugal tem mais de 1,8 milh\u00f5es de armas legais registadas, usadas por cerca de 149 mil pessoas; a lei de 2019 endureceu o acesso e o porte. As principais rotas de tr\u00e1fico de armas para a Uni\u00e3o Europeia v\u00eam dos Balc\u00e3s; h\u00e1 preocupa\u00e7\u00e3o com novas importa\u00e7\u00f5es de armas ilegais na Europa, potenciais impactos da guerra na Ucr\u00e2nia.\" \/>\n<meta property=\"og:url\" content=\"https:\/\/portaltela.pt\/noticias\/2026\/01\/25\/armas-investigacao-revela-perda-de-municoes-em-caso-de-crime\/\" \/>\n<meta property=\"og:site_name\" content=\"Portal Tela Portugal\" \/>\n<meta property=\"article:published_time\" content=\"2026-01-25T06:30:00+00:00\" \/>\n<meta name=\"author\" content=\"Telinha\" \/>\n<meta name=\"twitter:card\" content=\"summary_large_image\" \/>\n<meta name=\"twitter:label1\" content=\"Escrito por\" \/>\n\t<meta name=\"twitter:data1\" content=\"Telinha\" \/>\n\t<meta name=\"twitter:label2\" content=\"Tempo estimado de leitura\" \/>\n\t<meta name=\"twitter:data2\" content=\"2 minutos\" \/>\n<script type=\"application\/ld+json\" class=\"yoast-schema-graph\">{\"@context\":\"https:\/\/schema.org\",\"@graph\":[{\"@type\":\"Article\",\"@id\":\"https:\/\/portaltela.pt\/noticias\/2026\/01\/25\/armas-investigacao-revela-perda-de-municoes-em-caso-de-crime\/#article\",\"isPartOf\":{\"@id\":\"https:\/\/portaltela.pt\/noticias\/2026\/01\/25\/armas-investigacao-revela-perda-de-municoes-em-caso-de-crime\/\"},\"author\":{\"name\":\"Telinha\",\"@id\":\"https:\/\/portaltela.pt\/#\/schema\/person\/c4278d4a6028830caff9ee44b42d32ed\"},\"headline\":\"Armas: investiga\u00e7\u00e3o revela perda de muni\u00e7\u00f5es em caso de crime\",\"datePublished\":\"2026-01-25T06:30:00+00:00\",\"mainEntityOfPage\":{\"@id\":\"https:\/\/portaltela.pt\/noticias\/2026\/01\/25\/armas-investigacao-revela-perda-de-municoes-em-caso-de-crime\/\"},\"wordCount\":381,\"image\":{\"@id\":\"https:\/\/portaltela.pt\/noticias\/2026\/01\/25\/armas-investigacao-revela-perda-de-municoes-em-caso-de-crime\/#primaryimage\"},\"thumbnailUrl\":\"https:\/\/portaltela.pt\/s.01k8rhncp4jt1\/2026\/01\/2061674.jpg\",\"keywords\":[\"armas\",\"armas de fogo\",\"crimes\",\"Pol\u00edcia de Seguran\u00e7a P\u00fablica\",\"Portugal\",\"tr\u00e1fico de armas\"],\"articleSection\":[\"Not\u00edcias\"],\"inLanguage\":\"pt-PT\"},{\"@type\":\"WebPage\",\"@id\":\"https:\/\/portaltela.pt\/noticias\/2026\/01\/25\/armas-investigacao-revela-perda-de-municoes-em-caso-de-crime\/\",\"url\":\"https:\/\/portaltela.pt\/noticias\/2026\/01\/25\/armas-investigacao-revela-perda-de-municoes-em-caso-de-crime\/\",\"name\":\"Armas: investiga\u00e7\u00e3o revela perda de muni\u00e7\u00f5es em caso de crime - Portal Tela Portugal\",\"isPartOf\":{\"@id\":\"https:\/\/portaltela.pt\/#website\"},\"primaryImageOfPage\":{\"@id\":\"https:\/\/portaltela.pt\/noticias\/2026\/01\/25\/armas-investigacao-revela-perda-de-municoes-em-caso-de-crime\/#primaryimage\"},\"image\":{\"@id\":\"https:\/\/portaltela.pt\/noticias\/2026\/01\/25\/armas-investigacao-revela-perda-de-municoes-em-caso-de-crime\/#primaryimage\"},\"thumbnailUrl\":\"https:\/\/portaltela.pt\/s.01k8rhncp4jt1\/2026\/01\/2061674.jpg\",\"datePublished\":\"2026-01-25T06:30:00+00:00\",\"author\":{\"@id\":\"https:\/\/portaltela.pt\/#\/schema\/person\/c4278d4a6028830caff9ee44b42d32ed\"},\"breadcrumb\":{\"@id\":\"https:\/\/portaltela.pt\/noticias\/2026\/01\/25\/armas-investigacao-revela-perda-de-municoes-em-caso-de-crime\/#breadcrumb\"},\"inLanguage\":\"pt-PT\",\"potentialAction\":[{\"@type\":\"ReadAction\",\"target\":[\"https:\/\/portaltela.pt\/noticias\/2026\/01\/25\/armas-investigacao-revela-perda-de-municoes-em-caso-de-crime\/\"]}]},{\"@type\":\"ImageObject\",\"inLanguage\":\"pt-PT\",\"@id\":\"https:\/\/portaltela.pt\/noticias\/2026\/01\/25\/armas-investigacao-revela-perda-de-municoes-em-caso-de-crime\/#primaryimage\",\"url\":\"https:\/\/portaltela.pt\/s.01k8rhncp4jt1\/2026\/01\/2061674.jpg\",\"contentUrl\":\"https:\/\/portaltela.pt\/s.01k8rhncp4jt1\/2026\/01\/2061674.jpg\",\"width\":796,\"height\":448,\"caption\":\"Photo\"},{\"@type\":\"BreadcrumbList\",\"@id\":\"https:\/\/portaltela.pt\/noticias\/2026\/01\/25\/armas-investigacao-revela-perda-de-municoes-em-caso-de-crime\/#breadcrumb\",\"itemListElement\":[{\"@type\":\"ListItem\",\"position\":1,\"name\":\"In\u00edcio\",\"item\":\"https:\/\/portaltela.pt\/\"},{\"@type\":\"ListItem\",\"position\":2,\"name\":\"Armas: investiga\u00e7\u00e3o revela perda de muni\u00e7\u00f5es em caso de crime\"}]},{\"@type\":\"WebSite\",\"@id\":\"https:\/\/portaltela.pt\/#website\",\"url\":\"https:\/\/portaltela.pt\/\",\"name\":\"Portal Tela Portugal\",\"description\":\"\",\"potentialAction\":[{\"@type\":\"SearchAction\",\"target\":{\"@type\":\"EntryPoint\",\"urlTemplate\":\"https:\/\/portaltela.pt\/?s={search_term_string}\"},\"query-input\":{\"@type\":\"PropertyValueSpecification\",\"valueRequired\":true,\"valueName\":\"search_term_string\"}}],\"inLanguage\":\"pt-PT\"},{\"@type\":\"Person\",\"@id\":\"https:\/\/portaltela.pt\/#\/schema\/person\/c4278d4a6028830caff9ee44b42d32ed\",\"name\":\"Telinha\",\"image\":{\"@type\":\"ImageObject\",\"inLanguage\":\"pt-PT\",\"@id\":\"https:\/\/portaltela.pt\/s.01k8rhncp4jt1\/2025\/11\/talking-bot-125x125.png\",\"url\":\"https:\/\/portaltela.pt\/s.01k8rhncp4jt1\/2025\/11\/talking-bot-125x125.png\",\"contentUrl\":\"https:\/\/portaltela.pt\/s.01k8rhncp4jt1\/2025\/11\/talking-bot-125x125.png\",\"caption\":\"Telinha\"},\"sameAs\":[\"https:\/\/portaltela.pt\/\"],\"url\":\"https:\/\/portaltela.pt\/por\/367410592786\/\"}]}<\/script>\n<!-- \/ Yoast SEO plugin. -->","yoast_head_json":{"title":"Armas: investiga\u00e7\u00e3o revela perda de muni\u00e7\u00f5es em caso de crime - Portal Tela Portugal","robots":{"index":"index","follow":"follow","max-snippet":"max-snippet:-1","max-image-preview":"max-image-preview:large","max-video-preview":"max-video-preview:-1"},"og_locale":"pt_PT","og_type":"article","og_title":"Armas: investiga\u00e7\u00e3o revela perda de muni\u00e7\u00f5es em caso de crime - Portal Tela Portugal","og_description":"Desde 2016, menos de 1.000 crimes graves com armas por ano, com as armas de fogo representando cerca de 6% desses crimes; j\u00e1 chegaram a 20% no passado. A PSP, em 2025, apreendeu, recuperou e recebeu de entregas volunt\u00e1rias 4.747 armas de fogo; as espingardas s\u00e3o o tipo mais apreendido. Nos cinco anos anteriores, mais de 115 mil armas foram apreendidas ou retiradas de circula\u00e7\u00e3o. Portugal tem mais de 1,8 milh\u00f5es de armas legais registadas, usadas por cerca de 149 mil pessoas; a lei de 2019 endureceu o acesso e o porte. As principais rotas de tr\u00e1fico de armas para a Uni\u00e3o Europeia v\u00eam dos Balc\u00e3s; h\u00e1 preocupa\u00e7\u00e3o com novas importa\u00e7\u00f5es de armas ilegais na Europa, potenciais impactos da guerra na Ucr\u00e2nia.","og_url":"https:\/\/portaltela.pt\/noticias\/2026\/01\/25\/armas-investigacao-revela-perda-de-municoes-em-caso-de-crime\/","og_site_name":"Portal Tela Portugal","article_published_time":"2026-01-25T06:30:00+00:00","author":"Telinha","twitter_card":"summary_large_image","twitter_misc":{"Escrito por":"Telinha","Tempo estimado de leitura":"2 minutos"},"schema":{"@context":"https:\/\/schema.org","@graph":[{"@type":"Article","@id":"https:\/\/portaltela.pt\/noticias\/2026\/01\/25\/armas-investigacao-revela-perda-de-municoes-em-caso-de-crime\/#article","isPartOf":{"@id":"https:\/\/portaltela.pt\/noticias\/2026\/01\/25\/armas-investigacao-revela-perda-de-municoes-em-caso-de-crime\/"},"author":{"name":"Telinha","@id":"https:\/\/portaltela.pt\/#\/schema\/person\/c4278d4a6028830caff9ee44b42d32ed"},"headline":"Armas: investiga\u00e7\u00e3o revela perda de muni\u00e7\u00f5es em caso de crime","datePublished":"2026-01-25T06:30:00+00:00","mainEntityOfPage":{"@id":"https:\/\/portaltela.pt\/noticias\/2026\/01\/25\/armas-investigacao-revela-perda-de-municoes-em-caso-de-crime\/"},"wordCount":381,"image":{"@id":"https:\/\/portaltela.pt\/noticias\/2026\/01\/25\/armas-investigacao-revela-perda-de-municoes-em-caso-de-crime\/#primaryimage"},"thumbnailUrl":"https:\/\/portaltela.pt\/s.01k8rhncp4jt1\/2026\/01\/2061674.jpg","keywords":["armas","armas de fogo","crimes","Pol\u00edcia de Seguran\u00e7a P\u00fablica","Portugal","tr\u00e1fico de armas"],"articleSection":["Not\u00edcias"],"inLanguage":"pt-PT"},{"@type":"WebPage","@id":"https:\/\/portaltela.pt\/noticias\/2026\/01\/25\/armas-investigacao-revela-perda-de-municoes-em-caso-de-crime\/","url":"https:\/\/portaltela.pt\/noticias\/2026\/01\/25\/armas-investigacao-revela-perda-de-municoes-em-caso-de-crime\/","name":"Armas: investiga\u00e7\u00e3o revela perda de muni\u00e7\u00f5es em caso de crime - Portal Tela Portugal","isPartOf":{"@id":"https:\/\/portaltela.pt\/#website"},"primaryImageOfPage":{"@id":"https:\/\/portaltela.pt\/noticias\/2026\/01\/25\/armas-investigacao-revela-perda-de-municoes-em-caso-de-crime\/#primaryimage"},"image":{"@id":"https:\/\/portaltela.pt\/noticias\/2026\/01\/25\/armas-investigacao-revela-perda-de-municoes-em-caso-de-crime\/#primaryimage"},"thumbnailUrl":"https:\/\/portaltela.pt\/s.01k8rhncp4jt1\/2026\/01\/2061674.jpg","datePublished":"2026-01-25T06:30:00+00:00","author":{"@id":"https:\/\/portaltela.pt\/#\/schema\/person\/c4278d4a6028830caff9ee44b42d32ed"},"breadcrumb":{"@id":"https:\/\/portaltela.pt\/noticias\/2026\/01\/25\/armas-investigacao-revela-perda-de-municoes-em-caso-de-crime\/#breadcrumb"},"inLanguage":"pt-PT","potentialAction":[{"@type":"ReadAction","target":["https:\/\/portaltela.pt\/noticias\/2026\/01\/25\/armas-investigacao-revela-perda-de-municoes-em-caso-de-crime\/"]}]},{"@type":"ImageObject","inLanguage":"pt-PT","@id":"https:\/\/portaltela.pt\/noticias\/2026\/01\/25\/armas-investigacao-revela-perda-de-municoes-em-caso-de-crime\/#primaryimage","url":"https:\/\/portaltela.pt\/s.01k8rhncp4jt1\/2026\/01\/2061674.jpg","contentUrl":"https:\/\/portaltela.pt\/s.01k8rhncp4jt1\/2026\/01\/2061674.jpg","width":796,"height":448,"caption":"Photo"},{"@type":"BreadcrumbList","@id":"https:\/\/portaltela.pt\/noticias\/2026\/01\/25\/armas-investigacao-revela-perda-de-municoes-em-caso-de-crime\/#breadcrumb","itemListElement":[{"@type":"ListItem","position":1,"name":"In\u00edcio","item":"https:\/\/portaltela.pt\/"},{"@type":"ListItem","position":2,"name":"Armas: investiga\u00e7\u00e3o revela perda de muni\u00e7\u00f5es em caso de crime"}]},{"@type":"WebSite","@id":"https:\/\/portaltela.pt\/#website","url":"https:\/\/portaltela.pt\/","name":"Portal Tela Portugal","description":"","potentialAction":[{"@type":"SearchAction","target":{"@type":"EntryPoint","urlTemplate":"https:\/\/portaltela.pt\/?s={search_term_string}"},"query-input":{"@type":"PropertyValueSpecification","valueRequired":true,"valueName":"search_term_string"}}],"inLanguage":"pt-PT"},{"@type":"Person","@id":"https:\/\/portaltela.pt\/#\/schema\/person\/c4278d4a6028830caff9ee44b42d32ed","name":"Telinha","image":{"@type":"ImageObject","inLanguage":"pt-PT","@id":"https:\/\/portaltela.pt\/s.01k8rhncp4jt1\/2025\/11\/talking-bot-125x125.png","url":"https:\/\/portaltela.pt\/s.01k8rhncp4jt1\/2025\/11\/talking-bot-125x125.png","contentUrl":"https:\/\/portaltela.pt\/s.01k8rhncp4jt1\/2025\/11\/talking-bot-125x125.png","caption":"Telinha"},"sameAs":["https:\/\/portaltela.pt\/"],"url":"https:\/\/portaltela.pt\/por\/367410592786\/"}]}},"_links":{"self":[{"href":"https:\/\/portaltela.pt\/api\/wp\/v2\/posts\/171412","targetHints":{"allow":["GET"]}}],"collection":[{"href":"https:\/\/portaltela.pt\/api\/wp\/v2\/posts"}],"about":[{"href":"https:\/\/portaltela.pt\/api\/wp\/v2\/types\/post"}],"author":[{"embeddable":true,"href":"https:\/\/portaltela.pt\/api\/wp\/v2\/users\/2"}],"replies":[{"embeddable":true,"href":"https:\/\/portaltela.pt\/api\/wp\/v2\/comments?post=171412"}],"version-history":[{"count":0,"href":"https:\/\/portaltela.pt\/api\/wp\/v2\/posts\/171412\/revisions"}],"wp:featuredmedia":[{"embeddable":true,"href":"https:\/\/portaltela.pt\/api\/wp\/v2\/media\/171421"}],"wp:attachment":[{"href":"https:\/\/portaltela.pt\/api\/wp\/v2\/media?parent=171412"}],"wp:term":[{"taxonomy":"category","embeddable":true,"href":"https:\/\/portaltela.pt\/api\/wp\/v2\/categories?post=171412"},{"taxonomy":"post_tag","embeddable":true,"href":"https:\/\/portaltela.pt\/api\/wp\/v2\/tags?post=171412"}],"curies":[{"name":"wp","href":"https:\/\/api.w.org\/{rel}","templated":true}]}}