{"id":171347,"date":"2026-01-25T03:05:00","date_gmt":"2026-01-25T06:05:00","guid":{"rendered":"https:\/\/portaltela.pt\/noticias\/2026\/01\/25\/parque-metropolitano-da-biodiversidade-recebe-projeto-de-herbario-no-seixal\/"},"modified":"2026-01-25T03:05:00","modified_gmt":"2026-01-25T06:05:00","slug":"parque-metropolitano-da-biodiversidade-recebe-projeto-de-herbario-no-seixal","status":"publish","type":"post","link":"https:\/\/portaltela.pt\/noticias\/2026\/01\/25\/parque-metropolitano-da-biodiversidade-recebe-projeto-de-herbario-no-seixal\/","title":{"rendered":"Parque Metropolitano da Biodiversidade recebe projeto de herb\u00e1rio no Seixal"},"content":{"rendered":"<p>O Parque Metropolitano da Biodiversidade, em Corroios, vai acolher no s\u00e1bado, 7 de fevereiro de 2026, entre as 10h e as 12h, a atividade Um Herb\u00e1rio do Parque Metropolitano da Biodiversidade, para explorar o espa\u00e7o, identificar esp\u00e9cies e aprender a construir um herb\u00e1rio.<\/p>\n<p>A iniciativa \u00e9 dirigida a p\u00fablico adulto e fam\u00edlias e \u00e9 <strong>gratuita<\/strong>, mas requer inscri\u00e7\u00e3o pr\u00e9via. As vagas est\u00e3o limitadas a 20 participantes, com inscri\u00e7\u00f5es abertas de 26 de janeiro a 6 de fevereiro, at\u00e9 \u00e0s 13h, mediante preenchimento de formul\u00e1rio online.<\/p>\n<p>O encontro decorre na Casa da Biodiversidade, dentro do parque, em parceria com a Associa\u00e7\u00e3o Vita Nativa. Recomenda-se levar \u00e1gua e vestir roupa e cal\u00e7ado confort\u00e1veis.<\/p>\n<h3>Inscri\u00e7\u00f5es e participa\u00e7\u00e3o<\/h3>\n<p>As inscri\u00e7\u00f5es s\u00e3o gratuitas e v\u00e1lidas at\u00e9 ao dia 6 de fevereiro, \u00e0s 13h, atrav\u00e9s de formul\u00e1rio online. O n\u00famero m\u00ednimo de participantes \u00e9 5, sendo o m\u00e1ximo 20.<\/p>\n<p>Para alguma confirma\u00e7\u00e3o ou esclarecimento, pode contactar o munic\u00edpio atrav\u00e9s do email gssi@cm-seixal.pt. A organiza\u00e7\u00e3o disponibiliza informa\u00e7\u00f5es \u00fateis ao participante com anteced\u00eancia.<\/p>\n","protected":false},"excerpt":{"rendered":"<ul>\n<li>Parque Metropolitano da Biodiversidade, em Corroios, acolhe a atividade no s\u00e1bado, 7 de fevereiro de 2026, entre as 10h00 e as 12h00.<\/li>\n<li>A a\u00e7\u00e3o, intitulada \u201cUm Herb\u00e1rio do Parque Metropolitano da Biodiversidade\u201d, \u00e9 gratuita mas exige inscri\u00e7\u00e3o pr\u00e9via (m\u00ednimo 5, m\u00e1ximo 20 participantes).<\/li>\n<li>As inscri\u00e7\u00f5es decorrem entre 26 de janeiro e 6 de fevereiro, at\u00e9 \u00e0s 13h, via formul\u00e1rio online.<\/li>\n<li>O encontro realiza-se na Casa da Biodiversidade, dentro do parque, em parceria com a Associa\u00e7\u00e3o Vita Nativa.<\/li>\n<li>Recomenda-se levar \u00e1gua e vestir roupa e cal\u00e7ado confort\u00e1veis; contacto: gssi@cm-seixal.pt.<\/li>\n<\/ul>\n","protected":false},"author":2,"featured_media":171350,"comment_status":"closed","ping_status":"closed","sticky":false,"template":"","format":"standard","meta":{"footnotes":""},"categories":[1],"tags":[1701,3356,1958,148,3568,1064],"class_list":["post-171347","post","type-post","status-publish","format-standard","has-post-thumbnail","hentry","category-noticias","tag-biodiversidade","tag-corroios","tag-educacao-ambiental","tag-familias","tag-natureza","tag-seixal"],"yoast_head":"<!-- This site is optimized with the Yoast SEO plugin v27.2 - https:\/\/yoast.com\/product\/yoast-seo-wordpress\/ -->\n<title>Parque Metropolitano da Biodiversidade recebe projeto de herb\u00e1rio no Seixal - Portal Tela Portugal<\/title>\n<meta name=\"robots\" content=\"index, follow, max-snippet:-1, max-image-preview:large, max-video-preview:-1\" \/>\n<meta property=\"og:locale\" content=\"pt_PT\" \/>\n<meta property=\"og:type\" content=\"article\" \/>\n<meta property=\"og:title\" content=\"Parque Metropolitano da Biodiversidade recebe projeto de herb\u00e1rio no Seixal - Portal Tela Portugal\" \/>\n<meta property=\"og:description\" content=\"Parque Metropolitano da Biodiversidade, em Corroios, acolhe a atividade no s\u00e1bado, 7 de fevereiro de 2026, entre as 10h00 e as 12h00. A a\u00e7\u00e3o, intitulada \u201cUm Herb\u00e1rio do Parque Metropolitano da Biodiversidade\u201d, \u00e9 gratuita mas exige inscri\u00e7\u00e3o pr\u00e9via (m\u00ednimo 5, m\u00e1ximo 20 participantes). As inscri\u00e7\u00f5es decorrem entre 26 de janeiro e 6 de fevereiro, at\u00e9 \u00e0s 13h, via formul\u00e1rio online. O encontro realiza-se na Casa da Biodiversidade, dentro do parque, em parceria com a Associa\u00e7\u00e3o Vita Nativa. Recomenda-se levar \u00e1gua e vestir roupa e cal\u00e7ado confort\u00e1veis; contacto: gssi@cm-seixal.pt.\" \/>\n<meta property=\"og:url\" content=\"https:\/\/portaltela.pt\/noticias\/2026\/01\/25\/parque-metropolitano-da-biodiversidade-recebe-projeto-de-herbario-no-seixal\/\" \/>\n<meta property=\"og:site_name\" content=\"Portal Tela Portugal\" \/>\n<meta property=\"article:published_time\" content=\"2026-01-25T06:05:00+00:00\" \/>\n<meta name=\"author\" content=\"Telinha\" \/>\n<meta name=\"twitter:card\" content=\"summary_large_image\" \/>\n<meta name=\"twitter:label1\" content=\"Escrito por\" \/>\n\t<meta name=\"twitter:data1\" content=\"Telinha\" \/>\n\t<meta name=\"twitter:label2\" content=\"Tempo estimado de leitura\" \/>\n\t<meta name=\"twitter:data2\" content=\"1 minuto\" \/>\n<script type=\"application\/ld+json\" class=\"yoast-schema-graph\">{\"@context\":\"https:\/\/schema.org\",\"@graph\":[{\"@type\":\"Article\",\"@id\":\"https:\/\/portaltela.pt\/noticias\/2026\/01\/25\/parque-metropolitano-da-biodiversidade-recebe-projeto-de-herbario-no-seixal\/#article\",\"isPartOf\":{\"@id\":\"https:\/\/portaltela.pt\/noticias\/2026\/01\/25\/parque-metropolitano-da-biodiversidade-recebe-projeto-de-herbario-no-seixal\/\"},\"author\":{\"name\":\"Telinha\",\"@id\":\"https:\/\/portaltela.pt\/#\/schema\/person\/c4278d4a6028830caff9ee44b42d32ed\"},\"headline\":\"Parque Metropolitano da Biodiversidade recebe projeto de herb\u00e1rio no Seixal\",\"datePublished\":\"2026-01-25T06:05:00+00:00\",\"mainEntityOfPage\":{\"@id\":\"https:\/\/portaltela.pt\/noticias\/2026\/01\/25\/parque-metropolitano-da-biodiversidade-recebe-projeto-de-herbario-no-seixal\/\"},\"wordCount\":198,\"image\":{\"@id\":\"https:\/\/portaltela.pt\/noticias\/2026\/01\/25\/parque-metropolitano-da-biodiversidade-recebe-projeto-de-herbario-no-seixal\/#primaryimage\"},\"thumbnailUrl\":\"https:\/\/portaltela.pt\/s.01k8rhncp4jt1\/2026\/01\/unnamed-file-5094.jpg\",\"keywords\":[\"biodiversidade\",\"Corroios\",\"educa\u00e7\u00e3o ambiental\",\"fam\u00edlias\",\"natureza\",\"Seixal\"],\"articleSection\":[\"Not\u00edcias\"],\"inLanguage\":\"pt-PT\"},{\"@type\":\"WebPage\",\"@id\":\"https:\/\/portaltela.pt\/noticias\/2026\/01\/25\/parque-metropolitano-da-biodiversidade-recebe-projeto-de-herbario-no-seixal\/\",\"url\":\"https:\/\/portaltela.pt\/noticias\/2026\/01\/25\/parque-metropolitano-da-biodiversidade-recebe-projeto-de-herbario-no-seixal\/\",\"name\":\"Parque Metropolitano da Biodiversidade recebe projeto de herb\u00e1rio no Seixal - Portal Tela Portugal\",\"isPartOf\":{\"@id\":\"https:\/\/portaltela.pt\/#website\"},\"primaryImageOfPage\":{\"@id\":\"https:\/\/portaltela.pt\/noticias\/2026\/01\/25\/parque-metropolitano-da-biodiversidade-recebe-projeto-de-herbario-no-seixal\/#primaryimage\"},\"image\":{\"@id\":\"https:\/\/portaltela.pt\/noticias\/2026\/01\/25\/parque-metropolitano-da-biodiversidade-recebe-projeto-de-herbario-no-seixal\/#primaryimage\"},\"thumbnailUrl\":\"https:\/\/portaltela.pt\/s.01k8rhncp4jt1\/2026\/01\/unnamed-file-5094.jpg\",\"datePublished\":\"2026-01-25T06:05:00+00:00\",\"author\":{\"@id\":\"https:\/\/portaltela.pt\/#\/schema\/person\/c4278d4a6028830caff9ee44b42d32ed\"},\"breadcrumb\":{\"@id\":\"https:\/\/portaltela.pt\/noticias\/2026\/01\/25\/parque-metropolitano-da-biodiversidade-recebe-projeto-de-herbario-no-seixal\/#breadcrumb\"},\"inLanguage\":\"pt-PT\",\"potentialAction\":[{\"@type\":\"ReadAction\",\"target\":[\"https:\/\/portaltela.pt\/noticias\/2026\/01\/25\/parque-metropolitano-da-biodiversidade-recebe-projeto-de-herbario-no-seixal\/\"]}]},{\"@type\":\"ImageObject\",\"inLanguage\":\"pt-PT\",\"@id\":\"https:\/\/portaltela.pt\/noticias\/2026\/01\/25\/parque-metropolitano-da-biodiversidade-recebe-projeto-de-herbario-no-seixal\/#primaryimage\",\"url\":\"https:\/\/portaltela.pt\/s.01k8rhncp4jt1\/2026\/01\/unnamed-file-5094.jpg\",\"contentUrl\":\"https:\/\/portaltela.pt\/s.01k8rhncp4jt1\/2026\/01\/unnamed-file-5094.jpg\",\"width\":796,\"height\":448,\"caption\":\"Parque Metropolitano da Biodiversidade recebe iniciativa para criar herb\u00e1rio no Seixal\"},{\"@type\":\"BreadcrumbList\",\"@id\":\"https:\/\/portaltela.pt\/noticias\/2026\/01\/25\/parque-metropolitano-da-biodiversidade-recebe-projeto-de-herbario-no-seixal\/#breadcrumb\",\"itemListElement\":[{\"@type\":\"ListItem\",\"position\":1,\"name\":\"In\u00edcio\",\"item\":\"https:\/\/portaltela.pt\/\"},{\"@type\":\"ListItem\",\"position\":2,\"name\":\"Parque Metropolitano da Biodiversidade recebe projeto de herb\u00e1rio no Seixal\"}]},{\"@type\":\"WebSite\",\"@id\":\"https:\/\/portaltela.pt\/#website\",\"url\":\"https:\/\/portaltela.pt\/\",\"name\":\"Portal Tela Portugal\",\"description\":\"\",\"potentialAction\":[{\"@type\":\"SearchAction\",\"target\":{\"@type\":\"EntryPoint\",\"urlTemplate\":\"https:\/\/portaltela.pt\/?s={search_term_string}\"},\"query-input\":{\"@type\":\"PropertyValueSpecification\",\"valueRequired\":true,\"valueName\":\"search_term_string\"}}],\"inLanguage\":\"pt-PT\"},{\"@type\":\"Person\",\"@id\":\"https:\/\/portaltela.pt\/#\/schema\/person\/c4278d4a6028830caff9ee44b42d32ed\",\"name\":\"Telinha\",\"image\":{\"@type\":\"ImageObject\",\"inLanguage\":\"pt-PT\",\"@id\":\"https:\/\/portaltela.pt\/s.01k8rhncp4jt1\/2025\/11\/talking-bot-125x125.png\",\"url\":\"https:\/\/portaltela.pt\/s.01k8rhncp4jt1\/2025\/11\/talking-bot-125x125.png\",\"contentUrl\":\"https:\/\/portaltela.pt\/s.01k8rhncp4jt1\/2025\/11\/talking-bot-125x125.png\",\"caption\":\"Telinha\"},\"sameAs\":[\"https:\/\/portaltela.pt\/\"],\"url\":\"https:\/\/portaltela.pt\/por\/367410592786\/\"}]}<\/script>\n<!-- \/ Yoast SEO plugin. -->","yoast_head_json":{"title":"Parque Metropolitano da Biodiversidade recebe projeto de herb\u00e1rio no Seixal - Portal Tela Portugal","robots":{"index":"index","follow":"follow","max-snippet":"max-snippet:-1","max-image-preview":"max-image-preview:large","max-video-preview":"max-video-preview:-1"},"og_locale":"pt_PT","og_type":"article","og_title":"Parque Metropolitano da Biodiversidade recebe projeto de herb\u00e1rio no Seixal - Portal Tela Portugal","og_description":"Parque Metropolitano da Biodiversidade, em Corroios, acolhe a atividade no s\u00e1bado, 7 de fevereiro de 2026, entre as 10h00 e as 12h00. A a\u00e7\u00e3o, intitulada \u201cUm Herb\u00e1rio do Parque Metropolitano da Biodiversidade\u201d, \u00e9 gratuita mas exige inscri\u00e7\u00e3o pr\u00e9via (m\u00ednimo 5, m\u00e1ximo 20 participantes). As inscri\u00e7\u00f5es decorrem entre 26 de janeiro e 6 de fevereiro, at\u00e9 \u00e0s 13h, via formul\u00e1rio online. O encontro realiza-se na Casa da Biodiversidade, dentro do parque, em parceria com a Associa\u00e7\u00e3o Vita Nativa. Recomenda-se levar \u00e1gua e vestir roupa e cal\u00e7ado confort\u00e1veis; contacto: gssi@cm-seixal.pt.","og_url":"https:\/\/portaltela.pt\/noticias\/2026\/01\/25\/parque-metropolitano-da-biodiversidade-recebe-projeto-de-herbario-no-seixal\/","og_site_name":"Portal Tela Portugal","article_published_time":"2026-01-25T06:05:00+00:00","author":"Telinha","twitter_card":"summary_large_image","twitter_misc":{"Escrito por":"Telinha","Tempo estimado de leitura":"1 minuto"},"schema":{"@context":"https:\/\/schema.org","@graph":[{"@type":"Article","@id":"https:\/\/portaltela.pt\/noticias\/2026\/01\/25\/parque-metropolitano-da-biodiversidade-recebe-projeto-de-herbario-no-seixal\/#article","isPartOf":{"@id":"https:\/\/portaltela.pt\/noticias\/2026\/01\/25\/parque-metropolitano-da-biodiversidade-recebe-projeto-de-herbario-no-seixal\/"},"author":{"name":"Telinha","@id":"https:\/\/portaltela.pt\/#\/schema\/person\/c4278d4a6028830caff9ee44b42d32ed"},"headline":"Parque Metropolitano da Biodiversidade recebe projeto de herb\u00e1rio no Seixal","datePublished":"2026-01-25T06:05:00+00:00","mainEntityOfPage":{"@id":"https:\/\/portaltela.pt\/noticias\/2026\/01\/25\/parque-metropolitano-da-biodiversidade-recebe-projeto-de-herbario-no-seixal\/"},"wordCount":198,"image":{"@id":"https:\/\/portaltela.pt\/noticias\/2026\/01\/25\/parque-metropolitano-da-biodiversidade-recebe-projeto-de-herbario-no-seixal\/#primaryimage"},"thumbnailUrl":"https:\/\/portaltela.pt\/s.01k8rhncp4jt1\/2026\/01\/unnamed-file-5094.jpg","keywords":["biodiversidade","Corroios","educa\u00e7\u00e3o ambiental","fam\u00edlias","natureza","Seixal"],"articleSection":["Not\u00edcias"],"inLanguage":"pt-PT"},{"@type":"WebPage","@id":"https:\/\/portaltela.pt\/noticias\/2026\/01\/25\/parque-metropolitano-da-biodiversidade-recebe-projeto-de-herbario-no-seixal\/","url":"https:\/\/portaltela.pt\/noticias\/2026\/01\/25\/parque-metropolitano-da-biodiversidade-recebe-projeto-de-herbario-no-seixal\/","name":"Parque Metropolitano da Biodiversidade recebe projeto de herb\u00e1rio no Seixal - Portal Tela Portugal","isPartOf":{"@id":"https:\/\/portaltela.pt\/#website"},"primaryImageOfPage":{"@id":"https:\/\/portaltela.pt\/noticias\/2026\/01\/25\/parque-metropolitano-da-biodiversidade-recebe-projeto-de-herbario-no-seixal\/#primaryimage"},"image":{"@id":"https:\/\/portaltela.pt\/noticias\/2026\/01\/25\/parque-metropolitano-da-biodiversidade-recebe-projeto-de-herbario-no-seixal\/#primaryimage"},"thumbnailUrl":"https:\/\/portaltela.pt\/s.01k8rhncp4jt1\/2026\/01\/unnamed-file-5094.jpg","datePublished":"2026-01-25T06:05:00+00:00","author":{"@id":"https:\/\/portaltela.pt\/#\/schema\/person\/c4278d4a6028830caff9ee44b42d32ed"},"breadcrumb":{"@id":"https:\/\/portaltela.pt\/noticias\/2026\/01\/25\/parque-metropolitano-da-biodiversidade-recebe-projeto-de-herbario-no-seixal\/#breadcrumb"},"inLanguage":"pt-PT","potentialAction":[{"@type":"ReadAction","target":["https:\/\/portaltela.pt\/noticias\/2026\/01\/25\/parque-metropolitano-da-biodiversidade-recebe-projeto-de-herbario-no-seixal\/"]}]},{"@type":"ImageObject","inLanguage":"pt-PT","@id":"https:\/\/portaltela.pt\/noticias\/2026\/01\/25\/parque-metropolitano-da-biodiversidade-recebe-projeto-de-herbario-no-seixal\/#primaryimage","url":"https:\/\/portaltela.pt\/s.01k8rhncp4jt1\/2026\/01\/unnamed-file-5094.jpg","contentUrl":"https:\/\/portaltela.pt\/s.01k8rhncp4jt1\/2026\/01\/unnamed-file-5094.jpg","width":796,"height":448,"caption":"Parque Metropolitano da Biodiversidade recebe iniciativa para criar herb\u00e1rio no Seixal"},{"@type":"BreadcrumbList","@id":"https:\/\/portaltela.pt\/noticias\/2026\/01\/25\/parque-metropolitano-da-biodiversidade-recebe-projeto-de-herbario-no-seixal\/#breadcrumb","itemListElement":[{"@type":"ListItem","position":1,"name":"In\u00edcio","item":"https:\/\/portaltela.pt\/"},{"@type":"ListItem","position":2,"name":"Parque Metropolitano da Biodiversidade recebe projeto de herb\u00e1rio no Seixal"}]},{"@type":"WebSite","@id":"https:\/\/portaltela.pt\/#website","url":"https:\/\/portaltela.pt\/","name":"Portal Tela Portugal","description":"","potentialAction":[{"@type":"SearchAction","target":{"@type":"EntryPoint","urlTemplate":"https:\/\/portaltela.pt\/?s={search_term_string}"},"query-input":{"@type":"PropertyValueSpecification","valueRequired":true,"valueName":"search_term_string"}}],"inLanguage":"pt-PT"},{"@type":"Person","@id":"https:\/\/portaltela.pt\/#\/schema\/person\/c4278d4a6028830caff9ee44b42d32ed","name":"Telinha","image":{"@type":"ImageObject","inLanguage":"pt-PT","@id":"https:\/\/portaltela.pt\/s.01k8rhncp4jt1\/2025\/11\/talking-bot-125x125.png","url":"https:\/\/portaltela.pt\/s.01k8rhncp4jt1\/2025\/11\/talking-bot-125x125.png","contentUrl":"https:\/\/portaltela.pt\/s.01k8rhncp4jt1\/2025\/11\/talking-bot-125x125.png","caption":"Telinha"},"sameAs":["https:\/\/portaltela.pt\/"],"url":"https:\/\/portaltela.pt\/por\/367410592786\/"}]}},"_links":{"self":[{"href":"https:\/\/portaltela.pt\/api\/wp\/v2\/posts\/171347","targetHints":{"allow":["GET"]}}],"collection":[{"href":"https:\/\/portaltela.pt\/api\/wp\/v2\/posts"}],"about":[{"href":"https:\/\/portaltela.pt\/api\/wp\/v2\/types\/post"}],"author":[{"embeddable":true,"href":"https:\/\/portaltela.pt\/api\/wp\/v2\/users\/2"}],"replies":[{"embeddable":true,"href":"https:\/\/portaltela.pt\/api\/wp\/v2\/comments?post=171347"}],"version-history":[{"count":0,"href":"https:\/\/portaltela.pt\/api\/wp\/v2\/posts\/171347\/revisions"}],"wp:featuredmedia":[{"embeddable":true,"href":"https:\/\/portaltela.pt\/api\/wp\/v2\/media\/171350"}],"wp:attachment":[{"href":"https:\/\/portaltela.pt\/api\/wp\/v2\/media?parent=171347"}],"wp:term":[{"taxonomy":"category","embeddable":true,"href":"https:\/\/portaltela.pt\/api\/wp\/v2\/categories?post=171347"},{"taxonomy":"post_tag","embeddable":true,"href":"https:\/\/portaltela.pt\/api\/wp\/v2\/tags?post=171347"}],"curies":[{"name":"wp","href":"https:\/\/api.w.org\/{rel}","templated":true}]}}