{"id":171334,"date":"2026-01-25T02:00:00","date_gmt":"2026-01-25T05:00:00","guid":{"rendered":"https:\/\/portaltela.pt\/noticias\/2026\/01\/25\/portugal-prepara-a-reserva-natural-marinha-d-carlos-entre-as-maiores-da-ue\/"},"modified":"2026-01-25T02:00:00","modified_gmt":"2026-01-25T05:00:00","slug":"portugal-prepara-a-reserva-natural-marinha-d-carlos-entre-as-maiores-da-ue","status":"publish","type":"post","link":"https:\/\/portaltela.pt\/noticias\/2026\/01\/25\/portugal-prepara-a-reserva-natural-marinha-d-carlos-entre-as-maiores-da-ue\/","title":{"rendered":"Portugal prepara a Reserva Natural Marinha D. Carlos, entre as maiores da UE"},"content":{"rendered":"<p>Portugal abriu uma consulta p\u00fablica para a cria\u00e7\u00e3o da Reserva Natural Marinha D. Carlos, uma \u00e1rea estimada em 173 mil km\u00b2 no Atl\u00e2ntico Nordeste, entre Madeira e Alentejo. O objetivo \u00e9 refor\u00e7ar a prote\u00e7\u00e3o de montes e bancos submarinos de elevada produtividade biol\u00f3gica e valor ecol\u00f3gico.<\/p>\n<p>A consulta decorre no portal Participa.pt at\u00e9 6 de mar\u00e7o de 2026. A proposta inclui zonas de habitats cr\u00edticos para esp\u00e9cies vulner\u00e1veis, migrat\u00f3rias e para ecossistemas de profundidade pouco estudados, com impactos na gest\u00e3o da biodiversidade marinha.<\/p>\n<p>A designa\u00e7\u00e3o aproxima Portugal da meta de proteger 25% da sua \u00e1rea marinha, avan\u00e7ando para os 30% estabelecidos no \u00e2mbito internacional para 2030. A evolu\u00e7\u00e3o est\u00e1 alinhada com o Quadro Global da Biodiversidade Kunming\u2013Montreal.<\/p>\n<h3>Refor\u00e7o de prote\u00e7\u00e3o no Banco de Gorringe<\/h3>\n<p>O processo prev\u00ea tamb\u00e9m aprofundar a prote\u00e7\u00e3o do Banco de Gorringe, com a classifica\u00e7\u00e3o para Zona Especial de Conserva\u00e7\u00e3o. O Plano de Gest\u00e3o encontra-se em consulta p\u00fablica, com medidas para melhorar o estado ecol\u00f3gico e reduzir press\u00f5es sobre recursos marinhos.<\/p>\n<h3>Atividades pesqueiras e sustentabilidade<\/h3>\n<p>O regime de prote\u00e7\u00e3o da futura reserva mant\u00e9m a atividade pesqueira artesanal, descrita como seletiva e de baixo impacto. Estas pr\u00e1ticas tradicionais ser\u00e3o enquadradas para preservar a biodiversidade enquanto asseguram a sustentabilidade das comunidades costeiras.<\/p>\n<h3>Investimento sustent\u00e1vel e legado cient\u00edfico<\/h3>\n<p>A iniciativa \u00e9 apresentada como oportunidade para atrair investimento em investiga\u00e7\u00e3o, monitoriza\u00e7\u00e3o ambiental e valoriza\u00e7\u00e3o dos servi\u00e7os ecossist\u00e9micos. A designa\u00e7\u00e3o homenageia o Rei D. Carlos, pioneiro da oceanografia em Portugal entre 1896 e 1904.<\/p>\n<h3>Base cient\u00edfica e participa\u00e7\u00e3o p\u00fablica<\/h3>\n<p>A proposta baseia-se no conhecimento cient\u00edfico dispon\u00edvel, resultante de campanhas oceanogr\u00e1ficas nacionais e internacionais. Dados foram recolhidos por institui\u00e7\u00f5es p\u00fablicas e privadas, universidades e centros de investiga\u00e7\u00e3o.<\/p>\n","protected":false},"excerpt":{"rendered":"<ul>\n<li>Portugal abriu consulta p\u00fablica para criar a Reserva Natural Marinha D. Carlos, com cerca de 173 mil quil\u00f3metros quadrados, entre a Madeira e o Alentejo, at\u00e9 6 de mar\u00e7o de 2026.<\/li>\n<li>A \u00e1rea inclui montes e bancos submarinos de elevada produtividade biol\u00f3gica, habitats cr\u00edticos para a biodiversidade marinha e esp\u00e9cies vulner\u00e1veis.<\/li>\n<li>A designa\u00e7\u00e3o faz Portugal chegar a 25 por cento da sua \u00e1rea marinha sob prote\u00e7\u00e3o, aproximando-se da meta de 30 por cento at\u00e9 2030.<\/li>\n<li>O processo inclui o refor\u00e7o da prote\u00e7\u00e3o do Banco de Gorringe, com o Plano de Gest\u00e3o em consulta p\u00fablica para melhorar o estado ecol\u00f3gico e reduzir as press\u00f5es sobre os recursos marinhos.<\/li>\n<li>A reserva \u00e9 apresentada tamb\u00e9m como oportunidade para investimento sustent\u00e1vel em investiga\u00e7\u00e3o, monitoriza\u00e7\u00e3o ambiental e valoriza\u00e7\u00e3o dos servi\u00e7os dos ecossistemas marinhos, em homenagem ao Rei D. Carlos.<\/li>\n<\/ul>\n","protected":false},"author":2,"featured_media":171339,"comment_status":"closed","ping_status":"closed","sticky":false,"template":"","format":"standard","meta":{"footnotes":""},"categories":[1],"tags":[1701,1002,159,45,811],"class_list":["post-171334","post","type-post","status-publish","format-standard","has-post-thumbnail","hentry","category-noticias","tag-biodiversidade","tag-conservacao-da-natureza-e-da-biodiversidade-incluindo-especies-prioritarias-e-vigilancia-ambiental","tag-investigacao-cientifica","tag-meio-ambiente","tag-protecao-ambiental"],"yoast_head":"<!-- This site is optimized with the Yoast SEO plugin v27.2 - https:\/\/yoast.com\/product\/yoast-seo-wordpress\/ -->\n<title>Portugal prepara a Reserva Natural Marinha D. Carlos, entre as maiores da UE - Portal Tela Portugal<\/title>\n<meta name=\"robots\" content=\"index, follow, max-snippet:-1, max-image-preview:large, max-video-preview:-1\" \/>\n<meta property=\"og:locale\" content=\"pt_PT\" \/>\n<meta property=\"og:type\" content=\"article\" \/>\n<meta property=\"og:title\" content=\"Portugal prepara a Reserva Natural Marinha D. Carlos, entre as maiores da UE - Portal Tela Portugal\" \/>\n<meta property=\"og:description\" content=\"Portugal abriu consulta p\u00fablica para criar a Reserva Natural Marinha D. Carlos, com cerca de 173 mil quil\u00f3metros quadrados, entre a Madeira e o Alentejo, at\u00e9 6 de mar\u00e7o de 2026. A \u00e1rea inclui montes e bancos submarinos de elevada produtividade biol\u00f3gica, habitats cr\u00edticos para a biodiversidade marinha e esp\u00e9cies vulner\u00e1veis. A designa\u00e7\u00e3o faz Portugal chegar a 25 por cento da sua \u00e1rea marinha sob prote\u00e7\u00e3o, aproximando-se da meta de 30 por cento at\u00e9 2030. O processo inclui o refor\u00e7o da prote\u00e7\u00e3o do Banco de Gorringe, com o Plano de Gest\u00e3o em consulta p\u00fablica para melhorar o estado ecol\u00f3gico e reduzir as press\u00f5es sobre os recursos marinhos. A reserva \u00e9 apresentada tamb\u00e9m como oportunidade para investimento sustent\u00e1vel em investiga\u00e7\u00e3o, monitoriza\u00e7\u00e3o ambiental e valoriza\u00e7\u00e3o dos servi\u00e7os dos ecossistemas marinhos, em homenagem ao Rei D. Carlos.\" \/>\n<meta property=\"og:url\" content=\"https:\/\/portaltela.pt\/noticias\/2026\/01\/25\/portugal-prepara-a-reserva-natural-marinha-d-carlos-entre-as-maiores-da-ue\/\" \/>\n<meta property=\"og:site_name\" content=\"Portal Tela Portugal\" \/>\n<meta property=\"article:published_time\" content=\"2026-01-25T05:00:00+00:00\" \/>\n<meta name=\"author\" content=\"Telinha\" \/>\n<meta name=\"twitter:card\" content=\"summary_large_image\" \/>\n<meta name=\"twitter:label1\" content=\"Escrito por\" \/>\n\t<meta name=\"twitter:data1\" content=\"Telinha\" \/>\n\t<meta name=\"twitter:label2\" content=\"Tempo estimado de leitura\" \/>\n\t<meta name=\"twitter:data2\" content=\"2 minutos\" \/>\n<script type=\"application\/ld+json\" class=\"yoast-schema-graph\">{\"@context\":\"https:\/\/schema.org\",\"@graph\":[{\"@type\":\"Article\",\"@id\":\"https:\/\/portaltela.pt\/noticias\/2026\/01\/25\/portugal-prepara-a-reserva-natural-marinha-d-carlos-entre-as-maiores-da-ue\/#article\",\"isPartOf\":{\"@id\":\"https:\/\/portaltela.pt\/noticias\/2026\/01\/25\/portugal-prepara-a-reserva-natural-marinha-d-carlos-entre-as-maiores-da-ue\/\"},\"author\":{\"name\":\"Telinha\",\"@id\":\"https:\/\/portaltela.pt\/#\/schema\/person\/c4278d4a6028830caff9ee44b42d32ed\"},\"headline\":\"Portugal prepara a Reserva Natural Marinha D. Carlos, entre as maiores da UE\",\"datePublished\":\"2026-01-25T05:00:00+00:00\",\"mainEntityOfPage\":{\"@id\":\"https:\/\/portaltela.pt\/noticias\/2026\/01\/25\/portugal-prepara-a-reserva-natural-marinha-d-carlos-entre-as-maiores-da-ue\/\"},\"wordCount\":326,\"image\":{\"@id\":\"https:\/\/portaltela.pt\/noticias\/2026\/01\/25\/portugal-prepara-a-reserva-natural-marinha-d-carlos-entre-as-maiores-da-ue\/#primaryimage\"},\"thumbnailUrl\":\"https:\/\/portaltela.pt\/s.01k8rhncp4jt1\/2026\/01\/unnamed-file-5092.jpg\",\"keywords\":[\"biodiversidade\",\"conserva\u00e7\u00e3o da natureza e da biodiversidade, incluindo esp\u00e9cies priorit\u00e1rias e vigil\u00e2ncia ambiental\",\"investiga\u00e7\u00e3o cient\u00edfica\",\"meio-ambiente\",\"prote\u00e7\u00e3o ambiental\"],\"articleSection\":[\"Not\u00edcias\"],\"inLanguage\":\"pt-PT\"},{\"@type\":\"WebPage\",\"@id\":\"https:\/\/portaltela.pt\/noticias\/2026\/01\/25\/portugal-prepara-a-reserva-natural-marinha-d-carlos-entre-as-maiores-da-ue\/\",\"url\":\"https:\/\/portaltela.pt\/noticias\/2026\/01\/25\/portugal-prepara-a-reserva-natural-marinha-d-carlos-entre-as-maiores-da-ue\/\",\"name\":\"Portugal prepara a Reserva Natural Marinha D. Carlos, entre as maiores da UE - Portal Tela Portugal\",\"isPartOf\":{\"@id\":\"https:\/\/portaltela.pt\/#website\"},\"primaryImageOfPage\":{\"@id\":\"https:\/\/portaltela.pt\/noticias\/2026\/01\/25\/portugal-prepara-a-reserva-natural-marinha-d-carlos-entre-as-maiores-da-ue\/#primaryimage\"},\"image\":{\"@id\":\"https:\/\/portaltela.pt\/noticias\/2026\/01\/25\/portugal-prepara-a-reserva-natural-marinha-d-carlos-entre-as-maiores-da-ue\/#primaryimage\"},\"thumbnailUrl\":\"https:\/\/portaltela.pt\/s.01k8rhncp4jt1\/2026\/01\/unnamed-file-5092.jpg\",\"datePublished\":\"2026-01-25T05:00:00+00:00\",\"author\":{\"@id\":\"https:\/\/portaltela.pt\/#\/schema\/person\/c4278d4a6028830caff9ee44b42d32ed\"},\"breadcrumb\":{\"@id\":\"https:\/\/portaltela.pt\/noticias\/2026\/01\/25\/portugal-prepara-a-reserva-natural-marinha-d-carlos-entre-as-maiores-da-ue\/#breadcrumb\"},\"inLanguage\":\"pt-PT\",\"potentialAction\":[{\"@type\":\"ReadAction\",\"target\":[\"https:\/\/portaltela.pt\/noticias\/2026\/01\/25\/portugal-prepara-a-reserva-natural-marinha-d-carlos-entre-as-maiores-da-ue\/\"]}]},{\"@type\":\"ImageObject\",\"inLanguage\":\"pt-PT\",\"@id\":\"https:\/\/portaltela.pt\/noticias\/2026\/01\/25\/portugal-prepara-a-reserva-natural-marinha-d-carlos-entre-as-maiores-da-ue\/#primaryimage\",\"url\":\"https:\/\/portaltela.pt\/s.01k8rhncp4jt1\/2026\/01\/unnamed-file-5092.jpg\",\"contentUrl\":\"https:\/\/portaltela.pt\/s.01k8rhncp4jt1\/2026\/01\/unnamed-file-5092.jpg\",\"width\":796,\"height\":448,\"caption\":\"Portugal prepara cria\u00e7\u00e3o da Reserva Natural Marinha D. Carlos, uma das maiores da Uni\u00e3o Europeia\"},{\"@type\":\"BreadcrumbList\",\"@id\":\"https:\/\/portaltela.pt\/noticias\/2026\/01\/25\/portugal-prepara-a-reserva-natural-marinha-d-carlos-entre-as-maiores-da-ue\/#breadcrumb\",\"itemListElement\":[{\"@type\":\"ListItem\",\"position\":1,\"name\":\"In\u00edcio\",\"item\":\"https:\/\/portaltela.pt\/\"},{\"@type\":\"ListItem\",\"position\":2,\"name\":\"Portugal prepara a Reserva Natural Marinha D. Carlos, entre as maiores da UE\"}]},{\"@type\":\"WebSite\",\"@id\":\"https:\/\/portaltela.pt\/#website\",\"url\":\"https:\/\/portaltela.pt\/\",\"name\":\"Portal Tela Portugal\",\"description\":\"\",\"potentialAction\":[{\"@type\":\"SearchAction\",\"target\":{\"@type\":\"EntryPoint\",\"urlTemplate\":\"https:\/\/portaltela.pt\/?s={search_term_string}\"},\"query-input\":{\"@type\":\"PropertyValueSpecification\",\"valueRequired\":true,\"valueName\":\"search_term_string\"}}],\"inLanguage\":\"pt-PT\"},{\"@type\":\"Person\",\"@id\":\"https:\/\/portaltela.pt\/#\/schema\/person\/c4278d4a6028830caff9ee44b42d32ed\",\"name\":\"Telinha\",\"image\":{\"@type\":\"ImageObject\",\"inLanguage\":\"pt-PT\",\"@id\":\"https:\/\/portaltela.pt\/s.01k8rhncp4jt1\/2025\/11\/talking-bot-125x125.png\",\"url\":\"https:\/\/portaltela.pt\/s.01k8rhncp4jt1\/2025\/11\/talking-bot-125x125.png\",\"contentUrl\":\"https:\/\/portaltela.pt\/s.01k8rhncp4jt1\/2025\/11\/talking-bot-125x125.png\",\"caption\":\"Telinha\"},\"sameAs\":[\"https:\/\/portaltela.pt\/\"],\"url\":\"https:\/\/portaltela.pt\/por\/367410592786\/\"}]}<\/script>\n<!-- \/ Yoast SEO plugin. -->","yoast_head_json":{"title":"Portugal prepara a Reserva Natural Marinha D. Carlos, entre as maiores da UE - Portal Tela Portugal","robots":{"index":"index","follow":"follow","max-snippet":"max-snippet:-1","max-image-preview":"max-image-preview:large","max-video-preview":"max-video-preview:-1"},"og_locale":"pt_PT","og_type":"article","og_title":"Portugal prepara a Reserva Natural Marinha D. Carlos, entre as maiores da UE - Portal Tela Portugal","og_description":"Portugal abriu consulta p\u00fablica para criar a Reserva Natural Marinha D. Carlos, com cerca de 173 mil quil\u00f3metros quadrados, entre a Madeira e o Alentejo, at\u00e9 6 de mar\u00e7o de 2026. A \u00e1rea inclui montes e bancos submarinos de elevada produtividade biol\u00f3gica, habitats cr\u00edticos para a biodiversidade marinha e esp\u00e9cies vulner\u00e1veis. A designa\u00e7\u00e3o faz Portugal chegar a 25 por cento da sua \u00e1rea marinha sob prote\u00e7\u00e3o, aproximando-se da meta de 30 por cento at\u00e9 2030. O processo inclui o refor\u00e7o da prote\u00e7\u00e3o do Banco de Gorringe, com o Plano de Gest\u00e3o em consulta p\u00fablica para melhorar o estado ecol\u00f3gico e reduzir as press\u00f5es sobre os recursos marinhos. A reserva \u00e9 apresentada tamb\u00e9m como oportunidade para investimento sustent\u00e1vel em investiga\u00e7\u00e3o, monitoriza\u00e7\u00e3o ambiental e valoriza\u00e7\u00e3o dos servi\u00e7os dos ecossistemas marinhos, em homenagem ao Rei D. Carlos.","og_url":"https:\/\/portaltela.pt\/noticias\/2026\/01\/25\/portugal-prepara-a-reserva-natural-marinha-d-carlos-entre-as-maiores-da-ue\/","og_site_name":"Portal Tela Portugal","article_published_time":"2026-01-25T05:00:00+00:00","author":"Telinha","twitter_card":"summary_large_image","twitter_misc":{"Escrito por":"Telinha","Tempo estimado de leitura":"2 minutos"},"schema":{"@context":"https:\/\/schema.org","@graph":[{"@type":"Article","@id":"https:\/\/portaltela.pt\/noticias\/2026\/01\/25\/portugal-prepara-a-reserva-natural-marinha-d-carlos-entre-as-maiores-da-ue\/#article","isPartOf":{"@id":"https:\/\/portaltela.pt\/noticias\/2026\/01\/25\/portugal-prepara-a-reserva-natural-marinha-d-carlos-entre-as-maiores-da-ue\/"},"author":{"name":"Telinha","@id":"https:\/\/portaltela.pt\/#\/schema\/person\/c4278d4a6028830caff9ee44b42d32ed"},"headline":"Portugal prepara a Reserva Natural Marinha D. Carlos, entre as maiores da UE","datePublished":"2026-01-25T05:00:00+00:00","mainEntityOfPage":{"@id":"https:\/\/portaltela.pt\/noticias\/2026\/01\/25\/portugal-prepara-a-reserva-natural-marinha-d-carlos-entre-as-maiores-da-ue\/"},"wordCount":326,"image":{"@id":"https:\/\/portaltela.pt\/noticias\/2026\/01\/25\/portugal-prepara-a-reserva-natural-marinha-d-carlos-entre-as-maiores-da-ue\/#primaryimage"},"thumbnailUrl":"https:\/\/portaltela.pt\/s.01k8rhncp4jt1\/2026\/01\/unnamed-file-5092.jpg","keywords":["biodiversidade","conserva\u00e7\u00e3o da natureza e da biodiversidade, incluindo esp\u00e9cies priorit\u00e1rias e vigil\u00e2ncia ambiental","investiga\u00e7\u00e3o cient\u00edfica","meio-ambiente","prote\u00e7\u00e3o ambiental"],"articleSection":["Not\u00edcias"],"inLanguage":"pt-PT"},{"@type":"WebPage","@id":"https:\/\/portaltela.pt\/noticias\/2026\/01\/25\/portugal-prepara-a-reserva-natural-marinha-d-carlos-entre-as-maiores-da-ue\/","url":"https:\/\/portaltela.pt\/noticias\/2026\/01\/25\/portugal-prepara-a-reserva-natural-marinha-d-carlos-entre-as-maiores-da-ue\/","name":"Portugal prepara a Reserva Natural Marinha D. Carlos, entre as maiores da UE - Portal Tela Portugal","isPartOf":{"@id":"https:\/\/portaltela.pt\/#website"},"primaryImageOfPage":{"@id":"https:\/\/portaltela.pt\/noticias\/2026\/01\/25\/portugal-prepara-a-reserva-natural-marinha-d-carlos-entre-as-maiores-da-ue\/#primaryimage"},"image":{"@id":"https:\/\/portaltela.pt\/noticias\/2026\/01\/25\/portugal-prepara-a-reserva-natural-marinha-d-carlos-entre-as-maiores-da-ue\/#primaryimage"},"thumbnailUrl":"https:\/\/portaltela.pt\/s.01k8rhncp4jt1\/2026\/01\/unnamed-file-5092.jpg","datePublished":"2026-01-25T05:00:00+00:00","author":{"@id":"https:\/\/portaltela.pt\/#\/schema\/person\/c4278d4a6028830caff9ee44b42d32ed"},"breadcrumb":{"@id":"https:\/\/portaltela.pt\/noticias\/2026\/01\/25\/portugal-prepara-a-reserva-natural-marinha-d-carlos-entre-as-maiores-da-ue\/#breadcrumb"},"inLanguage":"pt-PT","potentialAction":[{"@type":"ReadAction","target":["https:\/\/portaltela.pt\/noticias\/2026\/01\/25\/portugal-prepara-a-reserva-natural-marinha-d-carlos-entre-as-maiores-da-ue\/"]}]},{"@type":"ImageObject","inLanguage":"pt-PT","@id":"https:\/\/portaltela.pt\/noticias\/2026\/01\/25\/portugal-prepara-a-reserva-natural-marinha-d-carlos-entre-as-maiores-da-ue\/#primaryimage","url":"https:\/\/portaltela.pt\/s.01k8rhncp4jt1\/2026\/01\/unnamed-file-5092.jpg","contentUrl":"https:\/\/portaltela.pt\/s.01k8rhncp4jt1\/2026\/01\/unnamed-file-5092.jpg","width":796,"height":448,"caption":"Portugal prepara cria\u00e7\u00e3o da Reserva Natural Marinha D. Carlos, uma das maiores da Uni\u00e3o Europeia"},{"@type":"BreadcrumbList","@id":"https:\/\/portaltela.pt\/noticias\/2026\/01\/25\/portugal-prepara-a-reserva-natural-marinha-d-carlos-entre-as-maiores-da-ue\/#breadcrumb","itemListElement":[{"@type":"ListItem","position":1,"name":"In\u00edcio","item":"https:\/\/portaltela.pt\/"},{"@type":"ListItem","position":2,"name":"Portugal prepara a Reserva Natural Marinha D. Carlos, entre as maiores da UE"}]},{"@type":"WebSite","@id":"https:\/\/portaltela.pt\/#website","url":"https:\/\/portaltela.pt\/","name":"Portal Tela Portugal","description":"","potentialAction":[{"@type":"SearchAction","target":{"@type":"EntryPoint","urlTemplate":"https:\/\/portaltela.pt\/?s={search_term_string}"},"query-input":{"@type":"PropertyValueSpecification","valueRequired":true,"valueName":"search_term_string"}}],"inLanguage":"pt-PT"},{"@type":"Person","@id":"https:\/\/portaltela.pt\/#\/schema\/person\/c4278d4a6028830caff9ee44b42d32ed","name":"Telinha","image":{"@type":"ImageObject","inLanguage":"pt-PT","@id":"https:\/\/portaltela.pt\/s.01k8rhncp4jt1\/2025\/11\/talking-bot-125x125.png","url":"https:\/\/portaltela.pt\/s.01k8rhncp4jt1\/2025\/11\/talking-bot-125x125.png","contentUrl":"https:\/\/portaltela.pt\/s.01k8rhncp4jt1\/2025\/11\/talking-bot-125x125.png","caption":"Telinha"},"sameAs":["https:\/\/portaltela.pt\/"],"url":"https:\/\/portaltela.pt\/por\/367410592786\/"}]}},"_links":{"self":[{"href":"https:\/\/portaltela.pt\/api\/wp\/v2\/posts\/171334","targetHints":{"allow":["GET"]}}],"collection":[{"href":"https:\/\/portaltela.pt\/api\/wp\/v2\/posts"}],"about":[{"href":"https:\/\/portaltela.pt\/api\/wp\/v2\/types\/post"}],"author":[{"embeddable":true,"href":"https:\/\/portaltela.pt\/api\/wp\/v2\/users\/2"}],"replies":[{"embeddable":true,"href":"https:\/\/portaltela.pt\/api\/wp\/v2\/comments?post=171334"}],"version-history":[{"count":0,"href":"https:\/\/portaltela.pt\/api\/wp\/v2\/posts\/171334\/revisions"}],"wp:featuredmedia":[{"embeddable":true,"href":"https:\/\/portaltela.pt\/api\/wp\/v2\/media\/171339"}],"wp:attachment":[{"href":"https:\/\/portaltela.pt\/api\/wp\/v2\/media?parent=171334"}],"wp:term":[{"taxonomy":"category","embeddable":true,"href":"https:\/\/portaltela.pt\/api\/wp\/v2\/categories?post=171334"},{"taxonomy":"post_tag","embeddable":true,"href":"https:\/\/portaltela.pt\/api\/wp\/v2\/tags?post=171334"}],"curies":[{"name":"wp","href":"https:\/\/api.w.org\/{rel}","templated":true}]}}