{"id":171319,"date":"2026-01-25T01:36:27","date_gmt":"2026-01-25T04:36:27","guid":{"rendered":"https:\/\/portaltela.pt\/noticias\/2026\/01\/25\/pampilhosa-coordena-polo-do-pinhal-interior-na-maior-estacao-nautica-de-portugal\/"},"modified":"2026-01-25T01:36:27","modified_gmt":"2026-01-25T04:36:27","slug":"pampilhosa-coordena-polo-do-pinhal-interior-na-maior-estacao-nautica-de-portugal","status":"publish","type":"post","link":"https:\/\/portaltela.pt\/noticias\/2026\/01\/25\/pampilhosa-coordena-polo-do-pinhal-interior-na-maior-estacao-nautica-de-portugal\/","title":{"rendered":"Pampilhosa coordena polo do Pinhal Interior na maior Esta\u00e7\u00e3o N\u00e1utica de Portugal"},"content":{"rendered":"<p>Pampilhosa da Serra vai coordenar o polo do Pinhal Interior da maior Esta\u00e7\u00e3o N\u00e1utica de Portugal, reunindo 19 munic\u00edpios e uma rede de 132 parceiros. A certifica\u00e7\u00e3o da Esta\u00e7\u00e3o N\u00e1utica da Regi\u00e3o de Coimbra decorreu ontem, 8 de janeiro, na Praia Fluvial do Vimieiro, em Penacova, com a presen\u00e7a do vereador Nuno Almeida, em representa\u00e7\u00e3o do munic\u00edpio.<\/p>\n<p>A iniciativa estrutura-se em tr\u00eas polos estrat\u00e9gicos \u2014 Costa Atl\u00e2ntica, Pinhal Interior e Aguieira-Mondego \u2014 integrando Entidade Regional de Turismo Centro de Portugal, escolas, associa\u00e7\u00f5es e operadores tur\u00edsticos. A Esta\u00e7\u00e3o N\u00e1utica aposta num modelo de desenvolvimento baseado numa governan\u00e7a polinucleada.<\/p>\n<p>A organiza\u00e7\u00e3o operacional divide-se em tr\u00eas polos: Costa Atl\u00e2ntica (Figueira da Foz, Cantanhede e Mira); Mondego \u2013 Aguieira (Mort\u00e1gua, Coimbra, Condeixa, Mealhada, Montemor-o-Velho, Penacova, Soure e T\u00e1bua); e Pinhal Interior (Pampilhosa da Serra, Arganil, G\u00f3is, Lous\u00e3, Miranda do Corvo, Penela, Oliveira do Hospital e Vila Nova de Poiares).<\/p>\n<p>Com 70 praias e 37 piscinas descobertas, a Esta\u00e7\u00e3o N\u00e1utica pretende dinamizar uma nova ind\u00fastria tur\u00edstica na regi\u00e3o. A Esta\u00e7\u00e3o da Regi\u00e3o de Coimbra inicia agora a fase operacional, orientada para a promo\u00e7\u00e3o conjunta e qualifica\u00e7\u00e3o da experi\u00eancia tur\u00edstica, para visitantes nacionais e internacionais.<\/p>\n<p>As Esta\u00e7\u00f5es N\u00e1uticas integram uma rede nacional de oferta tur\u00edstica com certifica\u00e7\u00e3o de qualidade, incluindo atividades n\u00e1uticas, alojamento, restaura\u00e7\u00e3o e anima\u00e7\u00e3o tur\u00edstica. Surgiram no \u00e2mbito do projeto Portugal N\u00e1utico, desenvolvido pela AEP e pelo F\u00f3rum Oceano, para estruturar o turismo n\u00e1utico como vetor de desenvolvimento sustent\u00e1vel.<\/p>\n","protected":false},"excerpt":{"rendered":"<ul>\n<li>Pampilhosa da Serra recebe a coordena\u00e7\u00e3o do polo do Pinhal Interior da maior Esta\u00e7\u00e3o N\u00e1utica de Portugal, envolvendo dezenove munic\u00edpios e cento e trinta e duas entidades parceiras.<\/li>\n<li>Cerim\u00f3nia de certifica\u00e7\u00e3o realizou-se a oito de janeiro na Praia Fluvial do Vimieiro, em Penacova, com a presen\u00e7a do universo municipal representado pelo vereador Nuno Almeida.<\/li>\n<li>O projeto divide-se em tr\u00eas polos estrat\u00e9gicos: Costa Atl\u00e2ntica, Pinhal Interior e Aguieira-Mondego, integrando munic\u00edpios, entidades p\u00fablicas e privadas e operadores tur\u00edsticos.<\/li>\n<li>O polo do Pinhal Interior inclui Arganil, G\u00f3is, Lous\u00e3, Miranda do Corvo, Penela, Oliveira do Hospital e Vila Nova de Poiares.<\/li>\n<li>A Esta\u00e7\u00e3o N\u00e1utica pretende impulsionar uma nova ind\u00fastria tur\u00edstica regional, combinando praias, piscinas e servi\u00e7os complementares, com foco na promo\u00e7\u00e3o e qualifica\u00e7\u00e3o da experi\u00eancia tur\u00edstica.<\/li>\n<\/ul>\n","protected":false},"author":2,"featured_media":171320,"comment_status":"closed","ping_status":"closed","sticky":false,"template":"","format":"standard","meta":{"footnotes":""},"categories":[1],"tags":[1340,1070,2019,2077,169,3445],"class_list":["post-171319","post","type-post","status-publish","format-standard","has-post-thumbnail","hentry","category-noticias","tag-arganil","tag-coimbra","tag-gois","tag-penacova","tag-turismo","tag-turismo-sustentavel"],"yoast_head":"<!-- This site is optimized with the Yoast SEO plugin v27.2 - https:\/\/yoast.com\/product\/yoast-seo-wordpress\/ -->\n<title>Pampilhosa coordena polo do Pinhal Interior na maior Esta\u00e7\u00e3o N\u00e1utica de Portugal - Portal Tela Portugal<\/title>\n<meta name=\"robots\" content=\"index, follow, max-snippet:-1, max-image-preview:large, max-video-preview:-1\" \/>\n<meta property=\"og:locale\" content=\"pt_PT\" \/>\n<meta property=\"og:type\" content=\"article\" \/>\n<meta property=\"og:title\" content=\"Pampilhosa coordena polo do Pinhal Interior na maior Esta\u00e7\u00e3o N\u00e1utica de Portugal - Portal Tela Portugal\" \/>\n<meta property=\"og:description\" content=\"Pampilhosa da Serra recebe a coordena\u00e7\u00e3o do polo do Pinhal Interior da maior Esta\u00e7\u00e3o N\u00e1utica de Portugal, envolvendo dezenove munic\u00edpios e cento e trinta e duas entidades parceiras. Cerim\u00f3nia de certifica\u00e7\u00e3o realizou-se a oito de janeiro na Praia Fluvial do Vimieiro, em Penacova, com a presen\u00e7a do universo municipal representado pelo vereador Nuno Almeida. O projeto divide-se em tr\u00eas polos estrat\u00e9gicos: Costa Atl\u00e2ntica, Pinhal Interior e Aguieira-Mondego, integrando munic\u00edpios, entidades p\u00fablicas e privadas e operadores tur\u00edsticos. O polo do Pinhal Interior inclui Arganil, G\u00f3is, Lous\u00e3, Miranda do Corvo, Penela, Oliveira do Hospital e Vila Nova de Poiares. A Esta\u00e7\u00e3o N\u00e1utica pretende impulsionar uma nova ind\u00fastria tur\u00edstica regional, combinando praias, piscinas e servi\u00e7os complementares, com foco na promo\u00e7\u00e3o e qualifica\u00e7\u00e3o da experi\u00eancia tur\u00edstica.\" \/>\n<meta property=\"og:url\" content=\"https:\/\/portaltela.pt\/noticias\/2026\/01\/25\/pampilhosa-coordena-polo-do-pinhal-interior-na-maior-estacao-nautica-de-portugal\/\" \/>\n<meta property=\"og:site_name\" content=\"Portal Tela Portugal\" \/>\n<meta property=\"article:published_time\" content=\"2026-01-25T04:36:27+00:00\" \/>\n<meta name=\"author\" content=\"Telinha\" \/>\n<meta name=\"twitter:card\" content=\"summary_large_image\" \/>\n<meta name=\"twitter:label1\" content=\"Escrito por\" \/>\n\t<meta name=\"twitter:data1\" content=\"Telinha\" \/>\n\t<meta name=\"twitter:label2\" content=\"Tempo estimado de leitura\" \/>\n\t<meta name=\"twitter:data2\" content=\"1 minuto\" \/>\n<script type=\"application\/ld+json\" class=\"yoast-schema-graph\">{\"@context\":\"https:\/\/schema.org\",\"@graph\":[{\"@type\":\"Article\",\"@id\":\"https:\/\/portaltela.pt\/noticias\/2026\/01\/25\/pampilhosa-coordena-polo-do-pinhal-interior-na-maior-estacao-nautica-de-portugal\/#article\",\"isPartOf\":{\"@id\":\"https:\/\/portaltela.pt\/noticias\/2026\/01\/25\/pampilhosa-coordena-polo-do-pinhal-interior-na-maior-estacao-nautica-de-portugal\/\"},\"author\":{\"name\":\"Telinha\",\"@id\":\"https:\/\/portaltela.pt\/#\/schema\/person\/c4278d4a6028830caff9ee44b42d32ed\"},\"headline\":\"Pampilhosa coordena polo do Pinhal Interior na maior Esta\u00e7\u00e3o N\u00e1utica de Portugal\",\"datePublished\":\"2026-01-25T04:36:27+00:00\",\"mainEntityOfPage\":{\"@id\":\"https:\/\/portaltela.pt\/noticias\/2026\/01\/25\/pampilhosa-coordena-polo-do-pinhal-interior-na-maior-estacao-nautica-de-portugal\/\"},\"wordCount\":288,\"image\":{\"@id\":\"https:\/\/portaltela.pt\/noticias\/2026\/01\/25\/pampilhosa-coordena-polo-do-pinhal-interior-na-maior-estacao-nautica-de-portugal\/#primaryimage\"},\"thumbnailUrl\":\"https:\/\/portaltela.pt\/s.01k8rhncp4jt1\/2026\/01\/unnamed-file-5091.jpg\",\"keywords\":[\"Arganil\",\"Coimbra\",\"G\u00f3is\",\"Penacova\",\"turismo\",\"Turismo Sustent\u00e1vel\"],\"articleSection\":[\"Not\u00edcias\"],\"inLanguage\":\"pt-PT\"},{\"@type\":\"WebPage\",\"@id\":\"https:\/\/portaltela.pt\/noticias\/2026\/01\/25\/pampilhosa-coordena-polo-do-pinhal-interior-na-maior-estacao-nautica-de-portugal\/\",\"url\":\"https:\/\/portaltela.pt\/noticias\/2026\/01\/25\/pampilhosa-coordena-polo-do-pinhal-interior-na-maior-estacao-nautica-de-portugal\/\",\"name\":\"Pampilhosa coordena polo do Pinhal Interior na maior Esta\u00e7\u00e3o N\u00e1utica de Portugal - Portal Tela Portugal\",\"isPartOf\":{\"@id\":\"https:\/\/portaltela.pt\/#website\"},\"primaryImageOfPage\":{\"@id\":\"https:\/\/portaltela.pt\/noticias\/2026\/01\/25\/pampilhosa-coordena-polo-do-pinhal-interior-na-maior-estacao-nautica-de-portugal\/#primaryimage\"},\"image\":{\"@id\":\"https:\/\/portaltela.pt\/noticias\/2026\/01\/25\/pampilhosa-coordena-polo-do-pinhal-interior-na-maior-estacao-nautica-de-portugal\/#primaryimage\"},\"thumbnailUrl\":\"https:\/\/portaltela.pt\/s.01k8rhncp4jt1\/2026\/01\/unnamed-file-5091.jpg\",\"datePublished\":\"2026-01-25T04:36:27+00:00\",\"author\":{\"@id\":\"https:\/\/portaltela.pt\/#\/schema\/person\/c4278d4a6028830caff9ee44b42d32ed\"},\"breadcrumb\":{\"@id\":\"https:\/\/portaltela.pt\/noticias\/2026\/01\/25\/pampilhosa-coordena-polo-do-pinhal-interior-na-maior-estacao-nautica-de-portugal\/#breadcrumb\"},\"inLanguage\":\"pt-PT\",\"potentialAction\":[{\"@type\":\"ReadAction\",\"target\":[\"https:\/\/portaltela.pt\/noticias\/2026\/01\/25\/pampilhosa-coordena-polo-do-pinhal-interior-na-maior-estacao-nautica-de-portugal\/\"]}]},{\"@type\":\"ImageObject\",\"inLanguage\":\"pt-PT\",\"@id\":\"https:\/\/portaltela.pt\/noticias\/2026\/01\/25\/pampilhosa-coordena-polo-do-pinhal-interior-na-maior-estacao-nautica-de-portugal\/#primaryimage\",\"url\":\"https:\/\/portaltela.pt\/s.01k8rhncp4jt1\/2026\/01\/unnamed-file-5091.jpg\",\"contentUrl\":\"https:\/\/portaltela.pt\/s.01k8rhncp4jt1\/2026\/01\/unnamed-file-5091.jpg\",\"width\":796,\"height\":448,\"caption\":\"CM Pampilhosa da Serra \/ Pampilhosa da Serra coordena polo do Pinhal Interior da maior Esta\u00e7\u00e3o N\u00e1utica de Portugal\"},{\"@type\":\"BreadcrumbList\",\"@id\":\"https:\/\/portaltela.pt\/noticias\/2026\/01\/25\/pampilhosa-coordena-polo-do-pinhal-interior-na-maior-estacao-nautica-de-portugal\/#breadcrumb\",\"itemListElement\":[{\"@type\":\"ListItem\",\"position\":1,\"name\":\"In\u00edcio\",\"item\":\"https:\/\/portaltela.pt\/\"},{\"@type\":\"ListItem\",\"position\":2,\"name\":\"Pampilhosa coordena polo do Pinhal Interior na maior Esta\u00e7\u00e3o N\u00e1utica de Portugal\"}]},{\"@type\":\"WebSite\",\"@id\":\"https:\/\/portaltela.pt\/#website\",\"url\":\"https:\/\/portaltela.pt\/\",\"name\":\"Portal Tela Portugal\",\"description\":\"\",\"potentialAction\":[{\"@type\":\"SearchAction\",\"target\":{\"@type\":\"EntryPoint\",\"urlTemplate\":\"https:\/\/portaltela.pt\/?s={search_term_string}\"},\"query-input\":{\"@type\":\"PropertyValueSpecification\",\"valueRequired\":true,\"valueName\":\"search_term_string\"}}],\"inLanguage\":\"pt-PT\"},{\"@type\":\"Person\",\"@id\":\"https:\/\/portaltela.pt\/#\/schema\/person\/c4278d4a6028830caff9ee44b42d32ed\",\"name\":\"Telinha\",\"image\":{\"@type\":\"ImageObject\",\"inLanguage\":\"pt-PT\",\"@id\":\"https:\/\/portaltela.pt\/s.01k8rhncp4jt1\/2025\/11\/talking-bot-125x125.png\",\"url\":\"https:\/\/portaltela.pt\/s.01k8rhncp4jt1\/2025\/11\/talking-bot-125x125.png\",\"contentUrl\":\"https:\/\/portaltela.pt\/s.01k8rhncp4jt1\/2025\/11\/talking-bot-125x125.png\",\"caption\":\"Telinha\"},\"sameAs\":[\"https:\/\/portaltela.pt\/\"],\"url\":\"https:\/\/portaltela.pt\/por\/367410592786\/\"}]}<\/script>\n<!-- \/ Yoast SEO plugin. -->","yoast_head_json":{"title":"Pampilhosa coordena polo do Pinhal Interior na maior Esta\u00e7\u00e3o N\u00e1utica de Portugal - Portal Tela Portugal","robots":{"index":"index","follow":"follow","max-snippet":"max-snippet:-1","max-image-preview":"max-image-preview:large","max-video-preview":"max-video-preview:-1"},"og_locale":"pt_PT","og_type":"article","og_title":"Pampilhosa coordena polo do Pinhal Interior na maior Esta\u00e7\u00e3o N\u00e1utica de Portugal - Portal Tela Portugal","og_description":"Pampilhosa da Serra recebe a coordena\u00e7\u00e3o do polo do Pinhal Interior da maior Esta\u00e7\u00e3o N\u00e1utica de Portugal, envolvendo dezenove munic\u00edpios e cento e trinta e duas entidades parceiras. Cerim\u00f3nia de certifica\u00e7\u00e3o realizou-se a oito de janeiro na Praia Fluvial do Vimieiro, em Penacova, com a presen\u00e7a do universo municipal representado pelo vereador Nuno Almeida. O projeto divide-se em tr\u00eas polos estrat\u00e9gicos: Costa Atl\u00e2ntica, Pinhal Interior e Aguieira-Mondego, integrando munic\u00edpios, entidades p\u00fablicas e privadas e operadores tur\u00edsticos. O polo do Pinhal Interior inclui Arganil, G\u00f3is, Lous\u00e3, Miranda do Corvo, Penela, Oliveira do Hospital e Vila Nova de Poiares. A Esta\u00e7\u00e3o N\u00e1utica pretende impulsionar uma nova ind\u00fastria tur\u00edstica regional, combinando praias, piscinas e servi\u00e7os complementares, com foco na promo\u00e7\u00e3o e qualifica\u00e7\u00e3o da experi\u00eancia tur\u00edstica.","og_url":"https:\/\/portaltela.pt\/noticias\/2026\/01\/25\/pampilhosa-coordena-polo-do-pinhal-interior-na-maior-estacao-nautica-de-portugal\/","og_site_name":"Portal Tela Portugal","article_published_time":"2026-01-25T04:36:27+00:00","author":"Telinha","twitter_card":"summary_large_image","twitter_misc":{"Escrito por":"Telinha","Tempo estimado de leitura":"1 minuto"},"schema":{"@context":"https:\/\/schema.org","@graph":[{"@type":"Article","@id":"https:\/\/portaltela.pt\/noticias\/2026\/01\/25\/pampilhosa-coordena-polo-do-pinhal-interior-na-maior-estacao-nautica-de-portugal\/#article","isPartOf":{"@id":"https:\/\/portaltela.pt\/noticias\/2026\/01\/25\/pampilhosa-coordena-polo-do-pinhal-interior-na-maior-estacao-nautica-de-portugal\/"},"author":{"name":"Telinha","@id":"https:\/\/portaltela.pt\/#\/schema\/person\/c4278d4a6028830caff9ee44b42d32ed"},"headline":"Pampilhosa coordena polo do Pinhal Interior na maior Esta\u00e7\u00e3o N\u00e1utica de Portugal","datePublished":"2026-01-25T04:36:27+00:00","mainEntityOfPage":{"@id":"https:\/\/portaltela.pt\/noticias\/2026\/01\/25\/pampilhosa-coordena-polo-do-pinhal-interior-na-maior-estacao-nautica-de-portugal\/"},"wordCount":288,"image":{"@id":"https:\/\/portaltela.pt\/noticias\/2026\/01\/25\/pampilhosa-coordena-polo-do-pinhal-interior-na-maior-estacao-nautica-de-portugal\/#primaryimage"},"thumbnailUrl":"https:\/\/portaltela.pt\/s.01k8rhncp4jt1\/2026\/01\/unnamed-file-5091.jpg","keywords":["Arganil","Coimbra","G\u00f3is","Penacova","turismo","Turismo Sustent\u00e1vel"],"articleSection":["Not\u00edcias"],"inLanguage":"pt-PT"},{"@type":"WebPage","@id":"https:\/\/portaltela.pt\/noticias\/2026\/01\/25\/pampilhosa-coordena-polo-do-pinhal-interior-na-maior-estacao-nautica-de-portugal\/","url":"https:\/\/portaltela.pt\/noticias\/2026\/01\/25\/pampilhosa-coordena-polo-do-pinhal-interior-na-maior-estacao-nautica-de-portugal\/","name":"Pampilhosa coordena polo do Pinhal Interior na maior Esta\u00e7\u00e3o N\u00e1utica de Portugal - Portal Tela Portugal","isPartOf":{"@id":"https:\/\/portaltela.pt\/#website"},"primaryImageOfPage":{"@id":"https:\/\/portaltela.pt\/noticias\/2026\/01\/25\/pampilhosa-coordena-polo-do-pinhal-interior-na-maior-estacao-nautica-de-portugal\/#primaryimage"},"image":{"@id":"https:\/\/portaltela.pt\/noticias\/2026\/01\/25\/pampilhosa-coordena-polo-do-pinhal-interior-na-maior-estacao-nautica-de-portugal\/#primaryimage"},"thumbnailUrl":"https:\/\/portaltela.pt\/s.01k8rhncp4jt1\/2026\/01\/unnamed-file-5091.jpg","datePublished":"2026-01-25T04:36:27+00:00","author":{"@id":"https:\/\/portaltela.pt\/#\/schema\/person\/c4278d4a6028830caff9ee44b42d32ed"},"breadcrumb":{"@id":"https:\/\/portaltela.pt\/noticias\/2026\/01\/25\/pampilhosa-coordena-polo-do-pinhal-interior-na-maior-estacao-nautica-de-portugal\/#breadcrumb"},"inLanguage":"pt-PT","potentialAction":[{"@type":"ReadAction","target":["https:\/\/portaltela.pt\/noticias\/2026\/01\/25\/pampilhosa-coordena-polo-do-pinhal-interior-na-maior-estacao-nautica-de-portugal\/"]}]},{"@type":"ImageObject","inLanguage":"pt-PT","@id":"https:\/\/portaltela.pt\/noticias\/2026\/01\/25\/pampilhosa-coordena-polo-do-pinhal-interior-na-maior-estacao-nautica-de-portugal\/#primaryimage","url":"https:\/\/portaltela.pt\/s.01k8rhncp4jt1\/2026\/01\/unnamed-file-5091.jpg","contentUrl":"https:\/\/portaltela.pt\/s.01k8rhncp4jt1\/2026\/01\/unnamed-file-5091.jpg","width":796,"height":448,"caption":"CM Pampilhosa da Serra \/ Pampilhosa da Serra coordena polo do Pinhal Interior da maior Esta\u00e7\u00e3o N\u00e1utica de Portugal"},{"@type":"BreadcrumbList","@id":"https:\/\/portaltela.pt\/noticias\/2026\/01\/25\/pampilhosa-coordena-polo-do-pinhal-interior-na-maior-estacao-nautica-de-portugal\/#breadcrumb","itemListElement":[{"@type":"ListItem","position":1,"name":"In\u00edcio","item":"https:\/\/portaltela.pt\/"},{"@type":"ListItem","position":2,"name":"Pampilhosa coordena polo do Pinhal Interior na maior Esta\u00e7\u00e3o N\u00e1utica de Portugal"}]},{"@type":"WebSite","@id":"https:\/\/portaltela.pt\/#website","url":"https:\/\/portaltela.pt\/","name":"Portal Tela Portugal","description":"","potentialAction":[{"@type":"SearchAction","target":{"@type":"EntryPoint","urlTemplate":"https:\/\/portaltela.pt\/?s={search_term_string}"},"query-input":{"@type":"PropertyValueSpecification","valueRequired":true,"valueName":"search_term_string"}}],"inLanguage":"pt-PT"},{"@type":"Person","@id":"https:\/\/portaltela.pt\/#\/schema\/person\/c4278d4a6028830caff9ee44b42d32ed","name":"Telinha","image":{"@type":"ImageObject","inLanguage":"pt-PT","@id":"https:\/\/portaltela.pt\/s.01k8rhncp4jt1\/2025\/11\/talking-bot-125x125.png","url":"https:\/\/portaltela.pt\/s.01k8rhncp4jt1\/2025\/11\/talking-bot-125x125.png","contentUrl":"https:\/\/portaltela.pt\/s.01k8rhncp4jt1\/2025\/11\/talking-bot-125x125.png","caption":"Telinha"},"sameAs":["https:\/\/portaltela.pt\/"],"url":"https:\/\/portaltela.pt\/por\/367410592786\/"}]}},"_links":{"self":[{"href":"https:\/\/portaltela.pt\/api\/wp\/v2\/posts\/171319","targetHints":{"allow":["GET"]}}],"collection":[{"href":"https:\/\/portaltela.pt\/api\/wp\/v2\/posts"}],"about":[{"href":"https:\/\/portaltela.pt\/api\/wp\/v2\/types\/post"}],"author":[{"embeddable":true,"href":"https:\/\/portaltela.pt\/api\/wp\/v2\/users\/2"}],"replies":[{"embeddable":true,"href":"https:\/\/portaltela.pt\/api\/wp\/v2\/comments?post=171319"}],"version-history":[{"count":0,"href":"https:\/\/portaltela.pt\/api\/wp\/v2\/posts\/171319\/revisions"}],"wp:featuredmedia":[{"embeddable":true,"href":"https:\/\/portaltela.pt\/api\/wp\/v2\/media\/171320"}],"wp:attachment":[{"href":"https:\/\/portaltela.pt\/api\/wp\/v2\/media?parent=171319"}],"wp:term":[{"taxonomy":"category","embeddable":true,"href":"https:\/\/portaltela.pt\/api\/wp\/v2\/categories?post=171319"},{"taxonomy":"post_tag","embeddable":true,"href":"https:\/\/portaltela.pt\/api\/wp\/v2\/tags?post=171319"}],"curies":[{"name":"wp","href":"https:\/\/api.w.org\/{rel}","templated":true}]}}