{"id":171313,"date":"2026-01-25T00:35:05","date_gmt":"2026-01-25T03:35:05","guid":{"rendered":"https:\/\/portaltela.pt\/noticias\/2026\/01\/25\/museu-municipal-de-pampilhosa-da-serra-revela-peca-do-mes-de-janeiro\/"},"modified":"2026-01-25T00:35:05","modified_gmt":"2026-01-25T03:35:05","slug":"museu-municipal-de-pampilhosa-da-serra-revela-peca-do-mes-de-janeiro","status":"publish","type":"post","link":"https:\/\/portaltela.pt\/noticias\/2026\/01\/25\/museu-municipal-de-pampilhosa-da-serra-revela-peca-do-mes-de-janeiro\/","title":{"rendered":"Museu Municipal de Pampilhosa da Serra revela Pe\u00e7a do M\u00eas de Janeiro"},"content":{"rendered":"<p>O Museu Municipal de Pampilhosa da Serra apresenta a pe\u00e7a do m\u00eas de janeiro: uma Separata do Anu\u00e1rio de Pesos e Medidas N.\u00ba1, publicada em 1940 pela Dire\u00e7\u00e3o Geral da Ind\u00fastria, do Minist\u00e9rio da Economia. A mostra ocorre no \u00e2mbito da patrim\u00f3nica local.<\/p>\n<p>O exemplar re\u00fane informa\u00e7\u00f5es sobre os \u00abNovos Aparelhos de Pesar ou Medir\u00bb, aprovados em 1940 ao abrigo do Decreto n.\u00ba 9051 de 11 de agosto de 1923. \u00c9 utilizado pelos Aferidores Municipais, t\u00e9cnicos respons\u00e1veis por aferir instrumentos de medi\u00e7\u00e3o utilizados em transa\u00e7\u00f5es comerciais.<\/p>\n<p>A Exposi\u00e7\u00e3o contextualiza a fun\u00e7\u00e3o dos Aferidores perante a exig\u00eancia de exatid\u00e3o nas pesagens e medi\u00e7\u00f5es. O objetivo \u00e9 evidenciar a evolu\u00e7\u00e3o dos padr\u00f5es de aferi\u00e7\u00e3o e o papel dos arquivos oficiais na pr\u00e1tica mercantil.<\/p>\n<p>Quem j\u00e1 conhece um Aferidor Municipal pode partilhar testemunhos na caixa de coment\u00e1rios. A pe\u00e7a pode ser visualizada no Museu Virtual, atrav\u00e9s do link disponibilizado pela institui\u00e7\u00e3o.<\/p>\n<h3>Observa\u00e7\u00e3o sobre a pe\u00e7a e acesso<\/h3>\n<p>A mostra valoriza um recurso monogr\u00e1fico que documenta a regulamenta\u00e7\u00e3o vigente na \u00e9poca. O arquivo permite compreender o enquadramento hist\u00f3rico das inspe\u00e7\u00f5es de medir e pesar.<\/p>\n<p>Fonte: CM Pampilhosa da Serra.<\/p>\n","protected":false},"excerpt":{"rendered":"<ul>\n<li>O Museu Municipal de Pampilhosa da Serra apresenta, como pe\u00e7a do m\u00eas de janeiro, uma Separata do Anu\u00e1rio de Pesos e Medidas N.\u00ba 1, publicada em 1940 pela Dire\u00e7\u00e3o Geral da Ind\u00fastria, do Minist\u00e9rio da Economia.<\/li>\n<li>A publica\u00e7\u00e3o re\u00fane informa\u00e7\u00f5es sobre os \u201cNovos Aparelhos de Pesar ou Medir\u201d aprovados nesse ano, ao abrigo do Decreto n.\u00ba 9051, de 11 de agosto de 1923.<\/li>\n<li>O documento era utilizado pelos Aferidores Municipais, t\u00e9cnicos respons\u00e1veis por aferir instrumentos de medi\u00e7\u00e3o nas transa\u00e7\u00f5es comerciais, assegurando a exatid\u00e3o das pesagens e medi\u00e7\u00f5es.<\/li>\n<li>Quem j\u00e1 conheceu um Aferidor Municipal pode deixar testemunho na caixa de coment\u00e1rios.<\/li>\n<li>A pe\u00e7a pode ser visualizada no Museu Virtual (acesso via link indicado pela institui\u00e7\u00e3o).<\/li>\n<\/ul>\n","protected":false},"author":2,"featured_media":171317,"comment_status":"closed","ping_status":"closed","sticky":false,"template":"","format":"standard","meta":{"footnotes":""},"categories":[1],"tags":[1868,2605,299,1192,814,3611],"class_list":["post-171313","post","type-post","status-publish","format-standard","has-post-thumbnail","hentry","category-noticias","tag-arquivos","tag-documentos","tag-historia","tag-museus-arquivos","tag-patrimonio","tag-peso"],"yoast_head":"<!-- This site is optimized with the Yoast SEO plugin v27.2 - https:\/\/yoast.com\/product\/yoast-seo-wordpress\/ -->\n<title>Museu Municipal de Pampilhosa da Serra revela Pe\u00e7a do M\u00eas de Janeiro - Portal Tela Portugal<\/title>\n<meta name=\"robots\" content=\"index, follow, max-snippet:-1, max-image-preview:large, max-video-preview:-1\" \/>\n<meta property=\"og:locale\" content=\"pt_PT\" \/>\n<meta property=\"og:type\" content=\"article\" \/>\n<meta property=\"og:title\" content=\"Museu Municipal de Pampilhosa da Serra revela Pe\u00e7a do M\u00eas de Janeiro - Portal Tela Portugal\" \/>\n<meta property=\"og:description\" content=\"O Museu Municipal de Pampilhosa da Serra apresenta, como pe\u00e7a do m\u00eas de janeiro, uma Separata do Anu\u00e1rio de Pesos e Medidas N.\u00ba 1, publicada em 1940 pela Dire\u00e7\u00e3o Geral da Ind\u00fastria, do Minist\u00e9rio da Economia. A publica\u00e7\u00e3o re\u00fane informa\u00e7\u00f5es sobre os \u201cNovos Aparelhos de Pesar ou Medir\u201d aprovados nesse ano, ao abrigo do Decreto n.\u00ba 9051, de 11 de agosto de 1923. O documento era utilizado pelos Aferidores Municipais, t\u00e9cnicos respons\u00e1veis por aferir instrumentos de medi\u00e7\u00e3o nas transa\u00e7\u00f5es comerciais, assegurando a exatid\u00e3o das pesagens e medi\u00e7\u00f5es. Quem j\u00e1 conheceu um Aferidor Municipal pode deixar testemunho na caixa de coment\u00e1rios. A pe\u00e7a pode ser visualizada no Museu Virtual (acesso via link indicado pela institui\u00e7\u00e3o).\" \/>\n<meta property=\"og:url\" content=\"https:\/\/portaltela.pt\/noticias\/2026\/01\/25\/museu-municipal-de-pampilhosa-da-serra-revela-peca-do-mes-de-janeiro\/\" \/>\n<meta property=\"og:site_name\" content=\"Portal Tela Portugal\" \/>\n<meta property=\"article:published_time\" content=\"2026-01-25T03:35:05+00:00\" \/>\n<meta name=\"author\" content=\"Telinha\" \/>\n<meta name=\"twitter:card\" content=\"summary_large_image\" \/>\n<meta name=\"twitter:label1\" content=\"Escrito por\" \/>\n\t<meta name=\"twitter:data1\" content=\"Telinha\" \/>\n\t<meta name=\"twitter:label2\" content=\"Tempo estimado de leitura\" \/>\n\t<meta name=\"twitter:data2\" content=\"1 minuto\" \/>\n<script type=\"application\/ld+json\" class=\"yoast-schema-graph\">{\"@context\":\"https:\/\/schema.org\",\"@graph\":[{\"@type\":\"Article\",\"@id\":\"https:\/\/portaltela.pt\/noticias\/2026\/01\/25\/museu-municipal-de-pampilhosa-da-serra-revela-peca-do-mes-de-janeiro\/#article\",\"isPartOf\":{\"@id\":\"https:\/\/portaltela.pt\/noticias\/2026\/01\/25\/museu-municipal-de-pampilhosa-da-serra-revela-peca-do-mes-de-janeiro\/\"},\"author\":{\"name\":\"Telinha\",\"@id\":\"https:\/\/portaltela.pt\/#\/schema\/person\/c4278d4a6028830caff9ee44b42d32ed\"},\"headline\":\"Museu Municipal de Pampilhosa da Serra revela Pe\u00e7a do M\u00eas de Janeiro\",\"datePublished\":\"2026-01-25T03:35:05+00:00\",\"mainEntityOfPage\":{\"@id\":\"https:\/\/portaltela.pt\/noticias\/2026\/01\/25\/museu-municipal-de-pampilhosa-da-serra-revela-peca-do-mes-de-janeiro\/\"},\"wordCount\":224,\"image\":{\"@id\":\"https:\/\/portaltela.pt\/noticias\/2026\/01\/25\/museu-municipal-de-pampilhosa-da-serra-revela-peca-do-mes-de-janeiro\/#primaryimage\"},\"thumbnailUrl\":\"https:\/\/portaltela.pt\/s.01k8rhncp4jt1\/2026\/01\/unnamed-file-5090.jpg\",\"keywords\":[\"arquivos\",\"documentos\",\"hist\u00f3ria\",\"museus\/arquivos\",\"patrim\u00f3nio\",\"peso\"],\"articleSection\":[\"Not\u00edcias\"],\"inLanguage\":\"pt-PT\"},{\"@type\":\"WebPage\",\"@id\":\"https:\/\/portaltela.pt\/noticias\/2026\/01\/25\/museu-municipal-de-pampilhosa-da-serra-revela-peca-do-mes-de-janeiro\/\",\"url\":\"https:\/\/portaltela.pt\/noticias\/2026\/01\/25\/museu-municipal-de-pampilhosa-da-serra-revela-peca-do-mes-de-janeiro\/\",\"name\":\"Museu Municipal de Pampilhosa da Serra revela Pe\u00e7a do M\u00eas de Janeiro - Portal Tela Portugal\",\"isPartOf\":{\"@id\":\"https:\/\/portaltela.pt\/#website\"},\"primaryImageOfPage\":{\"@id\":\"https:\/\/portaltela.pt\/noticias\/2026\/01\/25\/museu-municipal-de-pampilhosa-da-serra-revela-peca-do-mes-de-janeiro\/#primaryimage\"},\"image\":{\"@id\":\"https:\/\/portaltela.pt\/noticias\/2026\/01\/25\/museu-municipal-de-pampilhosa-da-serra-revela-peca-do-mes-de-janeiro\/#primaryimage\"},\"thumbnailUrl\":\"https:\/\/portaltela.pt\/s.01k8rhncp4jt1\/2026\/01\/unnamed-file-5090.jpg\",\"datePublished\":\"2026-01-25T03:35:05+00:00\",\"author\":{\"@id\":\"https:\/\/portaltela.pt\/#\/schema\/person\/c4278d4a6028830caff9ee44b42d32ed\"},\"breadcrumb\":{\"@id\":\"https:\/\/portaltela.pt\/noticias\/2026\/01\/25\/museu-municipal-de-pampilhosa-da-serra-revela-peca-do-mes-de-janeiro\/#breadcrumb\"},\"inLanguage\":\"pt-PT\",\"potentialAction\":[{\"@type\":\"ReadAction\",\"target\":[\"https:\/\/portaltela.pt\/noticias\/2026\/01\/25\/museu-municipal-de-pampilhosa-da-serra-revela-peca-do-mes-de-janeiro\/\"]}]},{\"@type\":\"ImageObject\",\"inLanguage\":\"pt-PT\",\"@id\":\"https:\/\/portaltela.pt\/noticias\/2026\/01\/25\/museu-municipal-de-pampilhosa-da-serra-revela-peca-do-mes-de-janeiro\/#primaryimage\",\"url\":\"https:\/\/portaltela.pt\/s.01k8rhncp4jt1\/2026\/01\/unnamed-file-5090.jpg\",\"contentUrl\":\"https:\/\/portaltela.pt\/s.01k8rhncp4jt1\/2026\/01\/unnamed-file-5090.jpg\",\"width\":796,\"height\":448,\"caption\":\"CM Pampilhosa da Serra \/ Pe\u00e7a do M\u00eas de janeiro do Museu Municipal\"},{\"@type\":\"BreadcrumbList\",\"@id\":\"https:\/\/portaltela.pt\/noticias\/2026\/01\/25\/museu-municipal-de-pampilhosa-da-serra-revela-peca-do-mes-de-janeiro\/#breadcrumb\",\"itemListElement\":[{\"@type\":\"ListItem\",\"position\":1,\"name\":\"In\u00edcio\",\"item\":\"https:\/\/portaltela.pt\/\"},{\"@type\":\"ListItem\",\"position\":2,\"name\":\"Museu Municipal de Pampilhosa da Serra revela Pe\u00e7a do M\u00eas de Janeiro\"}]},{\"@type\":\"WebSite\",\"@id\":\"https:\/\/portaltela.pt\/#website\",\"url\":\"https:\/\/portaltela.pt\/\",\"name\":\"Portal Tela Portugal\",\"description\":\"\",\"potentialAction\":[{\"@type\":\"SearchAction\",\"target\":{\"@type\":\"EntryPoint\",\"urlTemplate\":\"https:\/\/portaltela.pt\/?s={search_term_string}\"},\"query-input\":{\"@type\":\"PropertyValueSpecification\",\"valueRequired\":true,\"valueName\":\"search_term_string\"}}],\"inLanguage\":\"pt-PT\"},{\"@type\":\"Person\",\"@id\":\"https:\/\/portaltela.pt\/#\/schema\/person\/c4278d4a6028830caff9ee44b42d32ed\",\"name\":\"Telinha\",\"image\":{\"@type\":\"ImageObject\",\"inLanguage\":\"pt-PT\",\"@id\":\"https:\/\/portaltela.pt\/s.01k8rhncp4jt1\/2025\/11\/talking-bot-125x125.png\",\"url\":\"https:\/\/portaltela.pt\/s.01k8rhncp4jt1\/2025\/11\/talking-bot-125x125.png\",\"contentUrl\":\"https:\/\/portaltela.pt\/s.01k8rhncp4jt1\/2025\/11\/talking-bot-125x125.png\",\"caption\":\"Telinha\"},\"sameAs\":[\"https:\/\/portaltela.pt\/\"],\"url\":\"https:\/\/portaltela.pt\/por\/367410592786\/\"}]}<\/script>\n<!-- \/ Yoast SEO plugin. -->","yoast_head_json":{"title":"Museu Municipal de Pampilhosa da Serra revela Pe\u00e7a do M\u00eas de Janeiro - Portal Tela Portugal","robots":{"index":"index","follow":"follow","max-snippet":"max-snippet:-1","max-image-preview":"max-image-preview:large","max-video-preview":"max-video-preview:-1"},"og_locale":"pt_PT","og_type":"article","og_title":"Museu Municipal de Pampilhosa da Serra revela Pe\u00e7a do M\u00eas de Janeiro - Portal Tela Portugal","og_description":"O Museu Municipal de Pampilhosa da Serra apresenta, como pe\u00e7a do m\u00eas de janeiro, uma Separata do Anu\u00e1rio de Pesos e Medidas N.\u00ba 1, publicada em 1940 pela Dire\u00e7\u00e3o Geral da Ind\u00fastria, do Minist\u00e9rio da Economia. A publica\u00e7\u00e3o re\u00fane informa\u00e7\u00f5es sobre os \u201cNovos Aparelhos de Pesar ou Medir\u201d aprovados nesse ano, ao abrigo do Decreto n.\u00ba 9051, de 11 de agosto de 1923. O documento era utilizado pelos Aferidores Municipais, t\u00e9cnicos respons\u00e1veis por aferir instrumentos de medi\u00e7\u00e3o nas transa\u00e7\u00f5es comerciais, assegurando a exatid\u00e3o das pesagens e medi\u00e7\u00f5es. Quem j\u00e1 conheceu um Aferidor Municipal pode deixar testemunho na caixa de coment\u00e1rios. A pe\u00e7a pode ser visualizada no Museu Virtual (acesso via link indicado pela institui\u00e7\u00e3o).","og_url":"https:\/\/portaltela.pt\/noticias\/2026\/01\/25\/museu-municipal-de-pampilhosa-da-serra-revela-peca-do-mes-de-janeiro\/","og_site_name":"Portal Tela Portugal","article_published_time":"2026-01-25T03:35:05+00:00","author":"Telinha","twitter_card":"summary_large_image","twitter_misc":{"Escrito por":"Telinha","Tempo estimado de leitura":"1 minuto"},"schema":{"@context":"https:\/\/schema.org","@graph":[{"@type":"Article","@id":"https:\/\/portaltela.pt\/noticias\/2026\/01\/25\/museu-municipal-de-pampilhosa-da-serra-revela-peca-do-mes-de-janeiro\/#article","isPartOf":{"@id":"https:\/\/portaltela.pt\/noticias\/2026\/01\/25\/museu-municipal-de-pampilhosa-da-serra-revela-peca-do-mes-de-janeiro\/"},"author":{"name":"Telinha","@id":"https:\/\/portaltela.pt\/#\/schema\/person\/c4278d4a6028830caff9ee44b42d32ed"},"headline":"Museu Municipal de Pampilhosa da Serra revela Pe\u00e7a do M\u00eas de Janeiro","datePublished":"2026-01-25T03:35:05+00:00","mainEntityOfPage":{"@id":"https:\/\/portaltela.pt\/noticias\/2026\/01\/25\/museu-municipal-de-pampilhosa-da-serra-revela-peca-do-mes-de-janeiro\/"},"wordCount":224,"image":{"@id":"https:\/\/portaltela.pt\/noticias\/2026\/01\/25\/museu-municipal-de-pampilhosa-da-serra-revela-peca-do-mes-de-janeiro\/#primaryimage"},"thumbnailUrl":"https:\/\/portaltela.pt\/s.01k8rhncp4jt1\/2026\/01\/unnamed-file-5090.jpg","keywords":["arquivos","documentos","hist\u00f3ria","museus\/arquivos","patrim\u00f3nio","peso"],"articleSection":["Not\u00edcias"],"inLanguage":"pt-PT"},{"@type":"WebPage","@id":"https:\/\/portaltela.pt\/noticias\/2026\/01\/25\/museu-municipal-de-pampilhosa-da-serra-revela-peca-do-mes-de-janeiro\/","url":"https:\/\/portaltela.pt\/noticias\/2026\/01\/25\/museu-municipal-de-pampilhosa-da-serra-revela-peca-do-mes-de-janeiro\/","name":"Museu Municipal de Pampilhosa da Serra revela Pe\u00e7a do M\u00eas de Janeiro - Portal Tela Portugal","isPartOf":{"@id":"https:\/\/portaltela.pt\/#website"},"primaryImageOfPage":{"@id":"https:\/\/portaltela.pt\/noticias\/2026\/01\/25\/museu-municipal-de-pampilhosa-da-serra-revela-peca-do-mes-de-janeiro\/#primaryimage"},"image":{"@id":"https:\/\/portaltela.pt\/noticias\/2026\/01\/25\/museu-municipal-de-pampilhosa-da-serra-revela-peca-do-mes-de-janeiro\/#primaryimage"},"thumbnailUrl":"https:\/\/portaltela.pt\/s.01k8rhncp4jt1\/2026\/01\/unnamed-file-5090.jpg","datePublished":"2026-01-25T03:35:05+00:00","author":{"@id":"https:\/\/portaltela.pt\/#\/schema\/person\/c4278d4a6028830caff9ee44b42d32ed"},"breadcrumb":{"@id":"https:\/\/portaltela.pt\/noticias\/2026\/01\/25\/museu-municipal-de-pampilhosa-da-serra-revela-peca-do-mes-de-janeiro\/#breadcrumb"},"inLanguage":"pt-PT","potentialAction":[{"@type":"ReadAction","target":["https:\/\/portaltela.pt\/noticias\/2026\/01\/25\/museu-municipal-de-pampilhosa-da-serra-revela-peca-do-mes-de-janeiro\/"]}]},{"@type":"ImageObject","inLanguage":"pt-PT","@id":"https:\/\/portaltela.pt\/noticias\/2026\/01\/25\/museu-municipal-de-pampilhosa-da-serra-revela-peca-do-mes-de-janeiro\/#primaryimage","url":"https:\/\/portaltela.pt\/s.01k8rhncp4jt1\/2026\/01\/unnamed-file-5090.jpg","contentUrl":"https:\/\/portaltela.pt\/s.01k8rhncp4jt1\/2026\/01\/unnamed-file-5090.jpg","width":796,"height":448,"caption":"CM Pampilhosa da Serra \/ Pe\u00e7a do M\u00eas de janeiro do Museu Municipal"},{"@type":"BreadcrumbList","@id":"https:\/\/portaltela.pt\/noticias\/2026\/01\/25\/museu-municipal-de-pampilhosa-da-serra-revela-peca-do-mes-de-janeiro\/#breadcrumb","itemListElement":[{"@type":"ListItem","position":1,"name":"In\u00edcio","item":"https:\/\/portaltela.pt\/"},{"@type":"ListItem","position":2,"name":"Museu Municipal de Pampilhosa da Serra revela Pe\u00e7a do M\u00eas de Janeiro"}]},{"@type":"WebSite","@id":"https:\/\/portaltela.pt\/#website","url":"https:\/\/portaltela.pt\/","name":"Portal Tela Portugal","description":"","potentialAction":[{"@type":"SearchAction","target":{"@type":"EntryPoint","urlTemplate":"https:\/\/portaltela.pt\/?s={search_term_string}"},"query-input":{"@type":"PropertyValueSpecification","valueRequired":true,"valueName":"search_term_string"}}],"inLanguage":"pt-PT"},{"@type":"Person","@id":"https:\/\/portaltela.pt\/#\/schema\/person\/c4278d4a6028830caff9ee44b42d32ed","name":"Telinha","image":{"@type":"ImageObject","inLanguage":"pt-PT","@id":"https:\/\/portaltela.pt\/s.01k8rhncp4jt1\/2025\/11\/talking-bot-125x125.png","url":"https:\/\/portaltela.pt\/s.01k8rhncp4jt1\/2025\/11\/talking-bot-125x125.png","contentUrl":"https:\/\/portaltela.pt\/s.01k8rhncp4jt1\/2025\/11\/talking-bot-125x125.png","caption":"Telinha"},"sameAs":["https:\/\/portaltela.pt\/"],"url":"https:\/\/portaltela.pt\/por\/367410592786\/"}]}},"_links":{"self":[{"href":"https:\/\/portaltela.pt\/api\/wp\/v2\/posts\/171313","targetHints":{"allow":["GET"]}}],"collection":[{"href":"https:\/\/portaltela.pt\/api\/wp\/v2\/posts"}],"about":[{"href":"https:\/\/portaltela.pt\/api\/wp\/v2\/types\/post"}],"author":[{"embeddable":true,"href":"https:\/\/portaltela.pt\/api\/wp\/v2\/users\/2"}],"replies":[{"embeddable":true,"href":"https:\/\/portaltela.pt\/api\/wp\/v2\/comments?post=171313"}],"version-history":[{"count":0,"href":"https:\/\/portaltela.pt\/api\/wp\/v2\/posts\/171313\/revisions"}],"wp:featuredmedia":[{"embeddable":true,"href":"https:\/\/portaltela.pt\/api\/wp\/v2\/media\/171317"}],"wp:attachment":[{"href":"https:\/\/portaltela.pt\/api\/wp\/v2\/media?parent=171313"}],"wp:term":[{"taxonomy":"category","embeddable":true,"href":"https:\/\/portaltela.pt\/api\/wp\/v2\/categories?post=171313"},{"taxonomy":"post_tag","embeddable":true,"href":"https:\/\/portaltela.pt\/api\/wp\/v2\/tags?post=171313"}],"curies":[{"name":"wp","href":"https:\/\/api.w.org\/{rel}","templated":true}]}}