{"id":171297,"date":"2026-01-25T00:15:00","date_gmt":"2026-01-25T03:15:00","guid":{"rendered":"https:\/\/portaltela.pt\/noticias\/2026\/01\/25\/mourinho-deixa-manu-e-bruma-de-fora-da-convocatoria\/"},"modified":"2026-01-25T00:15:00","modified_gmt":"2026-01-25T03:15:00","slug":"mourinho-deixa-manu-e-bruma-de-fora-da-convocatoria","status":"publish","type":"post","link":"https:\/\/portaltela.pt\/desporto\/futebol\/2026\/01\/25\/mourinho-deixa-manu-e-bruma-de-fora-da-convocatoria\/","title":{"rendered":"Mourinho deixa Manu e Bruma de fora da convocat\u00f3ria"},"content":{"rendered":"<p>Mourinho decidiu excluir Manu e Bruma da convocat\u00f3ria para a rece\u00e7\u00e3o ao Estrela da Amadora. Os dois jogadores n\u00e3o se encontram na condi\u00e7\u00e3o f\u00edsica ideal e a op\u00e7\u00e3o foi resguardar os atletas para este encontro.<\/p>\n<p>Manu tem passado por evolu\u00e7\u00f5es mais lentas ap\u00f3s meses de paragem. Voltou a jogar 90 minutos frente ao Estoril e disputou parte do jogo frente ao Sporting de Braga, mas desde ent\u00e3o n\u00e3o tem sido utilizado com regularidade.<\/p>\n<p>Bruma tamb\u00e9m tem estado perto de regressar, tendo sido convocado para o jogo com o Rio Ave e acompanhado a equipa a Turim para o duelo com a Juventus, sem entretanto entrar no banco. O regresso definitivo \u00e0 competi\u00e7\u00e3o ainda n\u00e3o ocorreu, fruto da rotura completa do tend\u00e3o de Aquiles esquerdo, ocorrida em julho, na Eus\u00e9bio Cup.<\/p>\n<p>Al\u00e9m de Manu e Bruma, Samuel Soares, Bah, Wynder, Nuno F\u00e9lix, R\u00edos e Lukebakio permanecem ausentes devido a les\u00e3o.<\/p>\n<p>A decis\u00e3o mant\u00e9m o foco da equipa em preservar a condi\u00e7\u00e3o f\u00edsica, j\u00e1 que h\u00e1 a possibilidade de entrar nas contas para a rece\u00e7\u00e3o ao Real Madrid na pr\u00f3xima quarta-feira.<\/p>\n","protected":false},"excerpt":{"rendered":"<ul>\n<li>Mourinho deixou Manu e Bruma de fora da convocat\u00f3ria para o jogo com o Estrela da Amadora, mantendo-os sob observa\u00e7\u00e3o f\u00edsica.<\/li>\n<li>O treinador optou por resguardar os jogadores, com possibilidade de entrarem nas contas na pr\u00f3xima quarta-feira diante do Real Madrid.<\/li>\n<li>Manu jogou 90 minutos frente ao Estoril e chegou a atuar at\u00e9 ao intervalo frente ao Sp. Braga, mas desde ent\u00e3o ficou de fora.<\/li>\n<li>Bruma regressou \u00e0s convocat\u00f3rias para o jogo com o Rio Ave e acompanhou a equipa a Turim, mas n\u00e3o entrou no banco em nenhum dos encontros.<\/li>\n<li>Continuam ausentes por les\u00e3o Samuel Soares, Bah, Wynder, Nuno F\u00e9lix, R\u00edos e Lukebakio.<\/li>\n<\/ul>\n","protected":false},"author":2,"featured_media":171298,"comment_status":"closed","ping_status":"closed","sticky":false,"template":"","format":"standard","meta":{"footnotes":""},"categories":[21,24],"tags":[3070,1489,32,1983,2538,2714],"class_list":["post-171297","post","type-post","status-publish","format-standard","has-post-thumbnail","hentry","category-desporto","category-futebol","tag-bruma","tag-estrela-da-amadora","tag-futebol","tag-juventus","tag-lesoes","tag-real-madrid"],"yoast_head":"<!-- This site is optimized with the Yoast SEO plugin v27.2 - https:\/\/yoast.com\/product\/yoast-seo-wordpress\/ -->\n<title>Mourinho deixa Manu e Bruma de fora da convocat\u00f3ria - Portal Tela Portugal<\/title>\n<meta name=\"robots\" content=\"index, follow, max-snippet:-1, max-image-preview:large, max-video-preview:-1\" \/>\n<meta property=\"og:locale\" content=\"pt_PT\" \/>\n<meta property=\"og:type\" content=\"article\" \/>\n<meta property=\"og:title\" content=\"Mourinho deixa Manu e Bruma de fora da convocat\u00f3ria - Portal Tela Portugal\" \/>\n<meta property=\"og:description\" content=\"Mourinho deixou Manu e Bruma de fora da convocat\u00f3ria para o jogo com o Estrela da Amadora, mantendo-os sob observa\u00e7\u00e3o f\u00edsica. O treinador optou por resguardar os jogadores, com possibilidade de entrarem nas contas na pr\u00f3xima quarta-feira diante do Real Madrid. Manu jogou 90 minutos frente ao Estoril e chegou a atuar at\u00e9 ao intervalo frente ao Sp. Braga, mas desde ent\u00e3o ficou de fora. Bruma regressou \u00e0s convocat\u00f3rias para o jogo com o Rio Ave e acompanhou a equipa a Turim, mas n\u00e3o entrou no banco em nenhum dos encontros. Continuam ausentes por les\u00e3o Samuel Soares, Bah, Wynder, Nuno F\u00e9lix, R\u00edos e Lukebakio.\" \/>\n<meta property=\"og:url\" content=\"https:\/\/portaltela.pt\/noticias\/2026\/01\/25\/mourinho-deixa-manu-e-bruma-de-fora-da-convocatoria\/\" \/>\n<meta property=\"og:site_name\" content=\"Portal Tela Portugal\" \/>\n<meta property=\"article:published_time\" content=\"2026-01-25T03:15:00+00:00\" \/>\n<meta name=\"author\" content=\"Telinha\" \/>\n<meta name=\"twitter:card\" content=\"summary_large_image\" \/>\n<meta name=\"twitter:label1\" content=\"Escrito por\" \/>\n\t<meta name=\"twitter:data1\" content=\"Telinha\" \/>\n\t<meta name=\"twitter:label2\" content=\"Tempo estimado de leitura\" \/>\n\t<meta name=\"twitter:data2\" content=\"1 minuto\" \/>\n<script type=\"application\/ld+json\" class=\"yoast-schema-graph\">{\"@context\":\"https:\/\/schema.org\",\"@graph\":[{\"@type\":\"Article\",\"@id\":\"https:\/\/portaltela.pt\/noticias\/2026\/01\/25\/mourinho-deixa-manu-e-bruma-de-fora-da-convocatoria\/#article\",\"isPartOf\":{\"@id\":\"https:\/\/portaltela.pt\/noticias\/2026\/01\/25\/mourinho-deixa-manu-e-bruma-de-fora-da-convocatoria\/\"},\"author\":{\"name\":\"Telinha\",\"@id\":\"https:\/\/portaltela.pt\/#\/schema\/person\/c4278d4a6028830caff9ee44b42d32ed\"},\"headline\":\"Mourinho deixa Manu e Bruma de fora da convocat\u00f3ria\",\"datePublished\":\"2026-01-25T03:15:00+00:00\",\"mainEntityOfPage\":{\"@id\":\"https:\/\/portaltela.pt\/noticias\/2026\/01\/25\/mourinho-deixa-manu-e-bruma-de-fora-da-convocatoria\/\"},\"wordCount\":212,\"image\":{\"@id\":\"https:\/\/portaltela.pt\/noticias\/2026\/01\/25\/mourinho-deixa-manu-e-bruma-de-fora-da-convocatoria\/#primaryimage\"},\"thumbnailUrl\":\"https:\/\/portaltela.pt\/s.01k8rhncp4jt1\/2026\/01\/img_920x518uu2026-01-25-00-34-25-2417172-im-639048980992169448.jpg\",\"keywords\":[\"Bruma\",\"Estrela da Amadora\",\"futebol\",\"Juventus\",\"les\u00f5es\",\"Real Madrid\"],\"articleSection\":[\"Desporto\",\"Futebol\"],\"inLanguage\":\"pt-PT\"},{\"@type\":\"WebPage\",\"@id\":\"https:\/\/portaltela.pt\/noticias\/2026\/01\/25\/mourinho-deixa-manu-e-bruma-de-fora-da-convocatoria\/\",\"url\":\"https:\/\/portaltela.pt\/noticias\/2026\/01\/25\/mourinho-deixa-manu-e-bruma-de-fora-da-convocatoria\/\",\"name\":\"Mourinho deixa Manu e Bruma de fora da convocat\u00f3ria - Portal Tela Portugal\",\"isPartOf\":{\"@id\":\"https:\/\/portaltela.pt\/#website\"},\"primaryImageOfPage\":{\"@id\":\"https:\/\/portaltela.pt\/noticias\/2026\/01\/25\/mourinho-deixa-manu-e-bruma-de-fora-da-convocatoria\/#primaryimage\"},\"image\":{\"@id\":\"https:\/\/portaltela.pt\/noticias\/2026\/01\/25\/mourinho-deixa-manu-e-bruma-de-fora-da-convocatoria\/#primaryimage\"},\"thumbnailUrl\":\"https:\/\/portaltela.pt\/s.01k8rhncp4jt1\/2026\/01\/img_920x518uu2026-01-25-00-34-25-2417172-im-639048980992169448.jpg\",\"datePublished\":\"2026-01-25T03:15:00+00:00\",\"author\":{\"@id\":\"https:\/\/portaltela.pt\/#\/schema\/person\/c4278d4a6028830caff9ee44b42d32ed\"},\"breadcrumb\":{\"@id\":\"https:\/\/portaltela.pt\/noticias\/2026\/01\/25\/mourinho-deixa-manu-e-bruma-de-fora-da-convocatoria\/#breadcrumb\"},\"inLanguage\":\"pt-PT\",\"potentialAction\":[{\"@type\":\"ReadAction\",\"target\":[\"https:\/\/portaltela.pt\/noticias\/2026\/01\/25\/mourinho-deixa-manu-e-bruma-de-fora-da-convocatoria\/\"]}]},{\"@type\":\"ImageObject\",\"inLanguage\":\"pt-PT\",\"@id\":\"https:\/\/portaltela.pt\/noticias\/2026\/01\/25\/mourinho-deixa-manu-e-bruma-de-fora-da-convocatoria\/#primaryimage\",\"url\":\"https:\/\/portaltela.pt\/s.01k8rhncp4jt1\/2026\/01\/img_920x518uu2026-01-25-00-34-25-2417172-im-639048980992169448.jpg\",\"contentUrl\":\"https:\/\/portaltela.pt\/s.01k8rhncp4jt1\/2026\/01\/img_920x518uu2026-01-25-00-34-25-2417172-im-639048980992169448.jpg\",\"width\":796,\"height\":448,\"caption\":\"Mourinho afasta Manu e Bruma da convocat\u00f3ria para jogo com Estrela da Amadora\"},{\"@type\":\"BreadcrumbList\",\"@id\":\"https:\/\/portaltela.pt\/noticias\/2026\/01\/25\/mourinho-deixa-manu-e-bruma-de-fora-da-convocatoria\/#breadcrumb\",\"itemListElement\":[{\"@type\":\"ListItem\",\"position\":1,\"name\":\"In\u00edcio\",\"item\":\"https:\/\/portaltela.pt\/\"},{\"@type\":\"ListItem\",\"position\":2,\"name\":\"Mourinho deixa Manu e Bruma de fora da convocat\u00f3ria\"}]},{\"@type\":\"WebSite\",\"@id\":\"https:\/\/portaltela.pt\/#website\",\"url\":\"https:\/\/portaltela.pt\/\",\"name\":\"Portal Tela Portugal\",\"description\":\"\",\"potentialAction\":[{\"@type\":\"SearchAction\",\"target\":{\"@type\":\"EntryPoint\",\"urlTemplate\":\"https:\/\/portaltela.pt\/?s={search_term_string}\"},\"query-input\":{\"@type\":\"PropertyValueSpecification\",\"valueRequired\":true,\"valueName\":\"search_term_string\"}}],\"inLanguage\":\"pt-PT\"},{\"@type\":\"Person\",\"@id\":\"https:\/\/portaltela.pt\/#\/schema\/person\/c4278d4a6028830caff9ee44b42d32ed\",\"name\":\"Telinha\",\"image\":{\"@type\":\"ImageObject\",\"inLanguage\":\"pt-PT\",\"@id\":\"https:\/\/portaltela.pt\/s.01k8rhncp4jt1\/2025\/11\/talking-bot-125x125.png\",\"url\":\"https:\/\/portaltela.pt\/s.01k8rhncp4jt1\/2025\/11\/talking-bot-125x125.png\",\"contentUrl\":\"https:\/\/portaltela.pt\/s.01k8rhncp4jt1\/2025\/11\/talking-bot-125x125.png\",\"caption\":\"Telinha\"},\"sameAs\":[\"https:\/\/portaltela.pt\/\"],\"url\":\"https:\/\/portaltela.pt\/por\/367410592786\/\"}]}<\/script>\n<!-- \/ Yoast SEO plugin. -->","yoast_head_json":{"title":"Mourinho deixa Manu e Bruma de fora da convocat\u00f3ria - Portal Tela Portugal","robots":{"index":"index","follow":"follow","max-snippet":"max-snippet:-1","max-image-preview":"max-image-preview:large","max-video-preview":"max-video-preview:-1"},"og_locale":"pt_PT","og_type":"article","og_title":"Mourinho deixa Manu e Bruma de fora da convocat\u00f3ria - Portal Tela Portugal","og_description":"Mourinho deixou Manu e Bruma de fora da convocat\u00f3ria para o jogo com o Estrela da Amadora, mantendo-os sob observa\u00e7\u00e3o f\u00edsica. O treinador optou por resguardar os jogadores, com possibilidade de entrarem nas contas na pr\u00f3xima quarta-feira diante do Real Madrid. Manu jogou 90 minutos frente ao Estoril e chegou a atuar at\u00e9 ao intervalo frente ao Sp. Braga, mas desde ent\u00e3o ficou de fora. Bruma regressou \u00e0s convocat\u00f3rias para o jogo com o Rio Ave e acompanhou a equipa a Turim, mas n\u00e3o entrou no banco em nenhum dos encontros. Continuam ausentes por les\u00e3o Samuel Soares, Bah, Wynder, Nuno F\u00e9lix, R\u00edos e Lukebakio.","og_url":"https:\/\/portaltela.pt\/noticias\/2026\/01\/25\/mourinho-deixa-manu-e-bruma-de-fora-da-convocatoria\/","og_site_name":"Portal Tela Portugal","article_published_time":"2026-01-25T03:15:00+00:00","author":"Telinha","twitter_card":"summary_large_image","twitter_misc":{"Escrito por":"Telinha","Tempo estimado de leitura":"1 minuto"},"schema":{"@context":"https:\/\/schema.org","@graph":[{"@type":"Article","@id":"https:\/\/portaltela.pt\/noticias\/2026\/01\/25\/mourinho-deixa-manu-e-bruma-de-fora-da-convocatoria\/#article","isPartOf":{"@id":"https:\/\/portaltela.pt\/noticias\/2026\/01\/25\/mourinho-deixa-manu-e-bruma-de-fora-da-convocatoria\/"},"author":{"name":"Telinha","@id":"https:\/\/portaltela.pt\/#\/schema\/person\/c4278d4a6028830caff9ee44b42d32ed"},"headline":"Mourinho deixa Manu e Bruma de fora da convocat\u00f3ria","datePublished":"2026-01-25T03:15:00+00:00","mainEntityOfPage":{"@id":"https:\/\/portaltela.pt\/noticias\/2026\/01\/25\/mourinho-deixa-manu-e-bruma-de-fora-da-convocatoria\/"},"wordCount":212,"image":{"@id":"https:\/\/portaltela.pt\/noticias\/2026\/01\/25\/mourinho-deixa-manu-e-bruma-de-fora-da-convocatoria\/#primaryimage"},"thumbnailUrl":"https:\/\/portaltela.pt\/s.01k8rhncp4jt1\/2026\/01\/img_920x518uu2026-01-25-00-34-25-2417172-im-639048980992169448.jpg","keywords":["Bruma","Estrela da Amadora","futebol","Juventus","les\u00f5es","Real Madrid"],"articleSection":["Desporto","Futebol"],"inLanguage":"pt-PT"},{"@type":"WebPage","@id":"https:\/\/portaltela.pt\/noticias\/2026\/01\/25\/mourinho-deixa-manu-e-bruma-de-fora-da-convocatoria\/","url":"https:\/\/portaltela.pt\/noticias\/2026\/01\/25\/mourinho-deixa-manu-e-bruma-de-fora-da-convocatoria\/","name":"Mourinho deixa Manu e Bruma de fora da convocat\u00f3ria - Portal Tela Portugal","isPartOf":{"@id":"https:\/\/portaltela.pt\/#website"},"primaryImageOfPage":{"@id":"https:\/\/portaltela.pt\/noticias\/2026\/01\/25\/mourinho-deixa-manu-e-bruma-de-fora-da-convocatoria\/#primaryimage"},"image":{"@id":"https:\/\/portaltela.pt\/noticias\/2026\/01\/25\/mourinho-deixa-manu-e-bruma-de-fora-da-convocatoria\/#primaryimage"},"thumbnailUrl":"https:\/\/portaltela.pt\/s.01k8rhncp4jt1\/2026\/01\/img_920x518uu2026-01-25-00-34-25-2417172-im-639048980992169448.jpg","datePublished":"2026-01-25T03:15:00+00:00","author":{"@id":"https:\/\/portaltela.pt\/#\/schema\/person\/c4278d4a6028830caff9ee44b42d32ed"},"breadcrumb":{"@id":"https:\/\/portaltela.pt\/noticias\/2026\/01\/25\/mourinho-deixa-manu-e-bruma-de-fora-da-convocatoria\/#breadcrumb"},"inLanguage":"pt-PT","potentialAction":[{"@type":"ReadAction","target":["https:\/\/portaltela.pt\/noticias\/2026\/01\/25\/mourinho-deixa-manu-e-bruma-de-fora-da-convocatoria\/"]}]},{"@type":"ImageObject","inLanguage":"pt-PT","@id":"https:\/\/portaltela.pt\/noticias\/2026\/01\/25\/mourinho-deixa-manu-e-bruma-de-fora-da-convocatoria\/#primaryimage","url":"https:\/\/portaltela.pt\/s.01k8rhncp4jt1\/2026\/01\/img_920x518uu2026-01-25-00-34-25-2417172-im-639048980992169448.jpg","contentUrl":"https:\/\/portaltela.pt\/s.01k8rhncp4jt1\/2026\/01\/img_920x518uu2026-01-25-00-34-25-2417172-im-639048980992169448.jpg","width":796,"height":448,"caption":"Mourinho afasta Manu e Bruma da convocat\u00f3ria para jogo com Estrela da Amadora"},{"@type":"BreadcrumbList","@id":"https:\/\/portaltela.pt\/noticias\/2026\/01\/25\/mourinho-deixa-manu-e-bruma-de-fora-da-convocatoria\/#breadcrumb","itemListElement":[{"@type":"ListItem","position":1,"name":"In\u00edcio","item":"https:\/\/portaltela.pt\/"},{"@type":"ListItem","position":2,"name":"Mourinho deixa Manu e Bruma de fora da convocat\u00f3ria"}]},{"@type":"WebSite","@id":"https:\/\/portaltela.pt\/#website","url":"https:\/\/portaltela.pt\/","name":"Portal Tela Portugal","description":"","potentialAction":[{"@type":"SearchAction","target":{"@type":"EntryPoint","urlTemplate":"https:\/\/portaltela.pt\/?s={search_term_string}"},"query-input":{"@type":"PropertyValueSpecification","valueRequired":true,"valueName":"search_term_string"}}],"inLanguage":"pt-PT"},{"@type":"Person","@id":"https:\/\/portaltela.pt\/#\/schema\/person\/c4278d4a6028830caff9ee44b42d32ed","name":"Telinha","image":{"@type":"ImageObject","inLanguage":"pt-PT","@id":"https:\/\/portaltela.pt\/s.01k8rhncp4jt1\/2025\/11\/talking-bot-125x125.png","url":"https:\/\/portaltela.pt\/s.01k8rhncp4jt1\/2025\/11\/talking-bot-125x125.png","contentUrl":"https:\/\/portaltela.pt\/s.01k8rhncp4jt1\/2025\/11\/talking-bot-125x125.png","caption":"Telinha"},"sameAs":["https:\/\/portaltela.pt\/"],"url":"https:\/\/portaltela.pt\/por\/367410592786\/"}]}},"_links":{"self":[{"href":"https:\/\/portaltela.pt\/api\/wp\/v2\/posts\/171297","targetHints":{"allow":["GET"]}}],"collection":[{"href":"https:\/\/portaltela.pt\/api\/wp\/v2\/posts"}],"about":[{"href":"https:\/\/portaltela.pt\/api\/wp\/v2\/types\/post"}],"author":[{"embeddable":true,"href":"https:\/\/portaltela.pt\/api\/wp\/v2\/users\/2"}],"replies":[{"embeddable":true,"href":"https:\/\/portaltela.pt\/api\/wp\/v2\/comments?post=171297"}],"version-history":[{"count":0,"href":"https:\/\/portaltela.pt\/api\/wp\/v2\/posts\/171297\/revisions"}],"wp:featuredmedia":[{"embeddable":true,"href":"https:\/\/portaltela.pt\/api\/wp\/v2\/media\/171298"}],"wp:attachment":[{"href":"https:\/\/portaltela.pt\/api\/wp\/v2\/media?parent=171297"}],"wp:term":[{"taxonomy":"category","embeddable":true,"href":"https:\/\/portaltela.pt\/api\/wp\/v2\/categories?post=171297"},{"taxonomy":"post_tag","embeddable":true,"href":"https:\/\/portaltela.pt\/api\/wp\/v2\/tags?post=171297"}],"curies":[{"name":"wp","href":"https:\/\/api.w.org\/{rel}","templated":true}]}}