{"id":171287,"date":"2026-01-24T22:00:00","date_gmt":"2026-01-25T01:00:00","guid":{"rendered":"https:\/\/portaltela.pt\/noticias\/2026\/01\/24\/trump-ameaca-canada-com-tarifas-de-100-se-houver-acordo-com-a-china\/"},"modified":"2026-01-24T22:00:00","modified_gmt":"2026-01-25T01:00:00","slug":"trump-ameaca-canada-com-tarifas-de-100-se-houver-acordo-com-a-china","status":"publish","type":"post","link":"https:\/\/portaltela.pt\/noticias\/internacional\/2026\/01\/24\/trump-ameaca-canada-com-tarifas-de-100-se-houver-acordo-com-a-china\/","title":{"rendered":"Trump amea\u00e7a Canad\u00e1 com tarifas de 100% se houver acordo com a China"},"content":{"rendered":"<p>O Presidente dos EUA, Donald Trump, amea\u00e7ou impor direitos aduaneiros de 100% sobre as importa\u00e7\u00f5es do Canad\u00e1 para os Estados Unidos caso haja um acordo comercial entre Canad\u00e1 e China. A declara\u00e7\u00e3o foi partilhada na rede social Truth Social, segundo a ag\u00eancia AFP.<\/p>\n<p>Trump declarou que n\u00e3o aceitar\u00e1 que o Canad\u00e1 seja um porto de passagem para a China e que o acordo entre Ottawa e Pequim prejudicaria os Estados Unidos. A conversa ocorreu num contexto de tens\u00f5es comerciais entre as duas grandes pot\u00eancias.<\/p>\n<p>O primeiro-ministro do Canad\u00e1, Mark Carney, tinha anunciado, na semana anterior, um acordo preliminar com a China em Pequim. A incid\u00eancia das negocia\u00e7\u00f5es ocorreu numa fase de negocia\u00e7\u00f5es sobre tarifas de ve\u00edculos el\u00e9tricos e produtos agr\u00edcolas.<\/p>\n<p>Trump j\u00e1 travava uma guerra comercial com a China ao longo do \u00faltimo ano, enquanto o Canad\u00e1 negociava redu\u00e7\u00f5es de tarifas para ve\u00edculos el\u00e9tricos chineses em troca de impostos de importa\u00e7\u00e3o mais baixos para produtos canadenses.<\/p>\n<p>A afirma\u00e7\u00e3o de Trump surge numa escalada de desentendimentos entre os EUA e Canad\u00e1, com a Na\u00e7\u00e3o a enfrentar press\u00f5es de Washington sobre soberania e pol\u00edticas comerciais. Em Davos, Trump tamb\u00e9m comentou o papel do Canad\u00e1 na economia global.<\/p>\n<p>Carney respondeu indiretamente, sugerindo que o Canad\u00e1 pode ser exemplo de soberania resistente a press\u00f5es externas. O gabinete do l\u00edder canadiano n\u00e3o respondeu de imediato a pedidos de coment\u00e1rio.<\/p>\n<p>Mais tarde, Trump revogou um convite para Carney integrar um suposto Conselho da Paz que o presidente tem explorado para resolver conflitos globais. A quest\u00e3o da Gronel\u00e2ndia tamb\u00e9m foi citada como parte de tens\u00f5es entre Washington e Ottawa.<\/p>\n","protected":false},"excerpt":{"rendered":"<ul>\n<li>Donald Trump amea\u00e7ou impor direitos aduaneiros de 100% sobre as importa\u00e7\u00f5es do Canad\u00e1 para os Estados Unidos se houver acordo comercial entre Canad\u00e1 e China.<\/li>\n<li>A amea\u00e7a foi partilhada na plataforma Truth Social, ap\u00f3s o Canad\u00e1 anunciar, em Pequim, um acordo preliminar com a China.<\/li>\n<li>Trump disse acreditar que o Canad\u00e1 seria transformado num \u201cporto de dep\u00f3sito\u201d para a China e afirmou que a China \u201cvai devorar o Canad\u00e1\u201d.<\/li>\n<li>O contexto envolve tens\u00f5es entre os dois pa\u00edses, com o Canad\u00e1 a negociar tarifas mais baixas sobre ve\u00edculos el\u00e9tricos chineses em troca de impostos de importa\u00e7\u00e3o mais baixos sobre produtos agr\u00edcolas canadenses.<\/li>\n<li>O gabinete do primeiro-ministro Mark Carney n\u00e3o respondeu a pedidos de coment\u00e1rio.<\/li>\n<\/ul>\n","protected":false},"author":2,"featured_media":171290,"comment_status":"closed","ping_status":"closed","sticky":false,"template":"","format":"standard","meta":{"footnotes":""},"categories":[4,1],"tags":[2015,244,3002,1600,3613,2036],"class_list":["post-171287","post","type-post","status-publish","format-standard","has-post-thumbnail","hentry","category-internacional","category-noticias","tag-canada","tag-comercio","tag-direitos-aduaneiros","tag-estados-unidos","tag-impostos","tag-negociacoes-internacionais"],"yoast_head":"<!-- This site is optimized with the Yoast SEO plugin v27.2 - https:\/\/yoast.com\/product\/yoast-seo-wordpress\/ -->\n<title>Trump amea\u00e7a Canad\u00e1 com tarifas de 100% se houver acordo com a China - Portal Tela Portugal<\/title>\n<meta name=\"robots\" content=\"index, follow, max-snippet:-1, max-image-preview:large, max-video-preview:-1\" \/>\n<meta property=\"og:locale\" content=\"pt_PT\" \/>\n<meta property=\"og:type\" content=\"article\" \/>\n<meta property=\"og:title\" content=\"Trump amea\u00e7a Canad\u00e1 com tarifas de 100% se houver acordo com a China - Portal Tela Portugal\" \/>\n<meta property=\"og:description\" content=\"Donald Trump amea\u00e7ou impor direitos aduaneiros de 100% sobre as importa\u00e7\u00f5es do Canad\u00e1 para os Estados Unidos se houver acordo comercial entre Canad\u00e1 e China. A amea\u00e7a foi partilhada na plataforma Truth Social, ap\u00f3s o Canad\u00e1 anunciar, em Pequim, um acordo preliminar com a China. Trump disse acreditar que o Canad\u00e1 seria transformado num \u201cporto de dep\u00f3sito\u201d para a China e afirmou que a China \u201cvai devorar o Canad\u00e1\u201d. O contexto envolve tens\u00f5es entre os dois pa\u00edses, com o Canad\u00e1 a negociar tarifas mais baixas sobre ve\u00edculos el\u00e9tricos chineses em troca de impostos de importa\u00e7\u00e3o mais baixos sobre produtos agr\u00edcolas canadenses. O gabinete do primeiro-ministro Mark Carney n\u00e3o respondeu a pedidos de coment\u00e1rio.\" \/>\n<meta property=\"og:url\" content=\"https:\/\/portaltela.pt\/noticias\/2026\/01\/24\/trump-ameaca-canada-com-tarifas-de-100-se-houver-acordo-com-a-china\/\" \/>\n<meta property=\"og:site_name\" content=\"Portal Tela Portugal\" \/>\n<meta property=\"article:published_time\" content=\"2026-01-25T01:00:00+00:00\" \/>\n<meta name=\"author\" content=\"Telinha\" \/>\n<meta name=\"twitter:card\" content=\"summary_large_image\" \/>\n<meta name=\"twitter:label1\" content=\"Escrito por\" \/>\n\t<meta name=\"twitter:data1\" content=\"Telinha\" \/>\n\t<meta name=\"twitter:label2\" content=\"Tempo estimado de leitura\" \/>\n\t<meta name=\"twitter:data2\" content=\"1 minuto\" \/>\n<script type=\"application\/ld+json\" class=\"yoast-schema-graph\">{\"@context\":\"https:\/\/schema.org\",\"@graph\":[{\"@type\":\"Article\",\"@id\":\"https:\/\/portaltela.pt\/noticias\/2026\/01\/24\/trump-ameaca-canada-com-tarifas-de-100-se-houver-acordo-com-a-china\/#article\",\"isPartOf\":{\"@id\":\"https:\/\/portaltela.pt\/noticias\/2026\/01\/24\/trump-ameaca-canada-com-tarifas-de-100-se-houver-acordo-com-a-china\/\"},\"author\":{\"name\":\"Telinha\",\"@id\":\"https:\/\/portaltela.pt\/#\/schema\/person\/c4278d4a6028830caff9ee44b42d32ed\"},\"headline\":\"Trump amea\u00e7a Canad\u00e1 com tarifas de 100% se houver acordo com a China\",\"datePublished\":\"2026-01-25T01:00:00+00:00\",\"mainEntityOfPage\":{\"@id\":\"https:\/\/portaltela.pt\/noticias\/2026\/01\/24\/trump-ameaca-canada-com-tarifas-de-100-se-houver-acordo-com-a-china\/\"},\"wordCount\":304,\"image\":{\"@id\":\"https:\/\/portaltela.pt\/noticias\/2026\/01\/24\/trump-ameaca-canada-com-tarifas-de-100-se-houver-acordo-com-a-china\/#primaryimage\"},\"thumbnailUrl\":\"https:\/\/portaltela.pt\/s.01k8rhncp4jt1\/2026\/01\/unnamed-file-5085.jpg\",\"keywords\":[\"Canad\u00e1\",\"com\u00e9rcio\",\"direitos aduaneiros\",\"Estados Unidos\",\"impostos\",\"negocia\u00e7\u00f5es internacionais\"],\"articleSection\":[\"Internacional\",\"Not\u00edcias\"],\"inLanguage\":\"pt-PT\"},{\"@type\":\"WebPage\",\"@id\":\"https:\/\/portaltela.pt\/noticias\/2026\/01\/24\/trump-ameaca-canada-com-tarifas-de-100-se-houver-acordo-com-a-china\/\",\"url\":\"https:\/\/portaltela.pt\/noticias\/2026\/01\/24\/trump-ameaca-canada-com-tarifas-de-100-se-houver-acordo-com-a-china\/\",\"name\":\"Trump amea\u00e7a Canad\u00e1 com tarifas de 100% se houver acordo com a China - Portal Tela Portugal\",\"isPartOf\":{\"@id\":\"https:\/\/portaltela.pt\/#website\"},\"primaryImageOfPage\":{\"@id\":\"https:\/\/portaltela.pt\/noticias\/2026\/01\/24\/trump-ameaca-canada-com-tarifas-de-100-se-houver-acordo-com-a-china\/#primaryimage\"},\"image\":{\"@id\":\"https:\/\/portaltela.pt\/noticias\/2026\/01\/24\/trump-ameaca-canada-com-tarifas-de-100-se-houver-acordo-com-a-china\/#primaryimage\"},\"thumbnailUrl\":\"https:\/\/portaltela.pt\/s.01k8rhncp4jt1\/2026\/01\/unnamed-file-5085.jpg\",\"datePublished\":\"2026-01-25T01:00:00+00:00\",\"author\":{\"@id\":\"https:\/\/portaltela.pt\/#\/schema\/person\/c4278d4a6028830caff9ee44b42d32ed\"},\"breadcrumb\":{\"@id\":\"https:\/\/portaltela.pt\/noticias\/2026\/01\/24\/trump-ameaca-canada-com-tarifas-de-100-se-houver-acordo-com-a-china\/#breadcrumb\"},\"inLanguage\":\"pt-PT\",\"potentialAction\":[{\"@type\":\"ReadAction\",\"target\":[\"https:\/\/portaltela.pt\/noticias\/2026\/01\/24\/trump-ameaca-canada-com-tarifas-de-100-se-houver-acordo-com-a-china\/\"]}]},{\"@type\":\"ImageObject\",\"inLanguage\":\"pt-PT\",\"@id\":\"https:\/\/portaltela.pt\/noticias\/2026\/01\/24\/trump-ameaca-canada-com-tarifas-de-100-se-houver-acordo-com-a-china\/#primaryimage\",\"url\":\"https:\/\/portaltela.pt\/s.01k8rhncp4jt1\/2026\/01\/unnamed-file-5085.jpg\",\"contentUrl\":\"https:\/\/portaltela.pt\/s.01k8rhncp4jt1\/2026\/01\/unnamed-file-5085.jpg\",\"width\":796,\"height\":448,\"caption\":\"Trump amea\u00e7a Canad\u00e1 com \\\"direitos aduaneiros de 100%\\\" se houver acordo comercial com a China\"},{\"@type\":\"BreadcrumbList\",\"@id\":\"https:\/\/portaltela.pt\/noticias\/2026\/01\/24\/trump-ameaca-canada-com-tarifas-de-100-se-houver-acordo-com-a-china\/#breadcrumb\",\"itemListElement\":[{\"@type\":\"ListItem\",\"position\":1,\"name\":\"In\u00edcio\",\"item\":\"https:\/\/portaltela.pt\/\"},{\"@type\":\"ListItem\",\"position\":2,\"name\":\"Trump amea\u00e7a Canad\u00e1 com tarifas de 100% se houver acordo com a China\"}]},{\"@type\":\"WebSite\",\"@id\":\"https:\/\/portaltela.pt\/#website\",\"url\":\"https:\/\/portaltela.pt\/\",\"name\":\"Portal Tela Portugal\",\"description\":\"\",\"potentialAction\":[{\"@type\":\"SearchAction\",\"target\":{\"@type\":\"EntryPoint\",\"urlTemplate\":\"https:\/\/portaltela.pt\/?s={search_term_string}\"},\"query-input\":{\"@type\":\"PropertyValueSpecification\",\"valueRequired\":true,\"valueName\":\"search_term_string\"}}],\"inLanguage\":\"pt-PT\"},{\"@type\":\"Person\",\"@id\":\"https:\/\/portaltela.pt\/#\/schema\/person\/c4278d4a6028830caff9ee44b42d32ed\",\"name\":\"Telinha\",\"image\":{\"@type\":\"ImageObject\",\"inLanguage\":\"pt-PT\",\"@id\":\"https:\/\/portaltela.pt\/s.01k8rhncp4jt1\/2025\/11\/talking-bot-125x125.png\",\"url\":\"https:\/\/portaltela.pt\/s.01k8rhncp4jt1\/2025\/11\/talking-bot-125x125.png\",\"contentUrl\":\"https:\/\/portaltela.pt\/s.01k8rhncp4jt1\/2025\/11\/talking-bot-125x125.png\",\"caption\":\"Telinha\"},\"sameAs\":[\"https:\/\/portaltela.pt\/\"],\"url\":\"https:\/\/portaltela.pt\/por\/367410592786\/\"}]}<\/script>\n<!-- \/ Yoast SEO plugin. -->","yoast_head_json":{"title":"Trump amea\u00e7a Canad\u00e1 com tarifas de 100% se houver acordo com a China - Portal Tela Portugal","robots":{"index":"index","follow":"follow","max-snippet":"max-snippet:-1","max-image-preview":"max-image-preview:large","max-video-preview":"max-video-preview:-1"},"og_locale":"pt_PT","og_type":"article","og_title":"Trump amea\u00e7a Canad\u00e1 com tarifas de 100% se houver acordo com a China - Portal Tela Portugal","og_description":"Donald Trump amea\u00e7ou impor direitos aduaneiros de 100% sobre as importa\u00e7\u00f5es do Canad\u00e1 para os Estados Unidos se houver acordo comercial entre Canad\u00e1 e China. A amea\u00e7a foi partilhada na plataforma Truth Social, ap\u00f3s o Canad\u00e1 anunciar, em Pequim, um acordo preliminar com a China. Trump disse acreditar que o Canad\u00e1 seria transformado num \u201cporto de dep\u00f3sito\u201d para a China e afirmou que a China \u201cvai devorar o Canad\u00e1\u201d. O contexto envolve tens\u00f5es entre os dois pa\u00edses, com o Canad\u00e1 a negociar tarifas mais baixas sobre ve\u00edculos el\u00e9tricos chineses em troca de impostos de importa\u00e7\u00e3o mais baixos sobre produtos agr\u00edcolas canadenses. O gabinete do primeiro-ministro Mark Carney n\u00e3o respondeu a pedidos de coment\u00e1rio.","og_url":"https:\/\/portaltela.pt\/noticias\/2026\/01\/24\/trump-ameaca-canada-com-tarifas-de-100-se-houver-acordo-com-a-china\/","og_site_name":"Portal Tela Portugal","article_published_time":"2026-01-25T01:00:00+00:00","author":"Telinha","twitter_card":"summary_large_image","twitter_misc":{"Escrito por":"Telinha","Tempo estimado de leitura":"1 minuto"},"schema":{"@context":"https:\/\/schema.org","@graph":[{"@type":"Article","@id":"https:\/\/portaltela.pt\/noticias\/2026\/01\/24\/trump-ameaca-canada-com-tarifas-de-100-se-houver-acordo-com-a-china\/#article","isPartOf":{"@id":"https:\/\/portaltela.pt\/noticias\/2026\/01\/24\/trump-ameaca-canada-com-tarifas-de-100-se-houver-acordo-com-a-china\/"},"author":{"name":"Telinha","@id":"https:\/\/portaltela.pt\/#\/schema\/person\/c4278d4a6028830caff9ee44b42d32ed"},"headline":"Trump amea\u00e7a Canad\u00e1 com tarifas de 100% se houver acordo com a China","datePublished":"2026-01-25T01:00:00+00:00","mainEntityOfPage":{"@id":"https:\/\/portaltela.pt\/noticias\/2026\/01\/24\/trump-ameaca-canada-com-tarifas-de-100-se-houver-acordo-com-a-china\/"},"wordCount":304,"image":{"@id":"https:\/\/portaltela.pt\/noticias\/2026\/01\/24\/trump-ameaca-canada-com-tarifas-de-100-se-houver-acordo-com-a-china\/#primaryimage"},"thumbnailUrl":"https:\/\/portaltela.pt\/s.01k8rhncp4jt1\/2026\/01\/unnamed-file-5085.jpg","keywords":["Canad\u00e1","com\u00e9rcio","direitos aduaneiros","Estados Unidos","impostos","negocia\u00e7\u00f5es internacionais"],"articleSection":["Internacional","Not\u00edcias"],"inLanguage":"pt-PT"},{"@type":"WebPage","@id":"https:\/\/portaltela.pt\/noticias\/2026\/01\/24\/trump-ameaca-canada-com-tarifas-de-100-se-houver-acordo-com-a-china\/","url":"https:\/\/portaltela.pt\/noticias\/2026\/01\/24\/trump-ameaca-canada-com-tarifas-de-100-se-houver-acordo-com-a-china\/","name":"Trump amea\u00e7a Canad\u00e1 com tarifas de 100% se houver acordo com a China - Portal Tela Portugal","isPartOf":{"@id":"https:\/\/portaltela.pt\/#website"},"primaryImageOfPage":{"@id":"https:\/\/portaltela.pt\/noticias\/2026\/01\/24\/trump-ameaca-canada-com-tarifas-de-100-se-houver-acordo-com-a-china\/#primaryimage"},"image":{"@id":"https:\/\/portaltela.pt\/noticias\/2026\/01\/24\/trump-ameaca-canada-com-tarifas-de-100-se-houver-acordo-com-a-china\/#primaryimage"},"thumbnailUrl":"https:\/\/portaltela.pt\/s.01k8rhncp4jt1\/2026\/01\/unnamed-file-5085.jpg","datePublished":"2026-01-25T01:00:00+00:00","author":{"@id":"https:\/\/portaltela.pt\/#\/schema\/person\/c4278d4a6028830caff9ee44b42d32ed"},"breadcrumb":{"@id":"https:\/\/portaltela.pt\/noticias\/2026\/01\/24\/trump-ameaca-canada-com-tarifas-de-100-se-houver-acordo-com-a-china\/#breadcrumb"},"inLanguage":"pt-PT","potentialAction":[{"@type":"ReadAction","target":["https:\/\/portaltela.pt\/noticias\/2026\/01\/24\/trump-ameaca-canada-com-tarifas-de-100-se-houver-acordo-com-a-china\/"]}]},{"@type":"ImageObject","inLanguage":"pt-PT","@id":"https:\/\/portaltela.pt\/noticias\/2026\/01\/24\/trump-ameaca-canada-com-tarifas-de-100-se-houver-acordo-com-a-china\/#primaryimage","url":"https:\/\/portaltela.pt\/s.01k8rhncp4jt1\/2026\/01\/unnamed-file-5085.jpg","contentUrl":"https:\/\/portaltela.pt\/s.01k8rhncp4jt1\/2026\/01\/unnamed-file-5085.jpg","width":796,"height":448,"caption":"Trump amea\u00e7a Canad\u00e1 com \"direitos aduaneiros de 100%\" se houver acordo comercial com a China"},{"@type":"BreadcrumbList","@id":"https:\/\/portaltela.pt\/noticias\/2026\/01\/24\/trump-ameaca-canada-com-tarifas-de-100-se-houver-acordo-com-a-china\/#breadcrumb","itemListElement":[{"@type":"ListItem","position":1,"name":"In\u00edcio","item":"https:\/\/portaltela.pt\/"},{"@type":"ListItem","position":2,"name":"Trump amea\u00e7a Canad\u00e1 com tarifas de 100% se houver acordo com a China"}]},{"@type":"WebSite","@id":"https:\/\/portaltela.pt\/#website","url":"https:\/\/portaltela.pt\/","name":"Portal Tela Portugal","description":"","potentialAction":[{"@type":"SearchAction","target":{"@type":"EntryPoint","urlTemplate":"https:\/\/portaltela.pt\/?s={search_term_string}"},"query-input":{"@type":"PropertyValueSpecification","valueRequired":true,"valueName":"search_term_string"}}],"inLanguage":"pt-PT"},{"@type":"Person","@id":"https:\/\/portaltela.pt\/#\/schema\/person\/c4278d4a6028830caff9ee44b42d32ed","name":"Telinha","image":{"@type":"ImageObject","inLanguage":"pt-PT","@id":"https:\/\/portaltela.pt\/s.01k8rhncp4jt1\/2025\/11\/talking-bot-125x125.png","url":"https:\/\/portaltela.pt\/s.01k8rhncp4jt1\/2025\/11\/talking-bot-125x125.png","contentUrl":"https:\/\/portaltela.pt\/s.01k8rhncp4jt1\/2025\/11\/talking-bot-125x125.png","caption":"Telinha"},"sameAs":["https:\/\/portaltela.pt\/"],"url":"https:\/\/portaltela.pt\/por\/367410592786\/"}]}},"_links":{"self":[{"href":"https:\/\/portaltela.pt\/api\/wp\/v2\/posts\/171287","targetHints":{"allow":["GET"]}}],"collection":[{"href":"https:\/\/portaltela.pt\/api\/wp\/v2\/posts"}],"about":[{"href":"https:\/\/portaltela.pt\/api\/wp\/v2\/types\/post"}],"author":[{"embeddable":true,"href":"https:\/\/portaltela.pt\/api\/wp\/v2\/users\/2"}],"replies":[{"embeddable":true,"href":"https:\/\/portaltela.pt\/api\/wp\/v2\/comments?post=171287"}],"version-history":[{"count":0,"href":"https:\/\/portaltela.pt\/api\/wp\/v2\/posts\/171287\/revisions"}],"wp:featuredmedia":[{"embeddable":true,"href":"https:\/\/portaltela.pt\/api\/wp\/v2\/media\/171290"}],"wp:attachment":[{"href":"https:\/\/portaltela.pt\/api\/wp\/v2\/media?parent=171287"}],"wp:term":[{"taxonomy":"category","embeddable":true,"href":"https:\/\/portaltela.pt\/api\/wp\/v2\/categories?post=171287"},{"taxonomy":"post_tag","embeddable":true,"href":"https:\/\/portaltela.pt\/api\/wp\/v2\/tags?post=171287"}],"curies":[{"name":"wp","href":"https:\/\/api.w.org\/{rel}","templated":true}]}}