{"id":171265,"date":"2026-01-24T22:30:00","date_gmt":"2026-01-25T01:30:00","guid":{"rendered":"https:\/\/portaltela.pt\/noticias\/2026\/01\/24\/depressao-ingrid-deixa-metade-do-pais-coberta-de-branco\/"},"modified":"2026-01-24T22:30:00","modified_gmt":"2026-01-25T01:30:00","slug":"depressao-ingrid-deixa-metade-do-pais-coberta-de-branco","status":"publish","type":"post","link":"https:\/\/portaltela.pt\/noticias\/2026\/01\/24\/depressao-ingrid-deixa-metade-do-pais-coberta-de-branco\/","title":{"rendered":"Depress\u00e3o Ingrid deixa metade do pa\u00eds coberta de branco"},"content":{"rendered":"<p>Depress\u00e3o Ingrid levou frio e neve a partes do norte at\u00e9 ao sul de Portugal, tal como previsto pelos servi\u00e7os meteorol\u00f3gicos. Regi\u00f5es entre o Minho e o Alentejo registaram queda de neve e geada ao longo de sexta para s\u00e1bado.<\/p>\n<p>Na serra de Montejunto, no distrito de Lisboa, a neve surgiu no final da noite de sexta-feira. No Alentejo, cidades como Marv\u00e3o, Borba, Estremoz e Campo Maior tamb\u00e9m tiveram o manto branco a cobrir ruas e campos.<\/p>\n<p>Muitos residentes e visitantes aproveitaram o fim de semana para atividades na neve, seja para lazer ou para observar a paisagem. A massa de ar frio manteve as temperaturas baixas durante o dia.<\/p>\n<h3>Impacto e zonas afetadas<\/h3>\n<p>As autoridades e servi\u00e7os meteorol\u00f3gicos destacam que o frio intenso foi sentido em diversos distritos, com acentuada curiosidade p\u00fablica em v\u00e1rias regi\u00f5es. H\u00e1 registos de neve em \u00e1reas urbanas e rurais, contribuindo para paisagens incomuns.<\/p>\n<h3>Incidente em Carrazeda de Ansi\u00e3es<\/h3>\n<p>Em Carrazeda de Ansi\u00e3es, o peso da neve provocou o desabamento do telhado de uma capela, causando preju\u00edzos estimados em 50 mil euros. N\u00e3o foram reportadas v\u00edtimas no incidente, at\u00e9 ao momento.<\/p>\n<p>Fonte: IPMA. A cobertura dos acontecimentos acompanha a confirma\u00e7\u00e3o de mapas de neve e as atualiza\u00e7\u00f5es sobre danos materiais.<\/p>\n","protected":false},"excerpt":{"rendered":"<ul>\n<li>A depress\u00e3o Ingrid trouxe frio e queda de neve de Minho ao Alentejo, com observa\u00e7\u00e3o at\u00e9 na serra de Montejunto, em Lisboa, ao final da noite de sexta-feira.<\/li>\n<li>O manto branco embelezou paisagens urbanas e rurais em v\u00e1rias regi\u00f5es ao longo de s\u00e1bado, levando muitos a viajar para aproveitar a neve.<\/li>\n<li>Em algumas \u00e1reas, como no Alentejo, cidades como Marv\u00e3o, Borba, Estremoz e Campo Maior ficaram cobertas de neve.<\/li>\n<li>O peso da neve causou danos em Carrazeda de Ansi\u00e3es, onde o telhado de uma capela desabou, com preju\u00edzo estimado em 50 mil euros.<\/li>\n<li>A situa\u00e7\u00e3o foi amplamente acompanhada pelo p\u00fablico, com muitos portugueses a desfrutarem do fen\u00f3meno clim\u00e1tico no fim de semana.<\/li>\n<\/ul>\n","protected":false},"author":2,"featured_media":171271,"comment_status":"closed","ping_status":"closed","sticky":false,"template":"","format":"standard","meta":{"footnotes":""},"categories":[1],"tags":[4070,3346,4182,2289,1098,3377],"class_list":["post-171265","post","type-post","status-publish","format-standard","has-post-thumbnail","hentry","category-noticias","tag-borba","tag-campo-maior","tag-carrazeda-de-ansiaes","tag-desabamentos","tag-estremoz","tag-marvao"],"yoast_head":"<!-- This site is optimized with the Yoast SEO plugin v27.2 - https:\/\/yoast.com\/product\/yoast-seo-wordpress\/ -->\n<title>Depress\u00e3o Ingrid deixa metade do pa\u00eds coberta de branco - Portal Tela Portugal<\/title>\n<meta name=\"robots\" content=\"index, follow, max-snippet:-1, max-image-preview:large, max-video-preview:-1\" \/>\n<meta property=\"og:locale\" content=\"pt_PT\" \/>\n<meta property=\"og:type\" content=\"article\" \/>\n<meta property=\"og:title\" content=\"Depress\u00e3o Ingrid deixa metade do pa\u00eds coberta de branco - Portal Tela Portugal\" \/>\n<meta property=\"og:description\" content=\"A depress\u00e3o Ingrid trouxe frio e queda de neve de Minho ao Alentejo, com observa\u00e7\u00e3o at\u00e9 na serra de Montejunto, em Lisboa, ao final da noite de sexta-feira. O manto branco embelezou paisagens urbanas e rurais em v\u00e1rias regi\u00f5es ao longo de s\u00e1bado, levando muitos a viajar para aproveitar a neve. Em algumas \u00e1reas, como no Alentejo, cidades como Marv\u00e3o, Borba, Estremoz e Campo Maior ficaram cobertas de neve. O peso da neve causou danos em Carrazeda de Ansi\u00e3es, onde o telhado de uma capela desabou, com preju\u00edzo estimado em 50 mil euros. A situa\u00e7\u00e3o foi amplamente acompanhada pelo p\u00fablico, com muitos portugueses a desfrutarem do fen\u00f3meno clim\u00e1tico no fim de semana.\" \/>\n<meta property=\"og:url\" content=\"https:\/\/portaltela.pt\/noticias\/2026\/01\/24\/depressao-ingrid-deixa-metade-do-pais-coberta-de-branco\/\" \/>\n<meta property=\"og:site_name\" content=\"Portal Tela Portugal\" \/>\n<meta property=\"article:published_time\" content=\"2026-01-25T01:30:00+00:00\" \/>\n<meta name=\"author\" content=\"Telinha\" \/>\n<meta name=\"twitter:card\" content=\"summary_large_image\" \/>\n<meta name=\"twitter:label1\" content=\"Escrito por\" \/>\n\t<meta name=\"twitter:data1\" content=\"Telinha\" \/>\n\t<meta name=\"twitter:label2\" content=\"Tempo estimado de leitura\" \/>\n\t<meta name=\"twitter:data2\" content=\"1 minuto\" \/>\n<script type=\"application\/ld+json\" class=\"yoast-schema-graph\">{\"@context\":\"https:\/\/schema.org\",\"@graph\":[{\"@type\":\"Article\",\"@id\":\"https:\/\/portaltela.pt\/noticias\/2026\/01\/24\/depressao-ingrid-deixa-metade-do-pais-coberta-de-branco\/#article\",\"isPartOf\":{\"@id\":\"https:\/\/portaltela.pt\/noticias\/2026\/01\/24\/depressao-ingrid-deixa-metade-do-pais-coberta-de-branco\/\"},\"author\":{\"name\":\"Telinha\",\"@id\":\"https:\/\/portaltela.pt\/#\/schema\/person\/c4278d4a6028830caff9ee44b42d32ed\"},\"headline\":\"Depress\u00e3o Ingrid deixa metade do pa\u00eds coberta de branco\",\"datePublished\":\"2026-01-25T01:30:00+00:00\",\"mainEntityOfPage\":{\"@id\":\"https:\/\/portaltela.pt\/noticias\/2026\/01\/24\/depressao-ingrid-deixa-metade-do-pais-coberta-de-branco\/\"},\"wordCount\":234,\"image\":{\"@id\":\"https:\/\/portaltela.pt\/noticias\/2026\/01\/24\/depressao-ingrid-deixa-metade-do-pais-coberta-de-branco\/#primaryimage\"},\"thumbnailUrl\":\"https:\/\/portaltela.pt\/s.01k8rhncp4jt1\/2026\/01\/img_1500x1000uu2026-01-25-00-37-55-2262413.jpg\",\"keywords\":[\"Borba\",\"Campo Maior\",\"Carrazeda de Ansi\u00e3es\",\"desabamentos\",\"Estremoz\",\"Marv\u00e3o\"],\"articleSection\":[\"Not\u00edcias\"],\"inLanguage\":\"pt-PT\"},{\"@type\":\"WebPage\",\"@id\":\"https:\/\/portaltela.pt\/noticias\/2026\/01\/24\/depressao-ingrid-deixa-metade-do-pais-coberta-de-branco\/\",\"url\":\"https:\/\/portaltela.pt\/noticias\/2026\/01\/24\/depressao-ingrid-deixa-metade-do-pais-coberta-de-branco\/\",\"name\":\"Depress\u00e3o Ingrid deixa metade do pa\u00eds coberta de branco - Portal Tela Portugal\",\"isPartOf\":{\"@id\":\"https:\/\/portaltela.pt\/#website\"},\"primaryImageOfPage\":{\"@id\":\"https:\/\/portaltela.pt\/noticias\/2026\/01\/24\/depressao-ingrid-deixa-metade-do-pais-coberta-de-branco\/#primaryimage\"},\"image\":{\"@id\":\"https:\/\/portaltela.pt\/noticias\/2026\/01\/24\/depressao-ingrid-deixa-metade-do-pais-coberta-de-branco\/#primaryimage\"},\"thumbnailUrl\":\"https:\/\/portaltela.pt\/s.01k8rhncp4jt1\/2026\/01\/img_1500x1000uu2026-01-25-00-37-55-2262413.jpg\",\"datePublished\":\"2026-01-25T01:30:00+00:00\",\"author\":{\"@id\":\"https:\/\/portaltela.pt\/#\/schema\/person\/c4278d4a6028830caff9ee44b42d32ed\"},\"breadcrumb\":{\"@id\":\"https:\/\/portaltela.pt\/noticias\/2026\/01\/24\/depressao-ingrid-deixa-metade-do-pais-coberta-de-branco\/#breadcrumb\"},\"inLanguage\":\"pt-PT\",\"potentialAction\":[{\"@type\":\"ReadAction\",\"target\":[\"https:\/\/portaltela.pt\/noticias\/2026\/01\/24\/depressao-ingrid-deixa-metade-do-pais-coberta-de-branco\/\"]}]},{\"@type\":\"ImageObject\",\"inLanguage\":\"pt-PT\",\"@id\":\"https:\/\/portaltela.pt\/noticias\/2026\/01\/24\/depressao-ingrid-deixa-metade-do-pais-coberta-de-branco\/#primaryimage\",\"url\":\"https:\/\/portaltela.pt\/s.01k8rhncp4jt1\/2026\/01\/img_1500x1000uu2026-01-25-00-37-55-2262413.jpg\",\"contentUrl\":\"https:\/\/portaltela.pt\/s.01k8rhncp4jt1\/2026\/01\/img_1500x1000uu2026-01-25-00-37-55-2262413.jpg\",\"width\":796,\"height\":448,\"caption\":\"Depress\u00e3o Ingrid a 23 de janeiro\"},{\"@type\":\"BreadcrumbList\",\"@id\":\"https:\/\/portaltela.pt\/noticias\/2026\/01\/24\/depressao-ingrid-deixa-metade-do-pais-coberta-de-branco\/#breadcrumb\",\"itemListElement\":[{\"@type\":\"ListItem\",\"position\":1,\"name\":\"In\u00edcio\",\"item\":\"https:\/\/portaltela.pt\/\"},{\"@type\":\"ListItem\",\"position\":2,\"name\":\"Depress\u00e3o Ingrid deixa metade do pa\u00eds coberta de branco\"}]},{\"@type\":\"WebSite\",\"@id\":\"https:\/\/portaltela.pt\/#website\",\"url\":\"https:\/\/portaltela.pt\/\",\"name\":\"Portal Tela Portugal\",\"description\":\"\",\"potentialAction\":[{\"@type\":\"SearchAction\",\"target\":{\"@type\":\"EntryPoint\",\"urlTemplate\":\"https:\/\/portaltela.pt\/?s={search_term_string}\"},\"query-input\":{\"@type\":\"PropertyValueSpecification\",\"valueRequired\":true,\"valueName\":\"search_term_string\"}}],\"inLanguage\":\"pt-PT\"},{\"@type\":\"Person\",\"@id\":\"https:\/\/portaltela.pt\/#\/schema\/person\/c4278d4a6028830caff9ee44b42d32ed\",\"name\":\"Telinha\",\"image\":{\"@type\":\"ImageObject\",\"inLanguage\":\"pt-PT\",\"@id\":\"https:\/\/portaltela.pt\/s.01k8rhncp4jt1\/2025\/11\/talking-bot-125x125.png\",\"url\":\"https:\/\/portaltela.pt\/s.01k8rhncp4jt1\/2025\/11\/talking-bot-125x125.png\",\"contentUrl\":\"https:\/\/portaltela.pt\/s.01k8rhncp4jt1\/2025\/11\/talking-bot-125x125.png\",\"caption\":\"Telinha\"},\"sameAs\":[\"https:\/\/portaltela.pt\/\"],\"url\":\"https:\/\/portaltela.pt\/por\/367410592786\/\"}]}<\/script>\n<!-- \/ Yoast SEO plugin. -->","yoast_head_json":{"title":"Depress\u00e3o Ingrid deixa metade do pa\u00eds coberta de branco - Portal Tela Portugal","robots":{"index":"index","follow":"follow","max-snippet":"max-snippet:-1","max-image-preview":"max-image-preview:large","max-video-preview":"max-video-preview:-1"},"og_locale":"pt_PT","og_type":"article","og_title":"Depress\u00e3o Ingrid deixa metade do pa\u00eds coberta de branco - Portal Tela Portugal","og_description":"A depress\u00e3o Ingrid trouxe frio e queda de neve de Minho ao Alentejo, com observa\u00e7\u00e3o at\u00e9 na serra de Montejunto, em Lisboa, ao final da noite de sexta-feira. O manto branco embelezou paisagens urbanas e rurais em v\u00e1rias regi\u00f5es ao longo de s\u00e1bado, levando muitos a viajar para aproveitar a neve. Em algumas \u00e1reas, como no Alentejo, cidades como Marv\u00e3o, Borba, Estremoz e Campo Maior ficaram cobertas de neve. O peso da neve causou danos em Carrazeda de Ansi\u00e3es, onde o telhado de uma capela desabou, com preju\u00edzo estimado em 50 mil euros. A situa\u00e7\u00e3o foi amplamente acompanhada pelo p\u00fablico, com muitos portugueses a desfrutarem do fen\u00f3meno clim\u00e1tico no fim de semana.","og_url":"https:\/\/portaltela.pt\/noticias\/2026\/01\/24\/depressao-ingrid-deixa-metade-do-pais-coberta-de-branco\/","og_site_name":"Portal Tela Portugal","article_published_time":"2026-01-25T01:30:00+00:00","author":"Telinha","twitter_card":"summary_large_image","twitter_misc":{"Escrito por":"Telinha","Tempo estimado de leitura":"1 minuto"},"schema":{"@context":"https:\/\/schema.org","@graph":[{"@type":"Article","@id":"https:\/\/portaltela.pt\/noticias\/2026\/01\/24\/depressao-ingrid-deixa-metade-do-pais-coberta-de-branco\/#article","isPartOf":{"@id":"https:\/\/portaltela.pt\/noticias\/2026\/01\/24\/depressao-ingrid-deixa-metade-do-pais-coberta-de-branco\/"},"author":{"name":"Telinha","@id":"https:\/\/portaltela.pt\/#\/schema\/person\/c4278d4a6028830caff9ee44b42d32ed"},"headline":"Depress\u00e3o Ingrid deixa metade do pa\u00eds coberta de branco","datePublished":"2026-01-25T01:30:00+00:00","mainEntityOfPage":{"@id":"https:\/\/portaltela.pt\/noticias\/2026\/01\/24\/depressao-ingrid-deixa-metade-do-pais-coberta-de-branco\/"},"wordCount":234,"image":{"@id":"https:\/\/portaltela.pt\/noticias\/2026\/01\/24\/depressao-ingrid-deixa-metade-do-pais-coberta-de-branco\/#primaryimage"},"thumbnailUrl":"https:\/\/portaltela.pt\/s.01k8rhncp4jt1\/2026\/01\/img_1500x1000uu2026-01-25-00-37-55-2262413.jpg","keywords":["Borba","Campo Maior","Carrazeda de Ansi\u00e3es","desabamentos","Estremoz","Marv\u00e3o"],"articleSection":["Not\u00edcias"],"inLanguage":"pt-PT"},{"@type":"WebPage","@id":"https:\/\/portaltela.pt\/noticias\/2026\/01\/24\/depressao-ingrid-deixa-metade-do-pais-coberta-de-branco\/","url":"https:\/\/portaltela.pt\/noticias\/2026\/01\/24\/depressao-ingrid-deixa-metade-do-pais-coberta-de-branco\/","name":"Depress\u00e3o Ingrid deixa metade do pa\u00eds coberta de branco - Portal Tela Portugal","isPartOf":{"@id":"https:\/\/portaltela.pt\/#website"},"primaryImageOfPage":{"@id":"https:\/\/portaltela.pt\/noticias\/2026\/01\/24\/depressao-ingrid-deixa-metade-do-pais-coberta-de-branco\/#primaryimage"},"image":{"@id":"https:\/\/portaltela.pt\/noticias\/2026\/01\/24\/depressao-ingrid-deixa-metade-do-pais-coberta-de-branco\/#primaryimage"},"thumbnailUrl":"https:\/\/portaltela.pt\/s.01k8rhncp4jt1\/2026\/01\/img_1500x1000uu2026-01-25-00-37-55-2262413.jpg","datePublished":"2026-01-25T01:30:00+00:00","author":{"@id":"https:\/\/portaltela.pt\/#\/schema\/person\/c4278d4a6028830caff9ee44b42d32ed"},"breadcrumb":{"@id":"https:\/\/portaltela.pt\/noticias\/2026\/01\/24\/depressao-ingrid-deixa-metade-do-pais-coberta-de-branco\/#breadcrumb"},"inLanguage":"pt-PT","potentialAction":[{"@type":"ReadAction","target":["https:\/\/portaltela.pt\/noticias\/2026\/01\/24\/depressao-ingrid-deixa-metade-do-pais-coberta-de-branco\/"]}]},{"@type":"ImageObject","inLanguage":"pt-PT","@id":"https:\/\/portaltela.pt\/noticias\/2026\/01\/24\/depressao-ingrid-deixa-metade-do-pais-coberta-de-branco\/#primaryimage","url":"https:\/\/portaltela.pt\/s.01k8rhncp4jt1\/2026\/01\/img_1500x1000uu2026-01-25-00-37-55-2262413.jpg","contentUrl":"https:\/\/portaltela.pt\/s.01k8rhncp4jt1\/2026\/01\/img_1500x1000uu2026-01-25-00-37-55-2262413.jpg","width":796,"height":448,"caption":"Depress\u00e3o Ingrid a 23 de janeiro"},{"@type":"BreadcrumbList","@id":"https:\/\/portaltela.pt\/noticias\/2026\/01\/24\/depressao-ingrid-deixa-metade-do-pais-coberta-de-branco\/#breadcrumb","itemListElement":[{"@type":"ListItem","position":1,"name":"In\u00edcio","item":"https:\/\/portaltela.pt\/"},{"@type":"ListItem","position":2,"name":"Depress\u00e3o Ingrid deixa metade do pa\u00eds coberta de branco"}]},{"@type":"WebSite","@id":"https:\/\/portaltela.pt\/#website","url":"https:\/\/portaltela.pt\/","name":"Portal Tela Portugal","description":"","potentialAction":[{"@type":"SearchAction","target":{"@type":"EntryPoint","urlTemplate":"https:\/\/portaltela.pt\/?s={search_term_string}"},"query-input":{"@type":"PropertyValueSpecification","valueRequired":true,"valueName":"search_term_string"}}],"inLanguage":"pt-PT"},{"@type":"Person","@id":"https:\/\/portaltela.pt\/#\/schema\/person\/c4278d4a6028830caff9ee44b42d32ed","name":"Telinha","image":{"@type":"ImageObject","inLanguage":"pt-PT","@id":"https:\/\/portaltela.pt\/s.01k8rhncp4jt1\/2025\/11\/talking-bot-125x125.png","url":"https:\/\/portaltela.pt\/s.01k8rhncp4jt1\/2025\/11\/talking-bot-125x125.png","contentUrl":"https:\/\/portaltela.pt\/s.01k8rhncp4jt1\/2025\/11\/talking-bot-125x125.png","caption":"Telinha"},"sameAs":["https:\/\/portaltela.pt\/"],"url":"https:\/\/portaltela.pt\/por\/367410592786\/"}]}},"_links":{"self":[{"href":"https:\/\/portaltela.pt\/api\/wp\/v2\/posts\/171265","targetHints":{"allow":["GET"]}}],"collection":[{"href":"https:\/\/portaltela.pt\/api\/wp\/v2\/posts"}],"about":[{"href":"https:\/\/portaltela.pt\/api\/wp\/v2\/types\/post"}],"author":[{"embeddable":true,"href":"https:\/\/portaltela.pt\/api\/wp\/v2\/users\/2"}],"replies":[{"embeddable":true,"href":"https:\/\/portaltela.pt\/api\/wp\/v2\/comments?post=171265"}],"version-history":[{"count":0,"href":"https:\/\/portaltela.pt\/api\/wp\/v2\/posts\/171265\/revisions"}],"wp:featuredmedia":[{"embeddable":true,"href":"https:\/\/portaltela.pt\/api\/wp\/v2\/media\/171271"}],"wp:attachment":[{"href":"https:\/\/portaltela.pt\/api\/wp\/v2\/media?parent=171265"}],"wp:term":[{"taxonomy":"category","embeddable":true,"href":"https:\/\/portaltela.pt\/api\/wp\/v2\/categories?post=171265"},{"taxonomy":"post_tag","embeddable":true,"href":"https:\/\/portaltela.pt\/api\/wp\/v2\/tags?post=171265"}],"curies":[{"name":"wp","href":"https:\/\/api.w.org\/{rel}","templated":true}]}}