{"id":171252,"date":"2026-01-24T22:30:00","date_gmt":"2026-01-25T01:30:00","guid":{"rendered":"https:\/\/portaltela.pt\/noticias\/2026\/01\/24\/perfil-dos-alunos-que-concluiram-o-1-o-ciclo-em-quatro-anos\/"},"modified":"2026-01-24T22:30:00","modified_gmt":"2026-01-25T01:30:00","slug":"perfil-dos-alunos-que-concluiram-o-1-o-ciclo-em-quatro-anos","status":"publish","type":"post","link":"https:\/\/portaltela.pt\/noticias\/2026\/01\/24\/perfil-dos-alunos-que-concluiram-o-1-o-ciclo-em-quatro-anos\/","title":{"rendered":"Perfil dos alunos que conclu\u00edram o 1.\u00ba ciclo em quatro anos"},"content":{"rendered":"<p>O perfil dos alunos que conclu\u00edram o 1.\u00ba ciclo do ensino b\u00e1sico em quatro anos mostra que, em 2025, 86,4% terminaram o ciclo no tempo previsto. Este valor sobe 4,4 pontos percentuais desde 2015, quando era 82%.<\/p>\n<p>A melhoria prende-se com maior incid\u00eancia de conclus\u00e3o a tempo entre rapazes (87,2%) e entre alunos do ensino p\u00fablico (86,8%). Entre as alunas, a taxa situa-se em 85,6% e no ensino privado em 84,2%.<\/p>\n<h3>Resultados por regi\u00f5es e contextos<\/h3>\n<p>A regi\u00e3o Norte lidera com 88,1% de conclus\u00e3o a tempo, seguida pela Centro (86,7%). Lisboa e Vale do Tejo apresenta 85,9%, enquanto o Algarve fica com 83,4%.<\/p>\n<p>A condi\u00e7\u00e3o dos encarregados de educa\u00e7\u00e3o tamb\u00e9m influencia. Quem tem ensino superior conclui a tempo a uma taxa de 88,2%, contra 84,5% (ensino b\u00e1sico) e 85,2% (ensino secund\u00e1rio).<\/p>\n<h3>Desafios persistentes e urg\u00eancia de sinais<\/h3>\n<p>A A\u00e7\u00e3o Social Escolar (ASE) continua a ser um fator de risco: 78,3% de conclus\u00e3o a tempo entre benefici\u00e1rios, face a 89,2% entre n\u00e3o benefici\u00e1rios. A desigualdade persiste.<\/p>\n<p>A taxa de abandono escolar precoce manteve-se em 10,4% em 2025, com uma ligeira redu\u00e7\u00e3o de 0,2 p.p. desde 2015. As melhorias refletem maior aten\u00e7\u00e3o \u00e0 organiza\u00e7\u00e3o escolar e ao apoio a alunos vulner\u00e1veis.<\/p>\n<h3>Perspetivas da educa\u00e7\u00e3o p\u00fablica<\/h3>\n<p>A DGEEC afirma que o progresso depende de pol\u00edticas p\u00fablicas de equidade, qualidade de ensino e envolvimento familiar. A continuidade do avan\u00e7o exige investimento cont\u00ednuo em ambientes escolares inclusivos e motivadores.<\/p>\n<p>O estudo ressalta que a conclus\u00e3o no tempo previsto \u00e9 um indicador-chave do sucesso educativo e do desenvolvimento de compet\u00eancias para o percurso acad\u00e9mico dos alunos.<\/p>\n","protected":false},"excerpt":{"rendered":"<ul>\n<li>Em 2025, 86,4% dos alunos conclu\u00edram o 1.\u00ba ciclo no tempo previsto, mais 4,4 pontos percentuais desde 2015 (82%).<\/li>\n<li>A conclus\u00e3o no tempo previsto \u00e9 mais frequente entre rapazes (87,2%) do que entre raparigas (85,6%), e mais comum no ensino p\u00fablico (86,8%) do que no privado (84,2%).<\/li>\n<li>Regi\u00e3o Norte tem a maior taxa de conclus\u00e3o no tempo esperado (88,1%), seguida pela regi\u00e3o Centro (86,7%), Lisboa e Vale do Tejo (85,9%) e Algarve (83,4%).<\/li>\n<li>Quem tem encarregados com ensino superior atinge 88,2% de conclus\u00e3o no tempo previsto, enquanto quem tem ensino b\u00e1sico \u00e9 84,5% e ensino secund\u00e1rio 85,2%.<\/li>\n<li>A A\u00e7\u00e3o Social Escolar continua como fator de risco: 78,3% dos benefici\u00e1rios concluem no tempo previsto, frente a 89,2% dos n\u00e3o benefici\u00e1rios; abandono precoce situa-se em 10,4% em 2025.<\/li>\n<\/ul>\n","protected":false},"author":2,"featured_media":171259,"comment_status":"closed","ping_status":"closed","sticky":false,"template":"","format":"standard","meta":{"footnotes":""},"categories":[1],"tags":[4181,163,2443,92,981,2765],"class_list":["post-171252","post","type-post","status-publish","format-standard","has-post-thumbnail","hentry","category-noticias","tag-acao-social-escolar","tag-educacao","tag-educacao-publica","tag-ensino","tag-lisboa","tag-norte"],"yoast_head":"<!-- This site is optimized with the Yoast SEO plugin v27.2 - https:\/\/yoast.com\/product\/yoast-seo-wordpress\/ -->\n<title>Perfil dos alunos que conclu\u00edram o 1.\u00ba ciclo em quatro anos - Portal Tela Portugal<\/title>\n<meta name=\"robots\" content=\"index, follow, max-snippet:-1, max-image-preview:large, max-video-preview:-1\" \/>\n<meta property=\"og:locale\" content=\"pt_PT\" \/>\n<meta property=\"og:type\" content=\"article\" \/>\n<meta property=\"og:title\" content=\"Perfil dos alunos que conclu\u00edram o 1.\u00ba ciclo em quatro anos - Portal Tela Portugal\" \/>\n<meta property=\"og:description\" content=\"Em 2025, 86,4% dos alunos conclu\u00edram o 1.\u00ba ciclo no tempo previsto, mais 4,4 pontos percentuais desde 2015 (82%). A conclus\u00e3o no tempo previsto \u00e9 mais frequente entre rapazes (87,2%) do que entre raparigas (85,6%), e mais comum no ensino p\u00fablico (86,8%) do que no privado (84,2%). Regi\u00e3o Norte tem a maior taxa de conclus\u00e3o no tempo esperado (88,1%), seguida pela regi\u00e3o Centro (86,7%), Lisboa e Vale do Tejo (85,9%) e Algarve (83,4%). Quem tem encarregados com ensino superior atinge 88,2% de conclus\u00e3o no tempo previsto, enquanto quem tem ensino b\u00e1sico \u00e9 84,5% e ensino secund\u00e1rio 85,2%. A A\u00e7\u00e3o Social Escolar continua como fator de risco: 78,3% dos benefici\u00e1rios concluem no tempo previsto, frente a 89,2% dos n\u00e3o benefici\u00e1rios; abandono precoce situa-se em 10,4% em 2025.\" \/>\n<meta property=\"og:url\" content=\"https:\/\/portaltela.pt\/noticias\/2026\/01\/24\/perfil-dos-alunos-que-concluiram-o-1-o-ciclo-em-quatro-anos\/\" \/>\n<meta property=\"og:site_name\" content=\"Portal Tela Portugal\" \/>\n<meta property=\"article:published_time\" content=\"2026-01-25T01:30:00+00:00\" \/>\n<meta name=\"author\" content=\"Telinha\" \/>\n<meta name=\"twitter:card\" content=\"summary_large_image\" \/>\n<meta name=\"twitter:label1\" content=\"Escrito por\" \/>\n\t<meta name=\"twitter:data1\" content=\"Telinha\" \/>\n\t<meta name=\"twitter:label2\" content=\"Tempo estimado de leitura\" \/>\n\t<meta name=\"twitter:data2\" content=\"1 minuto\" \/>\n<script type=\"application\/ld+json\" class=\"yoast-schema-graph\">{\"@context\":\"https:\/\/schema.org\",\"@graph\":[{\"@type\":\"Article\",\"@id\":\"https:\/\/portaltela.pt\/noticias\/2026\/01\/24\/perfil-dos-alunos-que-concluiram-o-1-o-ciclo-em-quatro-anos\/#article\",\"isPartOf\":{\"@id\":\"https:\/\/portaltela.pt\/noticias\/2026\/01\/24\/perfil-dos-alunos-que-concluiram-o-1-o-ciclo-em-quatro-anos\/\"},\"author\":{\"name\":\"Telinha\",\"@id\":\"https:\/\/portaltela.pt\/#\/schema\/person\/c4278d4a6028830caff9ee44b42d32ed\"},\"headline\":\"Perfil dos alunos que conclu\u00edram o 1.\u00ba ciclo em quatro anos\",\"datePublished\":\"2026-01-25T01:30:00+00:00\",\"mainEntityOfPage\":{\"@id\":\"https:\/\/portaltela.pt\/noticias\/2026\/01\/24\/perfil-dos-alunos-que-concluiram-o-1-o-ciclo-em-quatro-anos\/\"},\"wordCount\":279,\"image\":{\"@id\":\"https:\/\/portaltela.pt\/noticias\/2026\/01\/24\/perfil-dos-alunos-que-concluiram-o-1-o-ciclo-em-quatro-anos\/#primaryimage\"},\"thumbnailUrl\":\"https:\/\/portaltela.pt\/s.01k8rhncp4jt1\/2026\/01\/img_1500x1000uu2026-01-25-00-32-00-2262411.jpg\",\"keywords\":[\"A\u00e7\u00e3o Social Escolar\",\"educa\u00e7\u00e3o\",\"educa\u00e7\u00e3o p\u00fablica\",\"ensino\",\"Lisboa\",\"Norte\"],\"articleSection\":[\"Not\u00edcias\"],\"inLanguage\":\"pt-PT\"},{\"@type\":\"WebPage\",\"@id\":\"https:\/\/portaltela.pt\/noticias\/2026\/01\/24\/perfil-dos-alunos-que-concluiram-o-1-o-ciclo-em-quatro-anos\/\",\"url\":\"https:\/\/portaltela.pt\/noticias\/2026\/01\/24\/perfil-dos-alunos-que-concluiram-o-1-o-ciclo-em-quatro-anos\/\",\"name\":\"Perfil dos alunos que conclu\u00edram o 1.\u00ba ciclo em quatro anos - Portal Tela Portugal\",\"isPartOf\":{\"@id\":\"https:\/\/portaltela.pt\/#website\"},\"primaryImageOfPage\":{\"@id\":\"https:\/\/portaltela.pt\/noticias\/2026\/01\/24\/perfil-dos-alunos-que-concluiram-o-1-o-ciclo-em-quatro-anos\/#primaryimage\"},\"image\":{\"@id\":\"https:\/\/portaltela.pt\/noticias\/2026\/01\/24\/perfil-dos-alunos-que-concluiram-o-1-o-ciclo-em-quatro-anos\/#primaryimage\"},\"thumbnailUrl\":\"https:\/\/portaltela.pt\/s.01k8rhncp4jt1\/2026\/01\/img_1500x1000uu2026-01-25-00-32-00-2262411.jpg\",\"datePublished\":\"2026-01-25T01:30:00+00:00\",\"author\":{\"@id\":\"https:\/\/portaltela.pt\/#\/schema\/person\/c4278d4a6028830caff9ee44b42d32ed\"},\"breadcrumb\":{\"@id\":\"https:\/\/portaltela.pt\/noticias\/2026\/01\/24\/perfil-dos-alunos-que-concluiram-o-1-o-ciclo-em-quatro-anos\/#breadcrumb\"},\"inLanguage\":\"pt-PT\",\"potentialAction\":[{\"@type\":\"ReadAction\",\"target\":[\"https:\/\/portaltela.pt\/noticias\/2026\/01\/24\/perfil-dos-alunos-que-concluiram-o-1-o-ciclo-em-quatro-anos\/\"]}]},{\"@type\":\"ImageObject\",\"inLanguage\":\"pt-PT\",\"@id\":\"https:\/\/portaltela.pt\/noticias\/2026\/01\/24\/perfil-dos-alunos-que-concluiram-o-1-o-ciclo-em-quatro-anos\/#primaryimage\",\"url\":\"https:\/\/portaltela.pt\/s.01k8rhncp4jt1\/2026\/01\/img_1500x1000uu2026-01-25-00-32-00-2262411.jpg\",\"contentUrl\":\"https:\/\/portaltela.pt\/s.01k8rhncp4jt1\/2026\/01\/img_1500x1000uu2026-01-25-00-32-00-2262411.jpg\",\"width\":796,\"height\":448,\"caption\":\"Perfil dos alunos que conclu\u00edram o 1.\u00ba ciclo do ensino b\u00e1sico em quatro anos\"},{\"@type\":\"BreadcrumbList\",\"@id\":\"https:\/\/portaltela.pt\/noticias\/2026\/01\/24\/perfil-dos-alunos-que-concluiram-o-1-o-ciclo-em-quatro-anos\/#breadcrumb\",\"itemListElement\":[{\"@type\":\"ListItem\",\"position\":1,\"name\":\"In\u00edcio\",\"item\":\"https:\/\/portaltela.pt\/\"},{\"@type\":\"ListItem\",\"position\":2,\"name\":\"Perfil dos alunos que conclu\u00edram o 1.\u00ba ciclo em quatro anos\"}]},{\"@type\":\"WebSite\",\"@id\":\"https:\/\/portaltela.pt\/#website\",\"url\":\"https:\/\/portaltela.pt\/\",\"name\":\"Portal Tela Portugal\",\"description\":\"\",\"potentialAction\":[{\"@type\":\"SearchAction\",\"target\":{\"@type\":\"EntryPoint\",\"urlTemplate\":\"https:\/\/portaltela.pt\/?s={search_term_string}\"},\"query-input\":{\"@type\":\"PropertyValueSpecification\",\"valueRequired\":true,\"valueName\":\"search_term_string\"}}],\"inLanguage\":\"pt-PT\"},{\"@type\":\"Person\",\"@id\":\"https:\/\/portaltela.pt\/#\/schema\/person\/c4278d4a6028830caff9ee44b42d32ed\",\"name\":\"Telinha\",\"image\":{\"@type\":\"ImageObject\",\"inLanguage\":\"pt-PT\",\"@id\":\"https:\/\/portaltela.pt\/s.01k8rhncp4jt1\/2025\/11\/talking-bot-125x125.png\",\"url\":\"https:\/\/portaltela.pt\/s.01k8rhncp4jt1\/2025\/11\/talking-bot-125x125.png\",\"contentUrl\":\"https:\/\/portaltela.pt\/s.01k8rhncp4jt1\/2025\/11\/talking-bot-125x125.png\",\"caption\":\"Telinha\"},\"sameAs\":[\"https:\/\/portaltela.pt\/\"],\"url\":\"https:\/\/portaltela.pt\/por\/367410592786\/\"}]}<\/script>\n<!-- \/ Yoast SEO plugin. -->","yoast_head_json":{"title":"Perfil dos alunos que conclu\u00edram o 1.\u00ba ciclo em quatro anos - Portal Tela Portugal","robots":{"index":"index","follow":"follow","max-snippet":"max-snippet:-1","max-image-preview":"max-image-preview:large","max-video-preview":"max-video-preview:-1"},"og_locale":"pt_PT","og_type":"article","og_title":"Perfil dos alunos que conclu\u00edram o 1.\u00ba ciclo em quatro anos - Portal Tela Portugal","og_description":"Em 2025, 86,4% dos alunos conclu\u00edram o 1.\u00ba ciclo no tempo previsto, mais 4,4 pontos percentuais desde 2015 (82%). A conclus\u00e3o no tempo previsto \u00e9 mais frequente entre rapazes (87,2%) do que entre raparigas (85,6%), e mais comum no ensino p\u00fablico (86,8%) do que no privado (84,2%). Regi\u00e3o Norte tem a maior taxa de conclus\u00e3o no tempo esperado (88,1%), seguida pela regi\u00e3o Centro (86,7%), Lisboa e Vale do Tejo (85,9%) e Algarve (83,4%). Quem tem encarregados com ensino superior atinge 88,2% de conclus\u00e3o no tempo previsto, enquanto quem tem ensino b\u00e1sico \u00e9 84,5% e ensino secund\u00e1rio 85,2%. A A\u00e7\u00e3o Social Escolar continua como fator de risco: 78,3% dos benefici\u00e1rios concluem no tempo previsto, frente a 89,2% dos n\u00e3o benefici\u00e1rios; abandono precoce situa-se em 10,4% em 2025.","og_url":"https:\/\/portaltela.pt\/noticias\/2026\/01\/24\/perfil-dos-alunos-que-concluiram-o-1-o-ciclo-em-quatro-anos\/","og_site_name":"Portal Tela Portugal","article_published_time":"2026-01-25T01:30:00+00:00","author":"Telinha","twitter_card":"summary_large_image","twitter_misc":{"Escrito por":"Telinha","Tempo estimado de leitura":"1 minuto"},"schema":{"@context":"https:\/\/schema.org","@graph":[{"@type":"Article","@id":"https:\/\/portaltela.pt\/noticias\/2026\/01\/24\/perfil-dos-alunos-que-concluiram-o-1-o-ciclo-em-quatro-anos\/#article","isPartOf":{"@id":"https:\/\/portaltela.pt\/noticias\/2026\/01\/24\/perfil-dos-alunos-que-concluiram-o-1-o-ciclo-em-quatro-anos\/"},"author":{"name":"Telinha","@id":"https:\/\/portaltela.pt\/#\/schema\/person\/c4278d4a6028830caff9ee44b42d32ed"},"headline":"Perfil dos alunos que conclu\u00edram o 1.\u00ba ciclo em quatro anos","datePublished":"2026-01-25T01:30:00+00:00","mainEntityOfPage":{"@id":"https:\/\/portaltela.pt\/noticias\/2026\/01\/24\/perfil-dos-alunos-que-concluiram-o-1-o-ciclo-em-quatro-anos\/"},"wordCount":279,"image":{"@id":"https:\/\/portaltela.pt\/noticias\/2026\/01\/24\/perfil-dos-alunos-que-concluiram-o-1-o-ciclo-em-quatro-anos\/#primaryimage"},"thumbnailUrl":"https:\/\/portaltela.pt\/s.01k8rhncp4jt1\/2026\/01\/img_1500x1000uu2026-01-25-00-32-00-2262411.jpg","keywords":["A\u00e7\u00e3o Social Escolar","educa\u00e7\u00e3o","educa\u00e7\u00e3o p\u00fablica","ensino","Lisboa","Norte"],"articleSection":["Not\u00edcias"],"inLanguage":"pt-PT"},{"@type":"WebPage","@id":"https:\/\/portaltela.pt\/noticias\/2026\/01\/24\/perfil-dos-alunos-que-concluiram-o-1-o-ciclo-em-quatro-anos\/","url":"https:\/\/portaltela.pt\/noticias\/2026\/01\/24\/perfil-dos-alunos-que-concluiram-o-1-o-ciclo-em-quatro-anos\/","name":"Perfil dos alunos que conclu\u00edram o 1.\u00ba ciclo em quatro anos - Portal Tela Portugal","isPartOf":{"@id":"https:\/\/portaltela.pt\/#website"},"primaryImageOfPage":{"@id":"https:\/\/portaltela.pt\/noticias\/2026\/01\/24\/perfil-dos-alunos-que-concluiram-o-1-o-ciclo-em-quatro-anos\/#primaryimage"},"image":{"@id":"https:\/\/portaltela.pt\/noticias\/2026\/01\/24\/perfil-dos-alunos-que-concluiram-o-1-o-ciclo-em-quatro-anos\/#primaryimage"},"thumbnailUrl":"https:\/\/portaltela.pt\/s.01k8rhncp4jt1\/2026\/01\/img_1500x1000uu2026-01-25-00-32-00-2262411.jpg","datePublished":"2026-01-25T01:30:00+00:00","author":{"@id":"https:\/\/portaltela.pt\/#\/schema\/person\/c4278d4a6028830caff9ee44b42d32ed"},"breadcrumb":{"@id":"https:\/\/portaltela.pt\/noticias\/2026\/01\/24\/perfil-dos-alunos-que-concluiram-o-1-o-ciclo-em-quatro-anos\/#breadcrumb"},"inLanguage":"pt-PT","potentialAction":[{"@type":"ReadAction","target":["https:\/\/portaltela.pt\/noticias\/2026\/01\/24\/perfil-dos-alunos-que-concluiram-o-1-o-ciclo-em-quatro-anos\/"]}]},{"@type":"ImageObject","inLanguage":"pt-PT","@id":"https:\/\/portaltela.pt\/noticias\/2026\/01\/24\/perfil-dos-alunos-que-concluiram-o-1-o-ciclo-em-quatro-anos\/#primaryimage","url":"https:\/\/portaltela.pt\/s.01k8rhncp4jt1\/2026\/01\/img_1500x1000uu2026-01-25-00-32-00-2262411.jpg","contentUrl":"https:\/\/portaltela.pt\/s.01k8rhncp4jt1\/2026\/01\/img_1500x1000uu2026-01-25-00-32-00-2262411.jpg","width":796,"height":448,"caption":"Perfil dos alunos que conclu\u00edram o 1.\u00ba ciclo do ensino b\u00e1sico em quatro anos"},{"@type":"BreadcrumbList","@id":"https:\/\/portaltela.pt\/noticias\/2026\/01\/24\/perfil-dos-alunos-que-concluiram-o-1-o-ciclo-em-quatro-anos\/#breadcrumb","itemListElement":[{"@type":"ListItem","position":1,"name":"In\u00edcio","item":"https:\/\/portaltela.pt\/"},{"@type":"ListItem","position":2,"name":"Perfil dos alunos que conclu\u00edram o 1.\u00ba ciclo em quatro anos"}]},{"@type":"WebSite","@id":"https:\/\/portaltela.pt\/#website","url":"https:\/\/portaltela.pt\/","name":"Portal Tela Portugal","description":"","potentialAction":[{"@type":"SearchAction","target":{"@type":"EntryPoint","urlTemplate":"https:\/\/portaltela.pt\/?s={search_term_string}"},"query-input":{"@type":"PropertyValueSpecification","valueRequired":true,"valueName":"search_term_string"}}],"inLanguage":"pt-PT"},{"@type":"Person","@id":"https:\/\/portaltela.pt\/#\/schema\/person\/c4278d4a6028830caff9ee44b42d32ed","name":"Telinha","image":{"@type":"ImageObject","inLanguage":"pt-PT","@id":"https:\/\/portaltela.pt\/s.01k8rhncp4jt1\/2025\/11\/talking-bot-125x125.png","url":"https:\/\/portaltela.pt\/s.01k8rhncp4jt1\/2025\/11\/talking-bot-125x125.png","contentUrl":"https:\/\/portaltela.pt\/s.01k8rhncp4jt1\/2025\/11\/talking-bot-125x125.png","caption":"Telinha"},"sameAs":["https:\/\/portaltela.pt\/"],"url":"https:\/\/portaltela.pt\/por\/367410592786\/"}]}},"_links":{"self":[{"href":"https:\/\/portaltela.pt\/api\/wp\/v2\/posts\/171252","targetHints":{"allow":["GET"]}}],"collection":[{"href":"https:\/\/portaltela.pt\/api\/wp\/v2\/posts"}],"about":[{"href":"https:\/\/portaltela.pt\/api\/wp\/v2\/types\/post"}],"author":[{"embeddable":true,"href":"https:\/\/portaltela.pt\/api\/wp\/v2\/users\/2"}],"replies":[{"embeddable":true,"href":"https:\/\/portaltela.pt\/api\/wp\/v2\/comments?post=171252"}],"version-history":[{"count":0,"href":"https:\/\/portaltela.pt\/api\/wp\/v2\/posts\/171252\/revisions"}],"wp:featuredmedia":[{"embeddable":true,"href":"https:\/\/portaltela.pt\/api\/wp\/v2\/media\/171259"}],"wp:attachment":[{"href":"https:\/\/portaltela.pt\/api\/wp\/v2\/media?parent=171252"}],"wp:term":[{"taxonomy":"category","embeddable":true,"href":"https:\/\/portaltela.pt\/api\/wp\/v2\/categories?post=171252"},{"taxonomy":"post_tag","embeddable":true,"href":"https:\/\/portaltela.pt\/api\/wp\/v2\/tags?post=171252"}],"curies":[{"name":"wp","href":"https:\/\/api.w.org\/{rel}","templated":true}]}}