{"id":171220,"date":"2026-01-24T20:18:52","date_gmt":"2026-01-24T23:18:52","guid":{"rendered":"https:\/\/portaltela.pt\/noticias\/2026\/01\/24\/quem-e-alex-jeffrey-pretti-enfermeiro-de-uci-e-nova-vitima-do-ice\/"},"modified":"2026-01-24T20:18:52","modified_gmt":"2026-01-24T23:18:52","slug":"quem-e-alex-jeffrey-pretti-enfermeiro-de-uci-e-nova-vitima-do-ice","status":"publish","type":"post","link":"https:\/\/portaltela.pt\/noticias\/internacional\/2026\/01\/24\/quem-e-alex-jeffrey-pretti-enfermeiro-de-uci-e-nova-vitima-do-ice\/","title":{"rendered":"Quem \u00e9 Alex Jeffrey Pretti, enfermeiro de UCI e nova v\u00edtima do ICE"},"content":{"rendered":"<p>Dois a tr\u00eas par\u00e1grafos iniciais de texto, apresentando o que aconteceu, quem est\u00e1 envolvido, quando e onde, de forma objetiva.<\/p>\n<p>O enfermeiro Alex Jeffrey Pretti, de 37 anos, foi baleado por agentes do ICE em Minneapolis, Minnesota, este s\u00e1bado. O incidente ocorreu durante uma opera\u00e7\u00e3o de controlo de imigra\u00e7\u00e3o, na cidade, com a morte confirmada no local. O caso j\u00e1 gerou cr\u00edticas ao ICE e \u00e0s suas a\u00e7\u00f5es.<\/p>\n<p>O governador democrata Tim Walz pediu \u00e0s autoridades locais que conduzam a investiga\u00e7\u00e3o da morte, afirmando que o governo federal n\u00e3o deve dirigi-la. Walz acusou o ICE de desestabilizar o estado com as suas opera\u00e7\u00f5es.<\/p>\n<h3>Detalhes do ocorrido<\/h3>\n<p>O chefe de pol\u00edcia de Minneapolis confirmou a morte, ocorrida por volta das 09:05 locais. O ICE informou que o incidente envolveu um homem que, segundo afirma, aproximou-se dos agentes portando uma arma, que n\u00e3o ficou clara no v\u00eddeo dispon\u00edvel \u00e0 imprensa.<\/p>\n<p>A fam\u00edlia de Pretti afirma que ele tinha uma licen\u00e7a de porte oculto para a arma de fogo, mas n\u00e3o a utilizou. O ICE n\u00e3o detalhou se Pretti empunhou a arma no momento do tiroteio.<\/p>\n<h3>Perfil e contexto<\/h3>\n<p>Pretti era natural do Illinois e trabalhava como enfermeiro de cuidados intensivos na Administra\u00e7\u00e3o de Veteranos. A fam\u00edlia descreve-o como algu\u00e9m dedicado aos outros e participante em protestos contra o ICE em Minneapolis.<\/p>\n<p>O agente que disparou era membro com oito anos de servi\u00e7o na Patrulha de Fronteira dos EUA, segundo a autoridade citada. A defesa do ICE aponta que o incidente ocorreu em leg\u00edtima defesa, durante uma opera\u00e7\u00e3o contra um homem com antecedentes de viol\u00eancia.<\/p>\n<h3>Rea\u00e7\u00e3o e desdobramentos<\/h3>\n<p>Al\u00e9m da cobran\u00e7a de uma investiga\u00e7\u00e3o independente, cresceram as cr\u00edticas ao ICE e \u00e0s suas opera\u00e7\u00f5es em Minnesota. Gordon Frey, chefe da pol\u00edcia local, e o pr\u00f3prio governador j\u00e1 pediram ao Presidente para encerrar as opera\u00e7\u00f5es na regi\u00e3o.<\/p>\n<p>O epis\u00f3dio sucede a morte de Renee Good, ocorrida no in\u00edcio do m\u00eas, tamb\u00e9m atribu\u00edda ao ICE, o que aumentou a tens\u00e3o e os protestos contra as a\u00e7\u00f5es federais de imigra\u00e7\u00e3o no estado.<\/p>\n","protected":false},"excerpt":{"rendered":"<ul>\n<li>Alex Jeffrey Pretti, de 37 anos, enfermeiro de cuidados intensivos, foi morto por agentes do ICE em Minneapolis.<\/li>\n<li>O governador Tim Walz pediu investiga\u00e7\u00f5es locais e disse n\u00e3o confiar no governo federal para apurar o caso, acusando o ICE de semear viol\u00eancia no estado.<\/li>\n<li>O ICE afirma que Pretti se aproximou com uma arma semiautom\u00e1tica de 9 mil\u00edmetros; a fam\u00edlia diz que ele tinha licen\u00e7a de porte, mas n\u00e3o a utilizou.<\/li>\n<li>O agente respons\u00e1vel tinha oito anos de experi\u00eancia na Patrulha de Fronteira dos Estados Unidos; o tiroteio ocorreu \u00e0s 09:05 locais durante uma opera\u00e7\u00e3o contra um imigrante indocumentado.<\/li>\n<li>A morte de Pretti intensificou protestos e tens\u00f5es em Minnesota, j\u00e1 marcadas pela morte de Renee Good, tamb\u00e9m ocorrida em contexto de a\u00e7\u00f5es do ICE.<\/li>\n<\/ul>\n","protected":false},"author":2,"featured_media":171240,"comment_status":"closed","ping_status":"closed","sticky":false,"template":"","format":"standard","meta":{"footnotes":""},"categories":[4,1],"tags":[147,2662,2691,712,4034,939],"class_list":["post-171220","post","type-post","status-publish","format-standard","has-post-thumbnail","hentry","category-internacional","category-noticias","tag-crime","tag-enfermagem","tag-ice","tag-imigracao","tag-unidades-de-cuidados-intensivos","tag-violencia"],"yoast_head":"<!-- This site is optimized with the Yoast SEO plugin v27.2 - https:\/\/yoast.com\/product\/yoast-seo-wordpress\/ -->\n<title>Quem \u00e9 Alex Jeffrey Pretti, enfermeiro de UCI e nova v\u00edtima do ICE - Portal Tela Portugal<\/title>\n<meta name=\"robots\" content=\"index, follow, max-snippet:-1, max-image-preview:large, max-video-preview:-1\" \/>\n<meta property=\"og:locale\" content=\"pt_PT\" \/>\n<meta property=\"og:type\" content=\"article\" \/>\n<meta property=\"og:title\" content=\"Quem \u00e9 Alex Jeffrey Pretti, enfermeiro de UCI e nova v\u00edtima do ICE - Portal Tela Portugal\" \/>\n<meta property=\"og:description\" content=\"Alex Jeffrey Pretti, de 37 anos, enfermeiro de cuidados intensivos, foi morto por agentes do ICE em Minneapolis. O governador Tim Walz pediu investiga\u00e7\u00f5es locais e disse n\u00e3o confiar no governo federal para apurar o caso, acusando o ICE de semear viol\u00eancia no estado. O ICE afirma que Pretti se aproximou com uma arma semiautom\u00e1tica de 9 mil\u00edmetros; a fam\u00edlia diz que ele tinha licen\u00e7a de porte, mas n\u00e3o a utilizou. O agente respons\u00e1vel tinha oito anos de experi\u00eancia na Patrulha de Fronteira dos Estados Unidos; o tiroteio ocorreu \u00e0s 09:05 locais durante uma opera\u00e7\u00e3o contra um imigrante indocumentado. A morte de Pretti intensificou protestos e tens\u00f5es em Minnesota, j\u00e1 marcadas pela morte de Renee Good, tamb\u00e9m ocorrida em contexto de a\u00e7\u00f5es do ICE.\" \/>\n<meta property=\"og:url\" content=\"https:\/\/portaltela.pt\/noticias\/2026\/01\/24\/quem-e-alex-jeffrey-pretti-enfermeiro-de-uci-e-nova-vitima-do-ice\/\" \/>\n<meta property=\"og:site_name\" content=\"Portal Tela Portugal\" \/>\n<meta property=\"article:published_time\" content=\"2026-01-24T23:18:52+00:00\" \/>\n<meta name=\"author\" content=\"Telinha\" \/>\n<meta name=\"twitter:card\" content=\"summary_large_image\" \/>\n<meta name=\"twitter:label1\" content=\"Escrito por\" \/>\n\t<meta name=\"twitter:data1\" content=\"Telinha\" \/>\n\t<meta name=\"twitter:label2\" content=\"Tempo estimado de leitura\" \/>\n\t<meta name=\"twitter:data2\" content=\"2 minutos\" \/>\n<script type=\"application\/ld+json\" class=\"yoast-schema-graph\">{\"@context\":\"https:\/\/schema.org\",\"@graph\":[{\"@type\":\"Article\",\"@id\":\"https:\/\/portaltela.pt\/noticias\/2026\/01\/24\/quem-e-alex-jeffrey-pretti-enfermeiro-de-uci-e-nova-vitima-do-ice\/#article\",\"isPartOf\":{\"@id\":\"https:\/\/portaltela.pt\/noticias\/2026\/01\/24\/quem-e-alex-jeffrey-pretti-enfermeiro-de-uci-e-nova-vitima-do-ice\/\"},\"author\":{\"name\":\"Telinha\",\"@id\":\"https:\/\/portaltela.pt\/#\/schema\/person\/c4278d4a6028830caff9ee44b42d32ed\"},\"headline\":\"Quem \u00e9 Alex Jeffrey Pretti, enfermeiro de UCI e nova v\u00edtima do ICE\",\"datePublished\":\"2026-01-24T23:18:52+00:00\",\"mainEntityOfPage\":{\"@id\":\"https:\/\/portaltela.pt\/noticias\/2026\/01\/24\/quem-e-alex-jeffrey-pretti-enfermeiro-de-uci-e-nova-vitima-do-ice\/\"},\"wordCount\":389,\"image\":{\"@id\":\"https:\/\/portaltela.pt\/noticias\/2026\/01\/24\/quem-e-alex-jeffrey-pretti-enfermeiro-de-uci-e-nova-vitima-do-ice\/#primaryimage\"},\"thumbnailUrl\":\"https:\/\/portaltela.pt\/s.01k8rhncp4jt1\/2026\/01\/mw-1200-17.jpg\",\"keywords\":[\"crime\",\"Enfermagem\",\"ICE\",\"imigra\u00e7\u00e3o\",\"Unidades de Cuidados Intensivos\",\"viol\u00eancia\"],\"articleSection\":[\"Internacional\",\"Not\u00edcias\"],\"inLanguage\":\"pt-PT\"},{\"@type\":\"WebPage\",\"@id\":\"https:\/\/portaltela.pt\/noticias\/2026\/01\/24\/quem-e-alex-jeffrey-pretti-enfermeiro-de-uci-e-nova-vitima-do-ice\/\",\"url\":\"https:\/\/portaltela.pt\/noticias\/2026\/01\/24\/quem-e-alex-jeffrey-pretti-enfermeiro-de-uci-e-nova-vitima-do-ice\/\",\"name\":\"Quem \u00e9 Alex Jeffrey Pretti, enfermeiro de UCI e nova v\u00edtima do ICE - Portal Tela Portugal\",\"isPartOf\":{\"@id\":\"https:\/\/portaltela.pt\/#website\"},\"primaryImageOfPage\":{\"@id\":\"https:\/\/portaltela.pt\/noticias\/2026\/01\/24\/quem-e-alex-jeffrey-pretti-enfermeiro-de-uci-e-nova-vitima-do-ice\/#primaryimage\"},\"image\":{\"@id\":\"https:\/\/portaltela.pt\/noticias\/2026\/01\/24\/quem-e-alex-jeffrey-pretti-enfermeiro-de-uci-e-nova-vitima-do-ice\/#primaryimage\"},\"thumbnailUrl\":\"https:\/\/portaltela.pt\/s.01k8rhncp4jt1\/2026\/01\/mw-1200-17.jpg\",\"datePublished\":\"2026-01-24T23:18:52+00:00\",\"author\":{\"@id\":\"https:\/\/portaltela.pt\/#\/schema\/person\/c4278d4a6028830caff9ee44b42d32ed\"},\"breadcrumb\":{\"@id\":\"https:\/\/portaltela.pt\/noticias\/2026\/01\/24\/quem-e-alex-jeffrey-pretti-enfermeiro-de-uci-e-nova-vitima-do-ice\/#breadcrumb\"},\"inLanguage\":\"pt-PT\",\"potentialAction\":[{\"@type\":\"ReadAction\",\"target\":[\"https:\/\/portaltela.pt\/noticias\/2026\/01\/24\/quem-e-alex-jeffrey-pretti-enfermeiro-de-uci-e-nova-vitima-do-ice\/\"]}]},{\"@type\":\"ImageObject\",\"inLanguage\":\"pt-PT\",\"@id\":\"https:\/\/portaltela.pt\/noticias\/2026\/01\/24\/quem-e-alex-jeffrey-pretti-enfermeiro-de-uci-e-nova-vitima-do-ice\/#primaryimage\",\"url\":\"https:\/\/portaltela.pt\/s.01k8rhncp4jt1\/2026\/01\/mw-1200-17.jpg\",\"contentUrl\":\"https:\/\/portaltela.pt\/s.01k8rhncp4jt1\/2026\/01\/mw-1200-17.jpg\",\"width\":796,\"height\":448,\"caption\":\"Enfermeiro dos cuidados intensivos, de 37 anos: quem \u00e9 Alex Jeffrey Pretti, a mais recente v\u00edtima mortal do ICE?\"},{\"@type\":\"BreadcrumbList\",\"@id\":\"https:\/\/portaltela.pt\/noticias\/2026\/01\/24\/quem-e-alex-jeffrey-pretti-enfermeiro-de-uci-e-nova-vitima-do-ice\/#breadcrumb\",\"itemListElement\":[{\"@type\":\"ListItem\",\"position\":1,\"name\":\"In\u00edcio\",\"item\":\"https:\/\/portaltela.pt\/\"},{\"@type\":\"ListItem\",\"position\":2,\"name\":\"Quem \u00e9 Alex Jeffrey Pretti, enfermeiro de UCI e nova v\u00edtima do ICE\"}]},{\"@type\":\"WebSite\",\"@id\":\"https:\/\/portaltela.pt\/#website\",\"url\":\"https:\/\/portaltela.pt\/\",\"name\":\"Portal Tela Portugal\",\"description\":\"\",\"potentialAction\":[{\"@type\":\"SearchAction\",\"target\":{\"@type\":\"EntryPoint\",\"urlTemplate\":\"https:\/\/portaltela.pt\/?s={search_term_string}\"},\"query-input\":{\"@type\":\"PropertyValueSpecification\",\"valueRequired\":true,\"valueName\":\"search_term_string\"}}],\"inLanguage\":\"pt-PT\"},{\"@type\":\"Person\",\"@id\":\"https:\/\/portaltela.pt\/#\/schema\/person\/c4278d4a6028830caff9ee44b42d32ed\",\"name\":\"Telinha\",\"image\":{\"@type\":\"ImageObject\",\"inLanguage\":\"pt-PT\",\"@id\":\"https:\/\/portaltela.pt\/s.01k8rhncp4jt1\/2025\/11\/talking-bot-125x125.png\",\"url\":\"https:\/\/portaltela.pt\/s.01k8rhncp4jt1\/2025\/11\/talking-bot-125x125.png\",\"contentUrl\":\"https:\/\/portaltela.pt\/s.01k8rhncp4jt1\/2025\/11\/talking-bot-125x125.png\",\"caption\":\"Telinha\"},\"sameAs\":[\"https:\/\/portaltela.pt\/\"],\"url\":\"https:\/\/portaltela.pt\/por\/367410592786\/\"}]}<\/script>\n<!-- \/ Yoast SEO plugin. -->","yoast_head_json":{"title":"Quem \u00e9 Alex Jeffrey Pretti, enfermeiro de UCI e nova v\u00edtima do ICE - Portal Tela Portugal","robots":{"index":"index","follow":"follow","max-snippet":"max-snippet:-1","max-image-preview":"max-image-preview:large","max-video-preview":"max-video-preview:-1"},"og_locale":"pt_PT","og_type":"article","og_title":"Quem \u00e9 Alex Jeffrey Pretti, enfermeiro de UCI e nova v\u00edtima do ICE - Portal Tela Portugal","og_description":"Alex Jeffrey Pretti, de 37 anos, enfermeiro de cuidados intensivos, foi morto por agentes do ICE em Minneapolis. O governador Tim Walz pediu investiga\u00e7\u00f5es locais e disse n\u00e3o confiar no governo federal para apurar o caso, acusando o ICE de semear viol\u00eancia no estado. O ICE afirma que Pretti se aproximou com uma arma semiautom\u00e1tica de 9 mil\u00edmetros; a fam\u00edlia diz que ele tinha licen\u00e7a de porte, mas n\u00e3o a utilizou. O agente respons\u00e1vel tinha oito anos de experi\u00eancia na Patrulha de Fronteira dos Estados Unidos; o tiroteio ocorreu \u00e0s 09:05 locais durante uma opera\u00e7\u00e3o contra um imigrante indocumentado. A morte de Pretti intensificou protestos e tens\u00f5es em Minnesota, j\u00e1 marcadas pela morte de Renee Good, tamb\u00e9m ocorrida em contexto de a\u00e7\u00f5es do ICE.","og_url":"https:\/\/portaltela.pt\/noticias\/2026\/01\/24\/quem-e-alex-jeffrey-pretti-enfermeiro-de-uci-e-nova-vitima-do-ice\/","og_site_name":"Portal Tela Portugal","article_published_time":"2026-01-24T23:18:52+00:00","author":"Telinha","twitter_card":"summary_large_image","twitter_misc":{"Escrito por":"Telinha","Tempo estimado de leitura":"2 minutos"},"schema":{"@context":"https:\/\/schema.org","@graph":[{"@type":"Article","@id":"https:\/\/portaltela.pt\/noticias\/2026\/01\/24\/quem-e-alex-jeffrey-pretti-enfermeiro-de-uci-e-nova-vitima-do-ice\/#article","isPartOf":{"@id":"https:\/\/portaltela.pt\/noticias\/2026\/01\/24\/quem-e-alex-jeffrey-pretti-enfermeiro-de-uci-e-nova-vitima-do-ice\/"},"author":{"name":"Telinha","@id":"https:\/\/portaltela.pt\/#\/schema\/person\/c4278d4a6028830caff9ee44b42d32ed"},"headline":"Quem \u00e9 Alex Jeffrey Pretti, enfermeiro de UCI e nova v\u00edtima do ICE","datePublished":"2026-01-24T23:18:52+00:00","mainEntityOfPage":{"@id":"https:\/\/portaltela.pt\/noticias\/2026\/01\/24\/quem-e-alex-jeffrey-pretti-enfermeiro-de-uci-e-nova-vitima-do-ice\/"},"wordCount":389,"image":{"@id":"https:\/\/portaltela.pt\/noticias\/2026\/01\/24\/quem-e-alex-jeffrey-pretti-enfermeiro-de-uci-e-nova-vitima-do-ice\/#primaryimage"},"thumbnailUrl":"https:\/\/portaltela.pt\/s.01k8rhncp4jt1\/2026\/01\/mw-1200-17.jpg","keywords":["crime","Enfermagem","ICE","imigra\u00e7\u00e3o","Unidades de Cuidados Intensivos","viol\u00eancia"],"articleSection":["Internacional","Not\u00edcias"],"inLanguage":"pt-PT"},{"@type":"WebPage","@id":"https:\/\/portaltela.pt\/noticias\/2026\/01\/24\/quem-e-alex-jeffrey-pretti-enfermeiro-de-uci-e-nova-vitima-do-ice\/","url":"https:\/\/portaltela.pt\/noticias\/2026\/01\/24\/quem-e-alex-jeffrey-pretti-enfermeiro-de-uci-e-nova-vitima-do-ice\/","name":"Quem \u00e9 Alex Jeffrey Pretti, enfermeiro de UCI e nova v\u00edtima do ICE - Portal Tela Portugal","isPartOf":{"@id":"https:\/\/portaltela.pt\/#website"},"primaryImageOfPage":{"@id":"https:\/\/portaltela.pt\/noticias\/2026\/01\/24\/quem-e-alex-jeffrey-pretti-enfermeiro-de-uci-e-nova-vitima-do-ice\/#primaryimage"},"image":{"@id":"https:\/\/portaltela.pt\/noticias\/2026\/01\/24\/quem-e-alex-jeffrey-pretti-enfermeiro-de-uci-e-nova-vitima-do-ice\/#primaryimage"},"thumbnailUrl":"https:\/\/portaltela.pt\/s.01k8rhncp4jt1\/2026\/01\/mw-1200-17.jpg","datePublished":"2026-01-24T23:18:52+00:00","author":{"@id":"https:\/\/portaltela.pt\/#\/schema\/person\/c4278d4a6028830caff9ee44b42d32ed"},"breadcrumb":{"@id":"https:\/\/portaltela.pt\/noticias\/2026\/01\/24\/quem-e-alex-jeffrey-pretti-enfermeiro-de-uci-e-nova-vitima-do-ice\/#breadcrumb"},"inLanguage":"pt-PT","potentialAction":[{"@type":"ReadAction","target":["https:\/\/portaltela.pt\/noticias\/2026\/01\/24\/quem-e-alex-jeffrey-pretti-enfermeiro-de-uci-e-nova-vitima-do-ice\/"]}]},{"@type":"ImageObject","inLanguage":"pt-PT","@id":"https:\/\/portaltela.pt\/noticias\/2026\/01\/24\/quem-e-alex-jeffrey-pretti-enfermeiro-de-uci-e-nova-vitima-do-ice\/#primaryimage","url":"https:\/\/portaltela.pt\/s.01k8rhncp4jt1\/2026\/01\/mw-1200-17.jpg","contentUrl":"https:\/\/portaltela.pt\/s.01k8rhncp4jt1\/2026\/01\/mw-1200-17.jpg","width":796,"height":448,"caption":"Enfermeiro dos cuidados intensivos, de 37 anos: quem \u00e9 Alex Jeffrey Pretti, a mais recente v\u00edtima mortal do ICE?"},{"@type":"BreadcrumbList","@id":"https:\/\/portaltela.pt\/noticias\/2026\/01\/24\/quem-e-alex-jeffrey-pretti-enfermeiro-de-uci-e-nova-vitima-do-ice\/#breadcrumb","itemListElement":[{"@type":"ListItem","position":1,"name":"In\u00edcio","item":"https:\/\/portaltela.pt\/"},{"@type":"ListItem","position":2,"name":"Quem \u00e9 Alex Jeffrey Pretti, enfermeiro de UCI e nova v\u00edtima do ICE"}]},{"@type":"WebSite","@id":"https:\/\/portaltela.pt\/#website","url":"https:\/\/portaltela.pt\/","name":"Portal Tela Portugal","description":"","potentialAction":[{"@type":"SearchAction","target":{"@type":"EntryPoint","urlTemplate":"https:\/\/portaltela.pt\/?s={search_term_string}"},"query-input":{"@type":"PropertyValueSpecification","valueRequired":true,"valueName":"search_term_string"}}],"inLanguage":"pt-PT"},{"@type":"Person","@id":"https:\/\/portaltela.pt\/#\/schema\/person\/c4278d4a6028830caff9ee44b42d32ed","name":"Telinha","image":{"@type":"ImageObject","inLanguage":"pt-PT","@id":"https:\/\/portaltela.pt\/s.01k8rhncp4jt1\/2025\/11\/talking-bot-125x125.png","url":"https:\/\/portaltela.pt\/s.01k8rhncp4jt1\/2025\/11\/talking-bot-125x125.png","contentUrl":"https:\/\/portaltela.pt\/s.01k8rhncp4jt1\/2025\/11\/talking-bot-125x125.png","caption":"Telinha"},"sameAs":["https:\/\/portaltela.pt\/"],"url":"https:\/\/portaltela.pt\/por\/367410592786\/"}]}},"_links":{"self":[{"href":"https:\/\/portaltela.pt\/api\/wp\/v2\/posts\/171220","targetHints":{"allow":["GET"]}}],"collection":[{"href":"https:\/\/portaltela.pt\/api\/wp\/v2\/posts"}],"about":[{"href":"https:\/\/portaltela.pt\/api\/wp\/v2\/types\/post"}],"author":[{"embeddable":true,"href":"https:\/\/portaltela.pt\/api\/wp\/v2\/users\/2"}],"replies":[{"embeddable":true,"href":"https:\/\/portaltela.pt\/api\/wp\/v2\/comments?post=171220"}],"version-history":[{"count":0,"href":"https:\/\/portaltela.pt\/api\/wp\/v2\/posts\/171220\/revisions"}],"wp:featuredmedia":[{"embeddable":true,"href":"https:\/\/portaltela.pt\/api\/wp\/v2\/media\/171240"}],"wp:attachment":[{"href":"https:\/\/portaltela.pt\/api\/wp\/v2\/media?parent=171220"}],"wp:term":[{"taxonomy":"category","embeddable":true,"href":"https:\/\/portaltela.pt\/api\/wp\/v2\/categories?post=171220"},{"taxonomy":"post_tag","embeddable":true,"href":"https:\/\/portaltela.pt\/api\/wp\/v2\/tags?post=171220"}],"curies":[{"name":"wp","href":"https:\/\/api.w.org\/{rel}","templated":true}]}}