{"id":171218,"date":"2026-01-24T20:00:58","date_gmt":"2026-01-24T23:00:58","guid":{"rendered":"https:\/\/portaltela.pt\/noticias\/2026\/01\/24\/4-a-gala-do-desporto-do-seixal-em-fevereiro-na-torre-da-marinha\/"},"modified":"2026-01-24T20:00:58","modified_gmt":"2026-01-24T23:00:58","slug":"4-a-gala-do-desporto-do-seixal-em-fevereiro-na-torre-da-marinha","status":"publish","type":"post","link":"https:\/\/portaltela.pt\/desporto\/2026\/01\/24\/4-a-gala-do-desporto-do-seixal-em-fevereiro-na-torre-da-marinha\/","title":{"rendered":"4.\u00aa Gala do Desporto do Seixal em fevereiro na Torre da Marinha"},"content":{"rendered":"<p>A C\u00e2mara Municipal do Seixal promove, no dia 21 de fevereiro, a 4.\u00aa Gala do Desporto do Concelho, marcada para as 20h30 no Pavilh\u00e3o Municipal da Torre da Marinha. A iniciativa reconhece atletas e equipas que se distinguiram na \u00e9poca desportiva anterior, de 1 de setembro de 2024 a 31 de agosto de 2025.<\/p>\n<p>O evento enquadra-se na pol\u00edtica de desporto para todos e visa valorizar as conquistas locais, fortalecendo o papel dos clubes e incentivando a pr\u00e1tica desportiva no concelho. Os vencedores s\u00e3o selecionados com base nos resultados apresentados nas candidaturas aos contratos-programa de desenvolvimento desportivo.<\/p>\n<p>A autarquia j\u00e1 publicou crit\u00e9rios de sele\u00e7\u00e3o e abriu candidaturas para atletas residentes no Seixal que n\u00e3o estejam vinculados a clubes locais, entre 19 de janeiro e 1 de fevereiro, via formul\u00e1rio online. A comunica\u00e7\u00e3o oficial indica que a meta \u00e9 contemplar atletas de modalidades individuais e coletivas, campe\u00f5es regionais e nacionais, t\u00edtulos internacionais e representantes da sele\u00e7\u00e3o nacional.<\/p>\n<h3>Candidaturas<\/h3>\n<p>Antes da abertura formal, j\u00e1 estavam apurados 709 t\u00edtulos em 25 modalidades, indicador apontado pela C\u00e2mara como reflexo do investimento no desporto, no movimento associativo e nas infraestruturas de pr\u00e1tica desportiva.<\/p>\n<p>Participam na gala praticantes e equipas que se destacaram na \u00e9poca anterior, com distin\u00e7\u00f5es previstas para diversas \u00e1reas do desporto, incluindo campeonatos regionais, nacionais e participa\u00e7\u00e3o internacional.<\/p>\n<h3>Distin\u00e7\u00f5es<\/h3>\n<p>A cerim\u00f3nia ter\u00e1 categorias dedicadas \u00e0 forma\u00e7\u00e3o de atletas, ao desempenho de equipas e ao m\u00e9rito individual, refor\u00e7ando a visibilidade do desporto no Seixal e a valoriza\u00e7\u00e3o de todo o movimento associativo local. Em todos os casos, o foco permanece na factualidade das conquistas.<\/p>\n","protected":false},"excerpt":{"rendered":"<ul>\n<li>A C\u00e2mara Municipal do Seixal realiza a 4.\u00aa Gala do Desporto do Concelho do Seixal no dia 21 de fevereiro, \u00e0s 20h30, no Pavilh\u00e3o Municipal da Torre da Marinha.<\/li>\n<li>A cerim\u00f3nia visa reconhecer atletas e equipas que se distinguiram na \u00e9poca desportiva de 1 de setembro de 2024 a 31 de agosto de 2025.<\/li>\n<li>A gala enquadra-se na pol\u00edtica de \u201cdesporto para todos\u201d e na valoriza\u00e7\u00e3o das conquistas, refor\u00e7ando a import\u00e2ncia do desporto no concelho.<\/li>\n<li>A sele\u00e7\u00e3o das distin\u00e7\u00f5es baseia-se nos resultados dos contratos-programa de desenvolvimento desportivo apresentados pelo movimento associativo, com candidaturas de atletas residentes n\u00e3o vinculados a clubes entre 19 de janeiro e 1 de fevereiro.<\/li>\n<li>J\u00e1 estavam apurados 709 t\u00edtulos, distribu\u00eddos por 25 modalidades.<\/li>\n<\/ul>\n","protected":false},"author":2,"featured_media":171231,"comment_status":"closed","ping_status":"closed","sticky":false,"template":"","format":"standard","meta":{"footnotes":""},"categories":[21],"tags":[252,227,144,152,1287,4179],"class_list":["post-171218","post","type-post","status-publish","format-standard","has-post-thumbnail","hentry","category-desporto","tag-atletas","tag-campeonato","tag-concelho","tag-desporto","tag-equipas","tag-movimento-associativo"],"yoast_head":"<!-- This site is optimized with the Yoast SEO plugin v27.2 - https:\/\/yoast.com\/product\/yoast-seo-wordpress\/ -->\n<title>4.\u00aa Gala do Desporto do Seixal em fevereiro na Torre da Marinha - Portal Tela Portugal<\/title>\n<meta name=\"robots\" content=\"index, follow, max-snippet:-1, max-image-preview:large, max-video-preview:-1\" \/>\n<meta property=\"og:locale\" content=\"pt_PT\" \/>\n<meta property=\"og:type\" content=\"article\" \/>\n<meta property=\"og:title\" content=\"4.\u00aa Gala do Desporto do Seixal em fevereiro na Torre da Marinha - Portal Tela Portugal\" \/>\n<meta property=\"og:description\" content=\"A C\u00e2mara Municipal do Seixal realiza a 4.\u00aa Gala do Desporto do Concelho do Seixal no dia 21 de fevereiro, \u00e0s 20h30, no Pavilh\u00e3o Municipal da Torre da Marinha. A cerim\u00f3nia visa reconhecer atletas e equipas que se distinguiram na \u00e9poca desportiva de 1 de setembro de 2024 a 31 de agosto de 2025. A gala enquadra-se na pol\u00edtica de \u201cdesporto para todos\u201d e na valoriza\u00e7\u00e3o das conquistas, refor\u00e7ando a import\u00e2ncia do desporto no concelho. A sele\u00e7\u00e3o das distin\u00e7\u00f5es baseia-se nos resultados dos contratos-programa de desenvolvimento desportivo apresentados pelo movimento associativo, com candidaturas de atletas residentes n\u00e3o vinculados a clubes entre 19 de janeiro e 1 de fevereiro. J\u00e1 estavam apurados 709 t\u00edtulos, distribu\u00eddos por 25 modalidades.\" \/>\n<meta property=\"og:url\" content=\"https:\/\/portaltela.pt\/noticias\/2026\/01\/24\/4-a-gala-do-desporto-do-seixal-em-fevereiro-na-torre-da-marinha\/\" \/>\n<meta property=\"og:site_name\" content=\"Portal Tela Portugal\" \/>\n<meta property=\"article:published_time\" content=\"2026-01-24T23:00:58+00:00\" \/>\n<meta name=\"author\" content=\"Telinha\" \/>\n<meta name=\"twitter:card\" content=\"summary_large_image\" \/>\n<meta name=\"twitter:label1\" content=\"Escrito por\" \/>\n\t<meta name=\"twitter:data1\" content=\"Telinha\" \/>\n\t<meta name=\"twitter:label2\" content=\"Tempo estimado de leitura\" \/>\n\t<meta name=\"twitter:data2\" content=\"1 minuto\" \/>\n<script type=\"application\/ld+json\" class=\"yoast-schema-graph\">{\"@context\":\"https:\/\/schema.org\",\"@graph\":[{\"@type\":\"Article\",\"@id\":\"https:\/\/portaltela.pt\/noticias\/2026\/01\/24\/4-a-gala-do-desporto-do-seixal-em-fevereiro-na-torre-da-marinha\/#article\",\"isPartOf\":{\"@id\":\"https:\/\/portaltela.pt\/noticias\/2026\/01\/24\/4-a-gala-do-desporto-do-seixal-em-fevereiro-na-torre-da-marinha\/\"},\"author\":{\"name\":\"Telinha\",\"@id\":\"https:\/\/portaltela.pt\/#\/schema\/person\/c4278d4a6028830caff9ee44b42d32ed\"},\"headline\":\"4.\u00aa Gala do Desporto do Seixal em fevereiro na Torre da Marinha\",\"datePublished\":\"2026-01-24T23:00:58+00:00\",\"mainEntityOfPage\":{\"@id\":\"https:\/\/portaltela.pt\/noticias\/2026\/01\/24\/4-a-gala-do-desporto-do-seixal-em-fevereiro-na-torre-da-marinha\/\"},\"wordCount\":283,\"image\":{\"@id\":\"https:\/\/portaltela.pt\/noticias\/2026\/01\/24\/4-a-gala-do-desporto-do-seixal-em-fevereiro-na-torre-da-marinha\/#primaryimage\"},\"thumbnailUrl\":\"https:\/\/portaltela.pt\/s.01k8rhncp4jt1\/2026\/01\/gala-desporto-seixal-1.jpg\",\"keywords\":[\"atletas\",\"campeonato\",\"concelho\",\"desporto\",\"equipas\",\"movimento associativo\"],\"articleSection\":[\"Desporto\"],\"inLanguage\":\"pt-PT\"},{\"@type\":\"WebPage\",\"@id\":\"https:\/\/portaltela.pt\/noticias\/2026\/01\/24\/4-a-gala-do-desporto-do-seixal-em-fevereiro-na-torre-da-marinha\/\",\"url\":\"https:\/\/portaltela.pt\/noticias\/2026\/01\/24\/4-a-gala-do-desporto-do-seixal-em-fevereiro-na-torre-da-marinha\/\",\"name\":\"4.\u00aa Gala do Desporto do Seixal em fevereiro na Torre da Marinha - Portal Tela Portugal\",\"isPartOf\":{\"@id\":\"https:\/\/portaltela.pt\/#website\"},\"primaryImageOfPage\":{\"@id\":\"https:\/\/portaltela.pt\/noticias\/2026\/01\/24\/4-a-gala-do-desporto-do-seixal-em-fevereiro-na-torre-da-marinha\/#primaryimage\"},\"image\":{\"@id\":\"https:\/\/portaltela.pt\/noticias\/2026\/01\/24\/4-a-gala-do-desporto-do-seixal-em-fevereiro-na-torre-da-marinha\/#primaryimage\"},\"thumbnailUrl\":\"https:\/\/portaltela.pt\/s.01k8rhncp4jt1\/2026\/01\/gala-desporto-seixal-1.jpg\",\"datePublished\":\"2026-01-24T23:00:58+00:00\",\"author\":{\"@id\":\"https:\/\/portaltela.pt\/#\/schema\/person\/c4278d4a6028830caff9ee44b42d32ed\"},\"breadcrumb\":{\"@id\":\"https:\/\/portaltela.pt\/noticias\/2026\/01\/24\/4-a-gala-do-desporto-do-seixal-em-fevereiro-na-torre-da-marinha\/#breadcrumb\"},\"inLanguage\":\"pt-PT\",\"potentialAction\":[{\"@type\":\"ReadAction\",\"target\":[\"https:\/\/portaltela.pt\/noticias\/2026\/01\/24\/4-a-gala-do-desporto-do-seixal-em-fevereiro-na-torre-da-marinha\/\"]}]},{\"@type\":\"ImageObject\",\"inLanguage\":\"pt-PT\",\"@id\":\"https:\/\/portaltela.pt\/noticias\/2026\/01\/24\/4-a-gala-do-desporto-do-seixal-em-fevereiro-na-torre-da-marinha\/#primaryimage\",\"url\":\"https:\/\/portaltela.pt\/s.01k8rhncp4jt1\/2026\/01\/gala-desporto-seixal-1.jpg\",\"contentUrl\":\"https:\/\/portaltela.pt\/s.01k8rhncp4jt1\/2026\/01\/gala-desporto-seixal-1.jpg\",\"width\":796,\"height\":448,\"caption\":\"Seixal abre candidaturas para a 4.\u00aa Gala do Desporto\"},{\"@type\":\"BreadcrumbList\",\"@id\":\"https:\/\/portaltela.pt\/noticias\/2026\/01\/24\/4-a-gala-do-desporto-do-seixal-em-fevereiro-na-torre-da-marinha\/#breadcrumb\",\"itemListElement\":[{\"@type\":\"ListItem\",\"position\":1,\"name\":\"In\u00edcio\",\"item\":\"https:\/\/portaltela.pt\/\"},{\"@type\":\"ListItem\",\"position\":2,\"name\":\"4.\u00aa Gala do Desporto do Seixal em fevereiro na Torre da Marinha\"}]},{\"@type\":\"WebSite\",\"@id\":\"https:\/\/portaltela.pt\/#website\",\"url\":\"https:\/\/portaltela.pt\/\",\"name\":\"Portal Tela Portugal\",\"description\":\"\",\"potentialAction\":[{\"@type\":\"SearchAction\",\"target\":{\"@type\":\"EntryPoint\",\"urlTemplate\":\"https:\/\/portaltela.pt\/?s={search_term_string}\"},\"query-input\":{\"@type\":\"PropertyValueSpecification\",\"valueRequired\":true,\"valueName\":\"search_term_string\"}}],\"inLanguage\":\"pt-PT\"},{\"@type\":\"Person\",\"@id\":\"https:\/\/portaltela.pt\/#\/schema\/person\/c4278d4a6028830caff9ee44b42d32ed\",\"name\":\"Telinha\",\"image\":{\"@type\":\"ImageObject\",\"inLanguage\":\"pt-PT\",\"@id\":\"https:\/\/portaltela.pt\/s.01k8rhncp4jt1\/2025\/11\/talking-bot-125x125.png\",\"url\":\"https:\/\/portaltela.pt\/s.01k8rhncp4jt1\/2025\/11\/talking-bot-125x125.png\",\"contentUrl\":\"https:\/\/portaltela.pt\/s.01k8rhncp4jt1\/2025\/11\/talking-bot-125x125.png\",\"caption\":\"Telinha\"},\"sameAs\":[\"https:\/\/portaltela.pt\/\"],\"url\":\"https:\/\/portaltela.pt\/por\/367410592786\/\"}]}<\/script>\n<!-- \/ Yoast SEO plugin. -->","yoast_head_json":{"title":"4.\u00aa Gala do Desporto do Seixal em fevereiro na Torre da Marinha - Portal Tela Portugal","robots":{"index":"index","follow":"follow","max-snippet":"max-snippet:-1","max-image-preview":"max-image-preview:large","max-video-preview":"max-video-preview:-1"},"og_locale":"pt_PT","og_type":"article","og_title":"4.\u00aa Gala do Desporto do Seixal em fevereiro na Torre da Marinha - Portal Tela Portugal","og_description":"A C\u00e2mara Municipal do Seixal realiza a 4.\u00aa Gala do Desporto do Concelho do Seixal no dia 21 de fevereiro, \u00e0s 20h30, no Pavilh\u00e3o Municipal da Torre da Marinha. A cerim\u00f3nia visa reconhecer atletas e equipas que se distinguiram na \u00e9poca desportiva de 1 de setembro de 2024 a 31 de agosto de 2025. A gala enquadra-se na pol\u00edtica de \u201cdesporto para todos\u201d e na valoriza\u00e7\u00e3o das conquistas, refor\u00e7ando a import\u00e2ncia do desporto no concelho. A sele\u00e7\u00e3o das distin\u00e7\u00f5es baseia-se nos resultados dos contratos-programa de desenvolvimento desportivo apresentados pelo movimento associativo, com candidaturas de atletas residentes n\u00e3o vinculados a clubes entre 19 de janeiro e 1 de fevereiro. J\u00e1 estavam apurados 709 t\u00edtulos, distribu\u00eddos por 25 modalidades.","og_url":"https:\/\/portaltela.pt\/noticias\/2026\/01\/24\/4-a-gala-do-desporto-do-seixal-em-fevereiro-na-torre-da-marinha\/","og_site_name":"Portal Tela Portugal","article_published_time":"2026-01-24T23:00:58+00:00","author":"Telinha","twitter_card":"summary_large_image","twitter_misc":{"Escrito por":"Telinha","Tempo estimado de leitura":"1 minuto"},"schema":{"@context":"https:\/\/schema.org","@graph":[{"@type":"Article","@id":"https:\/\/portaltela.pt\/noticias\/2026\/01\/24\/4-a-gala-do-desporto-do-seixal-em-fevereiro-na-torre-da-marinha\/#article","isPartOf":{"@id":"https:\/\/portaltela.pt\/noticias\/2026\/01\/24\/4-a-gala-do-desporto-do-seixal-em-fevereiro-na-torre-da-marinha\/"},"author":{"name":"Telinha","@id":"https:\/\/portaltela.pt\/#\/schema\/person\/c4278d4a6028830caff9ee44b42d32ed"},"headline":"4.\u00aa Gala do Desporto do Seixal em fevereiro na Torre da Marinha","datePublished":"2026-01-24T23:00:58+00:00","mainEntityOfPage":{"@id":"https:\/\/portaltela.pt\/noticias\/2026\/01\/24\/4-a-gala-do-desporto-do-seixal-em-fevereiro-na-torre-da-marinha\/"},"wordCount":283,"image":{"@id":"https:\/\/portaltela.pt\/noticias\/2026\/01\/24\/4-a-gala-do-desporto-do-seixal-em-fevereiro-na-torre-da-marinha\/#primaryimage"},"thumbnailUrl":"https:\/\/portaltela.pt\/s.01k8rhncp4jt1\/2026\/01\/gala-desporto-seixal-1.jpg","keywords":["atletas","campeonato","concelho","desporto","equipas","movimento associativo"],"articleSection":["Desporto"],"inLanguage":"pt-PT"},{"@type":"WebPage","@id":"https:\/\/portaltela.pt\/noticias\/2026\/01\/24\/4-a-gala-do-desporto-do-seixal-em-fevereiro-na-torre-da-marinha\/","url":"https:\/\/portaltela.pt\/noticias\/2026\/01\/24\/4-a-gala-do-desporto-do-seixal-em-fevereiro-na-torre-da-marinha\/","name":"4.\u00aa Gala do Desporto do Seixal em fevereiro na Torre da Marinha - Portal Tela Portugal","isPartOf":{"@id":"https:\/\/portaltela.pt\/#website"},"primaryImageOfPage":{"@id":"https:\/\/portaltela.pt\/noticias\/2026\/01\/24\/4-a-gala-do-desporto-do-seixal-em-fevereiro-na-torre-da-marinha\/#primaryimage"},"image":{"@id":"https:\/\/portaltela.pt\/noticias\/2026\/01\/24\/4-a-gala-do-desporto-do-seixal-em-fevereiro-na-torre-da-marinha\/#primaryimage"},"thumbnailUrl":"https:\/\/portaltela.pt\/s.01k8rhncp4jt1\/2026\/01\/gala-desporto-seixal-1.jpg","datePublished":"2026-01-24T23:00:58+00:00","author":{"@id":"https:\/\/portaltela.pt\/#\/schema\/person\/c4278d4a6028830caff9ee44b42d32ed"},"breadcrumb":{"@id":"https:\/\/portaltela.pt\/noticias\/2026\/01\/24\/4-a-gala-do-desporto-do-seixal-em-fevereiro-na-torre-da-marinha\/#breadcrumb"},"inLanguage":"pt-PT","potentialAction":[{"@type":"ReadAction","target":["https:\/\/portaltela.pt\/noticias\/2026\/01\/24\/4-a-gala-do-desporto-do-seixal-em-fevereiro-na-torre-da-marinha\/"]}]},{"@type":"ImageObject","inLanguage":"pt-PT","@id":"https:\/\/portaltela.pt\/noticias\/2026\/01\/24\/4-a-gala-do-desporto-do-seixal-em-fevereiro-na-torre-da-marinha\/#primaryimage","url":"https:\/\/portaltela.pt\/s.01k8rhncp4jt1\/2026\/01\/gala-desporto-seixal-1.jpg","contentUrl":"https:\/\/portaltela.pt\/s.01k8rhncp4jt1\/2026\/01\/gala-desporto-seixal-1.jpg","width":796,"height":448,"caption":"Seixal abre candidaturas para a 4.\u00aa Gala do Desporto"},{"@type":"BreadcrumbList","@id":"https:\/\/portaltela.pt\/noticias\/2026\/01\/24\/4-a-gala-do-desporto-do-seixal-em-fevereiro-na-torre-da-marinha\/#breadcrumb","itemListElement":[{"@type":"ListItem","position":1,"name":"In\u00edcio","item":"https:\/\/portaltela.pt\/"},{"@type":"ListItem","position":2,"name":"4.\u00aa Gala do Desporto do Seixal em fevereiro na Torre da Marinha"}]},{"@type":"WebSite","@id":"https:\/\/portaltela.pt\/#website","url":"https:\/\/portaltela.pt\/","name":"Portal Tela Portugal","description":"","potentialAction":[{"@type":"SearchAction","target":{"@type":"EntryPoint","urlTemplate":"https:\/\/portaltela.pt\/?s={search_term_string}"},"query-input":{"@type":"PropertyValueSpecification","valueRequired":true,"valueName":"search_term_string"}}],"inLanguage":"pt-PT"},{"@type":"Person","@id":"https:\/\/portaltela.pt\/#\/schema\/person\/c4278d4a6028830caff9ee44b42d32ed","name":"Telinha","image":{"@type":"ImageObject","inLanguage":"pt-PT","@id":"https:\/\/portaltela.pt\/s.01k8rhncp4jt1\/2025\/11\/talking-bot-125x125.png","url":"https:\/\/portaltela.pt\/s.01k8rhncp4jt1\/2025\/11\/talking-bot-125x125.png","contentUrl":"https:\/\/portaltela.pt\/s.01k8rhncp4jt1\/2025\/11\/talking-bot-125x125.png","caption":"Telinha"},"sameAs":["https:\/\/portaltela.pt\/"],"url":"https:\/\/portaltela.pt\/por\/367410592786\/"}]}},"_links":{"self":[{"href":"https:\/\/portaltela.pt\/api\/wp\/v2\/posts\/171218","targetHints":{"allow":["GET"]}}],"collection":[{"href":"https:\/\/portaltela.pt\/api\/wp\/v2\/posts"}],"about":[{"href":"https:\/\/portaltela.pt\/api\/wp\/v2\/types\/post"}],"author":[{"embeddable":true,"href":"https:\/\/portaltela.pt\/api\/wp\/v2\/users\/2"}],"replies":[{"embeddable":true,"href":"https:\/\/portaltela.pt\/api\/wp\/v2\/comments?post=171218"}],"version-history":[{"count":0,"href":"https:\/\/portaltela.pt\/api\/wp\/v2\/posts\/171218\/revisions"}],"wp:featuredmedia":[{"embeddable":true,"href":"https:\/\/portaltela.pt\/api\/wp\/v2\/media\/171231"}],"wp:attachment":[{"href":"https:\/\/portaltela.pt\/api\/wp\/v2\/media?parent=171218"}],"wp:term":[{"taxonomy":"category","embeddable":true,"href":"https:\/\/portaltela.pt\/api\/wp\/v2\/categories?post=171218"},{"taxonomy":"post_tag","embeddable":true,"href":"https:\/\/portaltela.pt\/api\/wp\/v2\/tags?post=171218"}],"curies":[{"name":"wp","href":"https:\/\/api.w.org\/{rel}","templated":true}]}}