{"id":171199,"date":"2026-01-24T21:30:00","date_gmt":"2026-01-25T00:30:00","guid":{"rendered":"https:\/\/portaltela.pt\/noticias\/2026\/01\/24\/debate-sobre-a-relacao-entre-beleza-e-verdade-ganha-destaque\/"},"modified":"2026-01-24T21:30:00","modified_gmt":"2026-01-25T00:30:00","slug":"debate-sobre-a-relacao-entre-beleza-e-verdade-ganha-destaque","status":"publish","type":"post","link":"https:\/\/portaltela.pt\/noticias\/2026\/01\/24\/debate-sobre-a-relacao-entre-beleza-e-verdade-ganha-destaque\/","title":{"rendered":"Debate sobre a rela\u00e7\u00e3o entre beleza e verdade ganha destaque"},"content":{"rendered":"<p>Muito embora de etnia han, a fam\u00edlia de Cao Xueqin viveu no auge da administra\u00e7\u00e3o durante o reinado do imperador Kangxi, no s\u00e9culo XVIII. O av\u00f4 foi companheiro de inf\u00e2ncia do monarca e recebia h\u00f3spedes na casa dos Cao, colecionando poesia da dinastia Tang.<\/p>\n<p>A sorte da fam\u00edlia mudou com Yongzheng, que a despromoveu e expropriou, sob acusa\u00e7\u00f5es de corrup\u00e7\u00e3o. O tema da decad\u00eancia familiar inspira o romance O Sonho da C\u00e2mara Vermelha, escrito entre 1740 e a v\u00e9spera da morte de Cao Xueqin, sob Qianlong.<\/p>\n<p>O livro, com cerca de 2800 p\u00e1ginas, gerou uma rede de estudiosos dedicada \u00e0 sua interpreta\u00e7\u00e3o, conhecida como vermelhologia, voltada ao estudo da C\u00e2mara Vermelha. Mao Ts\u00e9-Tung promoveu controv\u00e9rsia entre comentaristas por interpreta\u00e7\u00f5es diversas.<\/p>\n<h3>Contexto cr\u00edtico e legado<\/h3>\n<p>A obra tornou-se o centro de debates liter\u00e1rios e hist\u00f3ricos, com leitores que tentam entender a rela\u00e7\u00e3o entre fidelidade hist\u00f3rica e fic\u00e7\u00e3o. A investiga\u00e7\u00e3o sobre o real e o ficcional persiste entre acad\u00e9micos e leitores dedicados.<\/p>\n<p>Escritores e cr\u00edticos continuam a analisar o papel da obra na literatura chinesa, explorando as motiva\u00e7\u00f5es de Cao Xueqin e as din\u00e2micas de poder que moldaram a sua vida. A historiografia da C\u00e2mara Vermelha mant\u00e9m-se em evolu\u00e7\u00e3o.<\/p>\n","protected":false},"excerpt":{"rendered":"<ul>\n<li>Cao Xueqin (1710-1763), de etnia han, escreveu o romance O Sonho da C\u00e2mara Vermelha, considerado um dos mais comentados da literatura chinesa.<\/li>\n<li>A fam\u00edlia Cao integrou os altos quadros da administra\u00e7\u00e3o durante o mandato do imperador Kangxi; o av\u00f4 do autor era colega de inf\u00e2ncia do imperador.<\/li>\n<li>A sorte da fam\u00edlia mudou com Yongzheng, que os despromoveu e expropriou mediante acusa\u00e7\u00f5es de corrup\u00e7\u00e3o e malversa\u00e7\u00e3o de fundos imperiais.<\/li>\n<li>O Sonho da C\u00e2mara Vermelha, com cerca de 2800 p\u00e1ginas, gerou uma vasta rede de exegetas conhecida como \u201cvermelhologia\u201d (estudo da C\u00e2mara Vermelha).<\/li>\n<li>Mao Ts\u00e9-Tung, leitor fervoroso da obra, iniciou persegui\u00e7\u00f5es a comentaristas considerados liter\u00e1rios por n\u00e3o a lerem \u201cda maneira correta\u201d.<\/li>\n<\/ul>\n","protected":false},"author":2,"featured_media":171200,"comment_status":"closed","ping_status":"closed","sticky":false,"template":"","format":"standard","meta":{"footnotes":""},"categories":[1],"tags":[145,299,3685,215,106,130],"class_list":["post-171199","post","type-post","status-publish","format-standard","has-post-thumbnail","hentry","category-noticias","tag-cultura","tag-historia","tag-historia-disciplinar","tag-investigacao","tag-literatura","tag-livros"],"yoast_head":"<!-- This site is optimized with the Yoast SEO plugin v27.2 - https:\/\/yoast.com\/product\/yoast-seo-wordpress\/ -->\n<title>Debate sobre a rela\u00e7\u00e3o entre beleza e verdade ganha destaque - Portal Tela Portugal<\/title>\n<meta name=\"robots\" content=\"index, follow, max-snippet:-1, max-image-preview:large, max-video-preview:-1\" \/>\n<meta property=\"og:locale\" content=\"pt_PT\" \/>\n<meta property=\"og:type\" content=\"article\" \/>\n<meta property=\"og:title\" content=\"Debate sobre a rela\u00e7\u00e3o entre beleza e verdade ganha destaque - Portal Tela Portugal\" \/>\n<meta property=\"og:description\" content=\"Cao Xueqin (1710-1763), de etnia han, escreveu o romance O Sonho da C\u00e2mara Vermelha, considerado um dos mais comentados da literatura chinesa. A fam\u00edlia Cao integrou os altos quadros da administra\u00e7\u00e3o durante o mandato do imperador Kangxi; o av\u00f4 do autor era colega de inf\u00e2ncia do imperador. A sorte da fam\u00edlia mudou com Yongzheng, que os despromoveu e expropriou mediante acusa\u00e7\u00f5es de corrup\u00e7\u00e3o e malversa\u00e7\u00e3o de fundos imperiais. O Sonho da C\u00e2mara Vermelha, com cerca de 2800 p\u00e1ginas, gerou uma vasta rede de exegetas conhecida como \u201cvermelhologia\u201d (estudo da C\u00e2mara Vermelha). Mao Ts\u00e9-Tung, leitor fervoroso da obra, iniciou persegui\u00e7\u00f5es a comentaristas considerados liter\u00e1rios por n\u00e3o a lerem \u201cda maneira correta\u201d.\" \/>\n<meta property=\"og:url\" content=\"https:\/\/portaltela.pt\/noticias\/2026\/01\/24\/debate-sobre-a-relacao-entre-beleza-e-verdade-ganha-destaque\/\" \/>\n<meta property=\"og:site_name\" content=\"Portal Tela Portugal\" \/>\n<meta property=\"article:published_time\" content=\"2026-01-25T00:30:00+00:00\" \/>\n<meta name=\"author\" content=\"Telinha\" \/>\n<meta name=\"twitter:card\" content=\"summary_large_image\" \/>\n<meta name=\"twitter:label1\" content=\"Escrito por\" \/>\n\t<meta name=\"twitter:data1\" content=\"Telinha\" \/>\n\t<meta name=\"twitter:label2\" content=\"Tempo estimado de leitura\" \/>\n\t<meta name=\"twitter:data2\" content=\"1 minuto\" \/>\n<script type=\"application\/ld+json\" class=\"yoast-schema-graph\">{\"@context\":\"https:\/\/schema.org\",\"@graph\":[{\"@type\":\"Article\",\"@id\":\"https:\/\/portaltela.pt\/noticias\/2026\/01\/24\/debate-sobre-a-relacao-entre-beleza-e-verdade-ganha-destaque\/#article\",\"isPartOf\":{\"@id\":\"https:\/\/portaltela.pt\/noticias\/2026\/01\/24\/debate-sobre-a-relacao-entre-beleza-e-verdade-ganha-destaque\/\"},\"author\":{\"name\":\"Telinha\",\"@id\":\"https:\/\/portaltela.pt\/#\/schema\/person\/c4278d4a6028830caff9ee44b42d32ed\"},\"headline\":\"Debate sobre a rela\u00e7\u00e3o entre beleza e verdade ganha destaque\",\"datePublished\":\"2026-01-25T00:30:00+00:00\",\"mainEntityOfPage\":{\"@id\":\"https:\/\/portaltela.pt\/noticias\/2026\/01\/24\/debate-sobre-a-relacao-entre-beleza-e-verdade-ganha-destaque\/\"},\"wordCount\":236,\"image\":{\"@id\":\"https:\/\/portaltela.pt\/noticias\/2026\/01\/24\/debate-sobre-a-relacao-entre-beleza-e-verdade-ganha-destaque\/#primaryimage\"},\"thumbnailUrl\":\"https:\/\/portaltela.pt\/s.01k8rhncp4jt1\/2026\/01\/img_1500x1000uu2026-01-24-19-04-20-2262317.jpg\",\"keywords\":[\"cultura\",\"hist\u00f3ria\",\"hist\u00f3ria disciplinar\",\"investiga\u00e7\u00e3o\",\"literatura\",\"livros\"],\"articleSection\":[\"Not\u00edcias\"],\"inLanguage\":\"pt-PT\"},{\"@type\":\"WebPage\",\"@id\":\"https:\/\/portaltela.pt\/noticias\/2026\/01\/24\/debate-sobre-a-relacao-entre-beleza-e-verdade-ganha-destaque\/\",\"url\":\"https:\/\/portaltela.pt\/noticias\/2026\/01\/24\/debate-sobre-a-relacao-entre-beleza-e-verdade-ganha-destaque\/\",\"name\":\"Debate sobre a rela\u00e7\u00e3o entre beleza e verdade ganha destaque - Portal Tela Portugal\",\"isPartOf\":{\"@id\":\"https:\/\/portaltela.pt\/#website\"},\"primaryImageOfPage\":{\"@id\":\"https:\/\/portaltela.pt\/noticias\/2026\/01\/24\/debate-sobre-a-relacao-entre-beleza-e-verdade-ganha-destaque\/#primaryimage\"},\"image\":{\"@id\":\"https:\/\/portaltela.pt\/noticias\/2026\/01\/24\/debate-sobre-a-relacao-entre-beleza-e-verdade-ganha-destaque\/#primaryimage\"},\"thumbnailUrl\":\"https:\/\/portaltela.pt\/s.01k8rhncp4jt1\/2026\/01\/img_1500x1000uu2026-01-24-19-04-20-2262317.jpg\",\"datePublished\":\"2026-01-25T00:30:00+00:00\",\"author\":{\"@id\":\"https:\/\/portaltela.pt\/#\/schema\/person\/c4278d4a6028830caff9ee44b42d32ed\"},\"breadcrumb\":{\"@id\":\"https:\/\/portaltela.pt\/noticias\/2026\/01\/24\/debate-sobre-a-relacao-entre-beleza-e-verdade-ganha-destaque\/#breadcrumb\"},\"inLanguage\":\"pt-PT\",\"potentialAction\":[{\"@type\":\"ReadAction\",\"target\":[\"https:\/\/portaltela.pt\/noticias\/2026\/01\/24\/debate-sobre-a-relacao-entre-beleza-e-verdade-ganha-destaque\/\"]}]},{\"@type\":\"ImageObject\",\"inLanguage\":\"pt-PT\",\"@id\":\"https:\/\/portaltela.pt\/noticias\/2026\/01\/24\/debate-sobre-a-relacao-entre-beleza-e-verdade-ganha-destaque\/#primaryimage\",\"url\":\"https:\/\/portaltela.pt\/s.01k8rhncp4jt1\/2026\/01\/img_1500x1000uu2026-01-24-19-04-20-2262317.jpg\",\"contentUrl\":\"https:\/\/portaltela.pt\/s.01k8rhncp4jt1\/2026\/01\/img_1500x1000uu2026-01-24-19-04-20-2262317.jpg\",\"width\":796,\"height\":448,\"caption\":\"\u2018O Sonho da C\u00e2mara Vermelha\u2019\"},{\"@type\":\"BreadcrumbList\",\"@id\":\"https:\/\/portaltela.pt\/noticias\/2026\/01\/24\/debate-sobre-a-relacao-entre-beleza-e-verdade-ganha-destaque\/#breadcrumb\",\"itemListElement\":[{\"@type\":\"ListItem\",\"position\":1,\"name\":\"In\u00edcio\",\"item\":\"https:\/\/portaltela.pt\/\"},{\"@type\":\"ListItem\",\"position\":2,\"name\":\"Debate sobre a rela\u00e7\u00e3o entre beleza e verdade ganha destaque\"}]},{\"@type\":\"WebSite\",\"@id\":\"https:\/\/portaltela.pt\/#website\",\"url\":\"https:\/\/portaltela.pt\/\",\"name\":\"Portal Tela Portugal\",\"description\":\"\",\"potentialAction\":[{\"@type\":\"SearchAction\",\"target\":{\"@type\":\"EntryPoint\",\"urlTemplate\":\"https:\/\/portaltela.pt\/?s={search_term_string}\"},\"query-input\":{\"@type\":\"PropertyValueSpecification\",\"valueRequired\":true,\"valueName\":\"search_term_string\"}}],\"inLanguage\":\"pt-PT\"},{\"@type\":\"Person\",\"@id\":\"https:\/\/portaltela.pt\/#\/schema\/person\/c4278d4a6028830caff9ee44b42d32ed\",\"name\":\"Telinha\",\"image\":{\"@type\":\"ImageObject\",\"inLanguage\":\"pt-PT\",\"@id\":\"https:\/\/portaltela.pt\/s.01k8rhncp4jt1\/2025\/11\/talking-bot-125x125.png\",\"url\":\"https:\/\/portaltela.pt\/s.01k8rhncp4jt1\/2025\/11\/talking-bot-125x125.png\",\"contentUrl\":\"https:\/\/portaltela.pt\/s.01k8rhncp4jt1\/2025\/11\/talking-bot-125x125.png\",\"caption\":\"Telinha\"},\"sameAs\":[\"https:\/\/portaltela.pt\/\"],\"url\":\"https:\/\/portaltela.pt\/por\/367410592786\/\"}]}<\/script>\n<!-- \/ Yoast SEO plugin. -->","yoast_head_json":{"title":"Debate sobre a rela\u00e7\u00e3o entre beleza e verdade ganha destaque - Portal Tela Portugal","robots":{"index":"index","follow":"follow","max-snippet":"max-snippet:-1","max-image-preview":"max-image-preview:large","max-video-preview":"max-video-preview:-1"},"og_locale":"pt_PT","og_type":"article","og_title":"Debate sobre a rela\u00e7\u00e3o entre beleza e verdade ganha destaque - Portal Tela Portugal","og_description":"Cao Xueqin (1710-1763), de etnia han, escreveu o romance O Sonho da C\u00e2mara Vermelha, considerado um dos mais comentados da literatura chinesa. A fam\u00edlia Cao integrou os altos quadros da administra\u00e7\u00e3o durante o mandato do imperador Kangxi; o av\u00f4 do autor era colega de inf\u00e2ncia do imperador. A sorte da fam\u00edlia mudou com Yongzheng, que os despromoveu e expropriou mediante acusa\u00e7\u00f5es de corrup\u00e7\u00e3o e malversa\u00e7\u00e3o de fundos imperiais. O Sonho da C\u00e2mara Vermelha, com cerca de 2800 p\u00e1ginas, gerou uma vasta rede de exegetas conhecida como \u201cvermelhologia\u201d (estudo da C\u00e2mara Vermelha). Mao Ts\u00e9-Tung, leitor fervoroso da obra, iniciou persegui\u00e7\u00f5es a comentaristas considerados liter\u00e1rios por n\u00e3o a lerem \u201cda maneira correta\u201d.","og_url":"https:\/\/portaltela.pt\/noticias\/2026\/01\/24\/debate-sobre-a-relacao-entre-beleza-e-verdade-ganha-destaque\/","og_site_name":"Portal Tela Portugal","article_published_time":"2026-01-25T00:30:00+00:00","author":"Telinha","twitter_card":"summary_large_image","twitter_misc":{"Escrito por":"Telinha","Tempo estimado de leitura":"1 minuto"},"schema":{"@context":"https:\/\/schema.org","@graph":[{"@type":"Article","@id":"https:\/\/portaltela.pt\/noticias\/2026\/01\/24\/debate-sobre-a-relacao-entre-beleza-e-verdade-ganha-destaque\/#article","isPartOf":{"@id":"https:\/\/portaltela.pt\/noticias\/2026\/01\/24\/debate-sobre-a-relacao-entre-beleza-e-verdade-ganha-destaque\/"},"author":{"name":"Telinha","@id":"https:\/\/portaltela.pt\/#\/schema\/person\/c4278d4a6028830caff9ee44b42d32ed"},"headline":"Debate sobre a rela\u00e7\u00e3o entre beleza e verdade ganha destaque","datePublished":"2026-01-25T00:30:00+00:00","mainEntityOfPage":{"@id":"https:\/\/portaltela.pt\/noticias\/2026\/01\/24\/debate-sobre-a-relacao-entre-beleza-e-verdade-ganha-destaque\/"},"wordCount":236,"image":{"@id":"https:\/\/portaltela.pt\/noticias\/2026\/01\/24\/debate-sobre-a-relacao-entre-beleza-e-verdade-ganha-destaque\/#primaryimage"},"thumbnailUrl":"https:\/\/portaltela.pt\/s.01k8rhncp4jt1\/2026\/01\/img_1500x1000uu2026-01-24-19-04-20-2262317.jpg","keywords":["cultura","hist\u00f3ria","hist\u00f3ria disciplinar","investiga\u00e7\u00e3o","literatura","livros"],"articleSection":["Not\u00edcias"],"inLanguage":"pt-PT"},{"@type":"WebPage","@id":"https:\/\/portaltela.pt\/noticias\/2026\/01\/24\/debate-sobre-a-relacao-entre-beleza-e-verdade-ganha-destaque\/","url":"https:\/\/portaltela.pt\/noticias\/2026\/01\/24\/debate-sobre-a-relacao-entre-beleza-e-verdade-ganha-destaque\/","name":"Debate sobre a rela\u00e7\u00e3o entre beleza e verdade ganha destaque - Portal Tela Portugal","isPartOf":{"@id":"https:\/\/portaltela.pt\/#website"},"primaryImageOfPage":{"@id":"https:\/\/portaltela.pt\/noticias\/2026\/01\/24\/debate-sobre-a-relacao-entre-beleza-e-verdade-ganha-destaque\/#primaryimage"},"image":{"@id":"https:\/\/portaltela.pt\/noticias\/2026\/01\/24\/debate-sobre-a-relacao-entre-beleza-e-verdade-ganha-destaque\/#primaryimage"},"thumbnailUrl":"https:\/\/portaltela.pt\/s.01k8rhncp4jt1\/2026\/01\/img_1500x1000uu2026-01-24-19-04-20-2262317.jpg","datePublished":"2026-01-25T00:30:00+00:00","author":{"@id":"https:\/\/portaltela.pt\/#\/schema\/person\/c4278d4a6028830caff9ee44b42d32ed"},"breadcrumb":{"@id":"https:\/\/portaltela.pt\/noticias\/2026\/01\/24\/debate-sobre-a-relacao-entre-beleza-e-verdade-ganha-destaque\/#breadcrumb"},"inLanguage":"pt-PT","potentialAction":[{"@type":"ReadAction","target":["https:\/\/portaltela.pt\/noticias\/2026\/01\/24\/debate-sobre-a-relacao-entre-beleza-e-verdade-ganha-destaque\/"]}]},{"@type":"ImageObject","inLanguage":"pt-PT","@id":"https:\/\/portaltela.pt\/noticias\/2026\/01\/24\/debate-sobre-a-relacao-entre-beleza-e-verdade-ganha-destaque\/#primaryimage","url":"https:\/\/portaltela.pt\/s.01k8rhncp4jt1\/2026\/01\/img_1500x1000uu2026-01-24-19-04-20-2262317.jpg","contentUrl":"https:\/\/portaltela.pt\/s.01k8rhncp4jt1\/2026\/01\/img_1500x1000uu2026-01-24-19-04-20-2262317.jpg","width":796,"height":448,"caption":"\u2018O Sonho da C\u00e2mara Vermelha\u2019"},{"@type":"BreadcrumbList","@id":"https:\/\/portaltela.pt\/noticias\/2026\/01\/24\/debate-sobre-a-relacao-entre-beleza-e-verdade-ganha-destaque\/#breadcrumb","itemListElement":[{"@type":"ListItem","position":1,"name":"In\u00edcio","item":"https:\/\/portaltela.pt\/"},{"@type":"ListItem","position":2,"name":"Debate sobre a rela\u00e7\u00e3o entre beleza e verdade ganha destaque"}]},{"@type":"WebSite","@id":"https:\/\/portaltela.pt\/#website","url":"https:\/\/portaltela.pt\/","name":"Portal Tela Portugal","description":"","potentialAction":[{"@type":"SearchAction","target":{"@type":"EntryPoint","urlTemplate":"https:\/\/portaltela.pt\/?s={search_term_string}"},"query-input":{"@type":"PropertyValueSpecification","valueRequired":true,"valueName":"search_term_string"}}],"inLanguage":"pt-PT"},{"@type":"Person","@id":"https:\/\/portaltela.pt\/#\/schema\/person\/c4278d4a6028830caff9ee44b42d32ed","name":"Telinha","image":{"@type":"ImageObject","inLanguage":"pt-PT","@id":"https:\/\/portaltela.pt\/s.01k8rhncp4jt1\/2025\/11\/talking-bot-125x125.png","url":"https:\/\/portaltela.pt\/s.01k8rhncp4jt1\/2025\/11\/talking-bot-125x125.png","contentUrl":"https:\/\/portaltela.pt\/s.01k8rhncp4jt1\/2025\/11\/talking-bot-125x125.png","caption":"Telinha"},"sameAs":["https:\/\/portaltela.pt\/"],"url":"https:\/\/portaltela.pt\/por\/367410592786\/"}]}},"_links":{"self":[{"href":"https:\/\/portaltela.pt\/api\/wp\/v2\/posts\/171199","targetHints":{"allow":["GET"]}}],"collection":[{"href":"https:\/\/portaltela.pt\/api\/wp\/v2\/posts"}],"about":[{"href":"https:\/\/portaltela.pt\/api\/wp\/v2\/types\/post"}],"author":[{"embeddable":true,"href":"https:\/\/portaltela.pt\/api\/wp\/v2\/users\/2"}],"replies":[{"embeddable":true,"href":"https:\/\/portaltela.pt\/api\/wp\/v2\/comments?post=171199"}],"version-history":[{"count":0,"href":"https:\/\/portaltela.pt\/api\/wp\/v2\/posts\/171199\/revisions"}],"wp:featuredmedia":[{"embeddable":true,"href":"https:\/\/portaltela.pt\/api\/wp\/v2\/media\/171200"}],"wp:attachment":[{"href":"https:\/\/portaltela.pt\/api\/wp\/v2\/media?parent=171199"}],"wp:term":[{"taxonomy":"category","embeddable":true,"href":"https:\/\/portaltela.pt\/api\/wp\/v2\/categories?post=171199"},{"taxonomy":"post_tag","embeddable":true,"href":"https:\/\/portaltela.pt\/api\/wp\/v2\/tags?post=171199"}],"curies":[{"name":"wp","href":"https:\/\/api.w.org\/{rel}","templated":true}]}}