{"id":171144,"date":"2026-01-24T20:05:00","date_gmt":"2026-01-24T23:05:00","guid":{"rendered":"https:\/\/portaltela.pt\/noticias\/2026\/01\/24\/nuno-melo-associa-chega-ao-socialismo-e-apela-ao-voto-consciente\/"},"modified":"2026-01-24T20:05:00","modified_gmt":"2026-01-24T23:05:00","slug":"nuno-melo-associa-chega-ao-socialismo-e-apela-ao-voto-consciente","status":"publish","type":"post","link":"https:\/\/portaltela.pt\/noticias\/politica\/2026\/01\/24\/nuno-melo-associa-chega-ao-socialismo-e-apela-ao-voto-consciente\/","title":{"rendered":"Nuno Melo associa Chega ao socialismo e apela ao voto consciente"},"content":{"rendered":"<p>O presidente do CDS-PP, Nuno Melo, ligou hoje o Chega ao socialismo e comparou Andr\u00e9 Ventura a Donald Trump. O apelo foi feito durante a conven\u00e7\u00e3o aut\u00e1rquica do CDS-PP no Porto, onde pediu voto em consci\u00eancia para as presidenciais.<\/p>\n<p>Melo explicou que o Chega defende aumentos de impostos e um Estado de dire\u00e7\u00e3o paternalista, interpretando isso como uma forma de socialismo. Reiterou que o CDS n\u00e3o ter\u00e1 empenho org\u00e2nico nem institucional na segunda volta.<\/p>\n<h3>Contexto pol\u00edtico e posi\u00e7\u00f5es do CDS-PP<\/h3>\n<p>O l\u00edder centrista afirmou que o CDS n\u00e3o vai apoiar formalmente Ant\u00f3nio Jos\u00e9 Seguro nem Andr\u00e9 Ventura na segunda volta. Recordou ainda um epis\u00f3dio de 2023 quando Ventura revelou ter sete milh\u00f5es para comprar a sede, numa ala em refer\u00eancia ao falecido Adelino Amaro da Costa.<\/p>\n<p>Nuno Melo comparou atitudes de Ventura a declara\u00e7\u00f5es de l\u00edderes de outros pa\u00edses, com uma analogia ao discurso sobre aquisi\u00e7\u00f5es territoriais no \u00c1rtico. Acrescentou que a direita n\u00e3o deve ser associada a populismos nem a acep\u00e7\u00f5es f\u00e1ceis da cr\u00edtica.<\/p>\n<h3>Observa\u00e7\u00f5es sobre o processo eleitoral<\/h3>\n<p>O presidente do CDS-PP frisou que n\u00e3o \u00e9 fun\u00e7\u00e3o do partido indicar o voto aos eleitores. Incentivou o voto em consci\u00eancia, sugerindo que cada um escolha com base na perce\u00e7\u00e3o de quem melhora mais as condi\u00e7\u00f5es do pa\u00eds.<\/p>\n<p>O dirigente lembrou ainda que a for\u00e7a de um partido n\u00e3o est\u00e1 apenas nos seguidores online, mas no compromisso com o CDS. N\u00e3o houve declara\u00e7\u00f5es adicionais aos jornalistas ao t\u00e9rmino da interven\u00e7\u00e3o.<\/p>\n","protected":false},"excerpt":{"rendered":"<ul>\n<li>O presidente do CDS-PP, Nuno Melo, associou o Chega ao socialismo e comparou Andr\u00e9 Ventura a Donald Trump, pedindo voto &#8220;em consci\u00eancia&#8221; nas presidenciais de 8 de fevereiro.<\/li>\n<li>Melo disse que o Chega defende aumentos de impostos e um Estado que distribui tudo a todos, o que, na leitura dele, seria ainda mais socialista.<\/li>\n<li>O CDS-PP reiterou que n\u00e3o ter\u00e1 empenho org\u00e2nico nem institucional na segunda volta das presidenciais e n\u00e3o dar\u00e1 apoio formal a Ant\u00f3nio Jos\u00e9 Seguro nem a Andr\u00e9 Ventura.<\/li>\n<li>Citou epis\u00f3dio passado envolvendo Andr\u00e9 Ventura, que, segundo Melo, insinuou comprar a sede do CDS com sete milh\u00f5es no bolso, fazendo alus\u00e3o a declara\u00e7\u00f5es associadas a Trump sobre a Gronel\u00e2ndia.<\/li>\n<li>Pediu aos eleitores para votarem em consci\u00eancia, sem orienta\u00e7\u00e3o de voto, mantendo o CDS acima de posi\u00e7\u00f5es pol\u00edticas pr\u00f3prias e defendendo adapta\u00e7\u00e3o \u00e0 nova realidade pol\u00edtica.<\/li>\n<\/ul>\n","protected":false},"author":2,"featured_media":171157,"comment_status":"closed","ping_status":"closed","sticky":false,"template":"","format":"standard","meta":{"footnotes":""},"categories":[1,5],"tags":[3763,2142,68,1732,2832,229],"class_list":["post-171144","post","type-post","status-publish","format-standard","has-post-thumbnail","hentry","category-noticias","category-politica","tag-cds-cds","tag-chega","tag-eleicoes","tag-partidos","tag-politica","tag-politica-publica"],"yoast_head":"<!-- This site is optimized with the Yoast SEO plugin v27.2 - https:\/\/yoast.com\/product\/yoast-seo-wordpress\/ -->\n<title>Nuno Melo associa Chega ao socialismo e apela ao voto consciente - Portal Tela Portugal<\/title>\n<meta name=\"robots\" content=\"index, follow, max-snippet:-1, max-image-preview:large, max-video-preview:-1\" \/>\n<meta property=\"og:locale\" content=\"pt_PT\" \/>\n<meta property=\"og:type\" content=\"article\" \/>\n<meta property=\"og:title\" content=\"Nuno Melo associa Chega ao socialismo e apela ao voto consciente - Portal Tela Portugal\" \/>\n<meta property=\"og:description\" content=\"O presidente do CDS-PP, Nuno Melo, associou o Chega ao socialismo e comparou Andr\u00e9 Ventura a Donald Trump, pedindo voto &quot;em consci\u00eancia&quot; nas presidenciais de 8 de fevereiro. Melo disse que o Chega defende aumentos de impostos e um Estado que distribui tudo a todos, o que, na leitura dele, seria ainda mais socialista. O CDS-PP reiterou que n\u00e3o ter\u00e1 empenho org\u00e2nico nem institucional na segunda volta das presidenciais e n\u00e3o dar\u00e1 apoio formal a Ant\u00f3nio Jos\u00e9 Seguro nem a Andr\u00e9 Ventura. Citou epis\u00f3dio passado envolvendo Andr\u00e9 Ventura, que, segundo Melo, insinuou comprar a sede do CDS com sete milh\u00f5es no bolso, fazendo alus\u00e3o a declara\u00e7\u00f5es associadas a Trump sobre a Gronel\u00e2ndia. Pediu aos eleitores para votarem em consci\u00eancia, sem orienta\u00e7\u00e3o de voto, mantendo o CDS acima de posi\u00e7\u00f5es pol\u00edticas pr\u00f3prias e defendendo adapta\u00e7\u00e3o \u00e0 nova realidade pol\u00edtica.\" \/>\n<meta property=\"og:url\" content=\"https:\/\/portaltela.pt\/noticias\/2026\/01\/24\/nuno-melo-associa-chega-ao-socialismo-e-apela-ao-voto-consciente\/\" \/>\n<meta property=\"og:site_name\" content=\"Portal Tela Portugal\" \/>\n<meta property=\"article:published_time\" content=\"2026-01-24T23:05:00+00:00\" \/>\n<meta name=\"author\" content=\"Telinha\" \/>\n<meta name=\"twitter:card\" content=\"summary_large_image\" \/>\n<meta name=\"twitter:label1\" content=\"Escrito por\" \/>\n\t<meta name=\"twitter:data1\" content=\"Telinha\" \/>\n\t<meta name=\"twitter:label2\" content=\"Tempo estimado de leitura\" \/>\n\t<meta name=\"twitter:data2\" content=\"1 minuto\" \/>\n<script type=\"application\/ld+json\" class=\"yoast-schema-graph\">{\"@context\":\"https:\/\/schema.org\",\"@graph\":[{\"@type\":\"Article\",\"@id\":\"https:\/\/portaltela.pt\/noticias\/2026\/01\/24\/nuno-melo-associa-chega-ao-socialismo-e-apela-ao-voto-consciente\/#article\",\"isPartOf\":{\"@id\":\"https:\/\/portaltela.pt\/noticias\/2026\/01\/24\/nuno-melo-associa-chega-ao-socialismo-e-apela-ao-voto-consciente\/\"},\"author\":{\"name\":\"Telinha\",\"@id\":\"https:\/\/portaltela.pt\/#\/schema\/person\/c4278d4a6028830caff9ee44b42d32ed\"},\"headline\":\"Nuno Melo associa Chega ao socialismo e apela ao voto consciente\",\"datePublished\":\"2026-01-24T23:05:00+00:00\",\"mainEntityOfPage\":{\"@id\":\"https:\/\/portaltela.pt\/noticias\/2026\/01\/24\/nuno-melo-associa-chega-ao-socialismo-e-apela-ao-voto-consciente\/\"},\"wordCount\":284,\"image\":{\"@id\":\"https:\/\/portaltela.pt\/noticias\/2026\/01\/24\/nuno-melo-associa-chega-ao-socialismo-e-apela-ao-voto-consciente\/#primaryimage\"},\"thumbnailUrl\":\"https:\/\/portaltela.pt\/s.01k8rhncp4jt1\/2026\/01\/unnamed-file-5074.jpg\",\"keywords\":[\"CDS\/CDS\",\"CHEGA\",\"elei\u00e7\u00f5es\",\"partidos\",\"pol\u00edtica\",\"pol\u00edtica p\u00fablica\"],\"articleSection\":[\"Not\u00edcias\",\"Pol\u00edtica\"],\"inLanguage\":\"pt-PT\"},{\"@type\":\"WebPage\",\"@id\":\"https:\/\/portaltela.pt\/noticias\/2026\/01\/24\/nuno-melo-associa-chega-ao-socialismo-e-apela-ao-voto-consciente\/\",\"url\":\"https:\/\/portaltela.pt\/noticias\/2026\/01\/24\/nuno-melo-associa-chega-ao-socialismo-e-apela-ao-voto-consciente\/\",\"name\":\"Nuno Melo associa Chega ao socialismo e apela ao voto consciente - Portal Tela Portugal\",\"isPartOf\":{\"@id\":\"https:\/\/portaltela.pt\/#website\"},\"primaryImageOfPage\":{\"@id\":\"https:\/\/portaltela.pt\/noticias\/2026\/01\/24\/nuno-melo-associa-chega-ao-socialismo-e-apela-ao-voto-consciente\/#primaryimage\"},\"image\":{\"@id\":\"https:\/\/portaltela.pt\/noticias\/2026\/01\/24\/nuno-melo-associa-chega-ao-socialismo-e-apela-ao-voto-consciente\/#primaryimage\"},\"thumbnailUrl\":\"https:\/\/portaltela.pt\/s.01k8rhncp4jt1\/2026\/01\/unnamed-file-5074.jpg\",\"datePublished\":\"2026-01-24T23:05:00+00:00\",\"author\":{\"@id\":\"https:\/\/portaltela.pt\/#\/schema\/person\/c4278d4a6028830caff9ee44b42d32ed\"},\"breadcrumb\":{\"@id\":\"https:\/\/portaltela.pt\/noticias\/2026\/01\/24\/nuno-melo-associa-chega-ao-socialismo-e-apela-ao-voto-consciente\/#breadcrumb\"},\"inLanguage\":\"pt-PT\",\"potentialAction\":[{\"@type\":\"ReadAction\",\"target\":[\"https:\/\/portaltela.pt\/noticias\/2026\/01\/24\/nuno-melo-associa-chega-ao-socialismo-e-apela-ao-voto-consciente\/\"]}]},{\"@type\":\"ImageObject\",\"inLanguage\":\"pt-PT\",\"@id\":\"https:\/\/portaltela.pt\/noticias\/2026\/01\/24\/nuno-melo-associa-chega-ao-socialismo-e-apela-ao-voto-consciente\/#primaryimage\",\"url\":\"https:\/\/portaltela.pt\/s.01k8rhncp4jt1\/2026\/01\/unnamed-file-5074.jpg\",\"contentUrl\":\"https:\/\/portaltela.pt\/s.01k8rhncp4jt1\/2026\/01\/unnamed-file-5074.jpg\",\"width\":796,\"height\":448,\"caption\":\"Nuno Melo associa Chega ao socialismo e apela ao voto \\\"em consci\u00eancia\\\"\"},{\"@type\":\"BreadcrumbList\",\"@id\":\"https:\/\/portaltela.pt\/noticias\/2026\/01\/24\/nuno-melo-associa-chega-ao-socialismo-e-apela-ao-voto-consciente\/#breadcrumb\",\"itemListElement\":[{\"@type\":\"ListItem\",\"position\":1,\"name\":\"In\u00edcio\",\"item\":\"https:\/\/portaltela.pt\/\"},{\"@type\":\"ListItem\",\"position\":2,\"name\":\"Nuno Melo associa Chega ao socialismo e apela ao voto consciente\"}]},{\"@type\":\"WebSite\",\"@id\":\"https:\/\/portaltela.pt\/#website\",\"url\":\"https:\/\/portaltela.pt\/\",\"name\":\"Portal Tela Portugal\",\"description\":\"\",\"potentialAction\":[{\"@type\":\"SearchAction\",\"target\":{\"@type\":\"EntryPoint\",\"urlTemplate\":\"https:\/\/portaltela.pt\/?s={search_term_string}\"},\"query-input\":{\"@type\":\"PropertyValueSpecification\",\"valueRequired\":true,\"valueName\":\"search_term_string\"}}],\"inLanguage\":\"pt-PT\"},{\"@type\":\"Person\",\"@id\":\"https:\/\/portaltela.pt\/#\/schema\/person\/c4278d4a6028830caff9ee44b42d32ed\",\"name\":\"Telinha\",\"image\":{\"@type\":\"ImageObject\",\"inLanguage\":\"pt-PT\",\"@id\":\"https:\/\/portaltela.pt\/s.01k8rhncp4jt1\/2025\/11\/talking-bot-125x125.png\",\"url\":\"https:\/\/portaltela.pt\/s.01k8rhncp4jt1\/2025\/11\/talking-bot-125x125.png\",\"contentUrl\":\"https:\/\/portaltela.pt\/s.01k8rhncp4jt1\/2025\/11\/talking-bot-125x125.png\",\"caption\":\"Telinha\"},\"sameAs\":[\"https:\/\/portaltela.pt\/\"],\"url\":\"https:\/\/portaltela.pt\/por\/367410592786\/\"}]}<\/script>\n<!-- \/ Yoast SEO plugin. -->","yoast_head_json":{"title":"Nuno Melo associa Chega ao socialismo e apela ao voto consciente - Portal Tela Portugal","robots":{"index":"index","follow":"follow","max-snippet":"max-snippet:-1","max-image-preview":"max-image-preview:large","max-video-preview":"max-video-preview:-1"},"og_locale":"pt_PT","og_type":"article","og_title":"Nuno Melo associa Chega ao socialismo e apela ao voto consciente - Portal Tela Portugal","og_description":"O presidente do CDS-PP, Nuno Melo, associou o Chega ao socialismo e comparou Andr\u00e9 Ventura a Donald Trump, pedindo voto \"em consci\u00eancia\" nas presidenciais de 8 de fevereiro. Melo disse que o Chega defende aumentos de impostos e um Estado que distribui tudo a todos, o que, na leitura dele, seria ainda mais socialista. O CDS-PP reiterou que n\u00e3o ter\u00e1 empenho org\u00e2nico nem institucional na segunda volta das presidenciais e n\u00e3o dar\u00e1 apoio formal a Ant\u00f3nio Jos\u00e9 Seguro nem a Andr\u00e9 Ventura. Citou epis\u00f3dio passado envolvendo Andr\u00e9 Ventura, que, segundo Melo, insinuou comprar a sede do CDS com sete milh\u00f5es no bolso, fazendo alus\u00e3o a declara\u00e7\u00f5es associadas a Trump sobre a Gronel\u00e2ndia. Pediu aos eleitores para votarem em consci\u00eancia, sem orienta\u00e7\u00e3o de voto, mantendo o CDS acima de posi\u00e7\u00f5es pol\u00edticas pr\u00f3prias e defendendo adapta\u00e7\u00e3o \u00e0 nova realidade pol\u00edtica.","og_url":"https:\/\/portaltela.pt\/noticias\/2026\/01\/24\/nuno-melo-associa-chega-ao-socialismo-e-apela-ao-voto-consciente\/","og_site_name":"Portal Tela Portugal","article_published_time":"2026-01-24T23:05:00+00:00","author":"Telinha","twitter_card":"summary_large_image","twitter_misc":{"Escrito por":"Telinha","Tempo estimado de leitura":"1 minuto"},"schema":{"@context":"https:\/\/schema.org","@graph":[{"@type":"Article","@id":"https:\/\/portaltela.pt\/noticias\/2026\/01\/24\/nuno-melo-associa-chega-ao-socialismo-e-apela-ao-voto-consciente\/#article","isPartOf":{"@id":"https:\/\/portaltela.pt\/noticias\/2026\/01\/24\/nuno-melo-associa-chega-ao-socialismo-e-apela-ao-voto-consciente\/"},"author":{"name":"Telinha","@id":"https:\/\/portaltela.pt\/#\/schema\/person\/c4278d4a6028830caff9ee44b42d32ed"},"headline":"Nuno Melo associa Chega ao socialismo e apela ao voto consciente","datePublished":"2026-01-24T23:05:00+00:00","mainEntityOfPage":{"@id":"https:\/\/portaltela.pt\/noticias\/2026\/01\/24\/nuno-melo-associa-chega-ao-socialismo-e-apela-ao-voto-consciente\/"},"wordCount":284,"image":{"@id":"https:\/\/portaltela.pt\/noticias\/2026\/01\/24\/nuno-melo-associa-chega-ao-socialismo-e-apela-ao-voto-consciente\/#primaryimage"},"thumbnailUrl":"https:\/\/portaltela.pt\/s.01k8rhncp4jt1\/2026\/01\/unnamed-file-5074.jpg","keywords":["CDS\/CDS","CHEGA","elei\u00e7\u00f5es","partidos","pol\u00edtica","pol\u00edtica p\u00fablica"],"articleSection":["Not\u00edcias","Pol\u00edtica"],"inLanguage":"pt-PT"},{"@type":"WebPage","@id":"https:\/\/portaltela.pt\/noticias\/2026\/01\/24\/nuno-melo-associa-chega-ao-socialismo-e-apela-ao-voto-consciente\/","url":"https:\/\/portaltela.pt\/noticias\/2026\/01\/24\/nuno-melo-associa-chega-ao-socialismo-e-apela-ao-voto-consciente\/","name":"Nuno Melo associa Chega ao socialismo e apela ao voto consciente - Portal Tela Portugal","isPartOf":{"@id":"https:\/\/portaltela.pt\/#website"},"primaryImageOfPage":{"@id":"https:\/\/portaltela.pt\/noticias\/2026\/01\/24\/nuno-melo-associa-chega-ao-socialismo-e-apela-ao-voto-consciente\/#primaryimage"},"image":{"@id":"https:\/\/portaltela.pt\/noticias\/2026\/01\/24\/nuno-melo-associa-chega-ao-socialismo-e-apela-ao-voto-consciente\/#primaryimage"},"thumbnailUrl":"https:\/\/portaltela.pt\/s.01k8rhncp4jt1\/2026\/01\/unnamed-file-5074.jpg","datePublished":"2026-01-24T23:05:00+00:00","author":{"@id":"https:\/\/portaltela.pt\/#\/schema\/person\/c4278d4a6028830caff9ee44b42d32ed"},"breadcrumb":{"@id":"https:\/\/portaltela.pt\/noticias\/2026\/01\/24\/nuno-melo-associa-chega-ao-socialismo-e-apela-ao-voto-consciente\/#breadcrumb"},"inLanguage":"pt-PT","potentialAction":[{"@type":"ReadAction","target":["https:\/\/portaltela.pt\/noticias\/2026\/01\/24\/nuno-melo-associa-chega-ao-socialismo-e-apela-ao-voto-consciente\/"]}]},{"@type":"ImageObject","inLanguage":"pt-PT","@id":"https:\/\/portaltela.pt\/noticias\/2026\/01\/24\/nuno-melo-associa-chega-ao-socialismo-e-apela-ao-voto-consciente\/#primaryimage","url":"https:\/\/portaltela.pt\/s.01k8rhncp4jt1\/2026\/01\/unnamed-file-5074.jpg","contentUrl":"https:\/\/portaltela.pt\/s.01k8rhncp4jt1\/2026\/01\/unnamed-file-5074.jpg","width":796,"height":448,"caption":"Nuno Melo associa Chega ao socialismo e apela ao voto \"em consci\u00eancia\""},{"@type":"BreadcrumbList","@id":"https:\/\/portaltela.pt\/noticias\/2026\/01\/24\/nuno-melo-associa-chega-ao-socialismo-e-apela-ao-voto-consciente\/#breadcrumb","itemListElement":[{"@type":"ListItem","position":1,"name":"In\u00edcio","item":"https:\/\/portaltela.pt\/"},{"@type":"ListItem","position":2,"name":"Nuno Melo associa Chega ao socialismo e apela ao voto consciente"}]},{"@type":"WebSite","@id":"https:\/\/portaltela.pt\/#website","url":"https:\/\/portaltela.pt\/","name":"Portal Tela Portugal","description":"","potentialAction":[{"@type":"SearchAction","target":{"@type":"EntryPoint","urlTemplate":"https:\/\/portaltela.pt\/?s={search_term_string}"},"query-input":{"@type":"PropertyValueSpecification","valueRequired":true,"valueName":"search_term_string"}}],"inLanguage":"pt-PT"},{"@type":"Person","@id":"https:\/\/portaltela.pt\/#\/schema\/person\/c4278d4a6028830caff9ee44b42d32ed","name":"Telinha","image":{"@type":"ImageObject","inLanguage":"pt-PT","@id":"https:\/\/portaltela.pt\/s.01k8rhncp4jt1\/2025\/11\/talking-bot-125x125.png","url":"https:\/\/portaltela.pt\/s.01k8rhncp4jt1\/2025\/11\/talking-bot-125x125.png","contentUrl":"https:\/\/portaltela.pt\/s.01k8rhncp4jt1\/2025\/11\/talking-bot-125x125.png","caption":"Telinha"},"sameAs":["https:\/\/portaltela.pt\/"],"url":"https:\/\/portaltela.pt\/por\/367410592786\/"}]}},"_links":{"self":[{"href":"https:\/\/portaltela.pt\/api\/wp\/v2\/posts\/171144","targetHints":{"allow":["GET"]}}],"collection":[{"href":"https:\/\/portaltela.pt\/api\/wp\/v2\/posts"}],"about":[{"href":"https:\/\/portaltela.pt\/api\/wp\/v2\/types\/post"}],"author":[{"embeddable":true,"href":"https:\/\/portaltela.pt\/api\/wp\/v2\/users\/2"}],"replies":[{"embeddable":true,"href":"https:\/\/portaltela.pt\/api\/wp\/v2\/comments?post=171144"}],"version-history":[{"count":0,"href":"https:\/\/portaltela.pt\/api\/wp\/v2\/posts\/171144\/revisions"}],"wp:featuredmedia":[{"embeddable":true,"href":"https:\/\/portaltela.pt\/api\/wp\/v2\/media\/171157"}],"wp:attachment":[{"href":"https:\/\/portaltela.pt\/api\/wp\/v2\/media?parent=171144"}],"wp:term":[{"taxonomy":"category","embeddable":true,"href":"https:\/\/portaltela.pt\/api\/wp\/v2\/categories?post=171144"},{"taxonomy":"post_tag","embeddable":true,"href":"https:\/\/portaltela.pt\/api\/wp\/v2\/tags?post=171144"}],"curies":[{"name":"wp","href":"https:\/\/api.w.org\/{rel}","templated":true}]}}