{"id":171142,"date":"2026-01-24T20:26:51","date_gmt":"2026-01-24T23:26:51","guid":{"rendered":"https:\/\/portaltela.pt\/noticias\/2026\/01\/24\/governo-atribui-121-milhoes-para-gestao-florestal-e-prevencao-de-incendios\/"},"modified":"2026-01-24T20:26:51","modified_gmt":"2026-01-24T23:26:51","slug":"governo-atribui-121-milhoes-para-gestao-florestal-e-prevencao-de-incendios","status":"publish","type":"post","link":"https:\/\/portaltela.pt\/noticias\/2026\/01\/24\/governo-atribui-121-milhoes-para-gestao-florestal-e-prevencao-de-incendios\/","title":{"rendered":"Governo atribui 12,1 milh\u00f5es para gest\u00e3o florestal e preven\u00e7\u00e3o de inc\u00eandios"},"content":{"rendered":"<p>O Governo lan\u00e7ou um apoio de 12,1 milh\u00f5es de euros para refor\u00e7ar a gest\u00e3o florestal e a preven\u00e7\u00e3o de inc\u00eandios rurais. O programa situa-se em Portugal e \u00e9 dirigido a micro, pequenas e m\u00e9dias empresas da silvicultura e atividades florestais. O objetivo \u00e9 aumentar a interven\u00e7\u00e3o na gest\u00e3o de combust\u00edvel e proteger \u00e1reas rurais.<\/p>\n<p>Promovido pelo Minist\u00e9rio da Agricultura e do Mar, atrav\u00e9s do ICNF, o apoio insere-se no \u00e2mbito do Programa MAIS Floresta \u2013 Refor\u00e7o de Capacidade de Atua\u00e7\u00e3o, financiado pelo Plano de Recupera\u00e7\u00e3o e Resili\u00eancia. Visa tamb\u00e9m melhorar as condi\u00e7\u00f5es de trabalho dos agentes florestais.<\/p>\n<p>As candidaturas decorrem de 2 de fevereiro a 15 de mar\u00e7o de 2026, ou at\u00e9 esgotarem as dota\u00e7\u00f5es. Devem ser submetidas via o Sistema de Gest\u00e3o de Candidaturas do ICNF, indicado pela entidade respons\u00e1vel.<\/p>\n<h3>Quem pode candidatar-se<\/h3>\n<ul>\n<li>Micro, pequenas e m\u00e9dias empresas da \u00e1rea de silvicultura e atividades florestais.<\/li>\n<\/ul>\n<h3>Como candidatar-se<\/h3>\n<ul>\n<li>Submeter a candidatura eletr\u00f3nica pelo Sistema de Gest\u00e3o de Candidaturas do ICNF.<\/li>\n<li>O apoio rep\u00f5e-se na aquisi\u00e7\u00e3o de equipamentos mec\u00e2nicos, alfaias, tratores e m\u00e1quinas para tritura\u00e7\u00e3o de ramos.<\/li>\n<li>O financiamento \u00e9 direcionado \u00e0 melhoria da capacidade de atua\u00e7\u00e3o e da preven\u00e7\u00e3o de inc\u00eandios.<\/li>\n<\/ul>\n","protected":false},"excerpt":{"rendered":"<ul>\n<li>O Governo lan\u00e7ou um apoio de 12,1 milh\u00f5es de euros para refor\u00e7ar a gest\u00e3o florestal e a preven\u00e7\u00e3o de inc\u00eandios rurais, atrav\u00e9s do Programa MAIS Floresta \u2013 Refor\u00e7o de Capacidade de Atua\u00e7\u00e3o.<\/li>\n<li>Destina\u2011se a micro, pequenas e m\u00e9dias empresas da silvicultura e atividades florestais interessadas em adquirir equipamentos mec\u00e2nicos, como alfaias, tratores ou m\u00e1quinas para tritura\u00e7\u00e3o de ramos.<\/li>\n<li>O apoio \u00e9 promovido pelo Minist\u00e9rio da Agricultura e do Mar, atrav\u00e9s do Instituto da Conserva\u00e7\u00e3o da Natureza e das Florestas (ICNF), com financiamento do Plano de Recupera\u00e7\u00e3o e Resili\u00eancia.<\/li>\n<li>As candidaturas decorrem de 2 de fevereiro at\u00e9 15 de mar\u00e7o de 2026, ou at\u00e9 esgotarem as dota\u00e7\u00f5es, atrav\u00e9s do Sistema de Gest\u00e3o de Candidaturas do ICNF.<\/li>\n<li>O objetivo \u00e9 aumentar a interven\u00e7\u00e3o na gest\u00e3o de combust\u00edvel, melhorar as condi\u00e7\u00f5es de trabalho dos agentes florestais e reduzir o risco de inc\u00eandio rural.<\/li>\n<\/ul>\n","protected":false},"author":2,"featured_media":171176,"comment_status":"closed","ping_status":"closed","sticky":false,"template":"","format":"standard","meta":{"footnotes":""},"categories":[1],"tags":[4155,167,755,2415,2617,811],"class_list":["post-171142","post","type-post","status-publish","format-standard","has-post-thumbnail","hentry","category-noticias","tag-agroflorestal","tag-ambiente","tag-desenvolvimento-sustentavel","tag-gestao","tag-incendios","tag-protecao-ambiental"],"yoast_head":"<!-- This site is optimized with the Yoast SEO plugin v27.2 - https:\/\/yoast.com\/product\/yoast-seo-wordpress\/ -->\n<title>Governo atribui 12,1 milh\u00f5es para gest\u00e3o florestal e preven\u00e7\u00e3o de inc\u00eandios - Portal Tela Portugal<\/title>\n<meta name=\"robots\" content=\"index, follow, max-snippet:-1, max-image-preview:large, max-video-preview:-1\" \/>\n<meta property=\"og:locale\" content=\"pt_PT\" \/>\n<meta property=\"og:type\" content=\"article\" \/>\n<meta property=\"og:title\" content=\"Governo atribui 12,1 milh\u00f5es para gest\u00e3o florestal e preven\u00e7\u00e3o de inc\u00eandios - Portal Tela Portugal\" \/>\n<meta property=\"og:description\" content=\"O Governo lan\u00e7ou um apoio de 12,1 milh\u00f5es de euros para refor\u00e7ar a gest\u00e3o florestal e a preven\u00e7\u00e3o de inc\u00eandios rurais, atrav\u00e9s do Programa MAIS Floresta \u2013 Refor\u00e7o de Capacidade de Atua\u00e7\u00e3o. Destina\u2011se a micro, pequenas e m\u00e9dias empresas da silvicultura e atividades florestais interessadas em adquirir equipamentos mec\u00e2nicos, como alfaias, tratores ou m\u00e1quinas para tritura\u00e7\u00e3o de ramos. O apoio \u00e9 promovido pelo Minist\u00e9rio da Agricultura e do Mar, atrav\u00e9s do Instituto da Conserva\u00e7\u00e3o da Natureza e das Florestas (ICNF), com financiamento do Plano de Recupera\u00e7\u00e3o e Resili\u00eancia. As candidaturas decorrem de 2 de fevereiro at\u00e9 15 de mar\u00e7o de 2026, ou at\u00e9 esgotarem as dota\u00e7\u00f5es, atrav\u00e9s do Sistema de Gest\u00e3o de Candidaturas do ICNF. O objetivo \u00e9 aumentar a interven\u00e7\u00e3o na gest\u00e3o de combust\u00edvel, melhorar as condi\u00e7\u00f5es de trabalho dos agentes florestais e reduzir o risco de inc\u00eandio rural.\" \/>\n<meta property=\"og:url\" content=\"https:\/\/portaltela.pt\/noticias\/2026\/01\/24\/governo-atribui-121-milhoes-para-gestao-florestal-e-prevencao-de-incendios\/\" \/>\n<meta property=\"og:site_name\" content=\"Portal Tela Portugal\" \/>\n<meta property=\"article:published_time\" content=\"2026-01-24T23:26:51+00:00\" \/>\n<meta name=\"author\" content=\"Telinha\" \/>\n<meta name=\"twitter:card\" content=\"summary_large_image\" \/>\n<meta name=\"twitter:label1\" content=\"Escrito por\" \/>\n\t<meta name=\"twitter:data1\" content=\"Telinha\" \/>\n\t<meta name=\"twitter:label2\" content=\"Tempo estimado de leitura\" \/>\n\t<meta name=\"twitter:data2\" content=\"1 minuto\" \/>\n<script type=\"application\/ld+json\" class=\"yoast-schema-graph\">{\"@context\":\"https:\/\/schema.org\",\"@graph\":[{\"@type\":\"Article\",\"@id\":\"https:\/\/portaltela.pt\/noticias\/2026\/01\/24\/governo-atribui-121-milhoes-para-gestao-florestal-e-prevencao-de-incendios\/#article\",\"isPartOf\":{\"@id\":\"https:\/\/portaltela.pt\/noticias\/2026\/01\/24\/governo-atribui-121-milhoes-para-gestao-florestal-e-prevencao-de-incendios\/\"},\"author\":{\"name\":\"Telinha\",\"@id\":\"https:\/\/portaltela.pt\/#\/schema\/person\/c4278d4a6028830caff9ee44b42d32ed\"},\"headline\":\"Governo atribui 12,1 milh\u00f5es para gest\u00e3o florestal e preven\u00e7\u00e3o de inc\u00eandios\",\"datePublished\":\"2026-01-24T23:26:51+00:00\",\"mainEntityOfPage\":{\"@id\":\"https:\/\/portaltela.pt\/noticias\/2026\/01\/24\/governo-atribui-121-milhoes-para-gestao-florestal-e-prevencao-de-incendios\/\"},\"wordCount\":229,\"image\":{\"@id\":\"https:\/\/portaltela.pt\/noticias\/2026\/01\/24\/governo-atribui-121-milhoes-para-gestao-florestal-e-prevencao-de-incendios\/#primaryimage\"},\"thumbnailUrl\":\"https:\/\/portaltela.pt\/s.01k8rhncp4jt1\/2026\/01\/unnamed-file-5077.jpg\",\"keywords\":[\"agroflorestal\",\"ambiente\",\"desenvolvimento sustent\u00e1vel\",\"gest\u00e3o\",\"inc\u00eandios\",\"prote\u00e7\u00e3o ambiental\"],\"articleSection\":[\"Not\u00edcias\"],\"inLanguage\":\"pt-PT\"},{\"@type\":\"WebPage\",\"@id\":\"https:\/\/portaltela.pt\/noticias\/2026\/01\/24\/governo-atribui-121-milhoes-para-gestao-florestal-e-prevencao-de-incendios\/\",\"url\":\"https:\/\/portaltela.pt\/noticias\/2026\/01\/24\/governo-atribui-121-milhoes-para-gestao-florestal-e-prevencao-de-incendios\/\",\"name\":\"Governo atribui 12,1 milh\u00f5es para gest\u00e3o florestal e preven\u00e7\u00e3o de inc\u00eandios - Portal Tela Portugal\",\"isPartOf\":{\"@id\":\"https:\/\/portaltela.pt\/#website\"},\"primaryImageOfPage\":{\"@id\":\"https:\/\/portaltela.pt\/noticias\/2026\/01\/24\/governo-atribui-121-milhoes-para-gestao-florestal-e-prevencao-de-incendios\/#primaryimage\"},\"image\":{\"@id\":\"https:\/\/portaltela.pt\/noticias\/2026\/01\/24\/governo-atribui-121-milhoes-para-gestao-florestal-e-prevencao-de-incendios\/#primaryimage\"},\"thumbnailUrl\":\"https:\/\/portaltela.pt\/s.01k8rhncp4jt1\/2026\/01\/unnamed-file-5077.jpg\",\"datePublished\":\"2026-01-24T23:26:51+00:00\",\"author\":{\"@id\":\"https:\/\/portaltela.pt\/#\/schema\/person\/c4278d4a6028830caff9ee44b42d32ed\"},\"breadcrumb\":{\"@id\":\"https:\/\/portaltela.pt\/noticias\/2026\/01\/24\/governo-atribui-121-milhoes-para-gestao-florestal-e-prevencao-de-incendios\/#breadcrumb\"},\"inLanguage\":\"pt-PT\",\"potentialAction\":[{\"@type\":\"ReadAction\",\"target\":[\"https:\/\/portaltela.pt\/noticias\/2026\/01\/24\/governo-atribui-121-milhoes-para-gestao-florestal-e-prevencao-de-incendios\/\"]}]},{\"@type\":\"ImageObject\",\"inLanguage\":\"pt-PT\",\"@id\":\"https:\/\/portaltela.pt\/noticias\/2026\/01\/24\/governo-atribui-121-milhoes-para-gestao-florestal-e-prevencao-de-incendios\/#primaryimage\",\"url\":\"https:\/\/portaltela.pt\/s.01k8rhncp4jt1\/2026\/01\/unnamed-file-5077.jpg\",\"contentUrl\":\"https:\/\/portaltela.pt\/s.01k8rhncp4jt1\/2026\/01\/unnamed-file-5077.jpg\",\"width\":796,\"height\":448,\"caption\":\"CM Pampilhosa da Serra \/ Governo lan\u00e7a apoio de 12,1 milh\u00f5es de euros para refor\u00e7ar a gest\u00e3o florestal e prevenir inc\u00eandios\"},{\"@type\":\"BreadcrumbList\",\"@id\":\"https:\/\/portaltela.pt\/noticias\/2026\/01\/24\/governo-atribui-121-milhoes-para-gestao-florestal-e-prevencao-de-incendios\/#breadcrumb\",\"itemListElement\":[{\"@type\":\"ListItem\",\"position\":1,\"name\":\"In\u00edcio\",\"item\":\"https:\/\/portaltela.pt\/\"},{\"@type\":\"ListItem\",\"position\":2,\"name\":\"Governo atribui 12,1 milh\u00f5es para gest\u00e3o florestal e preven\u00e7\u00e3o de inc\u00eandios\"}]},{\"@type\":\"WebSite\",\"@id\":\"https:\/\/portaltela.pt\/#website\",\"url\":\"https:\/\/portaltela.pt\/\",\"name\":\"Portal Tela Portugal\",\"description\":\"\",\"potentialAction\":[{\"@type\":\"SearchAction\",\"target\":{\"@type\":\"EntryPoint\",\"urlTemplate\":\"https:\/\/portaltela.pt\/?s={search_term_string}\"},\"query-input\":{\"@type\":\"PropertyValueSpecification\",\"valueRequired\":true,\"valueName\":\"search_term_string\"}}],\"inLanguage\":\"pt-PT\"},{\"@type\":\"Person\",\"@id\":\"https:\/\/portaltela.pt\/#\/schema\/person\/c4278d4a6028830caff9ee44b42d32ed\",\"name\":\"Telinha\",\"image\":{\"@type\":\"ImageObject\",\"inLanguage\":\"pt-PT\",\"@id\":\"https:\/\/portaltela.pt\/s.01k8rhncp4jt1\/2025\/11\/talking-bot-125x125.png\",\"url\":\"https:\/\/portaltela.pt\/s.01k8rhncp4jt1\/2025\/11\/talking-bot-125x125.png\",\"contentUrl\":\"https:\/\/portaltela.pt\/s.01k8rhncp4jt1\/2025\/11\/talking-bot-125x125.png\",\"caption\":\"Telinha\"},\"sameAs\":[\"https:\/\/portaltela.pt\/\"],\"url\":\"https:\/\/portaltela.pt\/por\/367410592786\/\"}]}<\/script>\n<!-- \/ Yoast SEO plugin. -->","yoast_head_json":{"title":"Governo atribui 12,1 milh\u00f5es para gest\u00e3o florestal e preven\u00e7\u00e3o de inc\u00eandios - Portal Tela Portugal","robots":{"index":"index","follow":"follow","max-snippet":"max-snippet:-1","max-image-preview":"max-image-preview:large","max-video-preview":"max-video-preview:-1"},"og_locale":"pt_PT","og_type":"article","og_title":"Governo atribui 12,1 milh\u00f5es para gest\u00e3o florestal e preven\u00e7\u00e3o de inc\u00eandios - Portal Tela Portugal","og_description":"O Governo lan\u00e7ou um apoio de 12,1 milh\u00f5es de euros para refor\u00e7ar a gest\u00e3o florestal e a preven\u00e7\u00e3o de inc\u00eandios rurais, atrav\u00e9s do Programa MAIS Floresta \u2013 Refor\u00e7o de Capacidade de Atua\u00e7\u00e3o. Destina\u2011se a micro, pequenas e m\u00e9dias empresas da silvicultura e atividades florestais interessadas em adquirir equipamentos mec\u00e2nicos, como alfaias, tratores ou m\u00e1quinas para tritura\u00e7\u00e3o de ramos. O apoio \u00e9 promovido pelo Minist\u00e9rio da Agricultura e do Mar, atrav\u00e9s do Instituto da Conserva\u00e7\u00e3o da Natureza e das Florestas (ICNF), com financiamento do Plano de Recupera\u00e7\u00e3o e Resili\u00eancia. As candidaturas decorrem de 2 de fevereiro at\u00e9 15 de mar\u00e7o de 2026, ou at\u00e9 esgotarem as dota\u00e7\u00f5es, atrav\u00e9s do Sistema de Gest\u00e3o de Candidaturas do ICNF. O objetivo \u00e9 aumentar a interven\u00e7\u00e3o na gest\u00e3o de combust\u00edvel, melhorar as condi\u00e7\u00f5es de trabalho dos agentes florestais e reduzir o risco de inc\u00eandio rural.","og_url":"https:\/\/portaltela.pt\/noticias\/2026\/01\/24\/governo-atribui-121-milhoes-para-gestao-florestal-e-prevencao-de-incendios\/","og_site_name":"Portal Tela Portugal","article_published_time":"2026-01-24T23:26:51+00:00","author":"Telinha","twitter_card":"summary_large_image","twitter_misc":{"Escrito por":"Telinha","Tempo estimado de leitura":"1 minuto"},"schema":{"@context":"https:\/\/schema.org","@graph":[{"@type":"Article","@id":"https:\/\/portaltela.pt\/noticias\/2026\/01\/24\/governo-atribui-121-milhoes-para-gestao-florestal-e-prevencao-de-incendios\/#article","isPartOf":{"@id":"https:\/\/portaltela.pt\/noticias\/2026\/01\/24\/governo-atribui-121-milhoes-para-gestao-florestal-e-prevencao-de-incendios\/"},"author":{"name":"Telinha","@id":"https:\/\/portaltela.pt\/#\/schema\/person\/c4278d4a6028830caff9ee44b42d32ed"},"headline":"Governo atribui 12,1 milh\u00f5es para gest\u00e3o florestal e preven\u00e7\u00e3o de inc\u00eandios","datePublished":"2026-01-24T23:26:51+00:00","mainEntityOfPage":{"@id":"https:\/\/portaltela.pt\/noticias\/2026\/01\/24\/governo-atribui-121-milhoes-para-gestao-florestal-e-prevencao-de-incendios\/"},"wordCount":229,"image":{"@id":"https:\/\/portaltela.pt\/noticias\/2026\/01\/24\/governo-atribui-121-milhoes-para-gestao-florestal-e-prevencao-de-incendios\/#primaryimage"},"thumbnailUrl":"https:\/\/portaltela.pt\/s.01k8rhncp4jt1\/2026\/01\/unnamed-file-5077.jpg","keywords":["agroflorestal","ambiente","desenvolvimento sustent\u00e1vel","gest\u00e3o","inc\u00eandios","prote\u00e7\u00e3o ambiental"],"articleSection":["Not\u00edcias"],"inLanguage":"pt-PT"},{"@type":"WebPage","@id":"https:\/\/portaltela.pt\/noticias\/2026\/01\/24\/governo-atribui-121-milhoes-para-gestao-florestal-e-prevencao-de-incendios\/","url":"https:\/\/portaltela.pt\/noticias\/2026\/01\/24\/governo-atribui-121-milhoes-para-gestao-florestal-e-prevencao-de-incendios\/","name":"Governo atribui 12,1 milh\u00f5es para gest\u00e3o florestal e preven\u00e7\u00e3o de inc\u00eandios - Portal Tela Portugal","isPartOf":{"@id":"https:\/\/portaltela.pt\/#website"},"primaryImageOfPage":{"@id":"https:\/\/portaltela.pt\/noticias\/2026\/01\/24\/governo-atribui-121-milhoes-para-gestao-florestal-e-prevencao-de-incendios\/#primaryimage"},"image":{"@id":"https:\/\/portaltela.pt\/noticias\/2026\/01\/24\/governo-atribui-121-milhoes-para-gestao-florestal-e-prevencao-de-incendios\/#primaryimage"},"thumbnailUrl":"https:\/\/portaltela.pt\/s.01k8rhncp4jt1\/2026\/01\/unnamed-file-5077.jpg","datePublished":"2026-01-24T23:26:51+00:00","author":{"@id":"https:\/\/portaltela.pt\/#\/schema\/person\/c4278d4a6028830caff9ee44b42d32ed"},"breadcrumb":{"@id":"https:\/\/portaltela.pt\/noticias\/2026\/01\/24\/governo-atribui-121-milhoes-para-gestao-florestal-e-prevencao-de-incendios\/#breadcrumb"},"inLanguage":"pt-PT","potentialAction":[{"@type":"ReadAction","target":["https:\/\/portaltela.pt\/noticias\/2026\/01\/24\/governo-atribui-121-milhoes-para-gestao-florestal-e-prevencao-de-incendios\/"]}]},{"@type":"ImageObject","inLanguage":"pt-PT","@id":"https:\/\/portaltela.pt\/noticias\/2026\/01\/24\/governo-atribui-121-milhoes-para-gestao-florestal-e-prevencao-de-incendios\/#primaryimage","url":"https:\/\/portaltela.pt\/s.01k8rhncp4jt1\/2026\/01\/unnamed-file-5077.jpg","contentUrl":"https:\/\/portaltela.pt\/s.01k8rhncp4jt1\/2026\/01\/unnamed-file-5077.jpg","width":796,"height":448,"caption":"CM Pampilhosa da Serra \/ Governo lan\u00e7a apoio de 12,1 milh\u00f5es de euros para refor\u00e7ar a gest\u00e3o florestal e prevenir inc\u00eandios"},{"@type":"BreadcrumbList","@id":"https:\/\/portaltela.pt\/noticias\/2026\/01\/24\/governo-atribui-121-milhoes-para-gestao-florestal-e-prevencao-de-incendios\/#breadcrumb","itemListElement":[{"@type":"ListItem","position":1,"name":"In\u00edcio","item":"https:\/\/portaltela.pt\/"},{"@type":"ListItem","position":2,"name":"Governo atribui 12,1 milh\u00f5es para gest\u00e3o florestal e preven\u00e7\u00e3o de inc\u00eandios"}]},{"@type":"WebSite","@id":"https:\/\/portaltela.pt\/#website","url":"https:\/\/portaltela.pt\/","name":"Portal Tela Portugal","description":"","potentialAction":[{"@type":"SearchAction","target":{"@type":"EntryPoint","urlTemplate":"https:\/\/portaltela.pt\/?s={search_term_string}"},"query-input":{"@type":"PropertyValueSpecification","valueRequired":true,"valueName":"search_term_string"}}],"inLanguage":"pt-PT"},{"@type":"Person","@id":"https:\/\/portaltela.pt\/#\/schema\/person\/c4278d4a6028830caff9ee44b42d32ed","name":"Telinha","image":{"@type":"ImageObject","inLanguage":"pt-PT","@id":"https:\/\/portaltela.pt\/s.01k8rhncp4jt1\/2025\/11\/talking-bot-125x125.png","url":"https:\/\/portaltela.pt\/s.01k8rhncp4jt1\/2025\/11\/talking-bot-125x125.png","contentUrl":"https:\/\/portaltela.pt\/s.01k8rhncp4jt1\/2025\/11\/talking-bot-125x125.png","caption":"Telinha"},"sameAs":["https:\/\/portaltela.pt\/"],"url":"https:\/\/portaltela.pt\/por\/367410592786\/"}]}},"_links":{"self":[{"href":"https:\/\/portaltela.pt\/api\/wp\/v2\/posts\/171142","targetHints":{"allow":["GET"]}}],"collection":[{"href":"https:\/\/portaltela.pt\/api\/wp\/v2\/posts"}],"about":[{"href":"https:\/\/portaltela.pt\/api\/wp\/v2\/types\/post"}],"author":[{"embeddable":true,"href":"https:\/\/portaltela.pt\/api\/wp\/v2\/users\/2"}],"replies":[{"embeddable":true,"href":"https:\/\/portaltela.pt\/api\/wp\/v2\/comments?post=171142"}],"version-history":[{"count":0,"href":"https:\/\/portaltela.pt\/api\/wp\/v2\/posts\/171142\/revisions"}],"wp:featuredmedia":[{"embeddable":true,"href":"https:\/\/portaltela.pt\/api\/wp\/v2\/media\/171176"}],"wp:attachment":[{"href":"https:\/\/portaltela.pt\/api\/wp\/v2\/media?parent=171142"}],"wp:term":[{"taxonomy":"category","embeddable":true,"href":"https:\/\/portaltela.pt\/api\/wp\/v2\/categories?post=171142"},{"taxonomy":"post_tag","embeddable":true,"href":"https:\/\/portaltela.pt\/api\/wp\/v2\/tags?post=171142"}],"curies":[{"name":"wp","href":"https:\/\/api.w.org\/{rel}","templated":true}]}}