{"id":171133,"date":"2026-01-24T20:25:00","date_gmt":"2026-01-24T23:25:00","guid":{"rendered":"https:\/\/portaltela.pt\/noticias\/2026\/01\/24\/mau-tempo-deixa-alto-alentejo-paralisado-com-neve-e-frio\/"},"modified":"2026-01-24T20:25:00","modified_gmt":"2026-01-24T23:25:00","slug":"mau-tempo-deixa-alto-alentejo-paralisado-com-neve-e-frio","status":"publish","type":"post","link":"https:\/\/portaltela.pt\/noticias\/2026\/01\/24\/mau-tempo-deixa-alto-alentejo-paralisado-com-neve-e-frio\/","title":{"rendered":"Mau tempo deixa Alto Alentejo paralisado com neve e frio"},"content":{"rendered":"<p>O mau tempo causado pela depress\u00e3o Ingrid deixou marcas no Alto Alentejo, com frio intenso e queda de neve a cotas baixas. Ventos fortes, com rajadas superiores a 90 km\/h, deixaram a regi\u00e3o sob alerta. A agita\u00e7\u00e3o mar\u00edtima na costa foi classificada como extrema, com avisos vermelhos no distrito de Beja.<\/p>\n<p>Marv\u00e3o viveu o momento mais impactante na madrugada de s\u00e1bado, 24 de janeiro, com a queda de neve na Serra de S\u00e3o Mamede. A vila hist\u00f3rica, no ponto mais alto, ficou coberta por um manto branco, acumulando cent\u00edmetros em telhados e monumentos, o que levou a monitoriza\u00e7\u00e3o constante das vias de acesso.<\/p>\n<p>Para al\u00e9m de Marv\u00e3o, registaram-se quedas de neve e granizo em Castelo de Vide e nas zonas altas da serra, entre os 600 e 800 metros. Em Vila Boim, o granizo e a neve derretida surpreenderam os moradores, num fen\u00f3meno pouco comum na plan\u00edcie alentejana.<\/p>\n<p>A Prote\u00e7\u00e3o Civil reportou diversas ocorr\u00eancias no Alentejo, sobretudo quedas de \u00e1rvores e inunda\u00e7\u00f5es urbanas em \u00c9vora e Beja, associadas \u00e0 chuva acidentada. O estado de prontid\u00e3o especial de n\u00edvel 3 manteve-se ativo para reagir a cortes de estradas ou falhas de energia, sem registo de v\u00edtimas.<\/p>\n<p>As previs\u00f5es indicam que Ingrid perder\u00e1 for\u00e7a a partir de domingo, mantendo-se o frio. A chuva dever\u00e1 manter-se de forma intermitente at\u00e9 ao final do m\u00eas, com intensidade menos elevada. O perigo rodovi\u00e1rio mant\u00e9m-se, principalmente em montanha, devido \u00e0 forma\u00e7\u00e3o de gelo.<\/p>\n<p>Marv\u00e3o e a Serra de S\u00e3o Mamede despedem-se de um epis\u00f3dio marcante deste inverno, refor\u00e7ando a imagem de ref\u00fagio nevr\u00e1lgico da regi\u00e3o. Em todo o Alto Alentejo, as autoridades apelam \u00e0 vigil\u00e2ncia e \u00e0 condu\u00e7\u00e3o prudente nas pr\u00f3ximas madrugadas.<\/p>\n","protected":false},"excerpt":{"rendered":"<ul>\n<li>Ingrid deixou ventos fortes e neve no Alto Alentejo, com rajadas superiores a 90 km\/h nas zonas altas e avisos vermelhos por ondas hist\u00f3ricas no distrito de Beja.<\/li>\n<li>A madrugada de s\u00e1bado, 24 de janeiro, trouxe neve a Marv\u00e3o, na Serra de S\u00e3o Mamede, com v\u00e1rios cent\u00edmetros a cobrir telhados e monumentos e necessidade de monitoriza\u00e7\u00e3o de acessos.<\/li>\n<li>Tamb\u00e9m ocorreu precipita\u00e7\u00e3o de neve e granizo em Castelo de Vide e nas zonas altas da serra, acima de 600\/800 metros, com registos de fen\u00f3menos em Vila Boim.<\/li>\n<li>Foram registadas quedas de \u00e1rvores e pequenas inunda\u00e7\u00f5es urbanas em \u00c9vora e Beja; o estado de prontid\u00e3o especial de n\u00edvel 3 manteve-se ativo, sem v\u00edtimas.<\/li>\n<li>As previs\u00f5es apontam para enfraquecimento gradual da depress\u00e3o Ingrid a partir de domingo, com frio a permanecer e chuva persistente at\u00e9 ao fim do m\u00eas, principalmente em \u00e1reas de montanha, onde pode haver gelo nas estradas.<\/li>\n<\/ul>\n","protected":false},"author":2,"featured_media":171147,"comment_status":"closed","ping_status":"closed","sticky":false,"template":"","format":"standard","meta":{"footnotes":""},"categories":[1],"tags":[3812,883,3784,1074,2293,3377],"class_list":["post-171133","post","type-post","status-publish","format-standard","has-post-thumbnail","hentry","category-noticias","tag-alagamentos","tag-alentejo","tag-aviso-vermelho","tag-evora","tag-inundacoes","tag-marvao"],"yoast_head":"<!-- This site is optimized with the Yoast SEO plugin v27.2 - https:\/\/yoast.com\/product\/yoast-seo-wordpress\/ -->\n<title>Mau tempo deixa Alto Alentejo paralisado com neve e frio - Portal Tela Portugal<\/title>\n<meta name=\"robots\" content=\"index, follow, max-snippet:-1, max-image-preview:large, max-video-preview:-1\" \/>\n<meta property=\"og:locale\" content=\"pt_PT\" \/>\n<meta property=\"og:type\" content=\"article\" \/>\n<meta property=\"og:title\" content=\"Mau tempo deixa Alto Alentejo paralisado com neve e frio - Portal Tela Portugal\" \/>\n<meta property=\"og:description\" content=\"Ingrid deixou ventos fortes e neve no Alto Alentejo, com rajadas superiores a 90 km\/h nas zonas altas e avisos vermelhos por ondas hist\u00f3ricas no distrito de Beja. A madrugada de s\u00e1bado, 24 de janeiro, trouxe neve a Marv\u00e3o, na Serra de S\u00e3o Mamede, com v\u00e1rios cent\u00edmetros a cobrir telhados e monumentos e necessidade de monitoriza\u00e7\u00e3o de acessos. Tamb\u00e9m ocorreu precipita\u00e7\u00e3o de neve e granizo em Castelo de Vide e nas zonas altas da serra, acima de 600\/800 metros, com registos de fen\u00f3menos em Vila Boim. Foram registadas quedas de \u00e1rvores e pequenas inunda\u00e7\u00f5es urbanas em \u00c9vora e Beja; o estado de prontid\u00e3o especial de n\u00edvel 3 manteve-se ativo, sem v\u00edtimas. As previs\u00f5es apontam para enfraquecimento gradual da depress\u00e3o Ingrid a partir de domingo, com frio a permanecer e chuva persistente at\u00e9 ao fim do m\u00eas, principalmente em \u00e1reas de montanha, onde pode haver gelo nas estradas.\" \/>\n<meta property=\"og:url\" content=\"https:\/\/portaltela.pt\/noticias\/2026\/01\/24\/mau-tempo-deixa-alto-alentejo-paralisado-com-neve-e-frio\/\" \/>\n<meta property=\"og:site_name\" content=\"Portal Tela Portugal\" \/>\n<meta property=\"article:published_time\" content=\"2026-01-24T23:25:00+00:00\" \/>\n<meta name=\"author\" content=\"Telinha\" \/>\n<meta name=\"twitter:card\" content=\"summary_large_image\" \/>\n<meta name=\"twitter:label1\" content=\"Escrito por\" \/>\n\t<meta name=\"twitter:data1\" content=\"Telinha\" \/>\n\t<meta name=\"twitter:label2\" content=\"Tempo estimado de leitura\" \/>\n\t<meta name=\"twitter:data2\" content=\"2 minutos\" \/>\n<script type=\"application\/ld+json\" class=\"yoast-schema-graph\">{\"@context\":\"https:\/\/schema.org\",\"@graph\":[{\"@type\":\"Article\",\"@id\":\"https:\/\/portaltela.pt\/noticias\/2026\/01\/24\/mau-tempo-deixa-alto-alentejo-paralisado-com-neve-e-frio\/#article\",\"isPartOf\":{\"@id\":\"https:\/\/portaltela.pt\/noticias\/2026\/01\/24\/mau-tempo-deixa-alto-alentejo-paralisado-com-neve-e-frio\/\"},\"author\":{\"name\":\"Telinha\",\"@id\":\"https:\/\/portaltela.pt\/#\/schema\/person\/c4278d4a6028830caff9ee44b42d32ed\"},\"headline\":\"Mau tempo deixa Alto Alentejo paralisado com neve e frio\",\"datePublished\":\"2026-01-24T23:25:00+00:00\",\"mainEntityOfPage\":{\"@id\":\"https:\/\/portaltela.pt\/noticias\/2026\/01\/24\/mau-tempo-deixa-alto-alentejo-paralisado-com-neve-e-frio\/\"},\"wordCount\":314,\"image\":{\"@id\":\"https:\/\/portaltela.pt\/noticias\/2026\/01\/24\/mau-tempo-deixa-alto-alentejo-paralisado-com-neve-e-frio\/#primaryimage\"},\"thumbnailUrl\":\"https:\/\/portaltela.pt\/s.01k8rhncp4jt1\/2026\/01\/unnamed-file-5073.jpg\",\"keywords\":[\"alagamentos\",\"Alentejo\",\"aviso vermelho\",\"\u00c9vora\",\"inunda\u00e7\u00f5es\",\"Marv\u00e3o\"],\"articleSection\":[\"Not\u00edcias\"],\"inLanguage\":\"pt-PT\"},{\"@type\":\"WebPage\",\"@id\":\"https:\/\/portaltela.pt\/noticias\/2026\/01\/24\/mau-tempo-deixa-alto-alentejo-paralisado-com-neve-e-frio\/\",\"url\":\"https:\/\/portaltela.pt\/noticias\/2026\/01\/24\/mau-tempo-deixa-alto-alentejo-paralisado-com-neve-e-frio\/\",\"name\":\"Mau tempo deixa Alto Alentejo paralisado com neve e frio - Portal Tela Portugal\",\"isPartOf\":{\"@id\":\"https:\/\/portaltela.pt\/#website\"},\"primaryImageOfPage\":{\"@id\":\"https:\/\/portaltela.pt\/noticias\/2026\/01\/24\/mau-tempo-deixa-alto-alentejo-paralisado-com-neve-e-frio\/#primaryimage\"},\"image\":{\"@id\":\"https:\/\/portaltela.pt\/noticias\/2026\/01\/24\/mau-tempo-deixa-alto-alentejo-paralisado-com-neve-e-frio\/#primaryimage\"},\"thumbnailUrl\":\"https:\/\/portaltela.pt\/s.01k8rhncp4jt1\/2026\/01\/unnamed-file-5073.jpg\",\"datePublished\":\"2026-01-24T23:25:00+00:00\",\"author\":{\"@id\":\"https:\/\/portaltela.pt\/#\/schema\/person\/c4278d4a6028830caff9ee44b42d32ed\"},\"breadcrumb\":{\"@id\":\"https:\/\/portaltela.pt\/noticias\/2026\/01\/24\/mau-tempo-deixa-alto-alentejo-paralisado-com-neve-e-frio\/#breadcrumb\"},\"inLanguage\":\"pt-PT\",\"potentialAction\":[{\"@type\":\"ReadAction\",\"target\":[\"https:\/\/portaltela.pt\/noticias\/2026\/01\/24\/mau-tempo-deixa-alto-alentejo-paralisado-com-neve-e-frio\/\"]}]},{\"@type\":\"ImageObject\",\"inLanguage\":\"pt-PT\",\"@id\":\"https:\/\/portaltela.pt\/noticias\/2026\/01\/24\/mau-tempo-deixa-alto-alentejo-paralisado-com-neve-e-frio\/#primaryimage\",\"url\":\"https:\/\/portaltela.pt\/s.01k8rhncp4jt1\/2026\/01\/unnamed-file-5073.jpg\",\"contentUrl\":\"https:\/\/portaltela.pt\/s.01k8rhncp4jt1\/2026\/01\/unnamed-file-5073.jpg\",\"width\":796,\"height\":448,\"caption\":\"Ar polar mar\u00edtimo traz frio intenso e neve a cotas baixas no fim de semana\"},{\"@type\":\"BreadcrumbList\",\"@id\":\"https:\/\/portaltela.pt\/noticias\/2026\/01\/24\/mau-tempo-deixa-alto-alentejo-paralisado-com-neve-e-frio\/#breadcrumb\",\"itemListElement\":[{\"@type\":\"ListItem\",\"position\":1,\"name\":\"In\u00edcio\",\"item\":\"https:\/\/portaltela.pt\/\"},{\"@type\":\"ListItem\",\"position\":2,\"name\":\"Mau tempo deixa Alto Alentejo paralisado com neve e frio\"}]},{\"@type\":\"WebSite\",\"@id\":\"https:\/\/portaltela.pt\/#website\",\"url\":\"https:\/\/portaltela.pt\/\",\"name\":\"Portal Tela Portugal\",\"description\":\"\",\"potentialAction\":[{\"@type\":\"SearchAction\",\"target\":{\"@type\":\"EntryPoint\",\"urlTemplate\":\"https:\/\/portaltela.pt\/?s={search_term_string}\"},\"query-input\":{\"@type\":\"PropertyValueSpecification\",\"valueRequired\":true,\"valueName\":\"search_term_string\"}}],\"inLanguage\":\"pt-PT\"},{\"@type\":\"Person\",\"@id\":\"https:\/\/portaltela.pt\/#\/schema\/person\/c4278d4a6028830caff9ee44b42d32ed\",\"name\":\"Telinha\",\"image\":{\"@type\":\"ImageObject\",\"inLanguage\":\"pt-PT\",\"@id\":\"https:\/\/portaltela.pt\/s.01k8rhncp4jt1\/2025\/11\/talking-bot-125x125.png\",\"url\":\"https:\/\/portaltela.pt\/s.01k8rhncp4jt1\/2025\/11\/talking-bot-125x125.png\",\"contentUrl\":\"https:\/\/portaltela.pt\/s.01k8rhncp4jt1\/2025\/11\/talking-bot-125x125.png\",\"caption\":\"Telinha\"},\"sameAs\":[\"https:\/\/portaltela.pt\/\"],\"url\":\"https:\/\/portaltela.pt\/por\/367410592786\/\"}]}<\/script>\n<!-- \/ Yoast SEO plugin. -->","yoast_head_json":{"title":"Mau tempo deixa Alto Alentejo paralisado com neve e frio - Portal Tela Portugal","robots":{"index":"index","follow":"follow","max-snippet":"max-snippet:-1","max-image-preview":"max-image-preview:large","max-video-preview":"max-video-preview:-1"},"og_locale":"pt_PT","og_type":"article","og_title":"Mau tempo deixa Alto Alentejo paralisado com neve e frio - Portal Tela Portugal","og_description":"Ingrid deixou ventos fortes e neve no Alto Alentejo, com rajadas superiores a 90 km\/h nas zonas altas e avisos vermelhos por ondas hist\u00f3ricas no distrito de Beja. A madrugada de s\u00e1bado, 24 de janeiro, trouxe neve a Marv\u00e3o, na Serra de S\u00e3o Mamede, com v\u00e1rios cent\u00edmetros a cobrir telhados e monumentos e necessidade de monitoriza\u00e7\u00e3o de acessos. Tamb\u00e9m ocorreu precipita\u00e7\u00e3o de neve e granizo em Castelo de Vide e nas zonas altas da serra, acima de 600\/800 metros, com registos de fen\u00f3menos em Vila Boim. Foram registadas quedas de \u00e1rvores e pequenas inunda\u00e7\u00f5es urbanas em \u00c9vora e Beja; o estado de prontid\u00e3o especial de n\u00edvel 3 manteve-se ativo, sem v\u00edtimas. As previs\u00f5es apontam para enfraquecimento gradual da depress\u00e3o Ingrid a partir de domingo, com frio a permanecer e chuva persistente at\u00e9 ao fim do m\u00eas, principalmente em \u00e1reas de montanha, onde pode haver gelo nas estradas.","og_url":"https:\/\/portaltela.pt\/noticias\/2026\/01\/24\/mau-tempo-deixa-alto-alentejo-paralisado-com-neve-e-frio\/","og_site_name":"Portal Tela Portugal","article_published_time":"2026-01-24T23:25:00+00:00","author":"Telinha","twitter_card":"summary_large_image","twitter_misc":{"Escrito por":"Telinha","Tempo estimado de leitura":"2 minutos"},"schema":{"@context":"https:\/\/schema.org","@graph":[{"@type":"Article","@id":"https:\/\/portaltela.pt\/noticias\/2026\/01\/24\/mau-tempo-deixa-alto-alentejo-paralisado-com-neve-e-frio\/#article","isPartOf":{"@id":"https:\/\/portaltela.pt\/noticias\/2026\/01\/24\/mau-tempo-deixa-alto-alentejo-paralisado-com-neve-e-frio\/"},"author":{"name":"Telinha","@id":"https:\/\/portaltela.pt\/#\/schema\/person\/c4278d4a6028830caff9ee44b42d32ed"},"headline":"Mau tempo deixa Alto Alentejo paralisado com neve e frio","datePublished":"2026-01-24T23:25:00+00:00","mainEntityOfPage":{"@id":"https:\/\/portaltela.pt\/noticias\/2026\/01\/24\/mau-tempo-deixa-alto-alentejo-paralisado-com-neve-e-frio\/"},"wordCount":314,"image":{"@id":"https:\/\/portaltela.pt\/noticias\/2026\/01\/24\/mau-tempo-deixa-alto-alentejo-paralisado-com-neve-e-frio\/#primaryimage"},"thumbnailUrl":"https:\/\/portaltela.pt\/s.01k8rhncp4jt1\/2026\/01\/unnamed-file-5073.jpg","keywords":["alagamentos","Alentejo","aviso vermelho","\u00c9vora","inunda\u00e7\u00f5es","Marv\u00e3o"],"articleSection":["Not\u00edcias"],"inLanguage":"pt-PT"},{"@type":"WebPage","@id":"https:\/\/portaltela.pt\/noticias\/2026\/01\/24\/mau-tempo-deixa-alto-alentejo-paralisado-com-neve-e-frio\/","url":"https:\/\/portaltela.pt\/noticias\/2026\/01\/24\/mau-tempo-deixa-alto-alentejo-paralisado-com-neve-e-frio\/","name":"Mau tempo deixa Alto Alentejo paralisado com neve e frio - Portal Tela Portugal","isPartOf":{"@id":"https:\/\/portaltela.pt\/#website"},"primaryImageOfPage":{"@id":"https:\/\/portaltela.pt\/noticias\/2026\/01\/24\/mau-tempo-deixa-alto-alentejo-paralisado-com-neve-e-frio\/#primaryimage"},"image":{"@id":"https:\/\/portaltela.pt\/noticias\/2026\/01\/24\/mau-tempo-deixa-alto-alentejo-paralisado-com-neve-e-frio\/#primaryimage"},"thumbnailUrl":"https:\/\/portaltela.pt\/s.01k8rhncp4jt1\/2026\/01\/unnamed-file-5073.jpg","datePublished":"2026-01-24T23:25:00+00:00","author":{"@id":"https:\/\/portaltela.pt\/#\/schema\/person\/c4278d4a6028830caff9ee44b42d32ed"},"breadcrumb":{"@id":"https:\/\/portaltela.pt\/noticias\/2026\/01\/24\/mau-tempo-deixa-alto-alentejo-paralisado-com-neve-e-frio\/#breadcrumb"},"inLanguage":"pt-PT","potentialAction":[{"@type":"ReadAction","target":["https:\/\/portaltela.pt\/noticias\/2026\/01\/24\/mau-tempo-deixa-alto-alentejo-paralisado-com-neve-e-frio\/"]}]},{"@type":"ImageObject","inLanguage":"pt-PT","@id":"https:\/\/portaltela.pt\/noticias\/2026\/01\/24\/mau-tempo-deixa-alto-alentejo-paralisado-com-neve-e-frio\/#primaryimage","url":"https:\/\/portaltela.pt\/s.01k8rhncp4jt1\/2026\/01\/unnamed-file-5073.jpg","contentUrl":"https:\/\/portaltela.pt\/s.01k8rhncp4jt1\/2026\/01\/unnamed-file-5073.jpg","width":796,"height":448,"caption":"Ar polar mar\u00edtimo traz frio intenso e neve a cotas baixas no fim de semana"},{"@type":"BreadcrumbList","@id":"https:\/\/portaltela.pt\/noticias\/2026\/01\/24\/mau-tempo-deixa-alto-alentejo-paralisado-com-neve-e-frio\/#breadcrumb","itemListElement":[{"@type":"ListItem","position":1,"name":"In\u00edcio","item":"https:\/\/portaltela.pt\/"},{"@type":"ListItem","position":2,"name":"Mau tempo deixa Alto Alentejo paralisado com neve e frio"}]},{"@type":"WebSite","@id":"https:\/\/portaltela.pt\/#website","url":"https:\/\/portaltela.pt\/","name":"Portal Tela Portugal","description":"","potentialAction":[{"@type":"SearchAction","target":{"@type":"EntryPoint","urlTemplate":"https:\/\/portaltela.pt\/?s={search_term_string}"},"query-input":{"@type":"PropertyValueSpecification","valueRequired":true,"valueName":"search_term_string"}}],"inLanguage":"pt-PT"},{"@type":"Person","@id":"https:\/\/portaltela.pt\/#\/schema\/person\/c4278d4a6028830caff9ee44b42d32ed","name":"Telinha","image":{"@type":"ImageObject","inLanguage":"pt-PT","@id":"https:\/\/portaltela.pt\/s.01k8rhncp4jt1\/2025\/11\/talking-bot-125x125.png","url":"https:\/\/portaltela.pt\/s.01k8rhncp4jt1\/2025\/11\/talking-bot-125x125.png","contentUrl":"https:\/\/portaltela.pt\/s.01k8rhncp4jt1\/2025\/11\/talking-bot-125x125.png","caption":"Telinha"},"sameAs":["https:\/\/portaltela.pt\/"],"url":"https:\/\/portaltela.pt\/por\/367410592786\/"}]}},"_links":{"self":[{"href":"https:\/\/portaltela.pt\/api\/wp\/v2\/posts\/171133","targetHints":{"allow":["GET"]}}],"collection":[{"href":"https:\/\/portaltela.pt\/api\/wp\/v2\/posts"}],"about":[{"href":"https:\/\/portaltela.pt\/api\/wp\/v2\/types\/post"}],"author":[{"embeddable":true,"href":"https:\/\/portaltela.pt\/api\/wp\/v2\/users\/2"}],"replies":[{"embeddable":true,"href":"https:\/\/portaltela.pt\/api\/wp\/v2\/comments?post=171133"}],"version-history":[{"count":0,"href":"https:\/\/portaltela.pt\/api\/wp\/v2\/posts\/171133\/revisions"}],"wp:featuredmedia":[{"embeddable":true,"href":"https:\/\/portaltela.pt\/api\/wp\/v2\/media\/171147"}],"wp:attachment":[{"href":"https:\/\/portaltela.pt\/api\/wp\/v2\/media?parent=171133"}],"wp:term":[{"taxonomy":"category","embeddable":true,"href":"https:\/\/portaltela.pt\/api\/wp\/v2\/categories?post=171133"},{"taxonomy":"post_tag","embeddable":true,"href":"https:\/\/portaltela.pt\/api\/wp\/v2\/tags?post=171133"}],"curies":[{"name":"wp","href":"https:\/\/api.w.org\/{rel}","templated":true}]}}