{"id":171120,"date":"2026-01-24T20:36:00","date_gmt":"2026-01-24T23:36:00","guid":{"rendered":"https:\/\/portaltela.pt\/noticias\/2026\/01\/24\/oliver-solberg-mantem-lideranca-em-monte-carlo-e-pode-vencer\/"},"modified":"2026-01-24T20:36:00","modified_gmt":"2026-01-24T23:36:00","slug":"oliver-solberg-mantem-lideranca-em-monte-carlo-e-pode-vencer","status":"publish","type":"post","link":"https:\/\/portaltela.pt\/desporto\/2026\/01\/24\/oliver-solberg-mantem-lideranca-em-monte-carlo-e-pode-vencer\/","title":{"rendered":"Oliver Solberg mant\u00e9m lideran\u00e7a em Monte Carlo e pode vencer"},"content":{"rendered":"<p>Oliver Solberg (Toyota Yaris) manteve a lideran\u00e7a do Rali de Monte Carlo, primeira prova do WRC, numa jornada disputada neste s\u00e1bado. O sueco, de 24 anos, acabou por cortar uma veda\u00e7\u00e3o ap\u00f3s uma sa\u00edda de estrada motivada pela neve, mas consolidou o tempo de lideran\u00e7a.<\/p>\n<p>Solberg encerrou o dia com 03:16:34,1. Tem 59,3 segundos de vantagem sobre Elfyn Evans (Toyota Yaris), e 1,25 minutos sobre S\u00e9bastien Ogier (Toyota Yaris), campe\u00e3o em t\u00edtulo, que ocupa o terceiro lugar. Ogier conquistou o primeiro tro\u00e7o do dia, tentando alcan\u00e7ar o segundo lugar.<\/p>\n<p>No entanto, o piloto sueco respondeu com vit\u00f3rias nas duas seguintes, apesar das dificuldades. Num dos tro\u00e7os, ao passar por La Br\u00e9ole\/Bellaffaire, ficou preso numa zona de neve e teve de contornar o obst\u00e1culo para regressar \u00e0 pista. Solberg reconheceu ter encontrado neve na sa\u00edda.<\/p>\n<p>Solberg pertence \u00e0 forma\u00e7\u00e3o principal da Toyota, promovido este ano para substituir Kalle Rovanper\u00e4. O piloto espera por um segundo dia igualmente exigente, descrevendo-o como \u201clouco\u201d e destacando as condi\u00e7\u00f5es extremamente complicadas que marcaram o dia.<\/p>\n<p>Amanh\u00e3 decorrem mais quatro tro\u00e7os, totalizando 71,90 quil\u00f3metros cronometrados. O \u00faltimo tro\u00e7o de hoje ocorreu num circuito de F\u00f3rmula 1 no Principado, regime in\u00e9dito desde 2008, com Adrien Fourmaux a vencer a especial.<\/p>\n<h3>Desdobr\u00e1veis do dia<\/h3>\n<p>Ogier, que continua \u00e0 procura do seu 11.\u00ba triunfo em Monte Carlo, ficou frustrado com o tempo perdido na especial anterior e viu-se afastado do segundo lugar. \u201cFoi uma figura menos pr\u00f3pria\u201d, comentou o franc\u00eas sobre a sua performance.<\/p>\n<p>O duelo entre Solberg e Evans mant\u00e9m-se intenso, com o brit\u00e2nico a pressionar sem conseguir ainda inverter a lideran\u00e7a do sueco. Al\u00e9m dos dois primeiros, Ogier tenta aproximar-se para manter a disputa pela lideran\u00e7a do rali.<\/p>\n","protected":false},"excerpt":{"rendered":"<ul>\n<li>Oliver Solberg (Toyota Yaris) lidera o Rali de Monte Carlo ap\u00f3s o primeiro dia, com 03:16.34,1 e 59,3 segundos de vantagem sobre o brit\u00e2nico Elfyn Evans; S\u00e9bastien Ogier (Toyota Yaris) fica a 1,25 minutos.<\/li>\n<li>Solberg teve de cortar uma veda\u00e7\u00e3o ap\u00f3s uma sa\u00edda de estrada na neve, mas manteve a lideran\u00e7a.<\/li>\n<li>Ogier abriu a luta pelo segundo lugar ao vencer o primeiro tro\u00e7o do dia, ficando a tr\u00eas segundos de Evans; Solberg respondeu vencendo as duas provas seguintes.<\/li>\n<li>O piloto de 24 anos pode tornar-se no mais jovem vencedor de Monte Carlo, quebrando o recorde de Ogier, que venceu pela primeira vez em 2009.<\/li>\n<li>Domingo seguem-se mais quatro tro\u00e7os, totalizando 71,90 quil\u00f3metros, com a jornada a terminar numa especial no circuito de F\u00f3rmula 1 de M\u00f4naco, vencida por Adrien Fourmaux.<\/li>\n<\/ul>\n","protected":false},"author":2,"featured_media":171126,"comment_status":"closed","ping_status":"closed","sticky":false,"template":"","format":"standard","meta":{"footnotes":""},"categories":[21],"tags":[2371,152,2619,2517],"class_list":["post-171120","post","type-post","status-publish","format-standard","has-post-thumbnail","hentry","category-desporto","tag-automoveis","tag-desporto","tag-desportos-internacionais","tag-toyota"],"yoast_head":"<!-- This site is optimized with the Yoast SEO plugin v27.2 - https:\/\/yoast.com\/product\/yoast-seo-wordpress\/ -->\n<title>Oliver Solberg mant\u00e9m lideran\u00e7a em Monte Carlo e pode vencer - Portal Tela Portugal<\/title>\n<meta name=\"robots\" content=\"index, follow, max-snippet:-1, max-image-preview:large, max-video-preview:-1\" \/>\n<meta property=\"og:locale\" content=\"pt_PT\" \/>\n<meta property=\"og:type\" content=\"article\" \/>\n<meta property=\"og:title\" content=\"Oliver Solberg mant\u00e9m lideran\u00e7a em Monte Carlo e pode vencer - Portal Tela Portugal\" \/>\n<meta property=\"og:description\" content=\"Oliver Solberg (Toyota Yaris) lidera o Rali de Monte Carlo ap\u00f3s o primeiro dia, com 03:16.34,1 e 59,3 segundos de vantagem sobre o brit\u00e2nico Elfyn Evans; S\u00e9bastien Ogier (Toyota Yaris) fica a 1,25 minutos. Solberg teve de cortar uma veda\u00e7\u00e3o ap\u00f3s uma sa\u00edda de estrada na neve, mas manteve a lideran\u00e7a. Ogier abriu a luta pelo segundo lugar ao vencer o primeiro tro\u00e7o do dia, ficando a tr\u00eas segundos de Evans; Solberg respondeu vencendo as duas provas seguintes. O piloto de 24 anos pode tornar-se no mais jovem vencedor de Monte Carlo, quebrando o recorde de Ogier, que venceu pela primeira vez em 2009. Domingo seguem-se mais quatro tro\u00e7os, totalizando 71,90 quil\u00f3metros, com a jornada a terminar numa especial no circuito de F\u00f3rmula 1 de M\u00f4naco, vencida por Adrien Fourmaux.\" \/>\n<meta property=\"og:url\" content=\"https:\/\/portaltela.pt\/noticias\/2026\/01\/24\/oliver-solberg-mantem-lideranca-em-monte-carlo-e-pode-vencer\/\" \/>\n<meta property=\"og:site_name\" content=\"Portal Tela Portugal\" \/>\n<meta property=\"article:published_time\" content=\"2026-01-24T23:36:00+00:00\" \/>\n<meta name=\"author\" content=\"Telinha\" \/>\n<meta name=\"twitter:card\" content=\"summary_large_image\" \/>\n<meta name=\"twitter:label1\" content=\"Escrito por\" \/>\n\t<meta name=\"twitter:data1\" content=\"Telinha\" \/>\n\t<meta name=\"twitter:label2\" content=\"Tempo estimado de leitura\" \/>\n\t<meta name=\"twitter:data2\" content=\"2 minutos\" \/>\n<script type=\"application\/ld+json\" class=\"yoast-schema-graph\">{\"@context\":\"https:\/\/schema.org\",\"@graph\":[{\"@type\":\"Article\",\"@id\":\"https:\/\/portaltela.pt\/noticias\/2026\/01\/24\/oliver-solberg-mantem-lideranca-em-monte-carlo-e-pode-vencer\/#article\",\"isPartOf\":{\"@id\":\"https:\/\/portaltela.pt\/noticias\/2026\/01\/24\/oliver-solberg-mantem-lideranca-em-monte-carlo-e-pode-vencer\/\"},\"author\":{\"name\":\"Telinha\",\"@id\":\"https:\/\/portaltela.pt\/#\/schema\/person\/c4278d4a6028830caff9ee44b42d32ed\"},\"headline\":\"Oliver Solberg mant\u00e9m lideran\u00e7a em Monte Carlo e pode vencer\",\"datePublished\":\"2026-01-24T23:36:00+00:00\",\"mainEntityOfPage\":{\"@id\":\"https:\/\/portaltela.pt\/noticias\/2026\/01\/24\/oliver-solberg-mantem-lideranca-em-monte-carlo-e-pode-vencer\/\"},\"wordCount\":314,\"image\":{\"@id\":\"https:\/\/portaltela.pt\/noticias\/2026\/01\/24\/oliver-solberg-mantem-lideranca-em-monte-carlo-e-pode-vencer\/#primaryimage\"},\"thumbnailUrl\":\"https:\/\/portaltela.pt\/s.01k8rhncp4jt1\/2026\/01\/img_920x518uu2026-01-24-23-35-41-2417158.jpg\",\"keywords\":[\"Autom\u00f3veis\",\"desporto\",\"desportos internacionais\",\"Toyota\"],\"articleSection\":[\"Desporto\"],\"inLanguage\":\"pt-PT\"},{\"@type\":\"WebPage\",\"@id\":\"https:\/\/portaltela.pt\/noticias\/2026\/01\/24\/oliver-solberg-mantem-lideranca-em-monte-carlo-e-pode-vencer\/\",\"url\":\"https:\/\/portaltela.pt\/noticias\/2026\/01\/24\/oliver-solberg-mantem-lideranca-em-monte-carlo-e-pode-vencer\/\",\"name\":\"Oliver Solberg mant\u00e9m lideran\u00e7a em Monte Carlo e pode vencer - Portal Tela Portugal\",\"isPartOf\":{\"@id\":\"https:\/\/portaltela.pt\/#website\"},\"primaryImageOfPage\":{\"@id\":\"https:\/\/portaltela.pt\/noticias\/2026\/01\/24\/oliver-solberg-mantem-lideranca-em-monte-carlo-e-pode-vencer\/#primaryimage\"},\"image\":{\"@id\":\"https:\/\/portaltela.pt\/noticias\/2026\/01\/24\/oliver-solberg-mantem-lideranca-em-monte-carlo-e-pode-vencer\/#primaryimage\"},\"thumbnailUrl\":\"https:\/\/portaltela.pt\/s.01k8rhncp4jt1\/2026\/01\/img_920x518uu2026-01-24-23-35-41-2417158.jpg\",\"datePublished\":\"2026-01-24T23:36:00+00:00\",\"author\":{\"@id\":\"https:\/\/portaltela.pt\/#\/schema\/person\/c4278d4a6028830caff9ee44b42d32ed\"},\"breadcrumb\":{\"@id\":\"https:\/\/portaltela.pt\/noticias\/2026\/01\/24\/oliver-solberg-mantem-lideranca-em-monte-carlo-e-pode-vencer\/#breadcrumb\"},\"inLanguage\":\"pt-PT\",\"potentialAction\":[{\"@type\":\"ReadAction\",\"target\":[\"https:\/\/portaltela.pt\/noticias\/2026\/01\/24\/oliver-solberg-mantem-lideranca-em-monte-carlo-e-pode-vencer\/\"]}]},{\"@type\":\"ImageObject\",\"inLanguage\":\"pt-PT\",\"@id\":\"https:\/\/portaltela.pt\/noticias\/2026\/01\/24\/oliver-solberg-mantem-lideranca-em-monte-carlo-e-pode-vencer\/#primaryimage\",\"url\":\"https:\/\/portaltela.pt\/s.01k8rhncp4jt1\/2026\/01\/img_920x518uu2026-01-24-23-35-41-2417158.jpg\",\"contentUrl\":\"https:\/\/portaltela.pt\/s.01k8rhncp4jt1\/2026\/01\/img_920x518uu2026-01-24-23-35-41-2417158.jpg\",\"width\":796,\"height\":448,\"caption\":\"Oliver Solberg\"},{\"@type\":\"BreadcrumbList\",\"@id\":\"https:\/\/portaltela.pt\/noticias\/2026\/01\/24\/oliver-solberg-mantem-lideranca-em-monte-carlo-e-pode-vencer\/#breadcrumb\",\"itemListElement\":[{\"@type\":\"ListItem\",\"position\":1,\"name\":\"In\u00edcio\",\"item\":\"https:\/\/portaltela.pt\/\"},{\"@type\":\"ListItem\",\"position\":2,\"name\":\"Oliver Solberg mant\u00e9m lideran\u00e7a em Monte Carlo e pode vencer\"}]},{\"@type\":\"WebSite\",\"@id\":\"https:\/\/portaltela.pt\/#website\",\"url\":\"https:\/\/portaltela.pt\/\",\"name\":\"Portal Tela Portugal\",\"description\":\"\",\"potentialAction\":[{\"@type\":\"SearchAction\",\"target\":{\"@type\":\"EntryPoint\",\"urlTemplate\":\"https:\/\/portaltela.pt\/?s={search_term_string}\"},\"query-input\":{\"@type\":\"PropertyValueSpecification\",\"valueRequired\":true,\"valueName\":\"search_term_string\"}}],\"inLanguage\":\"pt-PT\"},{\"@type\":\"Person\",\"@id\":\"https:\/\/portaltela.pt\/#\/schema\/person\/c4278d4a6028830caff9ee44b42d32ed\",\"name\":\"Telinha\",\"image\":{\"@type\":\"ImageObject\",\"inLanguage\":\"pt-PT\",\"@id\":\"https:\/\/portaltela.pt\/s.01k8rhncp4jt1\/2025\/11\/talking-bot-125x125.png\",\"url\":\"https:\/\/portaltela.pt\/s.01k8rhncp4jt1\/2025\/11\/talking-bot-125x125.png\",\"contentUrl\":\"https:\/\/portaltela.pt\/s.01k8rhncp4jt1\/2025\/11\/talking-bot-125x125.png\",\"caption\":\"Telinha\"},\"sameAs\":[\"https:\/\/portaltela.pt\/\"],\"url\":\"https:\/\/portaltela.pt\/por\/367410592786\/\"}]}<\/script>\n<!-- \/ Yoast SEO plugin. -->","yoast_head_json":{"title":"Oliver Solberg mant\u00e9m lideran\u00e7a em Monte Carlo e pode vencer - Portal Tela Portugal","robots":{"index":"index","follow":"follow","max-snippet":"max-snippet:-1","max-image-preview":"max-image-preview:large","max-video-preview":"max-video-preview:-1"},"og_locale":"pt_PT","og_type":"article","og_title":"Oliver Solberg mant\u00e9m lideran\u00e7a em Monte Carlo e pode vencer - Portal Tela Portugal","og_description":"Oliver Solberg (Toyota Yaris) lidera o Rali de Monte Carlo ap\u00f3s o primeiro dia, com 03:16.34,1 e 59,3 segundos de vantagem sobre o brit\u00e2nico Elfyn Evans; S\u00e9bastien Ogier (Toyota Yaris) fica a 1,25 minutos. Solberg teve de cortar uma veda\u00e7\u00e3o ap\u00f3s uma sa\u00edda de estrada na neve, mas manteve a lideran\u00e7a. Ogier abriu a luta pelo segundo lugar ao vencer o primeiro tro\u00e7o do dia, ficando a tr\u00eas segundos de Evans; Solberg respondeu vencendo as duas provas seguintes. O piloto de 24 anos pode tornar-se no mais jovem vencedor de Monte Carlo, quebrando o recorde de Ogier, que venceu pela primeira vez em 2009. Domingo seguem-se mais quatro tro\u00e7os, totalizando 71,90 quil\u00f3metros, com a jornada a terminar numa especial no circuito de F\u00f3rmula 1 de M\u00f4naco, vencida por Adrien Fourmaux.","og_url":"https:\/\/portaltela.pt\/noticias\/2026\/01\/24\/oliver-solberg-mantem-lideranca-em-monte-carlo-e-pode-vencer\/","og_site_name":"Portal Tela Portugal","article_published_time":"2026-01-24T23:36:00+00:00","author":"Telinha","twitter_card":"summary_large_image","twitter_misc":{"Escrito por":"Telinha","Tempo estimado de leitura":"2 minutos"},"schema":{"@context":"https:\/\/schema.org","@graph":[{"@type":"Article","@id":"https:\/\/portaltela.pt\/noticias\/2026\/01\/24\/oliver-solberg-mantem-lideranca-em-monte-carlo-e-pode-vencer\/#article","isPartOf":{"@id":"https:\/\/portaltela.pt\/noticias\/2026\/01\/24\/oliver-solberg-mantem-lideranca-em-monte-carlo-e-pode-vencer\/"},"author":{"name":"Telinha","@id":"https:\/\/portaltela.pt\/#\/schema\/person\/c4278d4a6028830caff9ee44b42d32ed"},"headline":"Oliver Solberg mant\u00e9m lideran\u00e7a em Monte Carlo e pode vencer","datePublished":"2026-01-24T23:36:00+00:00","mainEntityOfPage":{"@id":"https:\/\/portaltela.pt\/noticias\/2026\/01\/24\/oliver-solberg-mantem-lideranca-em-monte-carlo-e-pode-vencer\/"},"wordCount":314,"image":{"@id":"https:\/\/portaltela.pt\/noticias\/2026\/01\/24\/oliver-solberg-mantem-lideranca-em-monte-carlo-e-pode-vencer\/#primaryimage"},"thumbnailUrl":"https:\/\/portaltela.pt\/s.01k8rhncp4jt1\/2026\/01\/img_920x518uu2026-01-24-23-35-41-2417158.jpg","keywords":["Autom\u00f3veis","desporto","desportos internacionais","Toyota"],"articleSection":["Desporto"],"inLanguage":"pt-PT"},{"@type":"WebPage","@id":"https:\/\/portaltela.pt\/noticias\/2026\/01\/24\/oliver-solberg-mantem-lideranca-em-monte-carlo-e-pode-vencer\/","url":"https:\/\/portaltela.pt\/noticias\/2026\/01\/24\/oliver-solberg-mantem-lideranca-em-monte-carlo-e-pode-vencer\/","name":"Oliver Solberg mant\u00e9m lideran\u00e7a em Monte Carlo e pode vencer - Portal Tela Portugal","isPartOf":{"@id":"https:\/\/portaltela.pt\/#website"},"primaryImageOfPage":{"@id":"https:\/\/portaltela.pt\/noticias\/2026\/01\/24\/oliver-solberg-mantem-lideranca-em-monte-carlo-e-pode-vencer\/#primaryimage"},"image":{"@id":"https:\/\/portaltela.pt\/noticias\/2026\/01\/24\/oliver-solberg-mantem-lideranca-em-monte-carlo-e-pode-vencer\/#primaryimage"},"thumbnailUrl":"https:\/\/portaltela.pt\/s.01k8rhncp4jt1\/2026\/01\/img_920x518uu2026-01-24-23-35-41-2417158.jpg","datePublished":"2026-01-24T23:36:00+00:00","author":{"@id":"https:\/\/portaltela.pt\/#\/schema\/person\/c4278d4a6028830caff9ee44b42d32ed"},"breadcrumb":{"@id":"https:\/\/portaltela.pt\/noticias\/2026\/01\/24\/oliver-solberg-mantem-lideranca-em-monte-carlo-e-pode-vencer\/#breadcrumb"},"inLanguage":"pt-PT","potentialAction":[{"@type":"ReadAction","target":["https:\/\/portaltela.pt\/noticias\/2026\/01\/24\/oliver-solberg-mantem-lideranca-em-monte-carlo-e-pode-vencer\/"]}]},{"@type":"ImageObject","inLanguage":"pt-PT","@id":"https:\/\/portaltela.pt\/noticias\/2026\/01\/24\/oliver-solberg-mantem-lideranca-em-monte-carlo-e-pode-vencer\/#primaryimage","url":"https:\/\/portaltela.pt\/s.01k8rhncp4jt1\/2026\/01\/img_920x518uu2026-01-24-23-35-41-2417158.jpg","contentUrl":"https:\/\/portaltela.pt\/s.01k8rhncp4jt1\/2026\/01\/img_920x518uu2026-01-24-23-35-41-2417158.jpg","width":796,"height":448,"caption":"Oliver Solberg"},{"@type":"BreadcrumbList","@id":"https:\/\/portaltela.pt\/noticias\/2026\/01\/24\/oliver-solberg-mantem-lideranca-em-monte-carlo-e-pode-vencer\/#breadcrumb","itemListElement":[{"@type":"ListItem","position":1,"name":"In\u00edcio","item":"https:\/\/portaltela.pt\/"},{"@type":"ListItem","position":2,"name":"Oliver Solberg mant\u00e9m lideran\u00e7a em Monte Carlo e pode vencer"}]},{"@type":"WebSite","@id":"https:\/\/portaltela.pt\/#website","url":"https:\/\/portaltela.pt\/","name":"Portal Tela Portugal","description":"","potentialAction":[{"@type":"SearchAction","target":{"@type":"EntryPoint","urlTemplate":"https:\/\/portaltela.pt\/?s={search_term_string}"},"query-input":{"@type":"PropertyValueSpecification","valueRequired":true,"valueName":"search_term_string"}}],"inLanguage":"pt-PT"},{"@type":"Person","@id":"https:\/\/portaltela.pt\/#\/schema\/person\/c4278d4a6028830caff9ee44b42d32ed","name":"Telinha","image":{"@type":"ImageObject","inLanguage":"pt-PT","@id":"https:\/\/portaltela.pt\/s.01k8rhncp4jt1\/2025\/11\/talking-bot-125x125.png","url":"https:\/\/portaltela.pt\/s.01k8rhncp4jt1\/2025\/11\/talking-bot-125x125.png","contentUrl":"https:\/\/portaltela.pt\/s.01k8rhncp4jt1\/2025\/11\/talking-bot-125x125.png","caption":"Telinha"},"sameAs":["https:\/\/portaltela.pt\/"],"url":"https:\/\/portaltela.pt\/por\/367410592786\/"}]}},"_links":{"self":[{"href":"https:\/\/portaltela.pt\/api\/wp\/v2\/posts\/171120","targetHints":{"allow":["GET"]}}],"collection":[{"href":"https:\/\/portaltela.pt\/api\/wp\/v2\/posts"}],"about":[{"href":"https:\/\/portaltela.pt\/api\/wp\/v2\/types\/post"}],"author":[{"embeddable":true,"href":"https:\/\/portaltela.pt\/api\/wp\/v2\/users\/2"}],"replies":[{"embeddable":true,"href":"https:\/\/portaltela.pt\/api\/wp\/v2\/comments?post=171120"}],"version-history":[{"count":0,"href":"https:\/\/portaltela.pt\/api\/wp\/v2\/posts\/171120\/revisions"}],"wp:featuredmedia":[{"embeddable":true,"href":"https:\/\/portaltela.pt\/api\/wp\/v2\/media\/171126"}],"wp:attachment":[{"href":"https:\/\/portaltela.pt\/api\/wp\/v2\/media?parent=171120"}],"wp:term":[{"taxonomy":"category","embeddable":true,"href":"https:\/\/portaltela.pt\/api\/wp\/v2\/categories?post=171120"},{"taxonomy":"post_tag","embeddable":true,"href":"https:\/\/portaltela.pt\/api\/wp\/v2\/tags?post=171120"}],"curies":[{"name":"wp","href":"https:\/\/api.w.org\/{rel}","templated":true}]}}