{"id":171023,"date":"2026-01-24T18:10:00","date_gmt":"2026-01-24T21:10:00","guid":{"rendered":"https:\/\/portaltela.pt\/noticias\/2026\/01\/24\/jovem-de-vendas-novas-morre-em-colisao-na-en4-pegoes\/"},"modified":"2026-01-24T18:10:00","modified_gmt":"2026-01-24T21:10:00","slug":"jovem-de-vendas-novas-morre-em-colisao-na-en4-pegoes","status":"publish","type":"post","link":"https:\/\/portaltela.pt\/desporto\/futebol\/2026\/01\/24\/jovem-de-vendas-novas-morre-em-colisao-na-en4-pegoes\/","title":{"rendered":"Jovem de Vendas Novas morre em colis\u00e3o na EN4, Peg\u00f5es"},"content":{"rendered":"<p>Diogo Cardoso, de 24 anos, natural de Vendas Novas, morreu na manh\u00e3 deste s\u00e1bado, 24 de janeiro, ap\u00f3s uma colis\u00e3o frontal na Estrada Nacional 4, na zona de Afonsos, Peg\u00f5es, no Montijo. O acidente ocorreu perto das 05h52 e envolveu um autom\u00f3vel ligeiro, um cami\u00e3o e um autocarro. Cardoso era o treinador adjunto da equipa s\u00e9nior da Sociedade Recreativa Cruzamento de Peg\u00f5es.<\/p>\n<p>O condutor do autom\u00f3vel ficou morto no local, sendo o \u00fanico ocupante da viatura. Os condutores e passageiros dos ve\u00edculos pesados sa\u00edram ilesos. A GNR, os Bombeiros de Canha e o INEM coordinaram a opera\u00e7\u00e3o de socorro, com 21 operacionais e nove viaturas, incluindo uma VMER.<\/p>\n<p>Para al\u00e9m do apoio m\u00e9dico, foi destacado o apoio psicol\u00f3gico para a fam\u00edlia da v\u00edtima. Diogo Cardoso era uma figura muito respeitada no desporto local e na comunidade de Vendas Novas, onde era conhecido pela atividade como treinador adjunto.<\/p>\n","protected":false},"excerpt":{"rendered":"<ul>\n<li>Diogo Cardoso, 24 anos, natural de Vendas Novas, morreu numa colis\u00e3o frontal na EN4, na zona de Afonsos, Peg\u00f5es (Montijo).<\/li>\n<li>O jovem era treinador adjunto da equipa s\u00e9nior da Sociedade Recreativa Cruzamento de Peg\u00f5es e era uma figura conhecida no desporto local.<\/li>\n<li>O acidente ocorreu \u00e0s 05h52, envolvendo o ve\u00edculo da v\u00edtima, um cami\u00e3o e um autocarro; a v\u00edtima era o \u00fanico ocupante da viatura ligeira.<\/li>\n<li>Condutores e passageiros dos ve\u00edculos pesados ficaram ilesos; n\u00e3o h\u00e1 identifica\u00e7\u00e3o de outras v\u00edtimas.<\/li>\n<li>A opera\u00e7\u00e3o de socorro envolveu 21 operacionais, com apoio de nove ve\u00edculos, incluindo VMER, INEM, GNR e psic\u00f3logos para apoio \u00e0 fam\u00edlia.<\/li>\n<\/ul>\n","protected":false},"author":2,"featured_media":171041,"comment_status":"closed","ping_status":"closed","sticky":false,"template":"","format":"standard","meta":{"footnotes":""},"categories":[21,24],"tags":[4169,152,1083,2844,1058,4112],"class_list":["post-171023","post","type-post","status-publish","format-standard","has-post-thumbnail","hentry","category-desporto","category-futebol","tag-acidente-rodoviario","tag-desporto","tag-estradas","tag-jovens","tag-montijo","tag-vendas-novas"],"yoast_head":"<!-- This site is optimized with the Yoast SEO plugin v27.2 - https:\/\/yoast.com\/product\/yoast-seo-wordpress\/ -->\n<title>Jovem de Vendas Novas morre em colis\u00e3o na EN4, Peg\u00f5es - Portal Tela Portugal<\/title>\n<meta name=\"robots\" content=\"index, follow, max-snippet:-1, max-image-preview:large, max-video-preview:-1\" \/>\n<meta property=\"og:locale\" content=\"pt_PT\" \/>\n<meta property=\"og:type\" content=\"article\" \/>\n<meta property=\"og:title\" content=\"Jovem de Vendas Novas morre em colis\u00e3o na EN4, Peg\u00f5es - Portal Tela Portugal\" \/>\n<meta property=\"og:description\" content=\"Diogo Cardoso, 24 anos, natural de Vendas Novas, morreu numa colis\u00e3o frontal na EN4, na zona de Afonsos, Peg\u00f5es (Montijo). O jovem era treinador adjunto da equipa s\u00e9nior da Sociedade Recreativa Cruzamento de Peg\u00f5es e era uma figura conhecida no desporto local. O acidente ocorreu \u00e0s 05h52, envolvendo o ve\u00edculo da v\u00edtima, um cami\u00e3o e um autocarro; a v\u00edtima era o \u00fanico ocupante da viatura ligeira. Condutores e passageiros dos ve\u00edculos pesados ficaram ilesos; n\u00e3o h\u00e1 identifica\u00e7\u00e3o de outras v\u00edtimas. A opera\u00e7\u00e3o de socorro envolveu 21 operacionais, com apoio de nove ve\u00edculos, incluindo VMER, INEM, GNR e psic\u00f3logos para apoio \u00e0 fam\u00edlia.\" \/>\n<meta property=\"og:url\" content=\"https:\/\/portaltela.pt\/noticias\/2026\/01\/24\/jovem-de-vendas-novas-morre-em-colisao-na-en4-pegoes\/\" \/>\n<meta property=\"og:site_name\" content=\"Portal Tela Portugal\" \/>\n<meta property=\"article:published_time\" content=\"2026-01-24T21:10:00+00:00\" \/>\n<meta name=\"author\" content=\"Telinha\" \/>\n<meta name=\"twitter:card\" content=\"summary_large_image\" \/>\n<meta name=\"twitter:label1\" content=\"Escrito por\" \/>\n\t<meta name=\"twitter:data1\" content=\"Telinha\" \/>\n\t<meta name=\"twitter:label2\" content=\"Tempo estimado de leitura\" \/>\n\t<meta name=\"twitter:data2\" content=\"1 minuto\" \/>\n<script type=\"application\/ld+json\" class=\"yoast-schema-graph\">{\"@context\":\"https:\/\/schema.org\",\"@graph\":[{\"@type\":\"Article\",\"@id\":\"https:\/\/portaltela.pt\/noticias\/2026\/01\/24\/jovem-de-vendas-novas-morre-em-colisao-na-en4-pegoes\/#article\",\"isPartOf\":{\"@id\":\"https:\/\/portaltela.pt\/noticias\/2026\/01\/24\/jovem-de-vendas-novas-morre-em-colisao-na-en4-pegoes\/\"},\"author\":{\"name\":\"Telinha\",\"@id\":\"https:\/\/portaltela.pt\/#\/schema\/person\/c4278d4a6028830caff9ee44b42d32ed\"},\"headline\":\"Jovem de Vendas Novas morre em colis\u00e3o na EN4, Peg\u00f5es\",\"datePublished\":\"2026-01-24T21:10:00+00:00\",\"mainEntityOfPage\":{\"@id\":\"https:\/\/portaltela.pt\/noticias\/2026\/01\/24\/jovem-de-vendas-novas-morre-em-colisao-na-en4-pegoes\/\"},\"wordCount\":172,\"image\":{\"@id\":\"https:\/\/portaltela.pt\/noticias\/2026\/01\/24\/jovem-de-vendas-novas-morre-em-colisao-na-en4-pegoes\/#primaryimage\"},\"thumbnailUrl\":\"https:\/\/portaltela.pt\/s.01k8rhncp4jt1\/2026\/01\/unnamed-file-5062.jpg\",\"keywords\":[\"acidente rodovi\u00e1rio\",\"desporto\",\"estradas\",\"jovens\",\"Montijo\",\"Vendas Novas\"],\"articleSection\":[\"Desporto\",\"Futebol\"],\"inLanguage\":\"pt-PT\"},{\"@type\":\"WebPage\",\"@id\":\"https:\/\/portaltela.pt\/noticias\/2026\/01\/24\/jovem-de-vendas-novas-morre-em-colisao-na-en4-pegoes\/\",\"url\":\"https:\/\/portaltela.pt\/noticias\/2026\/01\/24\/jovem-de-vendas-novas-morre-em-colisao-na-en4-pegoes\/\",\"name\":\"Jovem de Vendas Novas morre em colis\u00e3o na EN4, Peg\u00f5es - Portal Tela Portugal\",\"isPartOf\":{\"@id\":\"https:\/\/portaltela.pt\/#website\"},\"primaryImageOfPage\":{\"@id\":\"https:\/\/portaltela.pt\/noticias\/2026\/01\/24\/jovem-de-vendas-novas-morre-em-colisao-na-en4-pegoes\/#primaryimage\"},\"image\":{\"@id\":\"https:\/\/portaltela.pt\/noticias\/2026\/01\/24\/jovem-de-vendas-novas-morre-em-colisao-na-en4-pegoes\/#primaryimage\"},\"thumbnailUrl\":\"https:\/\/portaltela.pt\/s.01k8rhncp4jt1\/2026\/01\/unnamed-file-5062.jpg\",\"datePublished\":\"2026-01-24T21:10:00+00:00\",\"author\":{\"@id\":\"https:\/\/portaltela.pt\/#\/schema\/person\/c4278d4a6028830caff9ee44b42d32ed\"},\"breadcrumb\":{\"@id\":\"https:\/\/portaltela.pt\/noticias\/2026\/01\/24\/jovem-de-vendas-novas-morre-em-colisao-na-en4-pegoes\/#breadcrumb\"},\"inLanguage\":\"pt-PT\",\"potentialAction\":[{\"@type\":\"ReadAction\",\"target\":[\"https:\/\/portaltela.pt\/noticias\/2026\/01\/24\/jovem-de-vendas-novas-morre-em-colisao-na-en4-pegoes\/\"]}]},{\"@type\":\"ImageObject\",\"inLanguage\":\"pt-PT\",\"@id\":\"https:\/\/portaltela.pt\/noticias\/2026\/01\/24\/jovem-de-vendas-novas-morre-em-colisao-na-en4-pegoes\/#primaryimage\",\"url\":\"https:\/\/portaltela.pt\/s.01k8rhncp4jt1\/2026\/01\/unnamed-file-5062.jpg\",\"contentUrl\":\"https:\/\/portaltela.pt\/s.01k8rhncp4jt1\/2026\/01\/unnamed-file-5062.jpg\",\"width\":796,\"height\":448,\"caption\":\"Luto no desporto alentejano: Jovem de Vendas Novas morre em colis\u00e3o na EN4 em Peg\u00f5es\"},{\"@type\":\"BreadcrumbList\",\"@id\":\"https:\/\/portaltela.pt\/noticias\/2026\/01\/24\/jovem-de-vendas-novas-morre-em-colisao-na-en4-pegoes\/#breadcrumb\",\"itemListElement\":[{\"@type\":\"ListItem\",\"position\":1,\"name\":\"In\u00edcio\",\"item\":\"https:\/\/portaltela.pt\/\"},{\"@type\":\"ListItem\",\"position\":2,\"name\":\"Jovem de Vendas Novas morre em colis\u00e3o na EN4, Peg\u00f5es\"}]},{\"@type\":\"WebSite\",\"@id\":\"https:\/\/portaltela.pt\/#website\",\"url\":\"https:\/\/portaltela.pt\/\",\"name\":\"Portal Tela Portugal\",\"description\":\"\",\"potentialAction\":[{\"@type\":\"SearchAction\",\"target\":{\"@type\":\"EntryPoint\",\"urlTemplate\":\"https:\/\/portaltela.pt\/?s={search_term_string}\"},\"query-input\":{\"@type\":\"PropertyValueSpecification\",\"valueRequired\":true,\"valueName\":\"search_term_string\"}}],\"inLanguage\":\"pt-PT\"},{\"@type\":\"Person\",\"@id\":\"https:\/\/portaltela.pt\/#\/schema\/person\/c4278d4a6028830caff9ee44b42d32ed\",\"name\":\"Telinha\",\"image\":{\"@type\":\"ImageObject\",\"inLanguage\":\"pt-PT\",\"@id\":\"https:\/\/portaltela.pt\/s.01k8rhncp4jt1\/2025\/11\/talking-bot-125x125.png\",\"url\":\"https:\/\/portaltela.pt\/s.01k8rhncp4jt1\/2025\/11\/talking-bot-125x125.png\",\"contentUrl\":\"https:\/\/portaltela.pt\/s.01k8rhncp4jt1\/2025\/11\/talking-bot-125x125.png\",\"caption\":\"Telinha\"},\"sameAs\":[\"https:\/\/portaltela.pt\/\"],\"url\":\"https:\/\/portaltela.pt\/por\/367410592786\/\"}]}<\/script>\n<!-- \/ Yoast SEO plugin. -->","yoast_head_json":{"title":"Jovem de Vendas Novas morre em colis\u00e3o na EN4, Peg\u00f5es - Portal Tela Portugal","robots":{"index":"index","follow":"follow","max-snippet":"max-snippet:-1","max-image-preview":"max-image-preview:large","max-video-preview":"max-video-preview:-1"},"og_locale":"pt_PT","og_type":"article","og_title":"Jovem de Vendas Novas morre em colis\u00e3o na EN4, Peg\u00f5es - Portal Tela Portugal","og_description":"Diogo Cardoso, 24 anos, natural de Vendas Novas, morreu numa colis\u00e3o frontal na EN4, na zona de Afonsos, Peg\u00f5es (Montijo). O jovem era treinador adjunto da equipa s\u00e9nior da Sociedade Recreativa Cruzamento de Peg\u00f5es e era uma figura conhecida no desporto local. O acidente ocorreu \u00e0s 05h52, envolvendo o ve\u00edculo da v\u00edtima, um cami\u00e3o e um autocarro; a v\u00edtima era o \u00fanico ocupante da viatura ligeira. Condutores e passageiros dos ve\u00edculos pesados ficaram ilesos; n\u00e3o h\u00e1 identifica\u00e7\u00e3o de outras v\u00edtimas. A opera\u00e7\u00e3o de socorro envolveu 21 operacionais, com apoio de nove ve\u00edculos, incluindo VMER, INEM, GNR e psic\u00f3logos para apoio \u00e0 fam\u00edlia.","og_url":"https:\/\/portaltela.pt\/noticias\/2026\/01\/24\/jovem-de-vendas-novas-morre-em-colisao-na-en4-pegoes\/","og_site_name":"Portal Tela Portugal","article_published_time":"2026-01-24T21:10:00+00:00","author":"Telinha","twitter_card":"summary_large_image","twitter_misc":{"Escrito por":"Telinha","Tempo estimado de leitura":"1 minuto"},"schema":{"@context":"https:\/\/schema.org","@graph":[{"@type":"Article","@id":"https:\/\/portaltela.pt\/noticias\/2026\/01\/24\/jovem-de-vendas-novas-morre-em-colisao-na-en4-pegoes\/#article","isPartOf":{"@id":"https:\/\/portaltela.pt\/noticias\/2026\/01\/24\/jovem-de-vendas-novas-morre-em-colisao-na-en4-pegoes\/"},"author":{"name":"Telinha","@id":"https:\/\/portaltela.pt\/#\/schema\/person\/c4278d4a6028830caff9ee44b42d32ed"},"headline":"Jovem de Vendas Novas morre em colis\u00e3o na EN4, Peg\u00f5es","datePublished":"2026-01-24T21:10:00+00:00","mainEntityOfPage":{"@id":"https:\/\/portaltela.pt\/noticias\/2026\/01\/24\/jovem-de-vendas-novas-morre-em-colisao-na-en4-pegoes\/"},"wordCount":172,"image":{"@id":"https:\/\/portaltela.pt\/noticias\/2026\/01\/24\/jovem-de-vendas-novas-morre-em-colisao-na-en4-pegoes\/#primaryimage"},"thumbnailUrl":"https:\/\/portaltela.pt\/s.01k8rhncp4jt1\/2026\/01\/unnamed-file-5062.jpg","keywords":["acidente rodovi\u00e1rio","desporto","estradas","jovens","Montijo","Vendas Novas"],"articleSection":["Desporto","Futebol"],"inLanguage":"pt-PT"},{"@type":"WebPage","@id":"https:\/\/portaltela.pt\/noticias\/2026\/01\/24\/jovem-de-vendas-novas-morre-em-colisao-na-en4-pegoes\/","url":"https:\/\/portaltela.pt\/noticias\/2026\/01\/24\/jovem-de-vendas-novas-morre-em-colisao-na-en4-pegoes\/","name":"Jovem de Vendas Novas morre em colis\u00e3o na EN4, Peg\u00f5es - Portal Tela Portugal","isPartOf":{"@id":"https:\/\/portaltela.pt\/#website"},"primaryImageOfPage":{"@id":"https:\/\/portaltela.pt\/noticias\/2026\/01\/24\/jovem-de-vendas-novas-morre-em-colisao-na-en4-pegoes\/#primaryimage"},"image":{"@id":"https:\/\/portaltela.pt\/noticias\/2026\/01\/24\/jovem-de-vendas-novas-morre-em-colisao-na-en4-pegoes\/#primaryimage"},"thumbnailUrl":"https:\/\/portaltela.pt\/s.01k8rhncp4jt1\/2026\/01\/unnamed-file-5062.jpg","datePublished":"2026-01-24T21:10:00+00:00","author":{"@id":"https:\/\/portaltela.pt\/#\/schema\/person\/c4278d4a6028830caff9ee44b42d32ed"},"breadcrumb":{"@id":"https:\/\/portaltela.pt\/noticias\/2026\/01\/24\/jovem-de-vendas-novas-morre-em-colisao-na-en4-pegoes\/#breadcrumb"},"inLanguage":"pt-PT","potentialAction":[{"@type":"ReadAction","target":["https:\/\/portaltela.pt\/noticias\/2026\/01\/24\/jovem-de-vendas-novas-morre-em-colisao-na-en4-pegoes\/"]}]},{"@type":"ImageObject","inLanguage":"pt-PT","@id":"https:\/\/portaltela.pt\/noticias\/2026\/01\/24\/jovem-de-vendas-novas-morre-em-colisao-na-en4-pegoes\/#primaryimage","url":"https:\/\/portaltela.pt\/s.01k8rhncp4jt1\/2026\/01\/unnamed-file-5062.jpg","contentUrl":"https:\/\/portaltela.pt\/s.01k8rhncp4jt1\/2026\/01\/unnamed-file-5062.jpg","width":796,"height":448,"caption":"Luto no desporto alentejano: Jovem de Vendas Novas morre em colis\u00e3o na EN4 em Peg\u00f5es"},{"@type":"BreadcrumbList","@id":"https:\/\/portaltela.pt\/noticias\/2026\/01\/24\/jovem-de-vendas-novas-morre-em-colisao-na-en4-pegoes\/#breadcrumb","itemListElement":[{"@type":"ListItem","position":1,"name":"In\u00edcio","item":"https:\/\/portaltela.pt\/"},{"@type":"ListItem","position":2,"name":"Jovem de Vendas Novas morre em colis\u00e3o na EN4, Peg\u00f5es"}]},{"@type":"WebSite","@id":"https:\/\/portaltela.pt\/#website","url":"https:\/\/portaltela.pt\/","name":"Portal Tela Portugal","description":"","potentialAction":[{"@type":"SearchAction","target":{"@type":"EntryPoint","urlTemplate":"https:\/\/portaltela.pt\/?s={search_term_string}"},"query-input":{"@type":"PropertyValueSpecification","valueRequired":true,"valueName":"search_term_string"}}],"inLanguage":"pt-PT"},{"@type":"Person","@id":"https:\/\/portaltela.pt\/#\/schema\/person\/c4278d4a6028830caff9ee44b42d32ed","name":"Telinha","image":{"@type":"ImageObject","inLanguage":"pt-PT","@id":"https:\/\/portaltela.pt\/s.01k8rhncp4jt1\/2025\/11\/talking-bot-125x125.png","url":"https:\/\/portaltela.pt\/s.01k8rhncp4jt1\/2025\/11\/talking-bot-125x125.png","contentUrl":"https:\/\/portaltela.pt\/s.01k8rhncp4jt1\/2025\/11\/talking-bot-125x125.png","caption":"Telinha"},"sameAs":["https:\/\/portaltela.pt\/"],"url":"https:\/\/portaltela.pt\/por\/367410592786\/"}]}},"_links":{"self":[{"href":"https:\/\/portaltela.pt\/api\/wp\/v2\/posts\/171023","targetHints":{"allow":["GET"]}}],"collection":[{"href":"https:\/\/portaltela.pt\/api\/wp\/v2\/posts"}],"about":[{"href":"https:\/\/portaltela.pt\/api\/wp\/v2\/types\/post"}],"author":[{"embeddable":true,"href":"https:\/\/portaltela.pt\/api\/wp\/v2\/users\/2"}],"replies":[{"embeddable":true,"href":"https:\/\/portaltela.pt\/api\/wp\/v2\/comments?post=171023"}],"version-history":[{"count":0,"href":"https:\/\/portaltela.pt\/api\/wp\/v2\/posts\/171023\/revisions"}],"wp:featuredmedia":[{"embeddable":true,"href":"https:\/\/portaltela.pt\/api\/wp\/v2\/media\/171041"}],"wp:attachment":[{"href":"https:\/\/portaltela.pt\/api\/wp\/v2\/media?parent=171023"}],"wp:term":[{"taxonomy":"category","embeddable":true,"href":"https:\/\/portaltela.pt\/api\/wp\/v2\/categories?post=171023"},{"taxonomy":"post_tag","embeddable":true,"href":"https:\/\/portaltela.pt\/api\/wp\/v2\/tags?post=171023"}],"curies":[{"name":"wp","href":"https:\/\/api.w.org\/{rel}","templated":true}]}}