{"id":171022,"date":"2026-01-24T18:20:00","date_gmt":"2026-01-24T21:20:00","guid":{"rendered":"https:\/\/portaltela.pt\/noticias\/2026\/01\/24\/tempestade-ingrid-atinge-alentejo-com-vento-forte-e-neve-em-marvao\/"},"modified":"2026-01-24T18:20:00","modified_gmt":"2026-01-24T21:20:00","slug":"tempestade-ingrid-atinge-alentejo-com-vento-forte-e-neve-em-marvao","status":"publish","type":"post","link":"https:\/\/portaltela.pt\/noticias\/2026\/01\/24\/tempestade-ingrid-atinge-alentejo-com-vento-forte-e-neve-em-marvao\/","title":{"rendered":"Tempestade Ingrid atinge Alentejo com vento forte e neve em Marv\u00e3o"},"content":{"rendered":"<p>O Alentejo continua sob o efeito da depress\u00e3o Ingrid, que desde quinta-feira traz instabilidade severa ao territ\u00f3rio continental. O mau tempo traduz-se em vento intenso e neve nas \u00e1reas mais altas, especialmente na Serra de S\u00e3o Mamede.<\/p>\n<p>Marv\u00e3o acordou coberto por neve, fen\u00f3meno relativamente raro para a regi\u00e3o. A paisagem atrai curiosos, enquanto as autoridades fazem refor\u00e7o de avisos devido ao risco no territ\u00f3rio. No litoral alentejano, o distrito de Beja permanece em Aviso Vermelho pela agita\u00e7\u00e3o mar\u00edtima.<\/p>\n<p>Quedas de \u00e1rvores e inunda\u00e7\u00f5es pontuais t\u00eam sido registadas em \u00c9vora e Beja. A Prote\u00e7\u00e3o Civil e a Ag\u00eancia Portuguesa do Ambiente alertam para o aumento dos caudais nas bacias hidrogr\u00e1ficas e pedem especial aten\u00e7\u00e3o \u00e0s zonas ribeirinhas. O vento forte persiste nas zonas interiores.<\/p>\n<h3>Previs\u00f5es do IPMA para o fim de semana<\/h3>\n<p>O IPMA aponta que o pior da tempestade deve prolongar-se at\u00e9 ao final do fim de semana. S\u00e1bado ser\u00e1 o dia de maior risco, com avisos vermelho e laranja ativos. Neve dever\u00e1 ocorrer acima de 600 a 800 metros, com queda poss\u00edvel a partir dos 400 m.<\/p>\n<p>Domingo manter-se-\u00e1 chuva e vento intenso, ainda que em quebras graduais da intensidade. Segunda-feira dever\u00e1 trazer melhoria significativa, embora o c\u00e9u permane\u00e7a muito nublado e com chuva fraca em vez de forma generalizada.<\/p>\n","protected":false},"excerpt":{"rendered":"<ul>\n<li>Tempestade Ingrid mant\u00e9m o Alentejo sob mau tempo, com neve nas zonas altas e Marv\u00e3o acordada coberta de branco.<\/li>\n<li>Distrito de Beja continua sob Aviso Vermelho devido \u00e0 agita\u00e7\u00e3o mar\u00edtima na costa alentejana, com ondas de at\u00e9 15 metros.<\/li>\n<li>Agress\u00e3o de quedas de \u00e1rvores e inunda\u00e7\u00f5es pontuais em \u00c9vora e Beja, com subida dos caudais nas bacias hidrogr\u00e1ficas.<\/li>\n<li>Vento forte com rajadas at\u00e9 100 km\/h nas terras altas, dinamizando riscos para vias e estruturas m\u00f3veis.<\/li>\n<li>Previs\u00e3o at\u00e9 ao fim de semana: s\u00e1bado com maior risco (avisos vermelhos e laranja), neve acima de 600\/800 metros (pode descer a 400 m); domingo chuva e vento persistentes; segunda-feira melhoria com c\u00e9u muito nublado e chuva fraca.<\/li>\n<\/ul>\n","protected":false},"author":2,"featured_media":171044,"comment_status":"closed","ping_status":"closed","sticky":false,"template":"","format":"standard","meta":{"footnotes":""},"categories":[1],"tags":[883,3784,943,1074,3377,320],"class_list":["post-171022","post","type-post","status-publish","format-standard","has-post-thumbnail","hentry","category-noticias","tag-alentejo","tag-aviso-vermelho","tag-beja","tag-evora","tag-marvao","tag-protecao-civil"],"yoast_head":"<!-- This site is optimized with the Yoast SEO plugin v27.2 - https:\/\/yoast.com\/product\/yoast-seo-wordpress\/ -->\n<title>Tempestade Ingrid atinge Alentejo com vento forte e neve em Marv\u00e3o - Portal Tela Portugal<\/title>\n<meta name=\"robots\" content=\"index, follow, max-snippet:-1, max-image-preview:large, max-video-preview:-1\" \/>\n<meta property=\"og:locale\" content=\"pt_PT\" \/>\n<meta property=\"og:type\" content=\"article\" \/>\n<meta property=\"og:title\" content=\"Tempestade Ingrid atinge Alentejo com vento forte e neve em Marv\u00e3o - Portal Tela Portugal\" \/>\n<meta property=\"og:description\" content=\"Tempestade Ingrid mant\u00e9m o Alentejo sob mau tempo, com neve nas zonas altas e Marv\u00e3o acordada coberta de branco. Distrito de Beja continua sob Aviso Vermelho devido \u00e0 agita\u00e7\u00e3o mar\u00edtima na costa alentejana, com ondas de at\u00e9 15 metros. Agress\u00e3o de quedas de \u00e1rvores e inunda\u00e7\u00f5es pontuais em \u00c9vora e Beja, com subida dos caudais nas bacias hidrogr\u00e1ficas. Vento forte com rajadas at\u00e9 100 km\/h nas terras altas, dinamizando riscos para vias e estruturas m\u00f3veis. Previs\u00e3o at\u00e9 ao fim de semana: s\u00e1bado com maior risco (avisos vermelhos e laranja), neve acima de 600\/800 metros (pode descer a 400 m); domingo chuva e vento persistentes; segunda-feira melhoria com c\u00e9u muito nublado e chuva fraca.\" \/>\n<meta property=\"og:url\" content=\"https:\/\/portaltela.pt\/noticias\/2026\/01\/24\/tempestade-ingrid-atinge-alentejo-com-vento-forte-e-neve-em-marvao\/\" \/>\n<meta property=\"og:site_name\" content=\"Portal Tela Portugal\" \/>\n<meta property=\"article:published_time\" content=\"2026-01-24T21:20:00+00:00\" \/>\n<meta name=\"author\" content=\"Telinha\" \/>\n<meta name=\"twitter:card\" content=\"summary_large_image\" \/>\n<meta name=\"twitter:label1\" content=\"Escrito por\" \/>\n\t<meta name=\"twitter:data1\" content=\"Telinha\" \/>\n\t<meta name=\"twitter:label2\" content=\"Tempo estimado de leitura\" \/>\n\t<meta name=\"twitter:data2\" content=\"1 minuto\" \/>\n<script type=\"application\/ld+json\" class=\"yoast-schema-graph\">{\"@context\":\"https:\/\/schema.org\",\"@graph\":[{\"@type\":\"Article\",\"@id\":\"https:\/\/portaltela.pt\/noticias\/2026\/01\/24\/tempestade-ingrid-atinge-alentejo-com-vento-forte-e-neve-em-marvao\/#article\",\"isPartOf\":{\"@id\":\"https:\/\/portaltela.pt\/noticias\/2026\/01\/24\/tempestade-ingrid-atinge-alentejo-com-vento-forte-e-neve-em-marvao\/\"},\"author\":{\"name\":\"Telinha\",\"@id\":\"https:\/\/portaltela.pt\/#\/schema\/person\/c4278d4a6028830caff9ee44b42d32ed\"},\"headline\":\"Tempestade Ingrid atinge Alentejo com vento forte e neve em Marv\u00e3o\",\"datePublished\":\"2026-01-24T21:20:00+00:00\",\"mainEntityOfPage\":{\"@id\":\"https:\/\/portaltela.pt\/noticias\/2026\/01\/24\/tempestade-ingrid-atinge-alentejo-com-vento-forte-e-neve-em-marvao\/\"},\"wordCount\":241,\"image\":{\"@id\":\"https:\/\/portaltela.pt\/noticias\/2026\/01\/24\/tempestade-ingrid-atinge-alentejo-com-vento-forte-e-neve-em-marvao\/#primaryimage\"},\"thumbnailUrl\":\"https:\/\/portaltela.pt\/s.01k8rhncp4jt1\/2026\/01\/unnamed-file-5063.jpg\",\"keywords\":[\"Alentejo\",\"aviso vermelho\",\"Beja\",\"\u00c9vora\",\"Marv\u00e3o\",\"prote\u00e7\u00e3o civil\"],\"articleSection\":[\"Not\u00edcias\"],\"inLanguage\":\"pt-PT\"},{\"@type\":\"WebPage\",\"@id\":\"https:\/\/portaltela.pt\/noticias\/2026\/01\/24\/tempestade-ingrid-atinge-alentejo-com-vento-forte-e-neve-em-marvao\/\",\"url\":\"https:\/\/portaltela.pt\/noticias\/2026\/01\/24\/tempestade-ingrid-atinge-alentejo-com-vento-forte-e-neve-em-marvao\/\",\"name\":\"Tempestade Ingrid atinge Alentejo com vento forte e neve em Marv\u00e3o - Portal Tela Portugal\",\"isPartOf\":{\"@id\":\"https:\/\/portaltela.pt\/#website\"},\"primaryImageOfPage\":{\"@id\":\"https:\/\/portaltela.pt\/noticias\/2026\/01\/24\/tempestade-ingrid-atinge-alentejo-com-vento-forte-e-neve-em-marvao\/#primaryimage\"},\"image\":{\"@id\":\"https:\/\/portaltela.pt\/noticias\/2026\/01\/24\/tempestade-ingrid-atinge-alentejo-com-vento-forte-e-neve-em-marvao\/#primaryimage\"},\"thumbnailUrl\":\"https:\/\/portaltela.pt\/s.01k8rhncp4jt1\/2026\/01\/unnamed-file-5063.jpg\",\"datePublished\":\"2026-01-24T21:20:00+00:00\",\"author\":{\"@id\":\"https:\/\/portaltela.pt\/#\/schema\/person\/c4278d4a6028830caff9ee44b42d32ed\"},\"breadcrumb\":{\"@id\":\"https:\/\/portaltela.pt\/noticias\/2026\/01\/24\/tempestade-ingrid-atinge-alentejo-com-vento-forte-e-neve-em-marvao\/#breadcrumb\"},\"inLanguage\":\"pt-PT\",\"potentialAction\":[{\"@type\":\"ReadAction\",\"target\":[\"https:\/\/portaltela.pt\/noticias\/2026\/01\/24\/tempestade-ingrid-atinge-alentejo-com-vento-forte-e-neve-em-marvao\/\"]}]},{\"@type\":\"ImageObject\",\"inLanguage\":\"pt-PT\",\"@id\":\"https:\/\/portaltela.pt\/noticias\/2026\/01\/24\/tempestade-ingrid-atinge-alentejo-com-vento-forte-e-neve-em-marvao\/#primaryimage\",\"url\":\"https:\/\/portaltela.pt\/s.01k8rhncp4jt1\/2026\/01\/unnamed-file-5063.jpg\",\"contentUrl\":\"https:\/\/portaltela.pt\/s.01k8rhncp4jt1\/2026\/01\/unnamed-file-5063.jpg\",\"width\":796,\"height\":448,\"caption\":\"Depois da chuva, regresso do calor: semana traz subida acentuada das temperaturas\"},{\"@type\":\"BreadcrumbList\",\"@id\":\"https:\/\/portaltela.pt\/noticias\/2026\/01\/24\/tempestade-ingrid-atinge-alentejo-com-vento-forte-e-neve-em-marvao\/#breadcrumb\",\"itemListElement\":[{\"@type\":\"ListItem\",\"position\":1,\"name\":\"In\u00edcio\",\"item\":\"https:\/\/portaltela.pt\/\"},{\"@type\":\"ListItem\",\"position\":2,\"name\":\"Tempestade Ingrid atinge Alentejo com vento forte e neve em Marv\u00e3o\"}]},{\"@type\":\"WebSite\",\"@id\":\"https:\/\/portaltela.pt\/#website\",\"url\":\"https:\/\/portaltela.pt\/\",\"name\":\"Portal Tela Portugal\",\"description\":\"\",\"potentialAction\":[{\"@type\":\"SearchAction\",\"target\":{\"@type\":\"EntryPoint\",\"urlTemplate\":\"https:\/\/portaltela.pt\/?s={search_term_string}\"},\"query-input\":{\"@type\":\"PropertyValueSpecification\",\"valueRequired\":true,\"valueName\":\"search_term_string\"}}],\"inLanguage\":\"pt-PT\"},{\"@type\":\"Person\",\"@id\":\"https:\/\/portaltela.pt\/#\/schema\/person\/c4278d4a6028830caff9ee44b42d32ed\",\"name\":\"Telinha\",\"image\":{\"@type\":\"ImageObject\",\"inLanguage\":\"pt-PT\",\"@id\":\"https:\/\/portaltela.pt\/s.01k8rhncp4jt1\/2025\/11\/talking-bot-125x125.png\",\"url\":\"https:\/\/portaltela.pt\/s.01k8rhncp4jt1\/2025\/11\/talking-bot-125x125.png\",\"contentUrl\":\"https:\/\/portaltela.pt\/s.01k8rhncp4jt1\/2025\/11\/talking-bot-125x125.png\",\"caption\":\"Telinha\"},\"sameAs\":[\"https:\/\/portaltela.pt\/\"],\"url\":\"https:\/\/portaltela.pt\/por\/367410592786\/\"}]}<\/script>\n<!-- \/ Yoast SEO plugin. -->","yoast_head_json":{"title":"Tempestade Ingrid atinge Alentejo com vento forte e neve em Marv\u00e3o - Portal Tela Portugal","robots":{"index":"index","follow":"follow","max-snippet":"max-snippet:-1","max-image-preview":"max-image-preview:large","max-video-preview":"max-video-preview:-1"},"og_locale":"pt_PT","og_type":"article","og_title":"Tempestade Ingrid atinge Alentejo com vento forte e neve em Marv\u00e3o - Portal Tela Portugal","og_description":"Tempestade Ingrid mant\u00e9m o Alentejo sob mau tempo, com neve nas zonas altas e Marv\u00e3o acordada coberta de branco. Distrito de Beja continua sob Aviso Vermelho devido \u00e0 agita\u00e7\u00e3o mar\u00edtima na costa alentejana, com ondas de at\u00e9 15 metros. Agress\u00e3o de quedas de \u00e1rvores e inunda\u00e7\u00f5es pontuais em \u00c9vora e Beja, com subida dos caudais nas bacias hidrogr\u00e1ficas. Vento forte com rajadas at\u00e9 100 km\/h nas terras altas, dinamizando riscos para vias e estruturas m\u00f3veis. Previs\u00e3o at\u00e9 ao fim de semana: s\u00e1bado com maior risco (avisos vermelhos e laranja), neve acima de 600\/800 metros (pode descer a 400 m); domingo chuva e vento persistentes; segunda-feira melhoria com c\u00e9u muito nublado e chuva fraca.","og_url":"https:\/\/portaltela.pt\/noticias\/2026\/01\/24\/tempestade-ingrid-atinge-alentejo-com-vento-forte-e-neve-em-marvao\/","og_site_name":"Portal Tela Portugal","article_published_time":"2026-01-24T21:20:00+00:00","author":"Telinha","twitter_card":"summary_large_image","twitter_misc":{"Escrito por":"Telinha","Tempo estimado de leitura":"1 minuto"},"schema":{"@context":"https:\/\/schema.org","@graph":[{"@type":"Article","@id":"https:\/\/portaltela.pt\/noticias\/2026\/01\/24\/tempestade-ingrid-atinge-alentejo-com-vento-forte-e-neve-em-marvao\/#article","isPartOf":{"@id":"https:\/\/portaltela.pt\/noticias\/2026\/01\/24\/tempestade-ingrid-atinge-alentejo-com-vento-forte-e-neve-em-marvao\/"},"author":{"name":"Telinha","@id":"https:\/\/portaltela.pt\/#\/schema\/person\/c4278d4a6028830caff9ee44b42d32ed"},"headline":"Tempestade Ingrid atinge Alentejo com vento forte e neve em Marv\u00e3o","datePublished":"2026-01-24T21:20:00+00:00","mainEntityOfPage":{"@id":"https:\/\/portaltela.pt\/noticias\/2026\/01\/24\/tempestade-ingrid-atinge-alentejo-com-vento-forte-e-neve-em-marvao\/"},"wordCount":241,"image":{"@id":"https:\/\/portaltela.pt\/noticias\/2026\/01\/24\/tempestade-ingrid-atinge-alentejo-com-vento-forte-e-neve-em-marvao\/#primaryimage"},"thumbnailUrl":"https:\/\/portaltela.pt\/s.01k8rhncp4jt1\/2026\/01\/unnamed-file-5063.jpg","keywords":["Alentejo","aviso vermelho","Beja","\u00c9vora","Marv\u00e3o","prote\u00e7\u00e3o civil"],"articleSection":["Not\u00edcias"],"inLanguage":"pt-PT"},{"@type":"WebPage","@id":"https:\/\/portaltela.pt\/noticias\/2026\/01\/24\/tempestade-ingrid-atinge-alentejo-com-vento-forte-e-neve-em-marvao\/","url":"https:\/\/portaltela.pt\/noticias\/2026\/01\/24\/tempestade-ingrid-atinge-alentejo-com-vento-forte-e-neve-em-marvao\/","name":"Tempestade Ingrid atinge Alentejo com vento forte e neve em Marv\u00e3o - Portal Tela Portugal","isPartOf":{"@id":"https:\/\/portaltela.pt\/#website"},"primaryImageOfPage":{"@id":"https:\/\/portaltela.pt\/noticias\/2026\/01\/24\/tempestade-ingrid-atinge-alentejo-com-vento-forte-e-neve-em-marvao\/#primaryimage"},"image":{"@id":"https:\/\/portaltela.pt\/noticias\/2026\/01\/24\/tempestade-ingrid-atinge-alentejo-com-vento-forte-e-neve-em-marvao\/#primaryimage"},"thumbnailUrl":"https:\/\/portaltela.pt\/s.01k8rhncp4jt1\/2026\/01\/unnamed-file-5063.jpg","datePublished":"2026-01-24T21:20:00+00:00","author":{"@id":"https:\/\/portaltela.pt\/#\/schema\/person\/c4278d4a6028830caff9ee44b42d32ed"},"breadcrumb":{"@id":"https:\/\/portaltela.pt\/noticias\/2026\/01\/24\/tempestade-ingrid-atinge-alentejo-com-vento-forte-e-neve-em-marvao\/#breadcrumb"},"inLanguage":"pt-PT","potentialAction":[{"@type":"ReadAction","target":["https:\/\/portaltela.pt\/noticias\/2026\/01\/24\/tempestade-ingrid-atinge-alentejo-com-vento-forte-e-neve-em-marvao\/"]}]},{"@type":"ImageObject","inLanguage":"pt-PT","@id":"https:\/\/portaltela.pt\/noticias\/2026\/01\/24\/tempestade-ingrid-atinge-alentejo-com-vento-forte-e-neve-em-marvao\/#primaryimage","url":"https:\/\/portaltela.pt\/s.01k8rhncp4jt1\/2026\/01\/unnamed-file-5063.jpg","contentUrl":"https:\/\/portaltela.pt\/s.01k8rhncp4jt1\/2026\/01\/unnamed-file-5063.jpg","width":796,"height":448,"caption":"Depois da chuva, regresso do calor: semana traz subida acentuada das temperaturas"},{"@type":"BreadcrumbList","@id":"https:\/\/portaltela.pt\/noticias\/2026\/01\/24\/tempestade-ingrid-atinge-alentejo-com-vento-forte-e-neve-em-marvao\/#breadcrumb","itemListElement":[{"@type":"ListItem","position":1,"name":"In\u00edcio","item":"https:\/\/portaltela.pt\/"},{"@type":"ListItem","position":2,"name":"Tempestade Ingrid atinge Alentejo com vento forte e neve em Marv\u00e3o"}]},{"@type":"WebSite","@id":"https:\/\/portaltela.pt\/#website","url":"https:\/\/portaltela.pt\/","name":"Portal Tela Portugal","description":"","potentialAction":[{"@type":"SearchAction","target":{"@type":"EntryPoint","urlTemplate":"https:\/\/portaltela.pt\/?s={search_term_string}"},"query-input":{"@type":"PropertyValueSpecification","valueRequired":true,"valueName":"search_term_string"}}],"inLanguage":"pt-PT"},{"@type":"Person","@id":"https:\/\/portaltela.pt\/#\/schema\/person\/c4278d4a6028830caff9ee44b42d32ed","name":"Telinha","image":{"@type":"ImageObject","inLanguage":"pt-PT","@id":"https:\/\/portaltela.pt\/s.01k8rhncp4jt1\/2025\/11\/talking-bot-125x125.png","url":"https:\/\/portaltela.pt\/s.01k8rhncp4jt1\/2025\/11\/talking-bot-125x125.png","contentUrl":"https:\/\/portaltela.pt\/s.01k8rhncp4jt1\/2025\/11\/talking-bot-125x125.png","caption":"Telinha"},"sameAs":["https:\/\/portaltela.pt\/"],"url":"https:\/\/portaltela.pt\/por\/367410592786\/"}]}},"_links":{"self":[{"href":"https:\/\/portaltela.pt\/api\/wp\/v2\/posts\/171022","targetHints":{"allow":["GET"]}}],"collection":[{"href":"https:\/\/portaltela.pt\/api\/wp\/v2\/posts"}],"about":[{"href":"https:\/\/portaltela.pt\/api\/wp\/v2\/types\/post"}],"author":[{"embeddable":true,"href":"https:\/\/portaltela.pt\/api\/wp\/v2\/users\/2"}],"replies":[{"embeddable":true,"href":"https:\/\/portaltela.pt\/api\/wp\/v2\/comments?post=171022"}],"version-history":[{"count":0,"href":"https:\/\/portaltela.pt\/api\/wp\/v2\/posts\/171022\/revisions"}],"wp:featuredmedia":[{"embeddable":true,"href":"https:\/\/portaltela.pt\/api\/wp\/v2\/media\/171044"}],"wp:attachment":[{"href":"https:\/\/portaltela.pt\/api\/wp\/v2\/media?parent=171022"}],"wp:term":[{"taxonomy":"category","embeddable":true,"href":"https:\/\/portaltela.pt\/api\/wp\/v2\/categories?post=171022"},{"taxonomy":"post_tag","embeddable":true,"href":"https:\/\/portaltela.pt\/api\/wp\/v2\/tags?post=171022"}],"curies":[{"name":"wp","href":"https:\/\/api.w.org\/{rel}","templated":true}]}}