{"id":171008,"date":"2026-01-24T19:15:00","date_gmt":"2026-01-24T22:15:00","guid":{"rendered":"https:\/\/portaltela.pt\/noticias\/2026\/01\/24\/ministro-da-agricultura-explica-video-ao-icnf-e-pede-celeridade\/"},"modified":"2026-01-24T19:15:00","modified_gmt":"2026-01-24T22:15:00","slug":"ministro-da-agricultura-explica-video-ao-icnf-e-pede-celeridade","status":"publish","type":"post","link":"https:\/\/portaltela.pt\/noticias\/2026\/01\/24\/ministro-da-agricultura-explica-video-ao-icnf-e-pede-celeridade\/","title":{"rendered":"Ministro da Agricultura explica v\u00eddeo ao ICNF e pede celeridade"},"content":{"rendered":"<p>O ministro da Agricultura, Jos\u00e9 Manuel Fernandes, explicou em Bragan\u00e7a que o v\u00eddeo enviado aos t\u00e9cnicos do ICNF visava sublinhar a necessidade de celeridade na atividade p\u00fablica. O objetivo \u00e9 que os servi\u00e7os atuem com rapidez, sem descurar a legalidade.<\/p>\n<p>\u00c0 entrada de um encontro com pastores no IPB, Fernandes pediu que quem decide se coloque no lugar do outro, atue com bom-senso e respeite a lei, decidindo rapidamente. O ministro destacou que os atrasos n\u00e3o s\u00e3o aceit\u00e1veis, sobretudo quando impactam projetos.<\/p>\n<p>O governante acrescentou que existem exemplos positivos na Administra\u00e7\u00e3o P\u00fablica, mas admitiu que alguns casos geram impedimentos para o funcionamento do servi\u00e7o p\u00fablico. N\u00e3o fez coment\u00e1rios sobre projetos espec\u00edficos, rematando que a exig\u00eancia vale para todos os processos, dentro da lei.<\/p>\n<h3>Contexto<\/h3>\n<p>Fernandes referiu ainda que muitos atrasos dizem respeito a projetos, incluindo pagamentos de compensa\u00e7\u00f5es por ataques de lobos. Afirmou que a proatividade deve nortear as decis\u00f5es, com foco na efici\u00eancia do funcionamento p\u00fablico e na aprova\u00e7\u00e3o de processos sem atrasos indevidos.<\/p>\n<p>O ministro n\u00e3o especificou detalhes sobre eventual explora\u00e7\u00e3o de l\u00edtio em Boticas e Montalegre, nem sobre a central fotovoltaica de Castelo Branco, reiterando que o apelo vale para qualquer projeto que exija celeridade, sem comprometer a conformidade legal.<\/p>\n","protected":false},"excerpt":{"rendered":"<ul>\n<li>O ministro da Agricultura, Jos\u00e9 Manuel Fernandes, afirmou em Bragan\u00e7a que o pol\u00e9mico v\u00eddeo sobre proatividade visa apenas exigir celeridade a todos os servi\u00e7os p\u00fablicos.<\/li>\n<li>Em frente de pastores no IPB, pediu que quem decida se ponha no lugar do outro, atue com bom-senso, respeite a lei e decida rapidamente.<\/li>\n<li>O governante lembrou que os portugueses n\u00e3o aceitam atrasos significativos, especialmente em projetos, e que a legisla\u00e7\u00e3o pode ser alterada se necess\u00e1rio.<\/li>\n<li>Referiu atrasos preocupantes nos pagamentos de compensa\u00e7\u00f5es por ataques de lobos, destacando a necessidade de decis\u00f5es r\u00e1pidas nesse \u00e2mbito.<\/li>\n<li>N\u00e3o comentou projetos espec\u00edficos (como l\u00edtio em Boticas\/Montalegre ou a central fotovoltaica de Castelo Branco), reiterando que o apelo vale para todos os dirigentes: agir com celeridade dentro da lei.<\/li>\n<\/ul>\n","protected":false},"author":2,"featured_media":171012,"comment_status":"closed","ping_status":"closed","sticky":false,"template":"","format":"standard","meta":{"footnotes":""},"categories":[1],"tags":[168,179,2749,906,3142,3667],"class_list":["post-171008","post","type-post","status-publish","format-standard","has-post-thumbnail","hentry","category-noticias","tag-administracao-publica","tag-agricultura","tag-boticas","tag-braganca","tag-icnf","tag-processos"],"yoast_head":"<!-- This site is optimized with the Yoast SEO plugin v27.2 - https:\/\/yoast.com\/product\/yoast-seo-wordpress\/ -->\n<title>Ministro da Agricultura explica v\u00eddeo ao ICNF e pede celeridade - Portal Tela Portugal<\/title>\n<meta name=\"robots\" content=\"index, follow, max-snippet:-1, max-image-preview:large, max-video-preview:-1\" \/>\n<meta property=\"og:locale\" content=\"pt_PT\" \/>\n<meta property=\"og:type\" content=\"article\" \/>\n<meta property=\"og:title\" content=\"Ministro da Agricultura explica v\u00eddeo ao ICNF e pede celeridade - Portal Tela Portugal\" \/>\n<meta property=\"og:description\" content=\"O ministro da Agricultura, Jos\u00e9 Manuel Fernandes, afirmou em Bragan\u00e7a que o pol\u00e9mico v\u00eddeo sobre proatividade visa apenas exigir celeridade a todos os servi\u00e7os p\u00fablicos. Em frente de pastores no IPB, pediu que quem decida se ponha no lugar do outro, atue com bom-senso, respeite a lei e decida rapidamente. O governante lembrou que os portugueses n\u00e3o aceitam atrasos significativos, especialmente em projetos, e que a legisla\u00e7\u00e3o pode ser alterada se necess\u00e1rio. Referiu atrasos preocupantes nos pagamentos de compensa\u00e7\u00f5es por ataques de lobos, destacando a necessidade de decis\u00f5es r\u00e1pidas nesse \u00e2mbito. N\u00e3o comentou projetos espec\u00edficos (como l\u00edtio em Boticas\/Montalegre ou a central fotovoltaica de Castelo Branco), reiterando que o apelo vale para todos os dirigentes: agir com celeridade dentro da lei.\" \/>\n<meta property=\"og:url\" content=\"https:\/\/portaltela.pt\/noticias\/2026\/01\/24\/ministro-da-agricultura-explica-video-ao-icnf-e-pede-celeridade\/\" \/>\n<meta property=\"og:site_name\" content=\"Portal Tela Portugal\" \/>\n<meta property=\"article:published_time\" content=\"2026-01-24T22:15:00+00:00\" \/>\n<meta name=\"author\" content=\"Telinha\" \/>\n<meta name=\"twitter:card\" content=\"summary_large_image\" \/>\n<meta name=\"twitter:label1\" content=\"Escrito por\" \/>\n\t<meta name=\"twitter:data1\" content=\"Telinha\" \/>\n\t<meta name=\"twitter:label2\" content=\"Tempo estimado de leitura\" \/>\n\t<meta name=\"twitter:data2\" content=\"1 minuto\" \/>\n<script type=\"application\/ld+json\" class=\"yoast-schema-graph\">{\"@context\":\"https:\/\/schema.org\",\"@graph\":[{\"@type\":\"Article\",\"@id\":\"https:\/\/portaltela.pt\/noticias\/2026\/01\/24\/ministro-da-agricultura-explica-video-ao-icnf-e-pede-celeridade\/#article\",\"isPartOf\":{\"@id\":\"https:\/\/portaltela.pt\/noticias\/2026\/01\/24\/ministro-da-agricultura-explica-video-ao-icnf-e-pede-celeridade\/\"},\"author\":{\"name\":\"Telinha\",\"@id\":\"https:\/\/portaltela.pt\/#\/schema\/person\/c4278d4a6028830caff9ee44b42d32ed\"},\"headline\":\"Ministro da Agricultura explica v\u00eddeo ao ICNF e pede celeridade\",\"datePublished\":\"2026-01-24T22:15:00+00:00\",\"mainEntityOfPage\":{\"@id\":\"https:\/\/portaltela.pt\/noticias\/2026\/01\/24\/ministro-da-agricultura-explica-video-ao-icnf-e-pede-celeridade\/\"},\"wordCount\":236,\"image\":{\"@id\":\"https:\/\/portaltela.pt\/noticias\/2026\/01\/24\/ministro-da-agricultura-explica-video-ao-icnf-e-pede-celeridade\/#primaryimage\"},\"thumbnailUrl\":\"https:\/\/portaltela.pt\/s.01k8rhncp4jt1\/2026\/01\/image-1663.jpg\",\"keywords\":[\"administra\u00e7\u00e3o p\u00fablica\",\"agricultura\",\"Boticas\",\"Bragan\u00e7a\",\"ICNF\",\"processos\"],\"articleSection\":[\"Not\u00edcias\"],\"inLanguage\":\"pt-PT\"},{\"@type\":\"WebPage\",\"@id\":\"https:\/\/portaltela.pt\/noticias\/2026\/01\/24\/ministro-da-agricultura-explica-video-ao-icnf-e-pede-celeridade\/\",\"url\":\"https:\/\/portaltela.pt\/noticias\/2026\/01\/24\/ministro-da-agricultura-explica-video-ao-icnf-e-pede-celeridade\/\",\"name\":\"Ministro da Agricultura explica v\u00eddeo ao ICNF e pede celeridade - Portal Tela Portugal\",\"isPartOf\":{\"@id\":\"https:\/\/portaltela.pt\/#website\"},\"primaryImageOfPage\":{\"@id\":\"https:\/\/portaltela.pt\/noticias\/2026\/01\/24\/ministro-da-agricultura-explica-video-ao-icnf-e-pede-celeridade\/#primaryimage\"},\"image\":{\"@id\":\"https:\/\/portaltela.pt\/noticias\/2026\/01\/24\/ministro-da-agricultura-explica-video-ao-icnf-e-pede-celeridade\/#primaryimage\"},\"thumbnailUrl\":\"https:\/\/portaltela.pt\/s.01k8rhncp4jt1\/2026\/01\/image-1663.jpg\",\"datePublished\":\"2026-01-24T22:15:00+00:00\",\"author\":{\"@id\":\"https:\/\/portaltela.pt\/#\/schema\/person\/c4278d4a6028830caff9ee44b42d32ed\"},\"breadcrumb\":{\"@id\":\"https:\/\/portaltela.pt\/noticias\/2026\/01\/24\/ministro-da-agricultura-explica-video-ao-icnf-e-pede-celeridade\/#breadcrumb\"},\"inLanguage\":\"pt-PT\",\"potentialAction\":[{\"@type\":\"ReadAction\",\"target\":[\"https:\/\/portaltela.pt\/noticias\/2026\/01\/24\/ministro-da-agricultura-explica-video-ao-icnf-e-pede-celeridade\/\"]}]},{\"@type\":\"ImageObject\",\"inLanguage\":\"pt-PT\",\"@id\":\"https:\/\/portaltela.pt\/noticias\/2026\/01\/24\/ministro-da-agricultura-explica-video-ao-icnf-e-pede-celeridade\/#primaryimage\",\"url\":\"https:\/\/portaltela.pt\/s.01k8rhncp4jt1\/2026\/01\/image-1663.jpg\",\"contentUrl\":\"https:\/\/portaltela.pt\/s.01k8rhncp4jt1\/2026\/01\/image-1663.jpg\",\"width\":796,\"height\":448,\"caption\":\"Ministro pede que, \\\"quem decida, se ponha no lugar do outro, atue com bom-senso, obviamente respeite a lei e decida rapidamente\\\"\"},{\"@type\":\"BreadcrumbList\",\"@id\":\"https:\/\/portaltela.pt\/noticias\/2026\/01\/24\/ministro-da-agricultura-explica-video-ao-icnf-e-pede-celeridade\/#breadcrumb\",\"itemListElement\":[{\"@type\":\"ListItem\",\"position\":1,\"name\":\"In\u00edcio\",\"item\":\"https:\/\/portaltela.pt\/\"},{\"@type\":\"ListItem\",\"position\":2,\"name\":\"Ministro da Agricultura explica v\u00eddeo ao ICNF e pede celeridade\"}]},{\"@type\":\"WebSite\",\"@id\":\"https:\/\/portaltela.pt\/#website\",\"url\":\"https:\/\/portaltela.pt\/\",\"name\":\"Portal Tela Portugal\",\"description\":\"\",\"potentialAction\":[{\"@type\":\"SearchAction\",\"target\":{\"@type\":\"EntryPoint\",\"urlTemplate\":\"https:\/\/portaltela.pt\/?s={search_term_string}\"},\"query-input\":{\"@type\":\"PropertyValueSpecification\",\"valueRequired\":true,\"valueName\":\"search_term_string\"}}],\"inLanguage\":\"pt-PT\"},{\"@type\":\"Person\",\"@id\":\"https:\/\/portaltela.pt\/#\/schema\/person\/c4278d4a6028830caff9ee44b42d32ed\",\"name\":\"Telinha\",\"image\":{\"@type\":\"ImageObject\",\"inLanguage\":\"pt-PT\",\"@id\":\"https:\/\/portaltela.pt\/s.01k8rhncp4jt1\/2025\/11\/talking-bot-125x125.png\",\"url\":\"https:\/\/portaltela.pt\/s.01k8rhncp4jt1\/2025\/11\/talking-bot-125x125.png\",\"contentUrl\":\"https:\/\/portaltela.pt\/s.01k8rhncp4jt1\/2025\/11\/talking-bot-125x125.png\",\"caption\":\"Telinha\"},\"sameAs\":[\"https:\/\/portaltela.pt\/\"],\"url\":\"https:\/\/portaltela.pt\/por\/367410592786\/\"}]}<\/script>\n<!-- \/ Yoast SEO plugin. -->","yoast_head_json":{"title":"Ministro da Agricultura explica v\u00eddeo ao ICNF e pede celeridade - Portal Tela Portugal","robots":{"index":"index","follow":"follow","max-snippet":"max-snippet:-1","max-image-preview":"max-image-preview:large","max-video-preview":"max-video-preview:-1"},"og_locale":"pt_PT","og_type":"article","og_title":"Ministro da Agricultura explica v\u00eddeo ao ICNF e pede celeridade - Portal Tela Portugal","og_description":"O ministro da Agricultura, Jos\u00e9 Manuel Fernandes, afirmou em Bragan\u00e7a que o pol\u00e9mico v\u00eddeo sobre proatividade visa apenas exigir celeridade a todos os servi\u00e7os p\u00fablicos. Em frente de pastores no IPB, pediu que quem decida se ponha no lugar do outro, atue com bom-senso, respeite a lei e decida rapidamente. O governante lembrou que os portugueses n\u00e3o aceitam atrasos significativos, especialmente em projetos, e que a legisla\u00e7\u00e3o pode ser alterada se necess\u00e1rio. Referiu atrasos preocupantes nos pagamentos de compensa\u00e7\u00f5es por ataques de lobos, destacando a necessidade de decis\u00f5es r\u00e1pidas nesse \u00e2mbito. N\u00e3o comentou projetos espec\u00edficos (como l\u00edtio em Boticas\/Montalegre ou a central fotovoltaica de Castelo Branco), reiterando que o apelo vale para todos os dirigentes: agir com celeridade dentro da lei.","og_url":"https:\/\/portaltela.pt\/noticias\/2026\/01\/24\/ministro-da-agricultura-explica-video-ao-icnf-e-pede-celeridade\/","og_site_name":"Portal Tela Portugal","article_published_time":"2026-01-24T22:15:00+00:00","author":"Telinha","twitter_card":"summary_large_image","twitter_misc":{"Escrito por":"Telinha","Tempo estimado de leitura":"1 minuto"},"schema":{"@context":"https:\/\/schema.org","@graph":[{"@type":"Article","@id":"https:\/\/portaltela.pt\/noticias\/2026\/01\/24\/ministro-da-agricultura-explica-video-ao-icnf-e-pede-celeridade\/#article","isPartOf":{"@id":"https:\/\/portaltela.pt\/noticias\/2026\/01\/24\/ministro-da-agricultura-explica-video-ao-icnf-e-pede-celeridade\/"},"author":{"name":"Telinha","@id":"https:\/\/portaltela.pt\/#\/schema\/person\/c4278d4a6028830caff9ee44b42d32ed"},"headline":"Ministro da Agricultura explica v\u00eddeo ao ICNF e pede celeridade","datePublished":"2026-01-24T22:15:00+00:00","mainEntityOfPage":{"@id":"https:\/\/portaltela.pt\/noticias\/2026\/01\/24\/ministro-da-agricultura-explica-video-ao-icnf-e-pede-celeridade\/"},"wordCount":236,"image":{"@id":"https:\/\/portaltela.pt\/noticias\/2026\/01\/24\/ministro-da-agricultura-explica-video-ao-icnf-e-pede-celeridade\/#primaryimage"},"thumbnailUrl":"https:\/\/portaltela.pt\/s.01k8rhncp4jt1\/2026\/01\/image-1663.jpg","keywords":["administra\u00e7\u00e3o p\u00fablica","agricultura","Boticas","Bragan\u00e7a","ICNF","processos"],"articleSection":["Not\u00edcias"],"inLanguage":"pt-PT"},{"@type":"WebPage","@id":"https:\/\/portaltela.pt\/noticias\/2026\/01\/24\/ministro-da-agricultura-explica-video-ao-icnf-e-pede-celeridade\/","url":"https:\/\/portaltela.pt\/noticias\/2026\/01\/24\/ministro-da-agricultura-explica-video-ao-icnf-e-pede-celeridade\/","name":"Ministro da Agricultura explica v\u00eddeo ao ICNF e pede celeridade - Portal Tela Portugal","isPartOf":{"@id":"https:\/\/portaltela.pt\/#website"},"primaryImageOfPage":{"@id":"https:\/\/portaltela.pt\/noticias\/2026\/01\/24\/ministro-da-agricultura-explica-video-ao-icnf-e-pede-celeridade\/#primaryimage"},"image":{"@id":"https:\/\/portaltela.pt\/noticias\/2026\/01\/24\/ministro-da-agricultura-explica-video-ao-icnf-e-pede-celeridade\/#primaryimage"},"thumbnailUrl":"https:\/\/portaltela.pt\/s.01k8rhncp4jt1\/2026\/01\/image-1663.jpg","datePublished":"2026-01-24T22:15:00+00:00","author":{"@id":"https:\/\/portaltela.pt\/#\/schema\/person\/c4278d4a6028830caff9ee44b42d32ed"},"breadcrumb":{"@id":"https:\/\/portaltela.pt\/noticias\/2026\/01\/24\/ministro-da-agricultura-explica-video-ao-icnf-e-pede-celeridade\/#breadcrumb"},"inLanguage":"pt-PT","potentialAction":[{"@type":"ReadAction","target":["https:\/\/portaltela.pt\/noticias\/2026\/01\/24\/ministro-da-agricultura-explica-video-ao-icnf-e-pede-celeridade\/"]}]},{"@type":"ImageObject","inLanguage":"pt-PT","@id":"https:\/\/portaltela.pt\/noticias\/2026\/01\/24\/ministro-da-agricultura-explica-video-ao-icnf-e-pede-celeridade\/#primaryimage","url":"https:\/\/portaltela.pt\/s.01k8rhncp4jt1\/2026\/01\/image-1663.jpg","contentUrl":"https:\/\/portaltela.pt\/s.01k8rhncp4jt1\/2026\/01\/image-1663.jpg","width":796,"height":448,"caption":"Ministro pede que, \"quem decida, se ponha no lugar do outro, atue com bom-senso, obviamente respeite a lei e decida rapidamente\""},{"@type":"BreadcrumbList","@id":"https:\/\/portaltela.pt\/noticias\/2026\/01\/24\/ministro-da-agricultura-explica-video-ao-icnf-e-pede-celeridade\/#breadcrumb","itemListElement":[{"@type":"ListItem","position":1,"name":"In\u00edcio","item":"https:\/\/portaltela.pt\/"},{"@type":"ListItem","position":2,"name":"Ministro da Agricultura explica v\u00eddeo ao ICNF e pede celeridade"}]},{"@type":"WebSite","@id":"https:\/\/portaltela.pt\/#website","url":"https:\/\/portaltela.pt\/","name":"Portal Tela Portugal","description":"","potentialAction":[{"@type":"SearchAction","target":{"@type":"EntryPoint","urlTemplate":"https:\/\/portaltela.pt\/?s={search_term_string}"},"query-input":{"@type":"PropertyValueSpecification","valueRequired":true,"valueName":"search_term_string"}}],"inLanguage":"pt-PT"},{"@type":"Person","@id":"https:\/\/portaltela.pt\/#\/schema\/person\/c4278d4a6028830caff9ee44b42d32ed","name":"Telinha","image":{"@type":"ImageObject","inLanguage":"pt-PT","@id":"https:\/\/portaltela.pt\/s.01k8rhncp4jt1\/2025\/11\/talking-bot-125x125.png","url":"https:\/\/portaltela.pt\/s.01k8rhncp4jt1\/2025\/11\/talking-bot-125x125.png","contentUrl":"https:\/\/portaltela.pt\/s.01k8rhncp4jt1\/2025\/11\/talking-bot-125x125.png","caption":"Telinha"},"sameAs":["https:\/\/portaltela.pt\/"],"url":"https:\/\/portaltela.pt\/por\/367410592786\/"}]}},"_links":{"self":[{"href":"https:\/\/portaltela.pt\/api\/wp\/v2\/posts\/171008","targetHints":{"allow":["GET"]}}],"collection":[{"href":"https:\/\/portaltela.pt\/api\/wp\/v2\/posts"}],"about":[{"href":"https:\/\/portaltela.pt\/api\/wp\/v2\/types\/post"}],"author":[{"embeddable":true,"href":"https:\/\/portaltela.pt\/api\/wp\/v2\/users\/2"}],"replies":[{"embeddable":true,"href":"https:\/\/portaltela.pt\/api\/wp\/v2\/comments?post=171008"}],"version-history":[{"count":0,"href":"https:\/\/portaltela.pt\/api\/wp\/v2\/posts\/171008\/revisions"}],"wp:featuredmedia":[{"embeddable":true,"href":"https:\/\/portaltela.pt\/api\/wp\/v2\/media\/171012"}],"wp:attachment":[{"href":"https:\/\/portaltela.pt\/api\/wp\/v2\/media?parent=171008"}],"wp:term":[{"taxonomy":"category","embeddable":true,"href":"https:\/\/portaltela.pt\/api\/wp\/v2\/categories?post=171008"},{"taxonomy":"post_tag","embeddable":true,"href":"https:\/\/portaltela.pt\/api\/wp\/v2\/tags?post=171008"}],"curies":[{"name":"wp","href":"https:\/\/api.w.org\/{rel}","templated":true}]}}