{"id":170908,"date":"2026-01-24T17:40:00","date_gmt":"2026-01-24T20:40:00","guid":{"rendered":"https:\/\/portaltela.pt\/noticias\/2026\/01\/24\/moura-celebra-38-anos-como-cidade-com-cultura-no-cine-teatro-caridade\/"},"modified":"2026-01-24T17:40:00","modified_gmt":"2026-01-24T20:40:00","slug":"moura-celebra-38-anos-como-cidade-com-cultura-no-cine-teatro-caridade","status":"publish","type":"post","link":"https:\/\/portaltela.pt\/noticias\/2026\/01\/24\/moura-celebra-38-anos-como-cidade-com-cultura-no-cine-teatro-caridade\/","title":{"rendered":"Moura celebra 38 anos como cidade com cultura no Cine-Teatro Caridade"},"content":{"rendered":"<p>Moura celebra no pr\u00f3ximo domingo, 1 de fevereiro, o 38\u00ba anivers\u00e1rio de eleva\u00e7\u00e3o \u00e0 categoria de cidade. A data remonta a 1988, quando a Assembleia da Rep\u00fablica aprovou a lei e o Di\u00e1rio da Rep\u00fablica a publicou. A C\u00e2mara Municipal preparou um programa ligado \u00e0 cultura e \u00e0 mem\u00f3ria da cidade.<\/p>\n<p>O programa come\u00e7a \u00e0s 10h na Galeria do Esp\u00edrito Santo com a inaugura\u00e7\u00e3o da exposi\u00e7\u00e3o de fotografia Olhares, de Jo\u00e3o Sardica. A mostra convida a uma perspetiva sobre o territ\u00f3rio que ser\u00e1 seguida, \u00e0 tarde, pela proje\u00e7\u00e3o de um filme no Cine-Teatro Caridade.<\/p>\n<p>\u00c0s 15h00, o grande ecr\u00e3 do Cine-Teatro recorda o passado com Moura Anos 30, um registo audiovisual da vida e costumes locais em meados do s\u00e9culo XX. A sess\u00e3o solene contar\u00e1 com interven\u00e7\u00f5es oficiais e homenagens \u00e0 comunidade.<\/p>\n<h3>Celebra\u00e7\u00e3o e homenagens<\/h3>\n<p>Andr\u00e9 Gon\u00e7alves, Presidente da Assembleia Municipal, e \u00c1lvaro Azedo, Presidente da C\u00e2mara Municipal de Moura, apresentam as suas comunica\u00e7\u00f5es. O objetivo \u00e9 assinalar o marco hist\u00f3rico com foco na identidade e no patrim\u00f3nio alentejano.<\/p>\n<p>O encerramento ficar\u00e1 a cargo das vozes do Grupo Coral Infantil da Escola da Porta Nova. A atua\u00e7\u00e3o simboliza a continuidade do Cante Alentejano e a vitalidade das novas gera\u00e7\u00f5es de mourenses.<\/p>\n<p>Moura refor\u00e7a, com este protocolo de celebra\u00e7\u00e3o, o orgulho hist\u00f3rico pela sua import\u00e2ncia estrat\u00e9gica e cultural no Baixo Alentejo. O estatuto de cidade permanece h\u00e1 quase quatro d\u00e9cadas como refer\u00eancia local.<\/p>\n","protected":false},"excerpt":{"rendered":"<ul>\n<li>Moura celebra 38 anos de eleva\u00e7\u00e3o a cidade, marco que remonta a 1988, com um programa cultural no Baixo Alentejo.<\/li>\n<li>A abertura ocorre \u00e0s 10h na Galeria do Esp\u00edrito Santo, com a inaugura\u00e7\u00e3o da exposi\u00e7\u00e3o de fotografia Olhares, de Jo\u00e3o Sardica.<\/li>\n<li>\u00c0s 15h, no Cine-Teatro Caridade, \u00e9 exibido o filme Moura Anos 30, que retrata a vida e os costumes da cidade na metade do s\u00e9culo XX.<\/li>\n<li>A sess\u00e3o solene conta com interven\u00e7\u00f5es de Andr\u00e9 Gon\u00e7alves, presidente da Assembleia Municipal, e de \u00c1lvaro Azedo, presidente da C\u00e2mara Municipal de Moura.<\/li>\n<li>O encerramento fica a cargo do Grupo Coral Infantil da Escola da Porta Nova, simbolizando o Cante Alentejano e a continuidade geracional em Moura.<\/li>\n<\/ul>\n","protected":false},"author":2,"featured_media":170938,"comment_status":"closed","ping_status":"closed","sticky":false,"template":"","format":"standard","meta":{"footnotes":""},"categories":[1],"tags":[883,2491,1073,145,1397,2396],"class_list":["post-170908","post","type-post","status-publish","format-standard","has-post-thumbnail","hentry","category-noticias","tag-alentejo","tag-cante-alentejano","tag-cinema-teatro-concertos","tag-cultura","tag-exposicoes","tag-moura"],"yoast_head":"<!-- This site is optimized with the Yoast SEO plugin v27.2 - https:\/\/yoast.com\/product\/yoast-seo-wordpress\/ -->\n<title>Moura celebra 38 anos como cidade com cultura no Cine-Teatro Caridade - Portal Tela Portugal<\/title>\n<meta name=\"robots\" content=\"index, follow, max-snippet:-1, max-image-preview:large, max-video-preview:-1\" \/>\n<meta property=\"og:locale\" content=\"pt_PT\" \/>\n<meta property=\"og:type\" content=\"article\" \/>\n<meta property=\"og:title\" content=\"Moura celebra 38 anos como cidade com cultura no Cine-Teatro Caridade - Portal Tela Portugal\" \/>\n<meta property=\"og:description\" content=\"Moura celebra 38 anos de eleva\u00e7\u00e3o a cidade, marco que remonta a 1988, com um programa cultural no Baixo Alentejo. A abertura ocorre \u00e0s 10h na Galeria do Esp\u00edrito Santo, com a inaugura\u00e7\u00e3o da exposi\u00e7\u00e3o de fotografia Olhares, de Jo\u00e3o Sardica. \u00c0s 15h, no Cine-Teatro Caridade, \u00e9 exibido o filme Moura Anos 30, que retrata a vida e os costumes da cidade na metade do s\u00e9culo XX. A sess\u00e3o solene conta com interven\u00e7\u00f5es de Andr\u00e9 Gon\u00e7alves, presidente da Assembleia Municipal, e de \u00c1lvaro Azedo, presidente da C\u00e2mara Municipal de Moura. O encerramento fica a cargo do Grupo Coral Infantil da Escola da Porta Nova, simbolizando o Cante Alentejano e a continuidade geracional em Moura.\" \/>\n<meta property=\"og:url\" content=\"https:\/\/portaltela.pt\/noticias\/2026\/01\/24\/moura-celebra-38-anos-como-cidade-com-cultura-no-cine-teatro-caridade\/\" \/>\n<meta property=\"og:site_name\" content=\"Portal Tela Portugal\" \/>\n<meta property=\"article:published_time\" content=\"2026-01-24T20:40:00+00:00\" \/>\n<meta name=\"author\" content=\"Telinha\" \/>\n<meta name=\"twitter:card\" content=\"summary_large_image\" \/>\n<meta name=\"twitter:label1\" content=\"Escrito por\" \/>\n\t<meta name=\"twitter:data1\" content=\"Telinha\" \/>\n\t<meta name=\"twitter:label2\" content=\"Tempo estimado de leitura\" \/>\n\t<meta name=\"twitter:data2\" content=\"1 minuto\" \/>\n<script type=\"application\/ld+json\" class=\"yoast-schema-graph\">{\"@context\":\"https:\/\/schema.org\",\"@graph\":[{\"@type\":\"Article\",\"@id\":\"https:\/\/portaltela.pt\/noticias\/2026\/01\/24\/moura-celebra-38-anos-como-cidade-com-cultura-no-cine-teatro-caridade\/#article\",\"isPartOf\":{\"@id\":\"https:\/\/portaltela.pt\/noticias\/2026\/01\/24\/moura-celebra-38-anos-como-cidade-com-cultura-no-cine-teatro-caridade\/\"},\"author\":{\"name\":\"Telinha\",\"@id\":\"https:\/\/portaltela.pt\/#\/schema\/person\/c4278d4a6028830caff9ee44b42d32ed\"},\"headline\":\"Moura celebra 38 anos como cidade com cultura no Cine-Teatro Caridade\",\"datePublished\":\"2026-01-24T20:40:00+00:00\",\"mainEntityOfPage\":{\"@id\":\"https:\/\/portaltela.pt\/noticias\/2026\/01\/24\/moura-celebra-38-anos-como-cidade-com-cultura-no-cine-teatro-caridade\/\"},\"wordCount\":265,\"image\":{\"@id\":\"https:\/\/portaltela.pt\/noticias\/2026\/01\/24\/moura-celebra-38-anos-como-cidade-com-cultura-no-cine-teatro-caridade\/#primaryimage\"},\"thumbnailUrl\":\"https:\/\/portaltela.pt\/s.01k8rhncp4jt1\/2026\/01\/unnamed-file-5054.jpg\",\"keywords\":[\"Alentejo\",\"Cante Alentejano\",\"cinema\/teatro\/concertos\",\"cultura\",\"exposi\u00e7\u00f5es\",\"Moura\"],\"articleSection\":[\"Not\u00edcias\"],\"inLanguage\":\"pt-PT\"},{\"@type\":\"WebPage\",\"@id\":\"https:\/\/portaltela.pt\/noticias\/2026\/01\/24\/moura-celebra-38-anos-como-cidade-com-cultura-no-cine-teatro-caridade\/\",\"url\":\"https:\/\/portaltela.pt\/noticias\/2026\/01\/24\/moura-celebra-38-anos-como-cidade-com-cultura-no-cine-teatro-caridade\/\",\"name\":\"Moura celebra 38 anos como cidade com cultura no Cine-Teatro Caridade - Portal Tela Portugal\",\"isPartOf\":{\"@id\":\"https:\/\/portaltela.pt\/#website\"},\"primaryImageOfPage\":{\"@id\":\"https:\/\/portaltela.pt\/noticias\/2026\/01\/24\/moura-celebra-38-anos-como-cidade-com-cultura-no-cine-teatro-caridade\/#primaryimage\"},\"image\":{\"@id\":\"https:\/\/portaltela.pt\/noticias\/2026\/01\/24\/moura-celebra-38-anos-como-cidade-com-cultura-no-cine-teatro-caridade\/#primaryimage\"},\"thumbnailUrl\":\"https:\/\/portaltela.pt\/s.01k8rhncp4jt1\/2026\/01\/unnamed-file-5054.jpg\",\"datePublished\":\"2026-01-24T20:40:00+00:00\",\"author\":{\"@id\":\"https:\/\/portaltela.pt\/#\/schema\/person\/c4278d4a6028830caff9ee44b42d32ed\"},\"breadcrumb\":{\"@id\":\"https:\/\/portaltela.pt\/noticias\/2026\/01\/24\/moura-celebra-38-anos-como-cidade-com-cultura-no-cine-teatro-caridade\/#breadcrumb\"},\"inLanguage\":\"pt-PT\",\"potentialAction\":[{\"@type\":\"ReadAction\",\"target\":[\"https:\/\/portaltela.pt\/noticias\/2026\/01\/24\/moura-celebra-38-anos-como-cidade-com-cultura-no-cine-teatro-caridade\/\"]}]},{\"@type\":\"ImageObject\",\"inLanguage\":\"pt-PT\",\"@id\":\"https:\/\/portaltela.pt\/noticias\/2026\/01\/24\/moura-celebra-38-anos-como-cidade-com-cultura-no-cine-teatro-caridade\/#primaryimage\",\"url\":\"https:\/\/portaltela.pt\/s.01k8rhncp4jt1\/2026\/01\/unnamed-file-5054.jpg\",\"contentUrl\":\"https:\/\/portaltela.pt\/s.01k8rhncp4jt1\/2026\/01\/unnamed-file-5054.jpg\",\"width\":796,\"height\":448,\"caption\":\"Moura celebra 38 anos de eleva\u00e7\u00e3o a cidade com cultura e tradi\u00e7\u00e3o no Cine-Teatro Caridade\"},{\"@type\":\"BreadcrumbList\",\"@id\":\"https:\/\/portaltela.pt\/noticias\/2026\/01\/24\/moura-celebra-38-anos-como-cidade-com-cultura-no-cine-teatro-caridade\/#breadcrumb\",\"itemListElement\":[{\"@type\":\"ListItem\",\"position\":1,\"name\":\"In\u00edcio\",\"item\":\"https:\/\/portaltela.pt\/\"},{\"@type\":\"ListItem\",\"position\":2,\"name\":\"Moura celebra 38 anos como cidade com cultura no Cine-Teatro Caridade\"}]},{\"@type\":\"WebSite\",\"@id\":\"https:\/\/portaltela.pt\/#website\",\"url\":\"https:\/\/portaltela.pt\/\",\"name\":\"Portal Tela Portugal\",\"description\":\"\",\"potentialAction\":[{\"@type\":\"SearchAction\",\"target\":{\"@type\":\"EntryPoint\",\"urlTemplate\":\"https:\/\/portaltela.pt\/?s={search_term_string}\"},\"query-input\":{\"@type\":\"PropertyValueSpecification\",\"valueRequired\":true,\"valueName\":\"search_term_string\"}}],\"inLanguage\":\"pt-PT\"},{\"@type\":\"Person\",\"@id\":\"https:\/\/portaltela.pt\/#\/schema\/person\/c4278d4a6028830caff9ee44b42d32ed\",\"name\":\"Telinha\",\"image\":{\"@type\":\"ImageObject\",\"inLanguage\":\"pt-PT\",\"@id\":\"https:\/\/portaltela.pt\/s.01k8rhncp4jt1\/2025\/11\/talking-bot-125x125.png\",\"url\":\"https:\/\/portaltela.pt\/s.01k8rhncp4jt1\/2025\/11\/talking-bot-125x125.png\",\"contentUrl\":\"https:\/\/portaltela.pt\/s.01k8rhncp4jt1\/2025\/11\/talking-bot-125x125.png\",\"caption\":\"Telinha\"},\"sameAs\":[\"https:\/\/portaltela.pt\/\"],\"url\":\"https:\/\/portaltela.pt\/por\/367410592786\/\"}]}<\/script>\n<!-- \/ Yoast SEO plugin. -->","yoast_head_json":{"title":"Moura celebra 38 anos como cidade com cultura no Cine-Teatro Caridade - Portal Tela Portugal","robots":{"index":"index","follow":"follow","max-snippet":"max-snippet:-1","max-image-preview":"max-image-preview:large","max-video-preview":"max-video-preview:-1"},"og_locale":"pt_PT","og_type":"article","og_title":"Moura celebra 38 anos como cidade com cultura no Cine-Teatro Caridade - Portal Tela Portugal","og_description":"Moura celebra 38 anos de eleva\u00e7\u00e3o a cidade, marco que remonta a 1988, com um programa cultural no Baixo Alentejo. A abertura ocorre \u00e0s 10h na Galeria do Esp\u00edrito Santo, com a inaugura\u00e7\u00e3o da exposi\u00e7\u00e3o de fotografia Olhares, de Jo\u00e3o Sardica. \u00c0s 15h, no Cine-Teatro Caridade, \u00e9 exibido o filme Moura Anos 30, que retrata a vida e os costumes da cidade na metade do s\u00e9culo XX. A sess\u00e3o solene conta com interven\u00e7\u00f5es de Andr\u00e9 Gon\u00e7alves, presidente da Assembleia Municipal, e de \u00c1lvaro Azedo, presidente da C\u00e2mara Municipal de Moura. O encerramento fica a cargo do Grupo Coral Infantil da Escola da Porta Nova, simbolizando o Cante Alentejano e a continuidade geracional em Moura.","og_url":"https:\/\/portaltela.pt\/noticias\/2026\/01\/24\/moura-celebra-38-anos-como-cidade-com-cultura-no-cine-teatro-caridade\/","og_site_name":"Portal Tela Portugal","article_published_time":"2026-01-24T20:40:00+00:00","author":"Telinha","twitter_card":"summary_large_image","twitter_misc":{"Escrito por":"Telinha","Tempo estimado de leitura":"1 minuto"},"schema":{"@context":"https:\/\/schema.org","@graph":[{"@type":"Article","@id":"https:\/\/portaltela.pt\/noticias\/2026\/01\/24\/moura-celebra-38-anos-como-cidade-com-cultura-no-cine-teatro-caridade\/#article","isPartOf":{"@id":"https:\/\/portaltela.pt\/noticias\/2026\/01\/24\/moura-celebra-38-anos-como-cidade-com-cultura-no-cine-teatro-caridade\/"},"author":{"name":"Telinha","@id":"https:\/\/portaltela.pt\/#\/schema\/person\/c4278d4a6028830caff9ee44b42d32ed"},"headline":"Moura celebra 38 anos como cidade com cultura no Cine-Teatro Caridade","datePublished":"2026-01-24T20:40:00+00:00","mainEntityOfPage":{"@id":"https:\/\/portaltela.pt\/noticias\/2026\/01\/24\/moura-celebra-38-anos-como-cidade-com-cultura-no-cine-teatro-caridade\/"},"wordCount":265,"image":{"@id":"https:\/\/portaltela.pt\/noticias\/2026\/01\/24\/moura-celebra-38-anos-como-cidade-com-cultura-no-cine-teatro-caridade\/#primaryimage"},"thumbnailUrl":"https:\/\/portaltela.pt\/s.01k8rhncp4jt1\/2026\/01\/unnamed-file-5054.jpg","keywords":["Alentejo","Cante Alentejano","cinema\/teatro\/concertos","cultura","exposi\u00e7\u00f5es","Moura"],"articleSection":["Not\u00edcias"],"inLanguage":"pt-PT"},{"@type":"WebPage","@id":"https:\/\/portaltela.pt\/noticias\/2026\/01\/24\/moura-celebra-38-anos-como-cidade-com-cultura-no-cine-teatro-caridade\/","url":"https:\/\/portaltela.pt\/noticias\/2026\/01\/24\/moura-celebra-38-anos-como-cidade-com-cultura-no-cine-teatro-caridade\/","name":"Moura celebra 38 anos como cidade com cultura no Cine-Teatro Caridade - Portal Tela Portugal","isPartOf":{"@id":"https:\/\/portaltela.pt\/#website"},"primaryImageOfPage":{"@id":"https:\/\/portaltela.pt\/noticias\/2026\/01\/24\/moura-celebra-38-anos-como-cidade-com-cultura-no-cine-teatro-caridade\/#primaryimage"},"image":{"@id":"https:\/\/portaltela.pt\/noticias\/2026\/01\/24\/moura-celebra-38-anos-como-cidade-com-cultura-no-cine-teatro-caridade\/#primaryimage"},"thumbnailUrl":"https:\/\/portaltela.pt\/s.01k8rhncp4jt1\/2026\/01\/unnamed-file-5054.jpg","datePublished":"2026-01-24T20:40:00+00:00","author":{"@id":"https:\/\/portaltela.pt\/#\/schema\/person\/c4278d4a6028830caff9ee44b42d32ed"},"breadcrumb":{"@id":"https:\/\/portaltela.pt\/noticias\/2026\/01\/24\/moura-celebra-38-anos-como-cidade-com-cultura-no-cine-teatro-caridade\/#breadcrumb"},"inLanguage":"pt-PT","potentialAction":[{"@type":"ReadAction","target":["https:\/\/portaltela.pt\/noticias\/2026\/01\/24\/moura-celebra-38-anos-como-cidade-com-cultura-no-cine-teatro-caridade\/"]}]},{"@type":"ImageObject","inLanguage":"pt-PT","@id":"https:\/\/portaltela.pt\/noticias\/2026\/01\/24\/moura-celebra-38-anos-como-cidade-com-cultura-no-cine-teatro-caridade\/#primaryimage","url":"https:\/\/portaltela.pt\/s.01k8rhncp4jt1\/2026\/01\/unnamed-file-5054.jpg","contentUrl":"https:\/\/portaltela.pt\/s.01k8rhncp4jt1\/2026\/01\/unnamed-file-5054.jpg","width":796,"height":448,"caption":"Moura celebra 38 anos de eleva\u00e7\u00e3o a cidade com cultura e tradi\u00e7\u00e3o no Cine-Teatro Caridade"},{"@type":"BreadcrumbList","@id":"https:\/\/portaltela.pt\/noticias\/2026\/01\/24\/moura-celebra-38-anos-como-cidade-com-cultura-no-cine-teatro-caridade\/#breadcrumb","itemListElement":[{"@type":"ListItem","position":1,"name":"In\u00edcio","item":"https:\/\/portaltela.pt\/"},{"@type":"ListItem","position":2,"name":"Moura celebra 38 anos como cidade com cultura no Cine-Teatro Caridade"}]},{"@type":"WebSite","@id":"https:\/\/portaltela.pt\/#website","url":"https:\/\/portaltela.pt\/","name":"Portal Tela Portugal","description":"","potentialAction":[{"@type":"SearchAction","target":{"@type":"EntryPoint","urlTemplate":"https:\/\/portaltela.pt\/?s={search_term_string}"},"query-input":{"@type":"PropertyValueSpecification","valueRequired":true,"valueName":"search_term_string"}}],"inLanguage":"pt-PT"},{"@type":"Person","@id":"https:\/\/portaltela.pt\/#\/schema\/person\/c4278d4a6028830caff9ee44b42d32ed","name":"Telinha","image":{"@type":"ImageObject","inLanguage":"pt-PT","@id":"https:\/\/portaltela.pt\/s.01k8rhncp4jt1\/2025\/11\/talking-bot-125x125.png","url":"https:\/\/portaltela.pt\/s.01k8rhncp4jt1\/2025\/11\/talking-bot-125x125.png","contentUrl":"https:\/\/portaltela.pt\/s.01k8rhncp4jt1\/2025\/11\/talking-bot-125x125.png","caption":"Telinha"},"sameAs":["https:\/\/portaltela.pt\/"],"url":"https:\/\/portaltela.pt\/por\/367410592786\/"}]}},"_links":{"self":[{"href":"https:\/\/portaltela.pt\/api\/wp\/v2\/posts\/170908","targetHints":{"allow":["GET"]}}],"collection":[{"href":"https:\/\/portaltela.pt\/api\/wp\/v2\/posts"}],"about":[{"href":"https:\/\/portaltela.pt\/api\/wp\/v2\/types\/post"}],"author":[{"embeddable":true,"href":"https:\/\/portaltela.pt\/api\/wp\/v2\/users\/2"}],"replies":[{"embeddable":true,"href":"https:\/\/portaltela.pt\/api\/wp\/v2\/comments?post=170908"}],"version-history":[{"count":0,"href":"https:\/\/portaltela.pt\/api\/wp\/v2\/posts\/170908\/revisions"}],"wp:featuredmedia":[{"embeddable":true,"href":"https:\/\/portaltela.pt\/api\/wp\/v2\/media\/170938"}],"wp:attachment":[{"href":"https:\/\/portaltela.pt\/api\/wp\/v2\/media?parent=170908"}],"wp:term":[{"taxonomy":"category","embeddable":true,"href":"https:\/\/portaltela.pt\/api\/wp\/v2\/categories?post=170908"},{"taxonomy":"post_tag","embeddable":true,"href":"https:\/\/portaltela.pt\/api\/wp\/v2\/tags?post=170908"}],"curies":[{"name":"wp","href":"https:\/\/api.w.org\/{rel}","templated":true}]}}