{"id":170821,"date":"2026-01-24T17:15:00","date_gmt":"2026-01-24T20:15:00","guid":{"rendered":"https:\/\/portaltela.pt\/noticias\/2026\/01\/24\/maria-de-lurdes-bebiano-estreia-se-com-pontos-de-luz-em-elvas\/"},"modified":"2026-01-24T17:15:00","modified_gmt":"2026-01-24T20:15:00","slug":"maria-de-lurdes-bebiano-estreia-se-com-pontos-de-luz-em-elvas","status":"publish","type":"post","link":"https:\/\/portaltela.pt\/noticias\/2026\/01\/24\/maria-de-lurdes-bebiano-estreia-se-com-pontos-de-luz-em-elvas\/","title":{"rendered":"Maria de Lurdes Bebiano estreia-se com Pontos de Luz em Elvas"},"content":{"rendered":"<p>A cidade de Elvas recebeu este s\u00e1bado, 24 de janeiro, a inaugura\u00e7\u00e3o da exposi\u00e7\u00e3o de artes pl\u00e1sticas \u201cPontos de Luz\u201d, no espa\u00e7o Stand\u2019Arte, na Rua Ant\u00f3nio Tom\u00e1s Pires. A mostra marca a estreia de Maria de Lurdes Bebiano, artista da regi\u00e3o, e re\u00fane obras de \u00f3leo, bordados de Castelo Branco e registos religiosos.<\/p>\n<p>Cl\u00e1udio Monteiro, Chefe de Gabinete da Presid\u00eancia, representou a C\u00e2mara Municipal de Elvas na abertura e reiterou o apoio aut\u00e1rquico aos talentos locais. A apresenta\u00e7\u00e3o das obras ficou a cargo de Claudina Brito, propriet\u00e1ria do Stand\u2019Arte, e de F\u00e1tima Bebiano, irm\u00e3 da artista, em momento de partilha de mem\u00f3rias e percurso criativo.<\/p>\n<p>A exposi\u00e7\u00e3o \u201cPontos de Luz\u201d permanece patente at\u00e9 1 de fevereiro. O Stand\u2019Arte recebe visitas durante a tarde em dias \u00fateis, com hor\u00e1rio alargado no fim de semana. A mostra oferece uma fus\u00e3o entre tradi\u00e7\u00e3o e arte contempor\u00e2nea, destacando a capacidade de transformar luz e perspetiva religiosa em pe\u00e7as \u00fanicas.<\/p>\n<p>Esta iniciativa evidencia a diversidade criativa de Elvas e fortalece o espa\u00e7o cultural local. A curadoria refor\u00e7a a liga\u00e7\u00e3o entre t\u00e9cnicas tradicionais e pr\u00e1ticas art\u00edsticas atuais, em linha com a aposta da cidade em promover a express\u00e3o de artistas da regi\u00e3o.<\/p>\n","protected":false},"excerpt":{"rendered":"<ul>\n<li>A exposi\u00e7\u00e3o Pontos de Luz, de Maria de Lurdes Bebiano, inaugurou em Stand\u2019Arte, Elvas, no s\u00e1bado 24 de janeiro.<\/li>\n<li>A mostra apresenta pintura a \u00f3leo, bordados de Castelo Branco e registos religiosos, marcando a estreia da artista elvense.<\/li>\n<li>A iniciativa recebeu o apoio da C\u00e2mara Municipal de Elvas, com a presen\u00e7a de Cl\u00e1udio Monteiro, Chefe de Gabinete.<\/li>\n<li>A apresenta\u00e7\u00e3o das obras foi feita por Claudina Brito, propriet\u00e1ria do Stand\u2019Arte, e por F\u00e1tima Bebiano, irm\u00e3 da artista.<\/li>\n<li>A exposi\u00e7\u00e3o permanece aberta at\u00e9 ao domingo, 1 de fevereiro, com hor\u00e1rios: dias \u00fateis \u00e0 tarde e fins de semana em hor\u00e1rio alargado.<\/li>\n<\/ul>\n","protected":false},"author":2,"featured_media":170847,"comment_status":"closed","ping_status":"closed","sticky":false,"template":"","format":"standard","meta":{"footnotes":""},"categories":[1],"tags":[70,1233,1112,1089,248],"class_list":["post-170821","post","type-post","status-publish","format-standard","has-post-thumbnail","hentry","category-noticias","tag-arte","tag-bordados","tag-castelo-branco","tag-elvas","tag-pintura"],"yoast_head":"<!-- This site is optimized with the Yoast SEO plugin v27.2 - https:\/\/yoast.com\/product\/yoast-seo-wordpress\/ -->\n<title>Maria de Lurdes Bebiano estreia-se com Pontos de Luz em Elvas - Portal Tela Portugal<\/title>\n<meta name=\"robots\" content=\"index, follow, max-snippet:-1, max-image-preview:large, max-video-preview:-1\" \/>\n<meta property=\"og:locale\" content=\"pt_PT\" \/>\n<meta property=\"og:type\" content=\"article\" \/>\n<meta property=\"og:title\" content=\"Maria de Lurdes Bebiano estreia-se com Pontos de Luz em Elvas - Portal Tela Portugal\" \/>\n<meta property=\"og:description\" content=\"A exposi\u00e7\u00e3o Pontos de Luz, de Maria de Lurdes Bebiano, inaugurou em Stand\u2019Arte, Elvas, no s\u00e1bado 24 de janeiro. A mostra apresenta pintura a \u00f3leo, bordados de Castelo Branco e registos religiosos, marcando a estreia da artista elvense. A iniciativa recebeu o apoio da C\u00e2mara Municipal de Elvas, com a presen\u00e7a de Cl\u00e1udio Monteiro, Chefe de Gabinete. A apresenta\u00e7\u00e3o das obras foi feita por Claudina Brito, propriet\u00e1ria do Stand\u2019Arte, e por F\u00e1tima Bebiano, irm\u00e3 da artista. A exposi\u00e7\u00e3o permanece aberta at\u00e9 ao domingo, 1 de fevereiro, com hor\u00e1rios: dias \u00fateis \u00e0 tarde e fins de semana em hor\u00e1rio alargado.\" \/>\n<meta property=\"og:url\" content=\"https:\/\/portaltela.pt\/noticias\/2026\/01\/24\/maria-de-lurdes-bebiano-estreia-se-com-pontos-de-luz-em-elvas\/\" \/>\n<meta property=\"og:site_name\" content=\"Portal Tela Portugal\" \/>\n<meta property=\"article:published_time\" content=\"2026-01-24T20:15:00+00:00\" \/>\n<meta name=\"author\" content=\"Telinha\" \/>\n<meta name=\"twitter:card\" content=\"summary_large_image\" \/>\n<meta name=\"twitter:label1\" content=\"Escrito por\" \/>\n\t<meta name=\"twitter:data1\" content=\"Telinha\" \/>\n\t<meta name=\"twitter:label2\" content=\"Tempo estimado de leitura\" \/>\n\t<meta name=\"twitter:data2\" content=\"1 minuto\" \/>\n<script type=\"application\/ld+json\" class=\"yoast-schema-graph\">{\"@context\":\"https:\/\/schema.org\",\"@graph\":[{\"@type\":\"Article\",\"@id\":\"https:\/\/portaltela.pt\/noticias\/2026\/01\/24\/maria-de-lurdes-bebiano-estreia-se-com-pontos-de-luz-em-elvas\/#article\",\"isPartOf\":{\"@id\":\"https:\/\/portaltela.pt\/noticias\/2026\/01\/24\/maria-de-lurdes-bebiano-estreia-se-com-pontos-de-luz-em-elvas\/\"},\"author\":{\"name\":\"Telinha\",\"@id\":\"https:\/\/portaltela.pt\/#\/schema\/person\/c4278d4a6028830caff9ee44b42d32ed\"},\"headline\":\"Maria de Lurdes Bebiano estreia-se com Pontos de Luz em Elvas\",\"datePublished\":\"2026-01-24T20:15:00+00:00\",\"mainEntityOfPage\":{\"@id\":\"https:\/\/portaltela.pt\/noticias\/2026\/01\/24\/maria-de-lurdes-bebiano-estreia-se-com-pontos-de-luz-em-elvas\/\"},\"wordCount\":239,\"image\":{\"@id\":\"https:\/\/portaltela.pt\/noticias\/2026\/01\/24\/maria-de-lurdes-bebiano-estreia-se-com-pontos-de-luz-em-elvas\/#primaryimage\"},\"thumbnailUrl\":\"https:\/\/portaltela.pt\/s.01k8rhncp4jt1\/2026\/01\/unnamed-file-5046.jpg\",\"keywords\":[\"arte\",\"bordados\",\"Castelo Branco\",\"Elvas\",\"pintura\"],\"articleSection\":[\"Not\u00edcias\"],\"inLanguage\":\"pt-PT\"},{\"@type\":\"WebPage\",\"@id\":\"https:\/\/portaltela.pt\/noticias\/2026\/01\/24\/maria-de-lurdes-bebiano-estreia-se-com-pontos-de-luz-em-elvas\/\",\"url\":\"https:\/\/portaltela.pt\/noticias\/2026\/01\/24\/maria-de-lurdes-bebiano-estreia-se-com-pontos-de-luz-em-elvas\/\",\"name\":\"Maria de Lurdes Bebiano estreia-se com Pontos de Luz em Elvas - Portal Tela Portugal\",\"isPartOf\":{\"@id\":\"https:\/\/portaltela.pt\/#website\"},\"primaryImageOfPage\":{\"@id\":\"https:\/\/portaltela.pt\/noticias\/2026\/01\/24\/maria-de-lurdes-bebiano-estreia-se-com-pontos-de-luz-em-elvas\/#primaryimage\"},\"image\":{\"@id\":\"https:\/\/portaltela.pt\/noticias\/2026\/01\/24\/maria-de-lurdes-bebiano-estreia-se-com-pontos-de-luz-em-elvas\/#primaryimage\"},\"thumbnailUrl\":\"https:\/\/portaltela.pt\/s.01k8rhncp4jt1\/2026\/01\/unnamed-file-5046.jpg\",\"datePublished\":\"2026-01-24T20:15:00+00:00\",\"author\":{\"@id\":\"https:\/\/portaltela.pt\/#\/schema\/person\/c4278d4a6028830caff9ee44b42d32ed\"},\"breadcrumb\":{\"@id\":\"https:\/\/portaltela.pt\/noticias\/2026\/01\/24\/maria-de-lurdes-bebiano-estreia-se-com-pontos-de-luz-em-elvas\/#breadcrumb\"},\"inLanguage\":\"pt-PT\",\"potentialAction\":[{\"@type\":\"ReadAction\",\"target\":[\"https:\/\/portaltela.pt\/noticias\/2026\/01\/24\/maria-de-lurdes-bebiano-estreia-se-com-pontos-de-luz-em-elvas\/\"]}]},{\"@type\":\"ImageObject\",\"inLanguage\":\"pt-PT\",\"@id\":\"https:\/\/portaltela.pt\/noticias\/2026\/01\/24\/maria-de-lurdes-bebiano-estreia-se-com-pontos-de-luz-em-elvas\/#primaryimage\",\"url\":\"https:\/\/portaltela.pt\/s.01k8rhncp4jt1\/2026\/01\/unnamed-file-5046.jpg\",\"contentUrl\":\"https:\/\/portaltela.pt\/s.01k8rhncp4jt1\/2026\/01\/unnamed-file-5046.jpg\",\"width\":796,\"height\":448,\"caption\":\"Artes Pl\u00e1sticas: Maria de Lurdes Bebiano estreia-se com \u201cPontos de Luz\u201d em Elvas\"},{\"@type\":\"BreadcrumbList\",\"@id\":\"https:\/\/portaltela.pt\/noticias\/2026\/01\/24\/maria-de-lurdes-bebiano-estreia-se-com-pontos-de-luz-em-elvas\/#breadcrumb\",\"itemListElement\":[{\"@type\":\"ListItem\",\"position\":1,\"name\":\"In\u00edcio\",\"item\":\"https:\/\/portaltela.pt\/\"},{\"@type\":\"ListItem\",\"position\":2,\"name\":\"Maria de Lurdes Bebiano estreia-se com Pontos de Luz em Elvas\"}]},{\"@type\":\"WebSite\",\"@id\":\"https:\/\/portaltela.pt\/#website\",\"url\":\"https:\/\/portaltela.pt\/\",\"name\":\"Portal Tela Portugal\",\"description\":\"\",\"potentialAction\":[{\"@type\":\"SearchAction\",\"target\":{\"@type\":\"EntryPoint\",\"urlTemplate\":\"https:\/\/portaltela.pt\/?s={search_term_string}\"},\"query-input\":{\"@type\":\"PropertyValueSpecification\",\"valueRequired\":true,\"valueName\":\"search_term_string\"}}],\"inLanguage\":\"pt-PT\"},{\"@type\":\"Person\",\"@id\":\"https:\/\/portaltela.pt\/#\/schema\/person\/c4278d4a6028830caff9ee44b42d32ed\",\"name\":\"Telinha\",\"image\":{\"@type\":\"ImageObject\",\"inLanguage\":\"pt-PT\",\"@id\":\"https:\/\/portaltela.pt\/s.01k8rhncp4jt1\/2025\/11\/talking-bot-125x125.png\",\"url\":\"https:\/\/portaltela.pt\/s.01k8rhncp4jt1\/2025\/11\/talking-bot-125x125.png\",\"contentUrl\":\"https:\/\/portaltela.pt\/s.01k8rhncp4jt1\/2025\/11\/talking-bot-125x125.png\",\"caption\":\"Telinha\"},\"sameAs\":[\"https:\/\/portaltela.pt\/\"],\"url\":\"https:\/\/portaltela.pt\/por\/367410592786\/\"}]}<\/script>\n<!-- \/ Yoast SEO plugin. -->","yoast_head_json":{"title":"Maria de Lurdes Bebiano estreia-se com Pontos de Luz em Elvas - Portal Tela Portugal","robots":{"index":"index","follow":"follow","max-snippet":"max-snippet:-1","max-image-preview":"max-image-preview:large","max-video-preview":"max-video-preview:-1"},"og_locale":"pt_PT","og_type":"article","og_title":"Maria de Lurdes Bebiano estreia-se com Pontos de Luz em Elvas - Portal Tela Portugal","og_description":"A exposi\u00e7\u00e3o Pontos de Luz, de Maria de Lurdes Bebiano, inaugurou em Stand\u2019Arte, Elvas, no s\u00e1bado 24 de janeiro. A mostra apresenta pintura a \u00f3leo, bordados de Castelo Branco e registos religiosos, marcando a estreia da artista elvense. A iniciativa recebeu o apoio da C\u00e2mara Municipal de Elvas, com a presen\u00e7a de Cl\u00e1udio Monteiro, Chefe de Gabinete. A apresenta\u00e7\u00e3o das obras foi feita por Claudina Brito, propriet\u00e1ria do Stand\u2019Arte, e por F\u00e1tima Bebiano, irm\u00e3 da artista. A exposi\u00e7\u00e3o permanece aberta at\u00e9 ao domingo, 1 de fevereiro, com hor\u00e1rios: dias \u00fateis \u00e0 tarde e fins de semana em hor\u00e1rio alargado.","og_url":"https:\/\/portaltela.pt\/noticias\/2026\/01\/24\/maria-de-lurdes-bebiano-estreia-se-com-pontos-de-luz-em-elvas\/","og_site_name":"Portal Tela Portugal","article_published_time":"2026-01-24T20:15:00+00:00","author":"Telinha","twitter_card":"summary_large_image","twitter_misc":{"Escrito por":"Telinha","Tempo estimado de leitura":"1 minuto"},"schema":{"@context":"https:\/\/schema.org","@graph":[{"@type":"Article","@id":"https:\/\/portaltela.pt\/noticias\/2026\/01\/24\/maria-de-lurdes-bebiano-estreia-se-com-pontos-de-luz-em-elvas\/#article","isPartOf":{"@id":"https:\/\/portaltela.pt\/noticias\/2026\/01\/24\/maria-de-lurdes-bebiano-estreia-se-com-pontos-de-luz-em-elvas\/"},"author":{"name":"Telinha","@id":"https:\/\/portaltela.pt\/#\/schema\/person\/c4278d4a6028830caff9ee44b42d32ed"},"headline":"Maria de Lurdes Bebiano estreia-se com Pontos de Luz em Elvas","datePublished":"2026-01-24T20:15:00+00:00","mainEntityOfPage":{"@id":"https:\/\/portaltela.pt\/noticias\/2026\/01\/24\/maria-de-lurdes-bebiano-estreia-se-com-pontos-de-luz-em-elvas\/"},"wordCount":239,"image":{"@id":"https:\/\/portaltela.pt\/noticias\/2026\/01\/24\/maria-de-lurdes-bebiano-estreia-se-com-pontos-de-luz-em-elvas\/#primaryimage"},"thumbnailUrl":"https:\/\/portaltela.pt\/s.01k8rhncp4jt1\/2026\/01\/unnamed-file-5046.jpg","keywords":["arte","bordados","Castelo Branco","Elvas","pintura"],"articleSection":["Not\u00edcias"],"inLanguage":"pt-PT"},{"@type":"WebPage","@id":"https:\/\/portaltela.pt\/noticias\/2026\/01\/24\/maria-de-lurdes-bebiano-estreia-se-com-pontos-de-luz-em-elvas\/","url":"https:\/\/portaltela.pt\/noticias\/2026\/01\/24\/maria-de-lurdes-bebiano-estreia-se-com-pontos-de-luz-em-elvas\/","name":"Maria de Lurdes Bebiano estreia-se com Pontos de Luz em Elvas - Portal Tela Portugal","isPartOf":{"@id":"https:\/\/portaltela.pt\/#website"},"primaryImageOfPage":{"@id":"https:\/\/portaltela.pt\/noticias\/2026\/01\/24\/maria-de-lurdes-bebiano-estreia-se-com-pontos-de-luz-em-elvas\/#primaryimage"},"image":{"@id":"https:\/\/portaltela.pt\/noticias\/2026\/01\/24\/maria-de-lurdes-bebiano-estreia-se-com-pontos-de-luz-em-elvas\/#primaryimage"},"thumbnailUrl":"https:\/\/portaltela.pt\/s.01k8rhncp4jt1\/2026\/01\/unnamed-file-5046.jpg","datePublished":"2026-01-24T20:15:00+00:00","author":{"@id":"https:\/\/portaltela.pt\/#\/schema\/person\/c4278d4a6028830caff9ee44b42d32ed"},"breadcrumb":{"@id":"https:\/\/portaltela.pt\/noticias\/2026\/01\/24\/maria-de-lurdes-bebiano-estreia-se-com-pontos-de-luz-em-elvas\/#breadcrumb"},"inLanguage":"pt-PT","potentialAction":[{"@type":"ReadAction","target":["https:\/\/portaltela.pt\/noticias\/2026\/01\/24\/maria-de-lurdes-bebiano-estreia-se-com-pontos-de-luz-em-elvas\/"]}]},{"@type":"ImageObject","inLanguage":"pt-PT","@id":"https:\/\/portaltela.pt\/noticias\/2026\/01\/24\/maria-de-lurdes-bebiano-estreia-se-com-pontos-de-luz-em-elvas\/#primaryimage","url":"https:\/\/portaltela.pt\/s.01k8rhncp4jt1\/2026\/01\/unnamed-file-5046.jpg","contentUrl":"https:\/\/portaltela.pt\/s.01k8rhncp4jt1\/2026\/01\/unnamed-file-5046.jpg","width":796,"height":448,"caption":"Artes Pl\u00e1sticas: Maria de Lurdes Bebiano estreia-se com \u201cPontos de Luz\u201d em Elvas"},{"@type":"BreadcrumbList","@id":"https:\/\/portaltela.pt\/noticias\/2026\/01\/24\/maria-de-lurdes-bebiano-estreia-se-com-pontos-de-luz-em-elvas\/#breadcrumb","itemListElement":[{"@type":"ListItem","position":1,"name":"In\u00edcio","item":"https:\/\/portaltela.pt\/"},{"@type":"ListItem","position":2,"name":"Maria de Lurdes Bebiano estreia-se com Pontos de Luz em Elvas"}]},{"@type":"WebSite","@id":"https:\/\/portaltela.pt\/#website","url":"https:\/\/portaltela.pt\/","name":"Portal Tela Portugal","description":"","potentialAction":[{"@type":"SearchAction","target":{"@type":"EntryPoint","urlTemplate":"https:\/\/portaltela.pt\/?s={search_term_string}"},"query-input":{"@type":"PropertyValueSpecification","valueRequired":true,"valueName":"search_term_string"}}],"inLanguage":"pt-PT"},{"@type":"Person","@id":"https:\/\/portaltela.pt\/#\/schema\/person\/c4278d4a6028830caff9ee44b42d32ed","name":"Telinha","image":{"@type":"ImageObject","inLanguage":"pt-PT","@id":"https:\/\/portaltela.pt\/s.01k8rhncp4jt1\/2025\/11\/talking-bot-125x125.png","url":"https:\/\/portaltela.pt\/s.01k8rhncp4jt1\/2025\/11\/talking-bot-125x125.png","contentUrl":"https:\/\/portaltela.pt\/s.01k8rhncp4jt1\/2025\/11\/talking-bot-125x125.png","caption":"Telinha"},"sameAs":["https:\/\/portaltela.pt\/"],"url":"https:\/\/portaltela.pt\/por\/367410592786\/"}]}},"_links":{"self":[{"href":"https:\/\/portaltela.pt\/api\/wp\/v2\/posts\/170821","targetHints":{"allow":["GET"]}}],"collection":[{"href":"https:\/\/portaltela.pt\/api\/wp\/v2\/posts"}],"about":[{"href":"https:\/\/portaltela.pt\/api\/wp\/v2\/types\/post"}],"author":[{"embeddable":true,"href":"https:\/\/portaltela.pt\/api\/wp\/v2\/users\/2"}],"replies":[{"embeddable":true,"href":"https:\/\/portaltela.pt\/api\/wp\/v2\/comments?post=170821"}],"version-history":[{"count":0,"href":"https:\/\/portaltela.pt\/api\/wp\/v2\/posts\/170821\/revisions"}],"wp:featuredmedia":[{"embeddable":true,"href":"https:\/\/portaltela.pt\/api\/wp\/v2\/media\/170847"}],"wp:attachment":[{"href":"https:\/\/portaltela.pt\/api\/wp\/v2\/media?parent=170821"}],"wp:term":[{"taxonomy":"category","embeddable":true,"href":"https:\/\/portaltela.pt\/api\/wp\/v2\/categories?post=170821"},{"taxonomy":"post_tag","embeddable":true,"href":"https:\/\/portaltela.pt\/api\/wp\/v2\/tags?post=170821"}],"curies":[{"name":"wp","href":"https:\/\/api.w.org\/{rel}","templated":true}]}}