{"id":170748,"date":"2026-01-24T16:12:00","date_gmt":"2026-01-24T19:12:00","guid":{"rendered":"https:\/\/portaltela.pt\/noticias\/2026\/01\/24\/escolas-da-ponta-do-sol-em-seminario-nacional-eco-escolas-2026\/"},"modified":"2026-01-24T16:12:00","modified_gmt":"2026-01-24T19:12:00","slug":"escolas-da-ponta-do-sol-em-seminario-nacional-eco-escolas-2026","status":"publish","type":"post","link":"https:\/\/portaltela.pt\/noticias\/2026\/01\/24\/escolas-da-ponta-do-sol-em-seminario-nacional-eco-escolas-2026\/","title":{"rendered":"Escolas da Ponta do Sol em Semin\u00e1rio Nacional Eco-Escolas 2026"},"content":{"rendered":"<p>Duas escolas do concelho da Ponta do Sol v\u00e3o representar o munic\u00edpio no Semin\u00e1rio Nacional Eco-Escolas 2026, entre 22 e 25 de janeiro, no Centro Cultural Vila Flor, em Guimar\u00e3es. O encontro junta coordenadores, t\u00e9cnicos municipais e profissionais da educa\u00e7\u00e3o ambiental para debater estrat\u00e9gias pedag\u00f3gicas e pr\u00e1ticas sustent\u00e1veis.<\/p>\n<p>Ao longo de quatro dias, h\u00e1 workshops, pain\u00e9is tem\u00e1ticos, f\u00f3runs de debate e apresenta\u00e7\u00f5es de projetos. Os temas incluem biodiversidade, espa\u00e7os exteriores escolares, a\u00e7\u00e3o clim\u00e1tica, gest\u00e3o de res\u00edduos e alimenta\u00e7\u00e3o sustent\u00e1vel, com foco na melhoria da interven\u00e7\u00e3o educativa.<\/p>\n<p>O evento insere-se na agenda Guimar\u00e3es 26 \u2013 Capital Verde Europeia e \u00e9 organizado pela ABAAE, em parceria com a autarquia. Proporciona partilha de experi\u00eancias e coopera\u00e7\u00e3o entre os intervenientes do programa Eco-Escolas.<\/p>\n<h3>Participantes e contexto<\/h3>\n<p>Participam no semin\u00e1rio os coordenadores Eco-Escolas Jos\u00e9 Martins, Fernando Cabeceiro e Jo\u00e3o Pereira, bem como o presidente Rui Ramos, da EB1\/PE\/C da Ponta do Sol, e a coordenadora T\u00e2nia Moreira, da EB1\/PE do Lombo dos Canhas. Este encontro refor\u00e7a o papel das escolas na promo\u00e7\u00e3o ambiental.<\/p>\n","protected":false},"excerpt":{"rendered":"<ul>\n<li>Dois estabelecimentos da Ponta do Sol est\u00e3o representados no Semin\u00e1rio Nacional Eco-Escolas 2026, que decorre de 22 a 25 de janeiro no Centro Cultural Vila Flor, em Guimar\u00e3es.<\/li>\n<li>O evento integra a agenda da Guimar\u00e3es 26 \u2013 Capital Verde Europeia e \u00e9 organizado pela Associa\u00e7\u00e3o Bandeira Azul de Ambiente e Educa\u00e7\u00e3o (ABAAE), em parceria com a C\u00e2mara Municipal de Guimar\u00e3es.<\/li>\n<li>Ao longo dos quatro dias, participam em workshops, pain\u00e9is tem\u00e1ticos, f\u00f3runs de debate e apresenta\u00e7\u00f5es de projectos sobre biodiversidade, espa\u00e7os exteriores escolares, a\u00e7\u00e3o clim\u00e1tica, gest\u00e3o de res\u00edduos e alimenta\u00e7\u00e3o sustent\u00e1vel.<\/li>\n<li>Marcam presen\u00e7a no semin\u00e1rio os coordenadores Eco-Escolas Jos\u00e9 Martins, Fernando Cabeceiro e Jo\u00e3o Pereira, al\u00e9m do director Rui Ramos, da EB1\/PE\/C da Ponta do Sol, e da coordenadora Eco-Escolas T\u00e2nia Moreira, da EB1\/PE do Lombo dos Canhas.<\/li>\n<li>O coordenador Jos\u00e9 Martins destaca que o semin\u00e1rio \u00e9 uma oportunidade de forma\u00e7\u00e3o e de partilha entre colegas de todo o pa\u00eds, sublinhando que, sem o apoio do Munic\u00edpio da Ponta do Sol, a presen\u00e7a das escolas n\u00e3o seria poss\u00edvel.<\/li>\n<\/ul>\n","protected":false},"author":2,"featured_media":170788,"comment_status":"closed","ping_status":"closed","sticky":false,"template":"","format":"standard","meta":{"footnotes":""},"categories":[1],"tags":[2072,1701,1958,2667,1145,993],"class_list":["post-170748","post","type-post","status-publish","format-standard","has-post-thumbnail","hentry","category-noticias","tag-alimentacao-escolar","tag-biodiversidade","tag-educacao-ambiental","tag-gestao-de-residuos","tag-guimaraes","tag-ponta-do-sol"],"yoast_head":"<!-- This site is optimized with the Yoast SEO plugin v27.2 - https:\/\/yoast.com\/product\/yoast-seo-wordpress\/ -->\n<title>Escolas da Ponta do Sol em Semin\u00e1rio Nacional Eco-Escolas 2026 - Portal Tela Portugal<\/title>\n<meta name=\"robots\" content=\"index, follow, max-snippet:-1, max-image-preview:large, max-video-preview:-1\" \/>\n<meta property=\"og:locale\" content=\"pt_PT\" \/>\n<meta property=\"og:type\" content=\"article\" \/>\n<meta property=\"og:title\" content=\"Escolas da Ponta do Sol em Semin\u00e1rio Nacional Eco-Escolas 2026 - Portal Tela Portugal\" \/>\n<meta property=\"og:description\" content=\"Dois estabelecimentos da Ponta do Sol est\u00e3o representados no Semin\u00e1rio Nacional Eco-Escolas 2026, que decorre de 22 a 25 de janeiro no Centro Cultural Vila Flor, em Guimar\u00e3es. O evento integra a agenda da Guimar\u00e3es 26 \u2013 Capital Verde Europeia e \u00e9 organizado pela Associa\u00e7\u00e3o Bandeira Azul de Ambiente e Educa\u00e7\u00e3o (ABAAE), em parceria com a C\u00e2mara Municipal de Guimar\u00e3es. Ao longo dos quatro dias, participam em workshops, pain\u00e9is tem\u00e1ticos, f\u00f3runs de debate e apresenta\u00e7\u00f5es de projectos sobre biodiversidade, espa\u00e7os exteriores escolares, a\u00e7\u00e3o clim\u00e1tica, gest\u00e3o de res\u00edduos e alimenta\u00e7\u00e3o sustent\u00e1vel. Marcam presen\u00e7a no semin\u00e1rio os coordenadores Eco-Escolas Jos\u00e9 Martins, Fernando Cabeceiro e Jo\u00e3o Pereira, al\u00e9m do director Rui Ramos, da EB1\/PE\/C da Ponta do Sol, e da coordenadora Eco-Escolas T\u00e2nia Moreira, da EB1\/PE do Lombo dos Canhas. O coordenador Jos\u00e9 Martins destaca que o semin\u00e1rio \u00e9 uma oportunidade de forma\u00e7\u00e3o e de partilha entre colegas de todo o pa\u00eds, sublinhando que, sem o apoio do Munic\u00edpio da Ponta do Sol, a presen\u00e7a das escolas n\u00e3o seria poss\u00edvel.\" \/>\n<meta property=\"og:url\" content=\"https:\/\/portaltela.pt\/noticias\/2026\/01\/24\/escolas-da-ponta-do-sol-em-seminario-nacional-eco-escolas-2026\/\" \/>\n<meta property=\"og:site_name\" content=\"Portal Tela Portugal\" \/>\n<meta property=\"article:published_time\" content=\"2026-01-24T19:12:00+00:00\" \/>\n<meta name=\"author\" content=\"Telinha\" \/>\n<meta name=\"twitter:card\" content=\"summary_large_image\" \/>\n<meta name=\"twitter:label1\" content=\"Escrito por\" \/>\n\t<meta name=\"twitter:data1\" content=\"Telinha\" \/>\n\t<meta name=\"twitter:label2\" content=\"Tempo estimado de leitura\" \/>\n\t<meta name=\"twitter:data2\" content=\"1 minuto\" \/>\n<script type=\"application\/ld+json\" class=\"yoast-schema-graph\">{\"@context\":\"https:\/\/schema.org\",\"@graph\":[{\"@type\":\"Article\",\"@id\":\"https:\/\/portaltela.pt\/noticias\/2026\/01\/24\/escolas-da-ponta-do-sol-em-seminario-nacional-eco-escolas-2026\/#article\",\"isPartOf\":{\"@id\":\"https:\/\/portaltela.pt\/noticias\/2026\/01\/24\/escolas-da-ponta-do-sol-em-seminario-nacional-eco-escolas-2026\/\"},\"author\":{\"name\":\"Telinha\",\"@id\":\"https:\/\/portaltela.pt\/#\/schema\/person\/c4278d4a6028830caff9ee44b42d32ed\"},\"headline\":\"Escolas da Ponta do Sol em Semin\u00e1rio Nacional Eco-Escolas 2026\",\"datePublished\":\"2026-01-24T19:12:00+00:00\",\"mainEntityOfPage\":{\"@id\":\"https:\/\/portaltela.pt\/noticias\/2026\/01\/24\/escolas-da-ponta-do-sol-em-seminario-nacional-eco-escolas-2026\/\"},\"wordCount\":205,\"image\":{\"@id\":\"https:\/\/portaltela.pt\/noticias\/2026\/01\/24\/escolas-da-ponta-do-sol-em-seminario-nacional-eco-escolas-2026\/#primaryimage\"},\"thumbnailUrl\":\"https:\/\/portaltela.pt\/s.01k8rhncp4jt1\/2026\/01\/unnamed-file-5043.jpg\",\"keywords\":[\"alimenta\u00e7\u00e3o escolar\",\"biodiversidade\",\"educa\u00e7\u00e3o ambiental\",\"gest\u00e3o de res\u00edduos\",\"Guimar\u00e3es\",\"Ponta do Sol\"],\"articleSection\":[\"Not\u00edcias\"],\"inLanguage\":\"pt-PT\"},{\"@type\":\"WebPage\",\"@id\":\"https:\/\/portaltela.pt\/noticias\/2026\/01\/24\/escolas-da-ponta-do-sol-em-seminario-nacional-eco-escolas-2026\/\",\"url\":\"https:\/\/portaltela.pt\/noticias\/2026\/01\/24\/escolas-da-ponta-do-sol-em-seminario-nacional-eco-escolas-2026\/\",\"name\":\"Escolas da Ponta do Sol em Semin\u00e1rio Nacional Eco-Escolas 2026 - Portal Tela Portugal\",\"isPartOf\":{\"@id\":\"https:\/\/portaltela.pt\/#website\"},\"primaryImageOfPage\":{\"@id\":\"https:\/\/portaltela.pt\/noticias\/2026\/01\/24\/escolas-da-ponta-do-sol-em-seminario-nacional-eco-escolas-2026\/#primaryimage\"},\"image\":{\"@id\":\"https:\/\/portaltela.pt\/noticias\/2026\/01\/24\/escolas-da-ponta-do-sol-em-seminario-nacional-eco-escolas-2026\/#primaryimage\"},\"thumbnailUrl\":\"https:\/\/portaltela.pt\/s.01k8rhncp4jt1\/2026\/01\/unnamed-file-5043.jpg\",\"datePublished\":\"2026-01-24T19:12:00+00:00\",\"author\":{\"@id\":\"https:\/\/portaltela.pt\/#\/schema\/person\/c4278d4a6028830caff9ee44b42d32ed\"},\"breadcrumb\":{\"@id\":\"https:\/\/portaltela.pt\/noticias\/2026\/01\/24\/escolas-da-ponta-do-sol-em-seminario-nacional-eco-escolas-2026\/#breadcrumb\"},\"inLanguage\":\"pt-PT\",\"potentialAction\":[{\"@type\":\"ReadAction\",\"target\":[\"https:\/\/portaltela.pt\/noticias\/2026\/01\/24\/escolas-da-ponta-do-sol-em-seminario-nacional-eco-escolas-2026\/\"]}]},{\"@type\":\"ImageObject\",\"inLanguage\":\"pt-PT\",\"@id\":\"https:\/\/portaltela.pt\/noticias\/2026\/01\/24\/escolas-da-ponta-do-sol-em-seminario-nacional-eco-escolas-2026\/#primaryimage\",\"url\":\"https:\/\/portaltela.pt\/s.01k8rhncp4jt1\/2026\/01\/unnamed-file-5043.jpg\",\"contentUrl\":\"https:\/\/portaltela.pt\/s.01k8rhncp4jt1\/2026\/01\/unnamed-file-5043.jpg\",\"width\":796,\"height\":448,\"caption\":\"Escolas da Ponta do Sol representadas no Semin\u00e1rio Nacional Eco-Escolas 2026\"},{\"@type\":\"BreadcrumbList\",\"@id\":\"https:\/\/portaltela.pt\/noticias\/2026\/01\/24\/escolas-da-ponta-do-sol-em-seminario-nacional-eco-escolas-2026\/#breadcrumb\",\"itemListElement\":[{\"@type\":\"ListItem\",\"position\":1,\"name\":\"In\u00edcio\",\"item\":\"https:\/\/portaltela.pt\/\"},{\"@type\":\"ListItem\",\"position\":2,\"name\":\"Escolas da Ponta do Sol em Semin\u00e1rio Nacional Eco-Escolas 2026\"}]},{\"@type\":\"WebSite\",\"@id\":\"https:\/\/portaltela.pt\/#website\",\"url\":\"https:\/\/portaltela.pt\/\",\"name\":\"Portal Tela Portugal\",\"description\":\"\",\"potentialAction\":[{\"@type\":\"SearchAction\",\"target\":{\"@type\":\"EntryPoint\",\"urlTemplate\":\"https:\/\/portaltela.pt\/?s={search_term_string}\"},\"query-input\":{\"@type\":\"PropertyValueSpecification\",\"valueRequired\":true,\"valueName\":\"search_term_string\"}}],\"inLanguage\":\"pt-PT\"},{\"@type\":\"Person\",\"@id\":\"https:\/\/portaltela.pt\/#\/schema\/person\/c4278d4a6028830caff9ee44b42d32ed\",\"name\":\"Telinha\",\"image\":{\"@type\":\"ImageObject\",\"inLanguage\":\"pt-PT\",\"@id\":\"https:\/\/portaltela.pt\/s.01k8rhncp4jt1\/2025\/11\/talking-bot-125x125.png\",\"url\":\"https:\/\/portaltela.pt\/s.01k8rhncp4jt1\/2025\/11\/talking-bot-125x125.png\",\"contentUrl\":\"https:\/\/portaltela.pt\/s.01k8rhncp4jt1\/2025\/11\/talking-bot-125x125.png\",\"caption\":\"Telinha\"},\"sameAs\":[\"https:\/\/portaltela.pt\/\"],\"url\":\"https:\/\/portaltela.pt\/por\/367410592786\/\"}]}<\/script>\n<!-- \/ Yoast SEO plugin. -->","yoast_head_json":{"title":"Escolas da Ponta do Sol em Semin\u00e1rio Nacional Eco-Escolas 2026 - Portal Tela Portugal","robots":{"index":"index","follow":"follow","max-snippet":"max-snippet:-1","max-image-preview":"max-image-preview:large","max-video-preview":"max-video-preview:-1"},"og_locale":"pt_PT","og_type":"article","og_title":"Escolas da Ponta do Sol em Semin\u00e1rio Nacional Eco-Escolas 2026 - Portal Tela Portugal","og_description":"Dois estabelecimentos da Ponta do Sol est\u00e3o representados no Semin\u00e1rio Nacional Eco-Escolas 2026, que decorre de 22 a 25 de janeiro no Centro Cultural Vila Flor, em Guimar\u00e3es. O evento integra a agenda da Guimar\u00e3es 26 \u2013 Capital Verde Europeia e \u00e9 organizado pela Associa\u00e7\u00e3o Bandeira Azul de Ambiente e Educa\u00e7\u00e3o (ABAAE), em parceria com a C\u00e2mara Municipal de Guimar\u00e3es. Ao longo dos quatro dias, participam em workshops, pain\u00e9is tem\u00e1ticos, f\u00f3runs de debate e apresenta\u00e7\u00f5es de projectos sobre biodiversidade, espa\u00e7os exteriores escolares, a\u00e7\u00e3o clim\u00e1tica, gest\u00e3o de res\u00edduos e alimenta\u00e7\u00e3o sustent\u00e1vel. Marcam presen\u00e7a no semin\u00e1rio os coordenadores Eco-Escolas Jos\u00e9 Martins, Fernando Cabeceiro e Jo\u00e3o Pereira, al\u00e9m do director Rui Ramos, da EB1\/PE\/C da Ponta do Sol, e da coordenadora Eco-Escolas T\u00e2nia Moreira, da EB1\/PE do Lombo dos Canhas. O coordenador Jos\u00e9 Martins destaca que o semin\u00e1rio \u00e9 uma oportunidade de forma\u00e7\u00e3o e de partilha entre colegas de todo o pa\u00eds, sublinhando que, sem o apoio do Munic\u00edpio da Ponta do Sol, a presen\u00e7a das escolas n\u00e3o seria poss\u00edvel.","og_url":"https:\/\/portaltela.pt\/noticias\/2026\/01\/24\/escolas-da-ponta-do-sol-em-seminario-nacional-eco-escolas-2026\/","og_site_name":"Portal Tela Portugal","article_published_time":"2026-01-24T19:12:00+00:00","author":"Telinha","twitter_card":"summary_large_image","twitter_misc":{"Escrito por":"Telinha","Tempo estimado de leitura":"1 minuto"},"schema":{"@context":"https:\/\/schema.org","@graph":[{"@type":"Article","@id":"https:\/\/portaltela.pt\/noticias\/2026\/01\/24\/escolas-da-ponta-do-sol-em-seminario-nacional-eco-escolas-2026\/#article","isPartOf":{"@id":"https:\/\/portaltela.pt\/noticias\/2026\/01\/24\/escolas-da-ponta-do-sol-em-seminario-nacional-eco-escolas-2026\/"},"author":{"name":"Telinha","@id":"https:\/\/portaltela.pt\/#\/schema\/person\/c4278d4a6028830caff9ee44b42d32ed"},"headline":"Escolas da Ponta do Sol em Semin\u00e1rio Nacional Eco-Escolas 2026","datePublished":"2026-01-24T19:12:00+00:00","mainEntityOfPage":{"@id":"https:\/\/portaltela.pt\/noticias\/2026\/01\/24\/escolas-da-ponta-do-sol-em-seminario-nacional-eco-escolas-2026\/"},"wordCount":205,"image":{"@id":"https:\/\/portaltela.pt\/noticias\/2026\/01\/24\/escolas-da-ponta-do-sol-em-seminario-nacional-eco-escolas-2026\/#primaryimage"},"thumbnailUrl":"https:\/\/portaltela.pt\/s.01k8rhncp4jt1\/2026\/01\/unnamed-file-5043.jpg","keywords":["alimenta\u00e7\u00e3o escolar","biodiversidade","educa\u00e7\u00e3o ambiental","gest\u00e3o de res\u00edduos","Guimar\u00e3es","Ponta do Sol"],"articleSection":["Not\u00edcias"],"inLanguage":"pt-PT"},{"@type":"WebPage","@id":"https:\/\/portaltela.pt\/noticias\/2026\/01\/24\/escolas-da-ponta-do-sol-em-seminario-nacional-eco-escolas-2026\/","url":"https:\/\/portaltela.pt\/noticias\/2026\/01\/24\/escolas-da-ponta-do-sol-em-seminario-nacional-eco-escolas-2026\/","name":"Escolas da Ponta do Sol em Semin\u00e1rio Nacional Eco-Escolas 2026 - Portal Tela Portugal","isPartOf":{"@id":"https:\/\/portaltela.pt\/#website"},"primaryImageOfPage":{"@id":"https:\/\/portaltela.pt\/noticias\/2026\/01\/24\/escolas-da-ponta-do-sol-em-seminario-nacional-eco-escolas-2026\/#primaryimage"},"image":{"@id":"https:\/\/portaltela.pt\/noticias\/2026\/01\/24\/escolas-da-ponta-do-sol-em-seminario-nacional-eco-escolas-2026\/#primaryimage"},"thumbnailUrl":"https:\/\/portaltela.pt\/s.01k8rhncp4jt1\/2026\/01\/unnamed-file-5043.jpg","datePublished":"2026-01-24T19:12:00+00:00","author":{"@id":"https:\/\/portaltela.pt\/#\/schema\/person\/c4278d4a6028830caff9ee44b42d32ed"},"breadcrumb":{"@id":"https:\/\/portaltela.pt\/noticias\/2026\/01\/24\/escolas-da-ponta-do-sol-em-seminario-nacional-eco-escolas-2026\/#breadcrumb"},"inLanguage":"pt-PT","potentialAction":[{"@type":"ReadAction","target":["https:\/\/portaltela.pt\/noticias\/2026\/01\/24\/escolas-da-ponta-do-sol-em-seminario-nacional-eco-escolas-2026\/"]}]},{"@type":"ImageObject","inLanguage":"pt-PT","@id":"https:\/\/portaltela.pt\/noticias\/2026\/01\/24\/escolas-da-ponta-do-sol-em-seminario-nacional-eco-escolas-2026\/#primaryimage","url":"https:\/\/portaltela.pt\/s.01k8rhncp4jt1\/2026\/01\/unnamed-file-5043.jpg","contentUrl":"https:\/\/portaltela.pt\/s.01k8rhncp4jt1\/2026\/01\/unnamed-file-5043.jpg","width":796,"height":448,"caption":"Escolas da Ponta do Sol representadas no Semin\u00e1rio Nacional Eco-Escolas 2026"},{"@type":"BreadcrumbList","@id":"https:\/\/portaltela.pt\/noticias\/2026\/01\/24\/escolas-da-ponta-do-sol-em-seminario-nacional-eco-escolas-2026\/#breadcrumb","itemListElement":[{"@type":"ListItem","position":1,"name":"In\u00edcio","item":"https:\/\/portaltela.pt\/"},{"@type":"ListItem","position":2,"name":"Escolas da Ponta do Sol em Semin\u00e1rio Nacional Eco-Escolas 2026"}]},{"@type":"WebSite","@id":"https:\/\/portaltela.pt\/#website","url":"https:\/\/portaltela.pt\/","name":"Portal Tela Portugal","description":"","potentialAction":[{"@type":"SearchAction","target":{"@type":"EntryPoint","urlTemplate":"https:\/\/portaltela.pt\/?s={search_term_string}"},"query-input":{"@type":"PropertyValueSpecification","valueRequired":true,"valueName":"search_term_string"}}],"inLanguage":"pt-PT"},{"@type":"Person","@id":"https:\/\/portaltela.pt\/#\/schema\/person\/c4278d4a6028830caff9ee44b42d32ed","name":"Telinha","image":{"@type":"ImageObject","inLanguage":"pt-PT","@id":"https:\/\/portaltela.pt\/s.01k8rhncp4jt1\/2025\/11\/talking-bot-125x125.png","url":"https:\/\/portaltela.pt\/s.01k8rhncp4jt1\/2025\/11\/talking-bot-125x125.png","contentUrl":"https:\/\/portaltela.pt\/s.01k8rhncp4jt1\/2025\/11\/talking-bot-125x125.png","caption":"Telinha"},"sameAs":["https:\/\/portaltela.pt\/"],"url":"https:\/\/portaltela.pt\/por\/367410592786\/"}]}},"_links":{"self":[{"href":"https:\/\/portaltela.pt\/api\/wp\/v2\/posts\/170748","targetHints":{"allow":["GET"]}}],"collection":[{"href":"https:\/\/portaltela.pt\/api\/wp\/v2\/posts"}],"about":[{"href":"https:\/\/portaltela.pt\/api\/wp\/v2\/types\/post"}],"author":[{"embeddable":true,"href":"https:\/\/portaltela.pt\/api\/wp\/v2\/users\/2"}],"replies":[{"embeddable":true,"href":"https:\/\/portaltela.pt\/api\/wp\/v2\/comments?post=170748"}],"version-history":[{"count":0,"href":"https:\/\/portaltela.pt\/api\/wp\/v2\/posts\/170748\/revisions"}],"wp:featuredmedia":[{"embeddable":true,"href":"https:\/\/portaltela.pt\/api\/wp\/v2\/media\/170788"}],"wp:attachment":[{"href":"https:\/\/portaltela.pt\/api\/wp\/v2\/media?parent=170748"}],"wp:term":[{"taxonomy":"category","embeddable":true,"href":"https:\/\/portaltela.pt\/api\/wp\/v2\/categories?post=170748"},{"taxonomy":"post_tag","embeddable":true,"href":"https:\/\/portaltela.pt\/api\/wp\/v2\/tags?post=170748"}],"curies":[{"name":"wp","href":"https:\/\/api.w.org\/{rel}","templated":true}]}}