{"id":170729,"date":"2026-01-24T17:00:00","date_gmt":"2026-01-24T20:00:00","guid":{"rendered":"https:\/\/portaltela.pt\/noticias\/2026\/01\/24\/fronteira-obras-no-centro-de-saude-custam-mais-de-489-mil-euros\/"},"modified":"2026-01-24T17:00:00","modified_gmt":"2026-01-24T20:00:00","slug":"fronteira-obras-no-centro-de-saude-custam-mais-de-489-mil-euros","status":"publish","type":"post","link":"https:\/\/portaltela.pt\/noticias\/2026\/01\/24\/fronteira-obras-no-centro-de-saude-custam-mais-de-489-mil-euros\/","title":{"rendered":"Fronteira: obras no centro de sa\u00fade custam mais de 489 mil euros"},"content":{"rendered":"<p>O Centro de Sa\u00fade de Fronteira, no distrito de Portalegre, vai receber obras de requalifica\u00e7\u00e3o com investimento superior a 489 mil euros.<\/p>\n<p>O auto de consigna\u00e7\u00e3o da obra foi assinado entre a Unidade Local de Sa\u00fade do Alto Alentejo e a C\u00e2mara Municipal de Fronteira; o projeto \u00e9 financiado pelo Plano de Recupera\u00e7\u00e3o e Resili\u00eancia.<\/p>\n<p>A requalifica\u00e7\u00e3o visa aumentar a efici\u00eancia energ\u00e9tica, melhorar a acessibilidade, refor\u00e7ar a seguran\u00e7a e oferecer maior conforto a utentes e profissionais de sa\u00fade.<\/p>\n<p>N\u00e3o foi indicada data de in\u00edcio nem de conclus\u00e3o.<\/p>\n","protected":false},"excerpt":{"rendered":"<ul>\n<li>O Centro de Sa\u00fade de Fronteira, no distrito de Portalegre, vai receber obras de requalifica\u00e7\u00e3o com investimento superior a 489 mil euros.<\/li>\n<li>O auto de consigna\u00e7\u00e3o da obra j\u00e1 foi assinado entre a Unidade Local de Sa\u00fade do Alto Alentejo e a autarquia.<\/li>\n<li>O projeto \u00e9 financiado pelo Plano de Recupera\u00e7\u00e3o e Resili\u00eancia (PRR).<\/li>\n<li>A interven\u00e7\u00e3o visa aumentar a efici\u00eancia energ\u00e9tica do edif\u00edcio.<\/li>\n<li>Pretende tamb\u00e9m melhorar a acessibilidade, refor\u00e7ar a seguran\u00e7a e promover maior conforto para utentes e profissionais de sa\u00fade.<\/li>\n<\/ul>\n","protected":false},"author":2,"featured_media":170735,"comment_status":"closed","ping_status":"closed","sticky":false,"template":"","format":"standard","meta":{"footnotes":""},"categories":[1],"tags":[3772,1022,4153,1075,172,250],"class_list":["post-170729","post","type-post","status-publish","format-standard","has-post-thumbnail","hentry","category-noticias","tag-acessibilidade","tag-eficiencia-energetica","tag-fronteira","tag-portalegre","tag-saude","tag-seguranca-publica"],"yoast_head":"<!-- This site is optimized with the Yoast SEO plugin v27.2 - https:\/\/yoast.com\/product\/yoast-seo-wordpress\/ -->\n<title>Fronteira: obras no centro de sa\u00fade custam mais de 489 mil euros - Portal Tela Portugal<\/title>\n<meta name=\"robots\" content=\"index, follow, max-snippet:-1, max-image-preview:large, max-video-preview:-1\" \/>\n<meta property=\"og:locale\" content=\"pt_PT\" \/>\n<meta property=\"og:type\" content=\"article\" \/>\n<meta property=\"og:title\" content=\"Fronteira: obras no centro de sa\u00fade custam mais de 489 mil euros - Portal Tela Portugal\" \/>\n<meta property=\"og:description\" content=\"O Centro de Sa\u00fade de Fronteira, no distrito de Portalegre, vai receber obras de requalifica\u00e7\u00e3o com investimento superior a 489 mil euros. O auto de consigna\u00e7\u00e3o da obra j\u00e1 foi assinado entre a Unidade Local de Sa\u00fade do Alto Alentejo e a autarquia. O projeto \u00e9 financiado pelo Plano de Recupera\u00e7\u00e3o e Resili\u00eancia (PRR). A interven\u00e7\u00e3o visa aumentar a efici\u00eancia energ\u00e9tica do edif\u00edcio. Pretende tamb\u00e9m melhorar a acessibilidade, refor\u00e7ar a seguran\u00e7a e promover maior conforto para utentes e profissionais de sa\u00fade.\" \/>\n<meta property=\"og:url\" content=\"https:\/\/portaltela.pt\/noticias\/2026\/01\/24\/fronteira-obras-no-centro-de-saude-custam-mais-de-489-mil-euros\/\" \/>\n<meta property=\"og:site_name\" content=\"Portal Tela Portugal\" \/>\n<meta property=\"article:published_time\" content=\"2026-01-24T20:00:00+00:00\" \/>\n<meta name=\"author\" content=\"Telinha\" \/>\n<meta name=\"twitter:card\" content=\"summary_large_image\" \/>\n<meta name=\"twitter:label1\" content=\"Escrito por\" \/>\n\t<meta name=\"twitter:data1\" content=\"Telinha\" \/>\n\t<meta name=\"twitter:label2\" content=\"Tempo estimado de leitura\" \/>\n\t<meta name=\"twitter:data2\" content=\"1 minuto\" \/>\n<script type=\"application\/ld+json\" class=\"yoast-schema-graph\">{\"@context\":\"https:\/\/schema.org\",\"@graph\":[{\"@type\":\"Article\",\"@id\":\"https:\/\/portaltela.pt\/noticias\/2026\/01\/24\/fronteira-obras-no-centro-de-saude-custam-mais-de-489-mil-euros\/#article\",\"isPartOf\":{\"@id\":\"https:\/\/portaltela.pt\/noticias\/2026\/01\/24\/fronteira-obras-no-centro-de-saude-custam-mais-de-489-mil-euros\/\"},\"author\":{\"name\":\"Telinha\",\"@id\":\"https:\/\/portaltela.pt\/#\/schema\/person\/c4278d4a6028830caff9ee44b42d32ed\"},\"headline\":\"Fronteira: obras no centro de sa\u00fade custam mais de 489 mil euros\",\"datePublished\":\"2026-01-24T20:00:00+00:00\",\"mainEntityOfPage\":{\"@id\":\"https:\/\/portaltela.pt\/noticias\/2026\/01\/24\/fronteira-obras-no-centro-de-saude-custam-mais-de-489-mil-euros\/\"},\"wordCount\":113,\"image\":{\"@id\":\"https:\/\/portaltela.pt\/noticias\/2026\/01\/24\/fronteira-obras-no-centro-de-saude-custam-mais-de-489-mil-euros\/#primaryimage\"},\"thumbnailUrl\":\"https:\/\/portaltela.pt\/s.01k8rhncp4jt1\/2026\/01\/imagem_odigital-1200-x-675-px-56.jpg\",\"keywords\":[\"acessibilidade\",\"Efici\u00eancia Energ\u00e9tica\",\"Fronteira\",\"Portalegre\",\"sa\u00fade\",\"seguran\u00e7a p\u00fablica\"],\"articleSection\":[\"Not\u00edcias\"],\"inLanguage\":\"pt-PT\"},{\"@type\":\"WebPage\",\"@id\":\"https:\/\/portaltela.pt\/noticias\/2026\/01\/24\/fronteira-obras-no-centro-de-saude-custam-mais-de-489-mil-euros\/\",\"url\":\"https:\/\/portaltela.pt\/noticias\/2026\/01\/24\/fronteira-obras-no-centro-de-saude-custam-mais-de-489-mil-euros\/\",\"name\":\"Fronteira: obras no centro de sa\u00fade custam mais de 489 mil euros - Portal Tela Portugal\",\"isPartOf\":{\"@id\":\"https:\/\/portaltela.pt\/#website\"},\"primaryImageOfPage\":{\"@id\":\"https:\/\/portaltela.pt\/noticias\/2026\/01\/24\/fronteira-obras-no-centro-de-saude-custam-mais-de-489-mil-euros\/#primaryimage\"},\"image\":{\"@id\":\"https:\/\/portaltela.pt\/noticias\/2026\/01\/24\/fronteira-obras-no-centro-de-saude-custam-mais-de-489-mil-euros\/#primaryimage\"},\"thumbnailUrl\":\"https:\/\/portaltela.pt\/s.01k8rhncp4jt1\/2026\/01\/imagem_odigital-1200-x-675-px-56.jpg\",\"datePublished\":\"2026-01-24T20:00:00+00:00\",\"author\":{\"@id\":\"https:\/\/portaltela.pt\/#\/schema\/person\/c4278d4a6028830caff9ee44b42d32ed\"},\"breadcrumb\":{\"@id\":\"https:\/\/portaltela.pt\/noticias\/2026\/01\/24\/fronteira-obras-no-centro-de-saude-custam-mais-de-489-mil-euros\/#breadcrumb\"},\"inLanguage\":\"pt-PT\",\"potentialAction\":[{\"@type\":\"ReadAction\",\"target\":[\"https:\/\/portaltela.pt\/noticias\/2026\/01\/24\/fronteira-obras-no-centro-de-saude-custam-mais-de-489-mil-euros\/\"]}]},{\"@type\":\"ImageObject\",\"inLanguage\":\"pt-PT\",\"@id\":\"https:\/\/portaltela.pt\/noticias\/2026\/01\/24\/fronteira-obras-no-centro-de-saude-custam-mais-de-489-mil-euros\/#primaryimage\",\"url\":\"https:\/\/portaltela.pt\/s.01k8rhncp4jt1\/2026\/01\/imagem_odigital-1200-x-675-px-56.jpg\",\"contentUrl\":\"https:\/\/portaltela.pt\/s.01k8rhncp4jt1\/2026\/01\/imagem_odigital-1200-x-675-px-56.jpg\",\"width\":796,\"height\":448,\"caption\":\"Fronteira: Obras no centro de sa\u00fade superiores a 489 mil euros\"},{\"@type\":\"BreadcrumbList\",\"@id\":\"https:\/\/portaltela.pt\/noticias\/2026\/01\/24\/fronteira-obras-no-centro-de-saude-custam-mais-de-489-mil-euros\/#breadcrumb\",\"itemListElement\":[{\"@type\":\"ListItem\",\"position\":1,\"name\":\"In\u00edcio\",\"item\":\"https:\/\/portaltela.pt\/\"},{\"@type\":\"ListItem\",\"position\":2,\"name\":\"Fronteira: obras no centro de sa\u00fade custam mais de 489 mil euros\"}]},{\"@type\":\"WebSite\",\"@id\":\"https:\/\/portaltela.pt\/#website\",\"url\":\"https:\/\/portaltela.pt\/\",\"name\":\"Portal Tela Portugal\",\"description\":\"\",\"potentialAction\":[{\"@type\":\"SearchAction\",\"target\":{\"@type\":\"EntryPoint\",\"urlTemplate\":\"https:\/\/portaltela.pt\/?s={search_term_string}\"},\"query-input\":{\"@type\":\"PropertyValueSpecification\",\"valueRequired\":true,\"valueName\":\"search_term_string\"}}],\"inLanguage\":\"pt-PT\"},{\"@type\":\"Person\",\"@id\":\"https:\/\/portaltela.pt\/#\/schema\/person\/c4278d4a6028830caff9ee44b42d32ed\",\"name\":\"Telinha\",\"image\":{\"@type\":\"ImageObject\",\"inLanguage\":\"pt-PT\",\"@id\":\"https:\/\/portaltela.pt\/s.01k8rhncp4jt1\/2025\/11\/talking-bot-125x125.png\",\"url\":\"https:\/\/portaltela.pt\/s.01k8rhncp4jt1\/2025\/11\/talking-bot-125x125.png\",\"contentUrl\":\"https:\/\/portaltela.pt\/s.01k8rhncp4jt1\/2025\/11\/talking-bot-125x125.png\",\"caption\":\"Telinha\"},\"sameAs\":[\"https:\/\/portaltela.pt\/\"],\"url\":\"https:\/\/portaltela.pt\/por\/367410592786\/\"}]}<\/script>\n<!-- \/ Yoast SEO plugin. -->","yoast_head_json":{"title":"Fronteira: obras no centro de sa\u00fade custam mais de 489 mil euros - Portal Tela Portugal","robots":{"index":"index","follow":"follow","max-snippet":"max-snippet:-1","max-image-preview":"max-image-preview:large","max-video-preview":"max-video-preview:-1"},"og_locale":"pt_PT","og_type":"article","og_title":"Fronteira: obras no centro de sa\u00fade custam mais de 489 mil euros - Portal Tela Portugal","og_description":"O Centro de Sa\u00fade de Fronteira, no distrito de Portalegre, vai receber obras de requalifica\u00e7\u00e3o com investimento superior a 489 mil euros. O auto de consigna\u00e7\u00e3o da obra j\u00e1 foi assinado entre a Unidade Local de Sa\u00fade do Alto Alentejo e a autarquia. O projeto \u00e9 financiado pelo Plano de Recupera\u00e7\u00e3o e Resili\u00eancia (PRR). A interven\u00e7\u00e3o visa aumentar a efici\u00eancia energ\u00e9tica do edif\u00edcio. Pretende tamb\u00e9m melhorar a acessibilidade, refor\u00e7ar a seguran\u00e7a e promover maior conforto para utentes e profissionais de sa\u00fade.","og_url":"https:\/\/portaltela.pt\/noticias\/2026\/01\/24\/fronteira-obras-no-centro-de-saude-custam-mais-de-489-mil-euros\/","og_site_name":"Portal Tela Portugal","article_published_time":"2026-01-24T20:00:00+00:00","author":"Telinha","twitter_card":"summary_large_image","twitter_misc":{"Escrito por":"Telinha","Tempo estimado de leitura":"1 minuto"},"schema":{"@context":"https:\/\/schema.org","@graph":[{"@type":"Article","@id":"https:\/\/portaltela.pt\/noticias\/2026\/01\/24\/fronteira-obras-no-centro-de-saude-custam-mais-de-489-mil-euros\/#article","isPartOf":{"@id":"https:\/\/portaltela.pt\/noticias\/2026\/01\/24\/fronteira-obras-no-centro-de-saude-custam-mais-de-489-mil-euros\/"},"author":{"name":"Telinha","@id":"https:\/\/portaltela.pt\/#\/schema\/person\/c4278d4a6028830caff9ee44b42d32ed"},"headline":"Fronteira: obras no centro de sa\u00fade custam mais de 489 mil euros","datePublished":"2026-01-24T20:00:00+00:00","mainEntityOfPage":{"@id":"https:\/\/portaltela.pt\/noticias\/2026\/01\/24\/fronteira-obras-no-centro-de-saude-custam-mais-de-489-mil-euros\/"},"wordCount":113,"image":{"@id":"https:\/\/portaltela.pt\/noticias\/2026\/01\/24\/fronteira-obras-no-centro-de-saude-custam-mais-de-489-mil-euros\/#primaryimage"},"thumbnailUrl":"https:\/\/portaltela.pt\/s.01k8rhncp4jt1\/2026\/01\/imagem_odigital-1200-x-675-px-56.jpg","keywords":["acessibilidade","Efici\u00eancia Energ\u00e9tica","Fronteira","Portalegre","sa\u00fade","seguran\u00e7a p\u00fablica"],"articleSection":["Not\u00edcias"],"inLanguage":"pt-PT"},{"@type":"WebPage","@id":"https:\/\/portaltela.pt\/noticias\/2026\/01\/24\/fronteira-obras-no-centro-de-saude-custam-mais-de-489-mil-euros\/","url":"https:\/\/portaltela.pt\/noticias\/2026\/01\/24\/fronteira-obras-no-centro-de-saude-custam-mais-de-489-mil-euros\/","name":"Fronteira: obras no centro de sa\u00fade custam mais de 489 mil euros - Portal Tela Portugal","isPartOf":{"@id":"https:\/\/portaltela.pt\/#website"},"primaryImageOfPage":{"@id":"https:\/\/portaltela.pt\/noticias\/2026\/01\/24\/fronteira-obras-no-centro-de-saude-custam-mais-de-489-mil-euros\/#primaryimage"},"image":{"@id":"https:\/\/portaltela.pt\/noticias\/2026\/01\/24\/fronteira-obras-no-centro-de-saude-custam-mais-de-489-mil-euros\/#primaryimage"},"thumbnailUrl":"https:\/\/portaltela.pt\/s.01k8rhncp4jt1\/2026\/01\/imagem_odigital-1200-x-675-px-56.jpg","datePublished":"2026-01-24T20:00:00+00:00","author":{"@id":"https:\/\/portaltela.pt\/#\/schema\/person\/c4278d4a6028830caff9ee44b42d32ed"},"breadcrumb":{"@id":"https:\/\/portaltela.pt\/noticias\/2026\/01\/24\/fronteira-obras-no-centro-de-saude-custam-mais-de-489-mil-euros\/#breadcrumb"},"inLanguage":"pt-PT","potentialAction":[{"@type":"ReadAction","target":["https:\/\/portaltela.pt\/noticias\/2026\/01\/24\/fronteira-obras-no-centro-de-saude-custam-mais-de-489-mil-euros\/"]}]},{"@type":"ImageObject","inLanguage":"pt-PT","@id":"https:\/\/portaltela.pt\/noticias\/2026\/01\/24\/fronteira-obras-no-centro-de-saude-custam-mais-de-489-mil-euros\/#primaryimage","url":"https:\/\/portaltela.pt\/s.01k8rhncp4jt1\/2026\/01\/imagem_odigital-1200-x-675-px-56.jpg","contentUrl":"https:\/\/portaltela.pt\/s.01k8rhncp4jt1\/2026\/01\/imagem_odigital-1200-x-675-px-56.jpg","width":796,"height":448,"caption":"Fronteira: Obras no centro de sa\u00fade superiores a 489 mil euros"},{"@type":"BreadcrumbList","@id":"https:\/\/portaltela.pt\/noticias\/2026\/01\/24\/fronteira-obras-no-centro-de-saude-custam-mais-de-489-mil-euros\/#breadcrumb","itemListElement":[{"@type":"ListItem","position":1,"name":"In\u00edcio","item":"https:\/\/portaltela.pt\/"},{"@type":"ListItem","position":2,"name":"Fronteira: obras no centro de sa\u00fade custam mais de 489 mil euros"}]},{"@type":"WebSite","@id":"https:\/\/portaltela.pt\/#website","url":"https:\/\/portaltela.pt\/","name":"Portal Tela Portugal","description":"","potentialAction":[{"@type":"SearchAction","target":{"@type":"EntryPoint","urlTemplate":"https:\/\/portaltela.pt\/?s={search_term_string}"},"query-input":{"@type":"PropertyValueSpecification","valueRequired":true,"valueName":"search_term_string"}}],"inLanguage":"pt-PT"},{"@type":"Person","@id":"https:\/\/portaltela.pt\/#\/schema\/person\/c4278d4a6028830caff9ee44b42d32ed","name":"Telinha","image":{"@type":"ImageObject","inLanguage":"pt-PT","@id":"https:\/\/portaltela.pt\/s.01k8rhncp4jt1\/2025\/11\/talking-bot-125x125.png","url":"https:\/\/portaltela.pt\/s.01k8rhncp4jt1\/2025\/11\/talking-bot-125x125.png","contentUrl":"https:\/\/portaltela.pt\/s.01k8rhncp4jt1\/2025\/11\/talking-bot-125x125.png","caption":"Telinha"},"sameAs":["https:\/\/portaltela.pt\/"],"url":"https:\/\/portaltela.pt\/por\/367410592786\/"}]}},"_links":{"self":[{"href":"https:\/\/portaltela.pt\/api\/wp\/v2\/posts\/170729","targetHints":{"allow":["GET"]}}],"collection":[{"href":"https:\/\/portaltela.pt\/api\/wp\/v2\/posts"}],"about":[{"href":"https:\/\/portaltela.pt\/api\/wp\/v2\/types\/post"}],"author":[{"embeddable":true,"href":"https:\/\/portaltela.pt\/api\/wp\/v2\/users\/2"}],"replies":[{"embeddable":true,"href":"https:\/\/portaltela.pt\/api\/wp\/v2\/comments?post=170729"}],"version-history":[{"count":0,"href":"https:\/\/portaltela.pt\/api\/wp\/v2\/posts\/170729\/revisions"}],"wp:featuredmedia":[{"embeddable":true,"href":"https:\/\/portaltela.pt\/api\/wp\/v2\/media\/170735"}],"wp:attachment":[{"href":"https:\/\/portaltela.pt\/api\/wp\/v2\/media?parent=170729"}],"wp:term":[{"taxonomy":"category","embeddable":true,"href":"https:\/\/portaltela.pt\/api\/wp\/v2\/categories?post=170729"},{"taxonomy":"post_tag","embeddable":true,"href":"https:\/\/portaltela.pt\/api\/wp\/v2\/tags?post=170729"}],"curies":[{"name":"wp","href":"https:\/\/api.w.org\/{rel}","templated":true}]}}