{"id":170727,"date":"2026-01-24T16:47:35","date_gmt":"2026-01-24T19:47:35","guid":{"rendered":"https:\/\/portaltela.pt\/noticias\/2026\/01\/24\/treino-de-karate-de-alto-nivel-reune-dezenas-de-atletas-em-celorico-de-basto\/"},"modified":"2026-01-24T16:47:35","modified_gmt":"2026-01-24T19:47:35","slug":"treino-de-karate-de-alto-nivel-reune-dezenas-de-atletas-em-celorico-de-basto","status":"publish","type":"post","link":"https:\/\/portaltela.pt\/desporto\/2026\/01\/24\/treino-de-karate-de-alto-nivel-reune-dezenas-de-atletas-em-celorico-de-basto\/","title":{"rendered":"Treino de karat\u00e9 de alto n\u00edvel re\u00fane dezenas de atletas em Celorico de Basto"},"content":{"rendered":"<p>Um treino especial de Karat\u00e9 reuniu dezenas de atletas neste s\u00e1bado, 24 de janeiro, no pavilh\u00e3o da EPAESN, em Celorico de Basto. A iniciativa foi promovida pelo S.K.A.D. (Sport Karate Association Dojo).<\/p>\n<p>O evento contou com dois mestres convidados de alto grau: Ant\u00f3nio Pula, 7.\u00ba Dan JKA, e Jorge Santos, 5.\u00ba Dan JKA.<\/p>\n<p>A vereadora do Desporto do Munic\u00edpio, Maria Jos\u00e9 Marinho, marcou presen\u00e7a, elogiou a organiza\u00e7\u00e3o e agradeceu aos mestres pela partilha de conhecimento.<\/p>\n<h3>Influ\u00eancia local e contributos<\/h3>\n<p>O sensei Louren\u00e7o Rocha, treinador principal do clube, foi destacado pela autarquia pelo contributo para a consolida\u00e7\u00e3o da modalidade no concelho.<\/p>\n<p>A sess\u00e3o evidencia o dinamismo desportivo de Celorico de Basto e o interesse crescente pelo Karat\u00e9 na regi\u00e3o.<\/p>\n<p>A organiza\u00e7\u00e3o agradeceu \u00e0 EPAESN pela ced\u00eancia do espa\u00e7o para a realiza\u00e7\u00e3o do evento. Fotografias: CM de Celorico de Basto.<\/p>\n","protected":false},"excerpt":{"rendered":"<ul>\n<li>Treino especial de Karat\u00e9 reuniu dezenas de atletas no pavilh\u00e3o da Escola Profissional Agr\u00edcola Eng. Silva Nunes (EPAESN), em Celorico de Basto, no s\u00e1bado, 24 de janeiro.<\/li>\n<li>A iniciativa foi promovida pelo S.K.A.D. (Sport Karate Association Dojo) local.<\/li>\n<li>Contou com dois mestres convidados de renome: Sensei Ant\u00f3nio Pula, 7.\u00ba Dan JKA; Sensei Jorge Santos, 5.\u00ba Dan JKA.<\/li>\n<li>A vereadora do Desporto do munic\u00edpio, Maria Jos\u00e9 Marinho, esteve presente e elogiou a organiza\u00e7\u00e3o, agradecendo aos mestres pela partilha de conhecimento; destacou ainda o trabalho do sensei Louren\u00e7o Rocha, treinador principal do clube.<\/li>\n<li>A sess\u00e3o foi apresentada como demonstra\u00e7\u00e3o do dinamismo desportivo de Celorico de Basto e do crescente interesse pelo Karat\u00e9 na regi\u00e3o; a EPAESN foi agradecida pela ced\u00eancia do espa\u00e7o.<\/li>\n<\/ul>\n","protected":false},"author":2,"featured_media":170764,"comment_status":"closed","ping_status":"closed","sticky":false,"template":"","format":"standard","meta":{"footnotes":""},"categories":[21],"tags":[1966,1370,144,152,186,2093],"class_list":["post-170727","post","type-post","status-publish","format-standard","has-post-thumbnail","hentry","category-desporto","tag-celorico-da-beira","tag-celorico-de-basto","tag-concelho","tag-desporto","tag-desportos","tag-municipios"],"yoast_head":"<!-- This site is optimized with the Yoast SEO plugin v27.2 - https:\/\/yoast.com\/product\/yoast-seo-wordpress\/ -->\n<title>Treino de karat\u00e9 de alto n\u00edvel re\u00fane dezenas de atletas em Celorico de Basto - Portal Tela Portugal<\/title>\n<meta name=\"robots\" content=\"index, follow, max-snippet:-1, max-image-preview:large, max-video-preview:-1\" \/>\n<meta property=\"og:locale\" content=\"pt_PT\" \/>\n<meta property=\"og:type\" content=\"article\" \/>\n<meta property=\"og:title\" content=\"Treino de karat\u00e9 de alto n\u00edvel re\u00fane dezenas de atletas em Celorico de Basto - Portal Tela Portugal\" \/>\n<meta property=\"og:description\" content=\"Treino especial de Karat\u00e9 reuniu dezenas de atletas no pavilh\u00e3o da Escola Profissional Agr\u00edcola Eng. Silva Nunes (EPAESN), em Celorico de Basto, no s\u00e1bado, 24 de janeiro. A iniciativa foi promovida pelo S.K.A.D. (Sport Karate Association Dojo) local. Contou com dois mestres convidados de renome: Sensei Ant\u00f3nio Pula, 7.\u00ba Dan JKA; Sensei Jorge Santos, 5.\u00ba Dan JKA. A vereadora do Desporto do munic\u00edpio, Maria Jos\u00e9 Marinho, esteve presente e elogiou a organiza\u00e7\u00e3o, agradecendo aos mestres pela partilha de conhecimento; destacou ainda o trabalho do sensei Louren\u00e7o Rocha, treinador principal do clube. A sess\u00e3o foi apresentada como demonstra\u00e7\u00e3o do dinamismo desportivo de Celorico de Basto e do crescente interesse pelo Karat\u00e9 na regi\u00e3o; a EPAESN foi agradecida pela ced\u00eancia do espa\u00e7o.\" \/>\n<meta property=\"og:url\" content=\"https:\/\/portaltela.pt\/noticias\/2026\/01\/24\/treino-de-karate-de-alto-nivel-reune-dezenas-de-atletas-em-celorico-de-basto\/\" \/>\n<meta property=\"og:site_name\" content=\"Portal Tela Portugal\" \/>\n<meta property=\"article:published_time\" content=\"2026-01-24T19:47:35+00:00\" \/>\n<meta name=\"author\" content=\"Telinha\" \/>\n<meta name=\"twitter:card\" content=\"summary_large_image\" \/>\n<meta name=\"twitter:label1\" content=\"Escrito por\" \/>\n\t<meta name=\"twitter:data1\" content=\"Telinha\" \/>\n\t<meta name=\"twitter:label2\" content=\"Tempo estimado de leitura\" \/>\n\t<meta name=\"twitter:data2\" content=\"1 minuto\" \/>\n<script type=\"application\/ld+json\" class=\"yoast-schema-graph\">{\"@context\":\"https:\/\/schema.org\",\"@graph\":[{\"@type\":\"Article\",\"@id\":\"https:\/\/portaltela.pt\/noticias\/2026\/01\/24\/treino-de-karate-de-alto-nivel-reune-dezenas-de-atletas-em-celorico-de-basto\/#article\",\"isPartOf\":{\"@id\":\"https:\/\/portaltela.pt\/noticias\/2026\/01\/24\/treino-de-karate-de-alto-nivel-reune-dezenas-de-atletas-em-celorico-de-basto\/\"},\"author\":{\"name\":\"Telinha\",\"@id\":\"https:\/\/portaltela.pt\/#\/schema\/person\/c4278d4a6028830caff9ee44b42d32ed\"},\"headline\":\"Treino de karat\u00e9 de alto n\u00edvel re\u00fane dezenas de atletas em Celorico de Basto\",\"datePublished\":\"2026-01-24T19:47:35+00:00\",\"mainEntityOfPage\":{\"@id\":\"https:\/\/portaltela.pt\/noticias\/2026\/01\/24\/treino-de-karate-de-alto-nivel-reune-dezenas-de-atletas-em-celorico-de-basto\/\"},\"wordCount\":168,\"image\":{\"@id\":\"https:\/\/portaltela.pt\/noticias\/2026\/01\/24\/treino-de-karate-de-alto-nivel-reune-dezenas-de-atletas-em-celorico-de-basto\/#primaryimage\"},\"thumbnailUrl\":\"https:\/\/portaltela.pt\/s.01k8rhncp4jt1\/2026\/01\/Treino-de-Karate-de-alto-nivel-reune-dezenas-de-atletas-em-Celorico-de-Basto.jpg\",\"keywords\":[\"Celorico da Beira\",\"Celorico de Basto\",\"concelho\",\"desporto\",\"desportos\",\"munic\u00edpios\"],\"articleSection\":[\"Desporto\"],\"inLanguage\":\"pt-PT\"},{\"@type\":\"WebPage\",\"@id\":\"https:\/\/portaltela.pt\/noticias\/2026\/01\/24\/treino-de-karate-de-alto-nivel-reune-dezenas-de-atletas-em-celorico-de-basto\/\",\"url\":\"https:\/\/portaltela.pt\/noticias\/2026\/01\/24\/treino-de-karate-de-alto-nivel-reune-dezenas-de-atletas-em-celorico-de-basto\/\",\"name\":\"Treino de karat\u00e9 de alto n\u00edvel re\u00fane dezenas de atletas em Celorico de Basto - Portal Tela Portugal\",\"isPartOf\":{\"@id\":\"https:\/\/portaltela.pt\/#website\"},\"primaryImageOfPage\":{\"@id\":\"https:\/\/portaltela.pt\/noticias\/2026\/01\/24\/treino-de-karate-de-alto-nivel-reune-dezenas-de-atletas-em-celorico-de-basto\/#primaryimage\"},\"image\":{\"@id\":\"https:\/\/portaltela.pt\/noticias\/2026\/01\/24\/treino-de-karate-de-alto-nivel-reune-dezenas-de-atletas-em-celorico-de-basto\/#primaryimage\"},\"thumbnailUrl\":\"https:\/\/portaltela.pt\/s.01k8rhncp4jt1\/2026\/01\/Treino-de-Karate-de-alto-nivel-reune-dezenas-de-atletas-em-Celorico-de-Basto.jpg\",\"datePublished\":\"2026-01-24T19:47:35+00:00\",\"author\":{\"@id\":\"https:\/\/portaltela.pt\/#\/schema\/person\/c4278d4a6028830caff9ee44b42d32ed\"},\"breadcrumb\":{\"@id\":\"https:\/\/portaltela.pt\/noticias\/2026\/01\/24\/treino-de-karate-de-alto-nivel-reune-dezenas-de-atletas-em-celorico-de-basto\/#breadcrumb\"},\"inLanguage\":\"pt-PT\",\"potentialAction\":[{\"@type\":\"ReadAction\",\"target\":[\"https:\/\/portaltela.pt\/noticias\/2026\/01\/24\/treino-de-karate-de-alto-nivel-reune-dezenas-de-atletas-em-celorico-de-basto\/\"]}]},{\"@type\":\"ImageObject\",\"inLanguage\":\"pt-PT\",\"@id\":\"https:\/\/portaltela.pt\/noticias\/2026\/01\/24\/treino-de-karate-de-alto-nivel-reune-dezenas-de-atletas-em-celorico-de-basto\/#primaryimage\",\"url\":\"https:\/\/portaltela.pt\/s.01k8rhncp4jt1\/2026\/01\/Treino-de-Karate-de-alto-nivel-reune-dezenas-de-atletas-em-Celorico-de-Basto.jpg\",\"contentUrl\":\"https:\/\/portaltela.pt\/s.01k8rhncp4jt1\/2026\/01\/Treino-de-Karate-de-alto-nivel-reune-dezenas-de-atletas-em-Celorico-de-Basto.jpg\",\"width\":796,\"height\":448,\"caption\":\"Treino de Karat\u00e9 de alto n\u00edvel re\u00fane dezenas de atletas em Celorico de Basto\"},{\"@type\":\"BreadcrumbList\",\"@id\":\"https:\/\/portaltela.pt\/noticias\/2026\/01\/24\/treino-de-karate-de-alto-nivel-reune-dezenas-de-atletas-em-celorico-de-basto\/#breadcrumb\",\"itemListElement\":[{\"@type\":\"ListItem\",\"position\":1,\"name\":\"In\u00edcio\",\"item\":\"https:\/\/portaltela.pt\/\"},{\"@type\":\"ListItem\",\"position\":2,\"name\":\"Treino de karat\u00e9 de alto n\u00edvel re\u00fane dezenas de atletas em Celorico de Basto\"}]},{\"@type\":\"WebSite\",\"@id\":\"https:\/\/portaltela.pt\/#website\",\"url\":\"https:\/\/portaltela.pt\/\",\"name\":\"Portal Tela Portugal\",\"description\":\"\",\"potentialAction\":[{\"@type\":\"SearchAction\",\"target\":{\"@type\":\"EntryPoint\",\"urlTemplate\":\"https:\/\/portaltela.pt\/?s={search_term_string}\"},\"query-input\":{\"@type\":\"PropertyValueSpecification\",\"valueRequired\":true,\"valueName\":\"search_term_string\"}}],\"inLanguage\":\"pt-PT\"},{\"@type\":\"Person\",\"@id\":\"https:\/\/portaltela.pt\/#\/schema\/person\/c4278d4a6028830caff9ee44b42d32ed\",\"name\":\"Telinha\",\"image\":{\"@type\":\"ImageObject\",\"inLanguage\":\"pt-PT\",\"@id\":\"https:\/\/portaltela.pt\/s.01k8rhncp4jt1\/2025\/11\/talking-bot-125x125.png\",\"url\":\"https:\/\/portaltela.pt\/s.01k8rhncp4jt1\/2025\/11\/talking-bot-125x125.png\",\"contentUrl\":\"https:\/\/portaltela.pt\/s.01k8rhncp4jt1\/2025\/11\/talking-bot-125x125.png\",\"caption\":\"Telinha\"},\"sameAs\":[\"https:\/\/portaltela.pt\/\"],\"url\":\"https:\/\/portaltela.pt\/por\/367410592786\/\"}]}<\/script>\n<!-- \/ Yoast SEO plugin. -->","yoast_head_json":{"title":"Treino de karat\u00e9 de alto n\u00edvel re\u00fane dezenas de atletas em Celorico de Basto - Portal Tela Portugal","robots":{"index":"index","follow":"follow","max-snippet":"max-snippet:-1","max-image-preview":"max-image-preview:large","max-video-preview":"max-video-preview:-1"},"og_locale":"pt_PT","og_type":"article","og_title":"Treino de karat\u00e9 de alto n\u00edvel re\u00fane dezenas de atletas em Celorico de Basto - Portal Tela Portugal","og_description":"Treino especial de Karat\u00e9 reuniu dezenas de atletas no pavilh\u00e3o da Escola Profissional Agr\u00edcola Eng. Silva Nunes (EPAESN), em Celorico de Basto, no s\u00e1bado, 24 de janeiro. A iniciativa foi promovida pelo S.K.A.D. (Sport Karate Association Dojo) local. Contou com dois mestres convidados de renome: Sensei Ant\u00f3nio Pula, 7.\u00ba Dan JKA; Sensei Jorge Santos, 5.\u00ba Dan JKA. A vereadora do Desporto do munic\u00edpio, Maria Jos\u00e9 Marinho, esteve presente e elogiou a organiza\u00e7\u00e3o, agradecendo aos mestres pela partilha de conhecimento; destacou ainda o trabalho do sensei Louren\u00e7o Rocha, treinador principal do clube. A sess\u00e3o foi apresentada como demonstra\u00e7\u00e3o do dinamismo desportivo de Celorico de Basto e do crescente interesse pelo Karat\u00e9 na regi\u00e3o; a EPAESN foi agradecida pela ced\u00eancia do espa\u00e7o.","og_url":"https:\/\/portaltela.pt\/noticias\/2026\/01\/24\/treino-de-karate-de-alto-nivel-reune-dezenas-de-atletas-em-celorico-de-basto\/","og_site_name":"Portal Tela Portugal","article_published_time":"2026-01-24T19:47:35+00:00","author":"Telinha","twitter_card":"summary_large_image","twitter_misc":{"Escrito por":"Telinha","Tempo estimado de leitura":"1 minuto"},"schema":{"@context":"https:\/\/schema.org","@graph":[{"@type":"Article","@id":"https:\/\/portaltela.pt\/noticias\/2026\/01\/24\/treino-de-karate-de-alto-nivel-reune-dezenas-de-atletas-em-celorico-de-basto\/#article","isPartOf":{"@id":"https:\/\/portaltela.pt\/noticias\/2026\/01\/24\/treino-de-karate-de-alto-nivel-reune-dezenas-de-atletas-em-celorico-de-basto\/"},"author":{"name":"Telinha","@id":"https:\/\/portaltela.pt\/#\/schema\/person\/c4278d4a6028830caff9ee44b42d32ed"},"headline":"Treino de karat\u00e9 de alto n\u00edvel re\u00fane dezenas de atletas em Celorico de Basto","datePublished":"2026-01-24T19:47:35+00:00","mainEntityOfPage":{"@id":"https:\/\/portaltela.pt\/noticias\/2026\/01\/24\/treino-de-karate-de-alto-nivel-reune-dezenas-de-atletas-em-celorico-de-basto\/"},"wordCount":168,"image":{"@id":"https:\/\/portaltela.pt\/noticias\/2026\/01\/24\/treino-de-karate-de-alto-nivel-reune-dezenas-de-atletas-em-celorico-de-basto\/#primaryimage"},"thumbnailUrl":"https:\/\/portaltela.pt\/s.01k8rhncp4jt1\/2026\/01\/Treino-de-Karate-de-alto-nivel-reune-dezenas-de-atletas-em-Celorico-de-Basto.jpg","keywords":["Celorico da Beira","Celorico de Basto","concelho","desporto","desportos","munic\u00edpios"],"articleSection":["Desporto"],"inLanguage":"pt-PT"},{"@type":"WebPage","@id":"https:\/\/portaltela.pt\/noticias\/2026\/01\/24\/treino-de-karate-de-alto-nivel-reune-dezenas-de-atletas-em-celorico-de-basto\/","url":"https:\/\/portaltela.pt\/noticias\/2026\/01\/24\/treino-de-karate-de-alto-nivel-reune-dezenas-de-atletas-em-celorico-de-basto\/","name":"Treino de karat\u00e9 de alto n\u00edvel re\u00fane dezenas de atletas em Celorico de Basto - Portal Tela Portugal","isPartOf":{"@id":"https:\/\/portaltela.pt\/#website"},"primaryImageOfPage":{"@id":"https:\/\/portaltela.pt\/noticias\/2026\/01\/24\/treino-de-karate-de-alto-nivel-reune-dezenas-de-atletas-em-celorico-de-basto\/#primaryimage"},"image":{"@id":"https:\/\/portaltela.pt\/noticias\/2026\/01\/24\/treino-de-karate-de-alto-nivel-reune-dezenas-de-atletas-em-celorico-de-basto\/#primaryimage"},"thumbnailUrl":"https:\/\/portaltela.pt\/s.01k8rhncp4jt1\/2026\/01\/Treino-de-Karate-de-alto-nivel-reune-dezenas-de-atletas-em-Celorico-de-Basto.jpg","datePublished":"2026-01-24T19:47:35+00:00","author":{"@id":"https:\/\/portaltela.pt\/#\/schema\/person\/c4278d4a6028830caff9ee44b42d32ed"},"breadcrumb":{"@id":"https:\/\/portaltela.pt\/noticias\/2026\/01\/24\/treino-de-karate-de-alto-nivel-reune-dezenas-de-atletas-em-celorico-de-basto\/#breadcrumb"},"inLanguage":"pt-PT","potentialAction":[{"@type":"ReadAction","target":["https:\/\/portaltela.pt\/noticias\/2026\/01\/24\/treino-de-karate-de-alto-nivel-reune-dezenas-de-atletas-em-celorico-de-basto\/"]}]},{"@type":"ImageObject","inLanguage":"pt-PT","@id":"https:\/\/portaltela.pt\/noticias\/2026\/01\/24\/treino-de-karate-de-alto-nivel-reune-dezenas-de-atletas-em-celorico-de-basto\/#primaryimage","url":"https:\/\/portaltela.pt\/s.01k8rhncp4jt1\/2026\/01\/Treino-de-Karate-de-alto-nivel-reune-dezenas-de-atletas-em-Celorico-de-Basto.jpg","contentUrl":"https:\/\/portaltela.pt\/s.01k8rhncp4jt1\/2026\/01\/Treino-de-Karate-de-alto-nivel-reune-dezenas-de-atletas-em-Celorico-de-Basto.jpg","width":796,"height":448,"caption":"Treino de Karat\u00e9 de alto n\u00edvel re\u00fane dezenas de atletas em Celorico de Basto"},{"@type":"BreadcrumbList","@id":"https:\/\/portaltela.pt\/noticias\/2026\/01\/24\/treino-de-karate-de-alto-nivel-reune-dezenas-de-atletas-em-celorico-de-basto\/#breadcrumb","itemListElement":[{"@type":"ListItem","position":1,"name":"In\u00edcio","item":"https:\/\/portaltela.pt\/"},{"@type":"ListItem","position":2,"name":"Treino de karat\u00e9 de alto n\u00edvel re\u00fane dezenas de atletas em Celorico de Basto"}]},{"@type":"WebSite","@id":"https:\/\/portaltela.pt\/#website","url":"https:\/\/portaltela.pt\/","name":"Portal Tela Portugal","description":"","potentialAction":[{"@type":"SearchAction","target":{"@type":"EntryPoint","urlTemplate":"https:\/\/portaltela.pt\/?s={search_term_string}"},"query-input":{"@type":"PropertyValueSpecification","valueRequired":true,"valueName":"search_term_string"}}],"inLanguage":"pt-PT"},{"@type":"Person","@id":"https:\/\/portaltela.pt\/#\/schema\/person\/c4278d4a6028830caff9ee44b42d32ed","name":"Telinha","image":{"@type":"ImageObject","inLanguage":"pt-PT","@id":"https:\/\/portaltela.pt\/s.01k8rhncp4jt1\/2025\/11\/talking-bot-125x125.png","url":"https:\/\/portaltela.pt\/s.01k8rhncp4jt1\/2025\/11\/talking-bot-125x125.png","contentUrl":"https:\/\/portaltela.pt\/s.01k8rhncp4jt1\/2025\/11\/talking-bot-125x125.png","caption":"Telinha"},"sameAs":["https:\/\/portaltela.pt\/"],"url":"https:\/\/portaltela.pt\/por\/367410592786\/"}]}},"_links":{"self":[{"href":"https:\/\/portaltela.pt\/api\/wp\/v2\/posts\/170727","targetHints":{"allow":["GET"]}}],"collection":[{"href":"https:\/\/portaltela.pt\/api\/wp\/v2\/posts"}],"about":[{"href":"https:\/\/portaltela.pt\/api\/wp\/v2\/types\/post"}],"author":[{"embeddable":true,"href":"https:\/\/portaltela.pt\/api\/wp\/v2\/users\/2"}],"replies":[{"embeddable":true,"href":"https:\/\/portaltela.pt\/api\/wp\/v2\/comments?post=170727"}],"version-history":[{"count":0,"href":"https:\/\/portaltela.pt\/api\/wp\/v2\/posts\/170727\/revisions"}],"wp:featuredmedia":[{"embeddable":true,"href":"https:\/\/portaltela.pt\/api\/wp\/v2\/media\/170764"}],"wp:attachment":[{"href":"https:\/\/portaltela.pt\/api\/wp\/v2\/media?parent=170727"}],"wp:term":[{"taxonomy":"category","embeddable":true,"href":"https:\/\/portaltela.pt\/api\/wp\/v2\/categories?post=170727"},{"taxonomy":"post_tag","embeddable":true,"href":"https:\/\/portaltela.pt\/api\/wp\/v2\/tags?post=170727"}],"curies":[{"name":"wp","href":"https:\/\/api.w.org\/{rel}","templated":true}]}}