{"id":170717,"date":"2026-01-24T16:36:51","date_gmt":"2026-01-24T19:36:51","guid":{"rendered":"https:\/\/portaltela.pt\/noticias\/2026\/01\/24\/trump-afirma-soberania-dos-terrenos-da-base-militar-na-gronelandia\/"},"modified":"2026-01-24T16:36:51","modified_gmt":"2026-01-24T19:36:51","slug":"trump-afirma-soberania-dos-terrenos-da-base-militar-na-gronelandia","status":"publish","type":"post","link":"https:\/\/portaltela.pt\/noticias\/internacional\/2026\/01\/24\/trump-afirma-soberania-dos-terrenos-da-base-militar-na-gronelandia\/","title":{"rendered":"Trump afirma soberania dos terrenos da base militar na Gronel\u00e2ndia"},"content":{"rendered":"<p>O presidente dos EUA, Donald Trump, afirmou que os Estados Unidos passar\u00e3o a ter soberania sobre os terrenos onde fica a base militar norte-americana na Gronel\u00e2ndia. A declara\u00e7\u00e3o surge na esteira de um acordo pr\u00e9-estabelecido com a NATO, durante o F\u00f3rum Econ\u00f3mico Mundial de Davos, Su\u00ed\u00e7a.<\/p>\n<p>Trump assinalou, numa entrevista ao The New York Post, que os EUA poder\u00e3o controlar o terreno onde ser\u00e3o instaladas futuras bases na Gronel\u00e2ndia, um territ\u00f3rio associado \u00e0 Dinamarca. O presidente n\u00e3o detalhou os termos do pr\u00e9-acordo anunciado ap\u00f3s a reuni\u00e3o com o secret\u00e1rio-geral da NATO, Mark Rutte.<\/p>\n<p>A base norte-americana no norte da Gronel\u00e2ndia j\u00e1 est\u00e1 enquadrada num acordo de defesa assinado em 1951 entre Copenhaga e Washington, com atualiza\u00e7\u00f5es em 2004. Inten\u00e7\u00f5es de amplia\u00e7\u00e3o ou modifica\u00e7\u00e3o desse quadro ainda n\u00e3o foram amplamente especificadas.<\/p>\n<p>Na altura, Trump j\u00e1 tinha retirado a possibilidade de anexar a Gronel\u00e2ndia pela for\u00e7a e de impor tarifas a pa\u00edses europeus contra a oposi\u00e7\u00e3o \u00e0 aquisi\u00e7\u00e3o da ilha. O argumento foi apresentado em termos de seguran\u00e7a nacional face a supostas amea\u00e7as russas e chinesas.<\/p>\n<p>Foi anunciada posteriormente uma \u201cestrutura para um futuro acordo\u201d sobre a Gronel\u00e2ndia, resultado de um encontro com Mark Rutte em Davos. Em entrevista ao FoxBusiness, Trump refor\u00e7ou a ideia de acesso militar total ao territ\u00f3rio, sem limites de tempo.<\/p>\n<p>Fontes citadas pelo The New York Times indicam que o pr\u00e9-acordo poder\u00e1 ter semelhan\u00e7as com o estatuto das bases brit\u00e2nicas no Chipre, que permanecem sob soberania brit\u00e2nica desde 1960. O grau exato de controle n\u00e3o foi confirmado oficialmente.<\/p>\n<p>Atualmente, a presen\u00e7a militar dos EUA na Gronel\u00e2ndia \u00e9 reduzida: de 17 bases em 1945 para uma \u00fanica base com cerca de 150 elementos, al\u00e9m de mais de 300 funcion\u00e1rios civis, muitos dinamarqueses ou gronelandeses.<\/p>\n","protected":false},"excerpt":{"rendered":"<ul>\n<li>O presidente dos EUA, Donald Trump, afirmou que os Estados Unidos ter\u00e3o soberania sobre os terrenos onde fica a base militar na Gronel\u00e2ndia, com base num pr\u00e9-acordo com a NATO em Davos.<\/li>\n<li>Trump disse ter \u201ctodo o acesso militar\u201d que quiser \u00e0quele territ\u00f3rio, sem indicar prazos ou limites.<\/li>\n<li>O pr\u00e9-acordo foi anunciado ap\u00f3s a reuni\u00e3o entre Trump e o secret\u00e1rio-geral da NATO, Mark Rutte, no F\u00f3rum Econ\u00f3mico Mundial de Davos.<\/li>\n<li>A Gronel\u00e2ndia depende da Dinamarca e j\u00e1 mant\u00e9m uma base militar no norte sob um acordo de defesa assinado em mil novecentos e cinquenta e um (atualizado em mil e quatro).<\/li>\n<li>Atualmente, a Gronel\u00e2ndia alberga cerca de cento e cinquenta militares e mais de tr\u00eas centenas de funcion\u00e1rios na base, resultado da redu\u00e7\u00e3o de dezoito bases desde mil novecentos e quarenta e cinco.<\/li>\n<\/ul>\n","protected":false},"author":2,"featured_media":170724,"comment_status":"closed","ping_status":"closed","sticky":false,"template":"","format":"standard","meta":{"footnotes":""},"categories":[4,1],"tags":[256,1600,1779,3184,3908,2540],"class_list":["post-170717","post","type-post","status-publish","format-standard","has-post-thumbnail","hentry","category-internacional","category-noticias","tag-cooperacao-internacional","tag-estados-unidos","tag-forcas-armadas","tag-gronelandia","tag-seguranca-nacional","tag-territorio"],"yoast_head":"<!-- This site is optimized with the Yoast SEO plugin v27.2 - https:\/\/yoast.com\/product\/yoast-seo-wordpress\/ -->\n<title>Trump afirma soberania dos terrenos da base militar na Gronel\u00e2ndia - Portal Tela Portugal<\/title>\n<meta name=\"robots\" content=\"index, follow, max-snippet:-1, max-image-preview:large, max-video-preview:-1\" \/>\n<meta property=\"og:locale\" content=\"pt_PT\" \/>\n<meta property=\"og:type\" content=\"article\" \/>\n<meta property=\"og:title\" content=\"Trump afirma soberania dos terrenos da base militar na Gronel\u00e2ndia - Portal Tela Portugal\" \/>\n<meta property=\"og:description\" content=\"O presidente dos EUA, Donald Trump, afirmou que os Estados Unidos ter\u00e3o soberania sobre os terrenos onde fica a base militar na Gronel\u00e2ndia, com base num pr\u00e9-acordo com a NATO em Davos. Trump disse ter \u201ctodo o acesso militar\u201d que quiser \u00e0quele territ\u00f3rio, sem indicar prazos ou limites. O pr\u00e9-acordo foi anunciado ap\u00f3s a reuni\u00e3o entre Trump e o secret\u00e1rio-geral da NATO, Mark Rutte, no F\u00f3rum Econ\u00f3mico Mundial de Davos. A Gronel\u00e2ndia depende da Dinamarca e j\u00e1 mant\u00e9m uma base militar no norte sob um acordo de defesa assinado em mil novecentos e cinquenta e um (atualizado em mil e quatro). Atualmente, a Gronel\u00e2ndia alberga cerca de cento e cinquenta militares e mais de tr\u00eas centenas de funcion\u00e1rios na base, resultado da redu\u00e7\u00e3o de dezoito bases desde mil novecentos e quarenta e cinco.\" \/>\n<meta property=\"og:url\" content=\"https:\/\/portaltela.pt\/noticias\/2026\/01\/24\/trump-afirma-soberania-dos-terrenos-da-base-militar-na-gronelandia\/\" \/>\n<meta property=\"og:site_name\" content=\"Portal Tela Portugal\" \/>\n<meta property=\"article:published_time\" content=\"2026-01-24T19:36:51+00:00\" \/>\n<meta name=\"author\" content=\"Telinha\" \/>\n<meta name=\"twitter:card\" content=\"summary_large_image\" \/>\n<meta name=\"twitter:label1\" content=\"Escrito por\" \/>\n\t<meta name=\"twitter:data1\" content=\"Telinha\" \/>\n\t<meta name=\"twitter:label2\" content=\"Tempo estimado de leitura\" \/>\n\t<meta name=\"twitter:data2\" content=\"2 minutos\" \/>\n<script type=\"application\/ld+json\" class=\"yoast-schema-graph\">{\"@context\":\"https:\/\/schema.org\",\"@graph\":[{\"@type\":\"Article\",\"@id\":\"https:\/\/portaltela.pt\/noticias\/2026\/01\/24\/trump-afirma-soberania-dos-terrenos-da-base-militar-na-gronelandia\/#article\",\"isPartOf\":{\"@id\":\"https:\/\/portaltela.pt\/noticias\/2026\/01\/24\/trump-afirma-soberania-dos-terrenos-da-base-militar-na-gronelandia\/\"},\"author\":{\"name\":\"Telinha\",\"@id\":\"https:\/\/portaltela.pt\/#\/schema\/person\/c4278d4a6028830caff9ee44b42d32ed\"},\"headline\":\"Trump afirma soberania dos terrenos da base militar na Gronel\u00e2ndia\",\"datePublished\":\"2026-01-24T19:36:51+00:00\",\"mainEntityOfPage\":{\"@id\":\"https:\/\/portaltela.pt\/noticias\/2026\/01\/24\/trump-afirma-soberania-dos-terrenos-da-base-militar-na-gronelandia\/\"},\"wordCount\":328,\"image\":{\"@id\":\"https:\/\/portaltela.pt\/noticias\/2026\/01\/24\/trump-afirma-soberania-dos-terrenos-da-base-militar-na-gronelandia\/#primaryimage\"},\"thumbnailUrl\":\"https:\/\/portaltela.pt\/s.01k8rhncp4jt1\/2026\/01\/DOC.20260123.46408988.12673139_pG2UYOu.jpg\",\"keywords\":[\"coopera\u00e7\u00e3o internacional\",\"Estados Unidos\",\"For\u00e7as Armadas\",\"Gronel\u00c3\u00a2ndia\",\"Seguran\u00e7a Nacional\",\"Territ\u00f3rio\"],\"articleSection\":[\"Internacional\",\"Not\u00edcias\"],\"inLanguage\":\"pt-PT\"},{\"@type\":\"WebPage\",\"@id\":\"https:\/\/portaltela.pt\/noticias\/2026\/01\/24\/trump-afirma-soberania-dos-terrenos-da-base-militar-na-gronelandia\/\",\"url\":\"https:\/\/portaltela.pt\/noticias\/2026\/01\/24\/trump-afirma-soberania-dos-terrenos-da-base-militar-na-gronelandia\/\",\"name\":\"Trump afirma soberania dos terrenos da base militar na Gronel\u00e2ndia - Portal Tela Portugal\",\"isPartOf\":{\"@id\":\"https:\/\/portaltela.pt\/#website\"},\"primaryImageOfPage\":{\"@id\":\"https:\/\/portaltela.pt\/noticias\/2026\/01\/24\/trump-afirma-soberania-dos-terrenos-da-base-militar-na-gronelandia\/#primaryimage\"},\"image\":{\"@id\":\"https:\/\/portaltela.pt\/noticias\/2026\/01\/24\/trump-afirma-soberania-dos-terrenos-da-base-militar-na-gronelandia\/#primaryimage\"},\"thumbnailUrl\":\"https:\/\/portaltela.pt\/s.01k8rhncp4jt1\/2026\/01\/DOC.20260123.46408988.12673139_pG2UYOu.jpg\",\"datePublished\":\"2026-01-24T19:36:51+00:00\",\"author\":{\"@id\":\"https:\/\/portaltela.pt\/#\/schema\/person\/c4278d4a6028830caff9ee44b42d32ed\"},\"breadcrumb\":{\"@id\":\"https:\/\/portaltela.pt\/noticias\/2026\/01\/24\/trump-afirma-soberania-dos-terrenos-da-base-militar-na-gronelandia\/#breadcrumb\"},\"inLanguage\":\"pt-PT\",\"potentialAction\":[{\"@type\":\"ReadAction\",\"target\":[\"https:\/\/portaltela.pt\/noticias\/2026\/01\/24\/trump-afirma-soberania-dos-terrenos-da-base-militar-na-gronelandia\/\"]}]},{\"@type\":\"ImageObject\",\"inLanguage\":\"pt-PT\",\"@id\":\"https:\/\/portaltela.pt\/noticias\/2026\/01\/24\/trump-afirma-soberania-dos-terrenos-da-base-militar-na-gronelandia\/#primaryimage\",\"url\":\"https:\/\/portaltela.pt\/s.01k8rhncp4jt1\/2026\/01\/DOC.20260123.46408988.12673139_pG2UYOu.jpg\",\"contentUrl\":\"https:\/\/portaltela.pt\/s.01k8rhncp4jt1\/2026\/01\/DOC.20260123.46408988.12673139_pG2UYOu.jpg\",\"width\":796,\"height\":448,\"caption\":\"Trump diz que Estados Unidos ter\u00e3o soberania dos terrenos da base militar da Gronel\u00e2ndia\"},{\"@type\":\"BreadcrumbList\",\"@id\":\"https:\/\/portaltela.pt\/noticias\/2026\/01\/24\/trump-afirma-soberania-dos-terrenos-da-base-militar-na-gronelandia\/#breadcrumb\",\"itemListElement\":[{\"@type\":\"ListItem\",\"position\":1,\"name\":\"In\u00edcio\",\"item\":\"https:\/\/portaltela.pt\/\"},{\"@type\":\"ListItem\",\"position\":2,\"name\":\"Trump afirma soberania dos terrenos da base militar na Gronel\u00e2ndia\"}]},{\"@type\":\"WebSite\",\"@id\":\"https:\/\/portaltela.pt\/#website\",\"url\":\"https:\/\/portaltela.pt\/\",\"name\":\"Portal Tela Portugal\",\"description\":\"\",\"potentialAction\":[{\"@type\":\"SearchAction\",\"target\":{\"@type\":\"EntryPoint\",\"urlTemplate\":\"https:\/\/portaltela.pt\/?s={search_term_string}\"},\"query-input\":{\"@type\":\"PropertyValueSpecification\",\"valueRequired\":true,\"valueName\":\"search_term_string\"}}],\"inLanguage\":\"pt-PT\"},{\"@type\":\"Person\",\"@id\":\"https:\/\/portaltela.pt\/#\/schema\/person\/c4278d4a6028830caff9ee44b42d32ed\",\"name\":\"Telinha\",\"image\":{\"@type\":\"ImageObject\",\"inLanguage\":\"pt-PT\",\"@id\":\"https:\/\/portaltela.pt\/s.01k8rhncp4jt1\/2025\/11\/talking-bot-125x125.png\",\"url\":\"https:\/\/portaltela.pt\/s.01k8rhncp4jt1\/2025\/11\/talking-bot-125x125.png\",\"contentUrl\":\"https:\/\/portaltela.pt\/s.01k8rhncp4jt1\/2025\/11\/talking-bot-125x125.png\",\"caption\":\"Telinha\"},\"sameAs\":[\"https:\/\/portaltela.pt\/\"],\"url\":\"https:\/\/portaltela.pt\/por\/367410592786\/\"}]}<\/script>\n<!-- \/ Yoast SEO plugin. -->","yoast_head_json":{"title":"Trump afirma soberania dos terrenos da base militar na Gronel\u00e2ndia - Portal Tela Portugal","robots":{"index":"index","follow":"follow","max-snippet":"max-snippet:-1","max-image-preview":"max-image-preview:large","max-video-preview":"max-video-preview:-1"},"og_locale":"pt_PT","og_type":"article","og_title":"Trump afirma soberania dos terrenos da base militar na Gronel\u00e2ndia - Portal Tela Portugal","og_description":"O presidente dos EUA, Donald Trump, afirmou que os Estados Unidos ter\u00e3o soberania sobre os terrenos onde fica a base militar na Gronel\u00e2ndia, com base num pr\u00e9-acordo com a NATO em Davos. Trump disse ter \u201ctodo o acesso militar\u201d que quiser \u00e0quele territ\u00f3rio, sem indicar prazos ou limites. O pr\u00e9-acordo foi anunciado ap\u00f3s a reuni\u00e3o entre Trump e o secret\u00e1rio-geral da NATO, Mark Rutte, no F\u00f3rum Econ\u00f3mico Mundial de Davos. A Gronel\u00e2ndia depende da Dinamarca e j\u00e1 mant\u00e9m uma base militar no norte sob um acordo de defesa assinado em mil novecentos e cinquenta e um (atualizado em mil e quatro). Atualmente, a Gronel\u00e2ndia alberga cerca de cento e cinquenta militares e mais de tr\u00eas centenas de funcion\u00e1rios na base, resultado da redu\u00e7\u00e3o de dezoito bases desde mil novecentos e quarenta e cinco.","og_url":"https:\/\/portaltela.pt\/noticias\/2026\/01\/24\/trump-afirma-soberania-dos-terrenos-da-base-militar-na-gronelandia\/","og_site_name":"Portal Tela Portugal","article_published_time":"2026-01-24T19:36:51+00:00","author":"Telinha","twitter_card":"summary_large_image","twitter_misc":{"Escrito por":"Telinha","Tempo estimado de leitura":"2 minutos"},"schema":{"@context":"https:\/\/schema.org","@graph":[{"@type":"Article","@id":"https:\/\/portaltela.pt\/noticias\/2026\/01\/24\/trump-afirma-soberania-dos-terrenos-da-base-militar-na-gronelandia\/#article","isPartOf":{"@id":"https:\/\/portaltela.pt\/noticias\/2026\/01\/24\/trump-afirma-soberania-dos-terrenos-da-base-militar-na-gronelandia\/"},"author":{"name":"Telinha","@id":"https:\/\/portaltela.pt\/#\/schema\/person\/c4278d4a6028830caff9ee44b42d32ed"},"headline":"Trump afirma soberania dos terrenos da base militar na Gronel\u00e2ndia","datePublished":"2026-01-24T19:36:51+00:00","mainEntityOfPage":{"@id":"https:\/\/portaltela.pt\/noticias\/2026\/01\/24\/trump-afirma-soberania-dos-terrenos-da-base-militar-na-gronelandia\/"},"wordCount":328,"image":{"@id":"https:\/\/portaltela.pt\/noticias\/2026\/01\/24\/trump-afirma-soberania-dos-terrenos-da-base-militar-na-gronelandia\/#primaryimage"},"thumbnailUrl":"https:\/\/portaltela.pt\/s.01k8rhncp4jt1\/2026\/01\/DOC.20260123.46408988.12673139_pG2UYOu.jpg","keywords":["coopera\u00e7\u00e3o internacional","Estados Unidos","For\u00e7as Armadas","Gronel\u00c3\u00a2ndia","Seguran\u00e7a Nacional","Territ\u00f3rio"],"articleSection":["Internacional","Not\u00edcias"],"inLanguage":"pt-PT"},{"@type":"WebPage","@id":"https:\/\/portaltela.pt\/noticias\/2026\/01\/24\/trump-afirma-soberania-dos-terrenos-da-base-militar-na-gronelandia\/","url":"https:\/\/portaltela.pt\/noticias\/2026\/01\/24\/trump-afirma-soberania-dos-terrenos-da-base-militar-na-gronelandia\/","name":"Trump afirma soberania dos terrenos da base militar na Gronel\u00e2ndia - Portal Tela Portugal","isPartOf":{"@id":"https:\/\/portaltela.pt\/#website"},"primaryImageOfPage":{"@id":"https:\/\/portaltela.pt\/noticias\/2026\/01\/24\/trump-afirma-soberania-dos-terrenos-da-base-militar-na-gronelandia\/#primaryimage"},"image":{"@id":"https:\/\/portaltela.pt\/noticias\/2026\/01\/24\/trump-afirma-soberania-dos-terrenos-da-base-militar-na-gronelandia\/#primaryimage"},"thumbnailUrl":"https:\/\/portaltela.pt\/s.01k8rhncp4jt1\/2026\/01\/DOC.20260123.46408988.12673139_pG2UYOu.jpg","datePublished":"2026-01-24T19:36:51+00:00","author":{"@id":"https:\/\/portaltela.pt\/#\/schema\/person\/c4278d4a6028830caff9ee44b42d32ed"},"breadcrumb":{"@id":"https:\/\/portaltela.pt\/noticias\/2026\/01\/24\/trump-afirma-soberania-dos-terrenos-da-base-militar-na-gronelandia\/#breadcrumb"},"inLanguage":"pt-PT","potentialAction":[{"@type":"ReadAction","target":["https:\/\/portaltela.pt\/noticias\/2026\/01\/24\/trump-afirma-soberania-dos-terrenos-da-base-militar-na-gronelandia\/"]}]},{"@type":"ImageObject","inLanguage":"pt-PT","@id":"https:\/\/portaltela.pt\/noticias\/2026\/01\/24\/trump-afirma-soberania-dos-terrenos-da-base-militar-na-gronelandia\/#primaryimage","url":"https:\/\/portaltela.pt\/s.01k8rhncp4jt1\/2026\/01\/DOC.20260123.46408988.12673139_pG2UYOu.jpg","contentUrl":"https:\/\/portaltela.pt\/s.01k8rhncp4jt1\/2026\/01\/DOC.20260123.46408988.12673139_pG2UYOu.jpg","width":796,"height":448,"caption":"Trump diz que Estados Unidos ter\u00e3o soberania dos terrenos da base militar da Gronel\u00e2ndia"},{"@type":"BreadcrumbList","@id":"https:\/\/portaltela.pt\/noticias\/2026\/01\/24\/trump-afirma-soberania-dos-terrenos-da-base-militar-na-gronelandia\/#breadcrumb","itemListElement":[{"@type":"ListItem","position":1,"name":"In\u00edcio","item":"https:\/\/portaltela.pt\/"},{"@type":"ListItem","position":2,"name":"Trump afirma soberania dos terrenos da base militar na Gronel\u00e2ndia"}]},{"@type":"WebSite","@id":"https:\/\/portaltela.pt\/#website","url":"https:\/\/portaltela.pt\/","name":"Portal Tela Portugal","description":"","potentialAction":[{"@type":"SearchAction","target":{"@type":"EntryPoint","urlTemplate":"https:\/\/portaltela.pt\/?s={search_term_string}"},"query-input":{"@type":"PropertyValueSpecification","valueRequired":true,"valueName":"search_term_string"}}],"inLanguage":"pt-PT"},{"@type":"Person","@id":"https:\/\/portaltela.pt\/#\/schema\/person\/c4278d4a6028830caff9ee44b42d32ed","name":"Telinha","image":{"@type":"ImageObject","inLanguage":"pt-PT","@id":"https:\/\/portaltela.pt\/s.01k8rhncp4jt1\/2025\/11\/talking-bot-125x125.png","url":"https:\/\/portaltela.pt\/s.01k8rhncp4jt1\/2025\/11\/talking-bot-125x125.png","contentUrl":"https:\/\/portaltela.pt\/s.01k8rhncp4jt1\/2025\/11\/talking-bot-125x125.png","caption":"Telinha"},"sameAs":["https:\/\/portaltela.pt\/"],"url":"https:\/\/portaltela.pt\/por\/367410592786\/"}]}},"_links":{"self":[{"href":"https:\/\/portaltela.pt\/api\/wp\/v2\/posts\/170717","targetHints":{"allow":["GET"]}}],"collection":[{"href":"https:\/\/portaltela.pt\/api\/wp\/v2\/posts"}],"about":[{"href":"https:\/\/portaltela.pt\/api\/wp\/v2\/types\/post"}],"author":[{"embeddable":true,"href":"https:\/\/portaltela.pt\/api\/wp\/v2\/users\/2"}],"replies":[{"embeddable":true,"href":"https:\/\/portaltela.pt\/api\/wp\/v2\/comments?post=170717"}],"version-history":[{"count":0,"href":"https:\/\/portaltela.pt\/api\/wp\/v2\/posts\/170717\/revisions"}],"wp:featuredmedia":[{"embeddable":true,"href":"https:\/\/portaltela.pt\/api\/wp\/v2\/media\/170724"}],"wp:attachment":[{"href":"https:\/\/portaltela.pt\/api\/wp\/v2\/media?parent=170717"}],"wp:term":[{"taxonomy":"category","embeddable":true,"href":"https:\/\/portaltela.pt\/api\/wp\/v2\/categories?post=170717"},{"taxonomy":"post_tag","embeddable":true,"href":"https:\/\/portaltela.pt\/api\/wp\/v2\/tags?post=170717"}],"curies":[{"name":"wp","href":"https:\/\/api.w.org\/{rel}","templated":true}]}}