{"id":170714,"date":"2026-01-24T17:20:00","date_gmt":"2026-01-24T20:20:00","guid":{"rendered":"https:\/\/portaltela.pt\/noticias\/2026\/01\/24\/bombeiros-da-covilha-e-penamacor-em-conflito-com-direcao-e-comando\/"},"modified":"2026-01-24T17:20:00","modified_gmt":"2026-01-24T20:20:00","slug":"bombeiros-da-covilha-e-penamacor-em-conflito-com-direcao-e-comando","status":"publish","type":"post","link":"https:\/\/portaltela.pt\/noticias\/2026\/01\/24\/bombeiros-da-covilha-e-penamacor-em-conflito-com-direcao-e-comando\/","title":{"rendered":"Bombeiros da Covilh\u00e3 e Penamacor em conflito com dire\u00e7\u00e3o e comando"},"content":{"rendered":"<p>Os Bombeiros Volunt\u00e1rios de Penamacor vivem uma crise interna que se tornou p\u00fablica. Um grupo representativo da maioria do corpo ativo enviou uma carta \u00e0 dire\u00e7\u00e3o da institui\u00e7\u00e3o para pedir a demiss\u00e3o do comando, liderado pelo comandante Bruno Cunha, em fun\u00e7\u00f5es desde 2022, e do segundo comandante Bruno Rito. O conte\u00fado da missiva ser\u00e1 tornada p\u00fablico apenas se a situa\u00e7\u00e3o n\u00e3o se resolver.<\/p>\n<p>O movimento ocorreu ap\u00f3s uma semana de tens\u00f5es entre os operacionais e o comando. Os bombeiros solicitam mudan\u00e7as que consideram essenciais para o funcionamento da corpora\u00e7\u00e3o e para a valoriza\u00e7\u00e3o dos trabalhadores. A dire\u00e7\u00e3o afirma que a situa\u00e7\u00e3o ser\u00e1 analisada internamente.<\/p>\n<h3>Penamacor: demiss\u00f5es anunciadas<\/h3>\n<p>Foi anunciada a demiss\u00e3o do segundo comandante Bruno Rito, que recorda ter contribu\u00eddo para v\u00e1rios avan\u00e7os na corpora\u00e7\u00e3o ao longo de tr\u00eas anos. O balan\u00e7o inclui melhorias das condi\u00e7\u00f5es de trabalho, requalifica\u00e7\u00e3o do quartel, aquisi\u00e7\u00e3o de viaturas e equipamento de prote\u00e7\u00e3o, bem como a cria\u00e7\u00e3o da segunda Equipa de Interven\u00e7\u00e3o Permanente.<\/p>\n<p>O comandante Bruno Cunha confirmou a cessa\u00e7\u00e3o de fun\u00e7\u00f5es, apenas dizendo que o cargo foi assumido em circunst\u00e2ncias dif\u00edceis e que procurou agir pelo bem dos bombeiros e da popula\u00e7\u00e3o. A gest\u00e3o enfatiza que o socorro 24 horas permanece garantido.<\/p>\n<h3>Covilh\u00e3: comando em supl\u00eancia<\/h3>\n<p>No universo dos Bombeiros da Covilh\u00e3, o comando encontra-se em supl\u00eancia desde in\u00edcio de janeiro. O oficial mais graduado ocupa interinamente a posi\u00e7\u00e3o ap\u00f3s a sa\u00edda do segundo comandante Ricardo Vilhena, que pediu exonera\u00e7\u00e3o, acompanhada de outros adjuntos. O motivo alegado \u00e9 uma incompatibilidade com a dire\u00e7\u00e3o municipal.<\/p>\n<p>Voaram rumores de que outros bombeiros possam seguir para o quadro de reserva se a crise persistir. O atual comando interino n\u00e3o detalha as solu\u00e7\u00f5es encontradas para estabilizar a lideran\u00e7a, limitando-se a afirmar que a quest\u00e3o foi resolvida.<\/p>\n","protected":false},"excerpt":{"rendered":"<ul>\n<li>Bombeiros da Covilh\u00e3 e Penamacor enviaram uma carta \u00e0 dire\u00e7\u00e3o da Associa\u00e7\u00e3o Humanit\u00e1ria de Bombeiros Volunt\u00e1rios de Penamacor a pedir a demiss\u00e3o do comando, incluindo o comandante Bruno Cunha (em fun\u00e7\u00f5es desde 2022) e o segundo comandante Bruno Rito; os restantes pontos s\u00f3 ser\u00e3o revelados se n\u00e3o houver resolu\u00e7\u00e3o.<\/li>\n<li>Bruno Rito foi o primeiro a demitir-se, referindo ter cumprido uma miss\u00e3o de tr\u00eas anos e destacando projetos que melhoraram as condi\u00e7\u00f5es de trabalho, incluindo requalifica\u00e7\u00e3o do quartel, aquisi\u00e7\u00e3o de ve\u00edculos, prote\u00e7\u00e3o individual e cria\u00e7\u00e3o da segunda Equipa de Interven\u00e7\u00e3o Permanente (EIP).<\/li>\n<li>No s\u00e1bado ficou conhecida a demiss\u00e3o do comandante Bruno Cunha, que escreveu nas redes sociais ter sa\u00eddo de cabe\u00e7a erguida e com a consci\u00eancia tranquila, afirmando ter feito o melhor pelos bombeiros e pela popula\u00e7\u00e3o.<\/li>\n<li>O presidente da dire\u00e7\u00e3o, Ant\u00f3nio Lu\u00eds Beites, garantiu que o socorro 24 horas est\u00e1 assegurado e afirmou que a quez\u00edlia \u00e9 uma quest\u00e3o interna a ser analisada e resolvida pela dire\u00e7\u00e3o.<\/li>\n<li>Em Covilh\u00e3, o comando entrou em supl\u00eancia, com o oficial mais graduado a orientar a corpora\u00e7\u00e3o, ap\u00f3s a sa\u00edda de Ricardo Vilhena e dos adjuntos; Joaquim Matias disse que a situa\u00e7\u00e3o est\u00e1 resolvida, sem explicitar a solu\u00e7\u00e3o.<\/li>\n<\/ul>\n","protected":false},"author":2,"featured_media":170716,"comment_status":"closed","ping_status":"closed","sticky":false,"template":"","format":"standard","meta":{"footnotes":""},"categories":[1],"tags":[971,2327,1306,2939,3282,3422],"class_list":["post-170714","post","type-post","status-publish","format-standard","has-post-thumbnail","hentry","category-noticias","tag-bombeiros","tag-comando","tag-covilha","tag-direcao","tag-interino","tag-penamacor"],"yoast_head":"<!-- This site is optimized with the Yoast SEO plugin v27.2 - https:\/\/yoast.com\/product\/yoast-seo-wordpress\/ -->\n<title>Bombeiros da Covilh\u00e3 e Penamacor em conflito com dire\u00e7\u00e3o e comando - Portal Tela Portugal<\/title>\n<meta name=\"robots\" content=\"index, follow, max-snippet:-1, max-image-preview:large, max-video-preview:-1\" \/>\n<meta property=\"og:locale\" content=\"pt_PT\" \/>\n<meta property=\"og:type\" content=\"article\" \/>\n<meta property=\"og:title\" content=\"Bombeiros da Covilh\u00e3 e Penamacor em conflito com dire\u00e7\u00e3o e comando - Portal Tela Portugal\" \/>\n<meta property=\"og:description\" content=\"Bombeiros da Covilh\u00e3 e Penamacor enviaram uma carta \u00e0 dire\u00e7\u00e3o da Associa\u00e7\u00e3o Humanit\u00e1ria de Bombeiros Volunt\u00e1rios de Penamacor a pedir a demiss\u00e3o do comando, incluindo o comandante Bruno Cunha (em fun\u00e7\u00f5es desde 2022) e o segundo comandante Bruno Rito; os restantes pontos s\u00f3 ser\u00e3o revelados se n\u00e3o houver resolu\u00e7\u00e3o. Bruno Rito foi o primeiro a demitir-se, referindo ter cumprido uma miss\u00e3o de tr\u00eas anos e destacando projetos que melhoraram as condi\u00e7\u00f5es de trabalho, incluindo requalifica\u00e7\u00e3o do quartel, aquisi\u00e7\u00e3o de ve\u00edculos, prote\u00e7\u00e3o individual e cria\u00e7\u00e3o da segunda Equipa de Interven\u00e7\u00e3o Permanente (EIP). No s\u00e1bado ficou conhecida a demiss\u00e3o do comandante Bruno Cunha, que escreveu nas redes sociais ter sa\u00eddo de cabe\u00e7a erguida e com a consci\u00eancia tranquila, afirmando ter feito o melhor pelos bombeiros e pela popula\u00e7\u00e3o. O presidente da dire\u00e7\u00e3o, Ant\u00f3nio Lu\u00eds Beites, garantiu que o socorro 24 horas est\u00e1 assegurado e afirmou que a quez\u00edlia \u00e9 uma quest\u00e3o interna a ser analisada e resolvida pela dire\u00e7\u00e3o. Em Covilh\u00e3, o comando entrou em supl\u00eancia, com o oficial mais graduado a orientar a corpora\u00e7\u00e3o, ap\u00f3s a sa\u00edda de Ricardo Vilhena e dos adjuntos; Joaquim Matias disse que a situa\u00e7\u00e3o est\u00e1 resolvida, sem explicitar a solu\u00e7\u00e3o.\" \/>\n<meta property=\"og:url\" content=\"https:\/\/portaltela.pt\/noticias\/2026\/01\/24\/bombeiros-da-covilha-e-penamacor-em-conflito-com-direcao-e-comando\/\" \/>\n<meta property=\"og:site_name\" content=\"Portal Tela Portugal\" \/>\n<meta property=\"article:published_time\" content=\"2026-01-24T20:20:00+00:00\" \/>\n<meta name=\"author\" content=\"Telinha\" \/>\n<meta name=\"twitter:card\" content=\"summary_large_image\" \/>\n<meta name=\"twitter:label1\" content=\"Escrito por\" \/>\n\t<meta name=\"twitter:data1\" content=\"Telinha\" \/>\n\t<meta name=\"twitter:label2\" content=\"Tempo estimado de leitura\" \/>\n\t<meta name=\"twitter:data2\" content=\"2 minutos\" \/>\n<script type=\"application\/ld+json\" class=\"yoast-schema-graph\">{\"@context\":\"https:\/\/schema.org\",\"@graph\":[{\"@type\":\"Article\",\"@id\":\"https:\/\/portaltela.pt\/noticias\/2026\/01\/24\/bombeiros-da-covilha-e-penamacor-em-conflito-com-direcao-e-comando\/#article\",\"isPartOf\":{\"@id\":\"https:\/\/portaltela.pt\/noticias\/2026\/01\/24\/bombeiros-da-covilha-e-penamacor-em-conflito-com-direcao-e-comando\/\"},\"author\":{\"name\":\"Telinha\",\"@id\":\"https:\/\/portaltela.pt\/#\/schema\/person\/c4278d4a6028830caff9ee44b42d32ed\"},\"headline\":\"Bombeiros da Covilh\u00e3 e Penamacor em conflito com dire\u00e7\u00e3o e comando\",\"datePublished\":\"2026-01-24T20:20:00+00:00\",\"mainEntityOfPage\":{\"@id\":\"https:\/\/portaltela.pt\/noticias\/2026\/01\/24\/bombeiros-da-covilha-e-penamacor-em-conflito-com-direcao-e-comando\/\"},\"wordCount\":345,\"image\":{\"@id\":\"https:\/\/portaltela.pt\/noticias\/2026\/01\/24\/bombeiros-da-covilha-e-penamacor-em-conflito-com-direcao-e-comando\/#primaryimage\"},\"thumbnailUrl\":\"https:\/\/portaltela.pt\/s.01k8rhncp4jt1\/2026\/01\/c069841e-a92b-4e20-a3c2-25217853485a_1200x675.jpg\",\"keywords\":[\"bombeiros\",\"comando\",\"Covilh\u00e3\",\"Dire\u00e7\u00e3o\",\"interino\",\"Penamacor\"],\"articleSection\":[\"Not\u00edcias\"],\"inLanguage\":\"pt-PT\"},{\"@type\":\"WebPage\",\"@id\":\"https:\/\/portaltela.pt\/noticias\/2026\/01\/24\/bombeiros-da-covilha-e-penamacor-em-conflito-com-direcao-e-comando\/\",\"url\":\"https:\/\/portaltela.pt\/noticias\/2026\/01\/24\/bombeiros-da-covilha-e-penamacor-em-conflito-com-direcao-e-comando\/\",\"name\":\"Bombeiros da Covilh\u00e3 e Penamacor em conflito com dire\u00e7\u00e3o e comando - Portal Tela Portugal\",\"isPartOf\":{\"@id\":\"https:\/\/portaltela.pt\/#website\"},\"primaryImageOfPage\":{\"@id\":\"https:\/\/portaltela.pt\/noticias\/2026\/01\/24\/bombeiros-da-covilha-e-penamacor-em-conflito-com-direcao-e-comando\/#primaryimage\"},\"image\":{\"@id\":\"https:\/\/portaltela.pt\/noticias\/2026\/01\/24\/bombeiros-da-covilha-e-penamacor-em-conflito-com-direcao-e-comando\/#primaryimage\"},\"thumbnailUrl\":\"https:\/\/portaltela.pt\/s.01k8rhncp4jt1\/2026\/01\/c069841e-a92b-4e20-a3c2-25217853485a_1200x675.jpg\",\"datePublished\":\"2026-01-24T20:20:00+00:00\",\"author\":{\"@id\":\"https:\/\/portaltela.pt\/#\/schema\/person\/c4278d4a6028830caff9ee44b42d32ed\"},\"breadcrumb\":{\"@id\":\"https:\/\/portaltela.pt\/noticias\/2026\/01\/24\/bombeiros-da-covilha-e-penamacor-em-conflito-com-direcao-e-comando\/#breadcrumb\"},\"inLanguage\":\"pt-PT\",\"potentialAction\":[{\"@type\":\"ReadAction\",\"target\":[\"https:\/\/portaltela.pt\/noticias\/2026\/01\/24\/bombeiros-da-covilha-e-penamacor-em-conflito-com-direcao-e-comando\/\"]}]},{\"@type\":\"ImageObject\",\"inLanguage\":\"pt-PT\",\"@id\":\"https:\/\/portaltela.pt\/noticias\/2026\/01\/24\/bombeiros-da-covilha-e-penamacor-em-conflito-com-direcao-e-comando\/#primaryimage\",\"url\":\"https:\/\/portaltela.pt\/s.01k8rhncp4jt1\/2026\/01\/c069841e-a92b-4e20-a3c2-25217853485a_1200x675.jpg\",\"contentUrl\":\"https:\/\/portaltela.pt\/s.01k8rhncp4jt1\/2026\/01\/c069841e-a92b-4e20-a3c2-25217853485a_1200x675.jpg\",\"width\":796,\"height\":448,\"caption\":\"Coopera\u00e7\u00f5es de bombeiros em desacordo\"},{\"@type\":\"BreadcrumbList\",\"@id\":\"https:\/\/portaltela.pt\/noticias\/2026\/01\/24\/bombeiros-da-covilha-e-penamacor-em-conflito-com-direcao-e-comando\/#breadcrumb\",\"itemListElement\":[{\"@type\":\"ListItem\",\"position\":1,\"name\":\"In\u00edcio\",\"item\":\"https:\/\/portaltela.pt\/\"},{\"@type\":\"ListItem\",\"position\":2,\"name\":\"Bombeiros da Covilh\u00e3 e Penamacor em conflito com dire\u00e7\u00e3o e comando\"}]},{\"@type\":\"WebSite\",\"@id\":\"https:\/\/portaltela.pt\/#website\",\"url\":\"https:\/\/portaltela.pt\/\",\"name\":\"Portal Tela Portugal\",\"description\":\"\",\"potentialAction\":[{\"@type\":\"SearchAction\",\"target\":{\"@type\":\"EntryPoint\",\"urlTemplate\":\"https:\/\/portaltela.pt\/?s={search_term_string}\"},\"query-input\":{\"@type\":\"PropertyValueSpecification\",\"valueRequired\":true,\"valueName\":\"search_term_string\"}}],\"inLanguage\":\"pt-PT\"},{\"@type\":\"Person\",\"@id\":\"https:\/\/portaltela.pt\/#\/schema\/person\/c4278d4a6028830caff9ee44b42d32ed\",\"name\":\"Telinha\",\"image\":{\"@type\":\"ImageObject\",\"inLanguage\":\"pt-PT\",\"@id\":\"https:\/\/portaltela.pt\/s.01k8rhncp4jt1\/2025\/11\/talking-bot-125x125.png\",\"url\":\"https:\/\/portaltela.pt\/s.01k8rhncp4jt1\/2025\/11\/talking-bot-125x125.png\",\"contentUrl\":\"https:\/\/portaltela.pt\/s.01k8rhncp4jt1\/2025\/11\/talking-bot-125x125.png\",\"caption\":\"Telinha\"},\"sameAs\":[\"https:\/\/portaltela.pt\/\"],\"url\":\"https:\/\/portaltela.pt\/por\/367410592786\/\"}]}<\/script>\n<!-- \/ Yoast SEO plugin. -->","yoast_head_json":{"title":"Bombeiros da Covilh\u00e3 e Penamacor em conflito com dire\u00e7\u00e3o e comando - Portal Tela Portugal","robots":{"index":"index","follow":"follow","max-snippet":"max-snippet:-1","max-image-preview":"max-image-preview:large","max-video-preview":"max-video-preview:-1"},"og_locale":"pt_PT","og_type":"article","og_title":"Bombeiros da Covilh\u00e3 e Penamacor em conflito com dire\u00e7\u00e3o e comando - Portal Tela Portugal","og_description":"Bombeiros da Covilh\u00e3 e Penamacor enviaram uma carta \u00e0 dire\u00e7\u00e3o da Associa\u00e7\u00e3o Humanit\u00e1ria de Bombeiros Volunt\u00e1rios de Penamacor a pedir a demiss\u00e3o do comando, incluindo o comandante Bruno Cunha (em fun\u00e7\u00f5es desde 2022) e o segundo comandante Bruno Rito; os restantes pontos s\u00f3 ser\u00e3o revelados se n\u00e3o houver resolu\u00e7\u00e3o. Bruno Rito foi o primeiro a demitir-se, referindo ter cumprido uma miss\u00e3o de tr\u00eas anos e destacando projetos que melhoraram as condi\u00e7\u00f5es de trabalho, incluindo requalifica\u00e7\u00e3o do quartel, aquisi\u00e7\u00e3o de ve\u00edculos, prote\u00e7\u00e3o individual e cria\u00e7\u00e3o da segunda Equipa de Interven\u00e7\u00e3o Permanente (EIP). No s\u00e1bado ficou conhecida a demiss\u00e3o do comandante Bruno Cunha, que escreveu nas redes sociais ter sa\u00eddo de cabe\u00e7a erguida e com a consci\u00eancia tranquila, afirmando ter feito o melhor pelos bombeiros e pela popula\u00e7\u00e3o. O presidente da dire\u00e7\u00e3o, Ant\u00f3nio Lu\u00eds Beites, garantiu que o socorro 24 horas est\u00e1 assegurado e afirmou que a quez\u00edlia \u00e9 uma quest\u00e3o interna a ser analisada e resolvida pela dire\u00e7\u00e3o. Em Covilh\u00e3, o comando entrou em supl\u00eancia, com o oficial mais graduado a orientar a corpora\u00e7\u00e3o, ap\u00f3s a sa\u00edda de Ricardo Vilhena e dos adjuntos; Joaquim Matias disse que a situa\u00e7\u00e3o est\u00e1 resolvida, sem explicitar a solu\u00e7\u00e3o.","og_url":"https:\/\/portaltela.pt\/noticias\/2026\/01\/24\/bombeiros-da-covilha-e-penamacor-em-conflito-com-direcao-e-comando\/","og_site_name":"Portal Tela Portugal","article_published_time":"2026-01-24T20:20:00+00:00","author":"Telinha","twitter_card":"summary_large_image","twitter_misc":{"Escrito por":"Telinha","Tempo estimado de leitura":"2 minutos"},"schema":{"@context":"https:\/\/schema.org","@graph":[{"@type":"Article","@id":"https:\/\/portaltela.pt\/noticias\/2026\/01\/24\/bombeiros-da-covilha-e-penamacor-em-conflito-com-direcao-e-comando\/#article","isPartOf":{"@id":"https:\/\/portaltela.pt\/noticias\/2026\/01\/24\/bombeiros-da-covilha-e-penamacor-em-conflito-com-direcao-e-comando\/"},"author":{"name":"Telinha","@id":"https:\/\/portaltela.pt\/#\/schema\/person\/c4278d4a6028830caff9ee44b42d32ed"},"headline":"Bombeiros da Covilh\u00e3 e Penamacor em conflito com dire\u00e7\u00e3o e comando","datePublished":"2026-01-24T20:20:00+00:00","mainEntityOfPage":{"@id":"https:\/\/portaltela.pt\/noticias\/2026\/01\/24\/bombeiros-da-covilha-e-penamacor-em-conflito-com-direcao-e-comando\/"},"wordCount":345,"image":{"@id":"https:\/\/portaltela.pt\/noticias\/2026\/01\/24\/bombeiros-da-covilha-e-penamacor-em-conflito-com-direcao-e-comando\/#primaryimage"},"thumbnailUrl":"https:\/\/portaltela.pt\/s.01k8rhncp4jt1\/2026\/01\/c069841e-a92b-4e20-a3c2-25217853485a_1200x675.jpg","keywords":["bombeiros","comando","Covilh\u00e3","Dire\u00e7\u00e3o","interino","Penamacor"],"articleSection":["Not\u00edcias"],"inLanguage":"pt-PT"},{"@type":"WebPage","@id":"https:\/\/portaltela.pt\/noticias\/2026\/01\/24\/bombeiros-da-covilha-e-penamacor-em-conflito-com-direcao-e-comando\/","url":"https:\/\/portaltela.pt\/noticias\/2026\/01\/24\/bombeiros-da-covilha-e-penamacor-em-conflito-com-direcao-e-comando\/","name":"Bombeiros da Covilh\u00e3 e Penamacor em conflito com dire\u00e7\u00e3o e comando - Portal Tela Portugal","isPartOf":{"@id":"https:\/\/portaltela.pt\/#website"},"primaryImageOfPage":{"@id":"https:\/\/portaltela.pt\/noticias\/2026\/01\/24\/bombeiros-da-covilha-e-penamacor-em-conflito-com-direcao-e-comando\/#primaryimage"},"image":{"@id":"https:\/\/portaltela.pt\/noticias\/2026\/01\/24\/bombeiros-da-covilha-e-penamacor-em-conflito-com-direcao-e-comando\/#primaryimage"},"thumbnailUrl":"https:\/\/portaltela.pt\/s.01k8rhncp4jt1\/2026\/01\/c069841e-a92b-4e20-a3c2-25217853485a_1200x675.jpg","datePublished":"2026-01-24T20:20:00+00:00","author":{"@id":"https:\/\/portaltela.pt\/#\/schema\/person\/c4278d4a6028830caff9ee44b42d32ed"},"breadcrumb":{"@id":"https:\/\/portaltela.pt\/noticias\/2026\/01\/24\/bombeiros-da-covilha-e-penamacor-em-conflito-com-direcao-e-comando\/#breadcrumb"},"inLanguage":"pt-PT","potentialAction":[{"@type":"ReadAction","target":["https:\/\/portaltela.pt\/noticias\/2026\/01\/24\/bombeiros-da-covilha-e-penamacor-em-conflito-com-direcao-e-comando\/"]}]},{"@type":"ImageObject","inLanguage":"pt-PT","@id":"https:\/\/portaltela.pt\/noticias\/2026\/01\/24\/bombeiros-da-covilha-e-penamacor-em-conflito-com-direcao-e-comando\/#primaryimage","url":"https:\/\/portaltela.pt\/s.01k8rhncp4jt1\/2026\/01\/c069841e-a92b-4e20-a3c2-25217853485a_1200x675.jpg","contentUrl":"https:\/\/portaltela.pt\/s.01k8rhncp4jt1\/2026\/01\/c069841e-a92b-4e20-a3c2-25217853485a_1200x675.jpg","width":796,"height":448,"caption":"Coopera\u00e7\u00f5es de bombeiros em desacordo"},{"@type":"BreadcrumbList","@id":"https:\/\/portaltela.pt\/noticias\/2026\/01\/24\/bombeiros-da-covilha-e-penamacor-em-conflito-com-direcao-e-comando\/#breadcrumb","itemListElement":[{"@type":"ListItem","position":1,"name":"In\u00edcio","item":"https:\/\/portaltela.pt\/"},{"@type":"ListItem","position":2,"name":"Bombeiros da Covilh\u00e3 e Penamacor em conflito com dire\u00e7\u00e3o e comando"}]},{"@type":"WebSite","@id":"https:\/\/portaltela.pt\/#website","url":"https:\/\/portaltela.pt\/","name":"Portal Tela Portugal","description":"","potentialAction":[{"@type":"SearchAction","target":{"@type":"EntryPoint","urlTemplate":"https:\/\/portaltela.pt\/?s={search_term_string}"},"query-input":{"@type":"PropertyValueSpecification","valueRequired":true,"valueName":"search_term_string"}}],"inLanguage":"pt-PT"},{"@type":"Person","@id":"https:\/\/portaltela.pt\/#\/schema\/person\/c4278d4a6028830caff9ee44b42d32ed","name":"Telinha","image":{"@type":"ImageObject","inLanguage":"pt-PT","@id":"https:\/\/portaltela.pt\/s.01k8rhncp4jt1\/2025\/11\/talking-bot-125x125.png","url":"https:\/\/portaltela.pt\/s.01k8rhncp4jt1\/2025\/11\/talking-bot-125x125.png","contentUrl":"https:\/\/portaltela.pt\/s.01k8rhncp4jt1\/2025\/11\/talking-bot-125x125.png","caption":"Telinha"},"sameAs":["https:\/\/portaltela.pt\/"],"url":"https:\/\/portaltela.pt\/por\/367410592786\/"}]}},"_links":{"self":[{"href":"https:\/\/portaltela.pt\/api\/wp\/v2\/posts\/170714","targetHints":{"allow":["GET"]}}],"collection":[{"href":"https:\/\/portaltela.pt\/api\/wp\/v2\/posts"}],"about":[{"href":"https:\/\/portaltela.pt\/api\/wp\/v2\/types\/post"}],"author":[{"embeddable":true,"href":"https:\/\/portaltela.pt\/api\/wp\/v2\/users\/2"}],"replies":[{"embeddable":true,"href":"https:\/\/portaltela.pt\/api\/wp\/v2\/comments?post=170714"}],"version-history":[{"count":0,"href":"https:\/\/portaltela.pt\/api\/wp\/v2\/posts\/170714\/revisions"}],"wp:featuredmedia":[{"embeddable":true,"href":"https:\/\/portaltela.pt\/api\/wp\/v2\/media\/170716"}],"wp:attachment":[{"href":"https:\/\/portaltela.pt\/api\/wp\/v2\/media?parent=170714"}],"wp:term":[{"taxonomy":"category","embeddable":true,"href":"https:\/\/portaltela.pt\/api\/wp\/v2\/categories?post=170714"},{"taxonomy":"post_tag","embeddable":true,"href":"https:\/\/portaltela.pt\/api\/wp\/v2\/tags?post=170714"}],"curies":[{"name":"wp","href":"https:\/\/api.w.org\/{rel}","templated":true}]}}