{"id":170576,"date":"2026-01-24T15:29:48","date_gmt":"2026-01-24T18:29:48","guid":{"rendered":"https:\/\/portaltela.pt\/noticias\/2026\/01\/24\/afvr-antecipa-a-19-a-jornada-da-divisao-de-honra\/"},"modified":"2026-01-24T15:29:48","modified_gmt":"2026-01-24T18:29:48","slug":"afvr-antecipa-a-19-a-jornada-da-divisao-de-honra","status":"publish","type":"post","link":"https:\/\/portaltela.pt\/desporto\/futebol\/2026\/01\/24\/afvr-antecipa-a-19-a-jornada-da-divisao-de-honra\/","title":{"rendered":"AFVR antecipa a 19.\u00aa jornada da Divis\u00e3o de Honra"},"content":{"rendered":"<p>A 19.\u00aa jornada da Divis\u00e3o de Honra da AF Vila Real arrancar\u00e1 este fim de semana. Os jogos realizam-se no domingo, 25 de janeiro, numa fase em que a classifica\u00e7\u00e3o ganha contornos mais definidos ap\u00f3s 18 jornada disputadas. O encontro entre Montalegre e Cumieira foi adiado devido ao mau tempo.<\/p>\n<p>O GD Valpa\u00e7os, 10.\u00ba classificado com 25 pontos, recebe o ADC Constantim, 13.\u00ba com 16 pontos. Os dois clubes apresentam, respetivamente, 29 golos marcados e 21 sofridos, e 18 marcados e 25 sofridos no agregado.<\/p>\n<p>O FC Santa Marta, oitavo com 28 pontos, enfrenta o SC R\u00e9gua, segundo com 43 pontos. R\u00e9gua soma 56 golos marcados e 10 sofridos, num dos embates mais aguardados da ronda.<\/p>\n<p>No Est\u00e1dio da Portelinha, o Juventude de Pedras Salgadas, 9.\u00ba com 28 pontos, recebe o Sabroso, 15.\u00ba com 9 pontos. O derby concelhio promete, com favoritismo para a equipa de Marco Martins.<\/p>\n<p>O Vidago, quinto com 33 pontos, recebe o Atei, 11.\u00ba com 20 pontos. Vidago soma 41 bolas marcadas e 27 sofridas, enquanto o Atei tem 23 marcados e 42 sofridos.<\/p>\n<p>Mais um jogo da ronda coloca frente a frente FC Fontelas, \u00faltimo classificado sem pontos, ao receber o GD Cerva, 12.\u00ba com 17 pontos. Fontelas tem 7 golos marcados e 79 sofridos, enquanto Cerva soma 18 marcados e 31 sofridos.<\/p>\n<p>O Mondinense, quarto com 33 pontos, recebe o Mes\u00e3o Frio, s\u00e9timo com 30 pontos. Mondinense tem 36-12 em golos, Mes\u00e3o Frio 32-23 no agregado.<\/p>\n<p>A jornada fecha com Abambres, 16.\u00ba com 6 pontos, diante do Vila Pouca, terceiro com 37 pontos. Vila Pouca soma 36 golos marcados e 9 sofridos, num encontro de extremos opostos da tabela.<\/p>\n<p>O Vilar de Perdizes fica de folga nesta semana. A equipa ocupa o 6.\u00ba posto, com 31 pontos, 42 golos marcados e 17 sofridos. A ronda prossegue com os encontros programados para domingo.<\/p>\n","protected":false},"excerpt":{"rendered":"<ul>\n<li>Arranca a 19.\u00aa jornada da Divis\u00e3o de Honra da AF Vila Real, domingo, 25 de janeiro, iniciando a segunda volta e com a classifica\u00e7\u00e3o a ganhar contornos mais definidos.<\/li>\n<li>O jogo entre CDC Montalegre e SC Cumieira foi adiado devido \u00e0s condi\u00e7\u00f5es atmosf\u00e9ricas.<\/li>\n<li>GD Valpa\u00e7os (10.\u00ba, 25 pts) recebe ADC Constantim (13.\u00ba, 16 pts) em casa.<\/li>\n<li>FC Santa Marta (8.\u00ba, 28 pts) recebe SC R\u00e9gua (2.\u00ba, 43 pts) num dos jogos mais aguardados da ronda.<\/li>\n<li>Destaque para Abambres (16.\u00ba, 6 pts) vs Vila Pouca (3.\u00ba, 37 pts); Vilar de Perdizes fica de folga.<\/li>\n<\/ul>\n","protected":false},"author":2,"featured_media":170586,"comment_status":"closed","ping_status":"closed","sticky":false,"template":"","format":"standard","meta":{"footnotes":""},"categories":[21,24],"tags":[1392,3955,3913,1393,1391,2884],"class_list":["post-170576","post","type-post","status-publish","format-standard","has-post-thumbnail","hentry","category-desporto","category-futebol","tag-cerva","tag-divisao-de-honra-serie-b","tag-montalegre","tag-pedras-salgadas","tag-regua","tag-vidago"],"yoast_head":"<!-- This site is optimized with the Yoast SEO plugin v27.2 - https:\/\/yoast.com\/product\/yoast-seo-wordpress\/ -->\n<title>AFVR antecipa a 19.\u00aa jornada da Divis\u00e3o de Honra - Portal Tela Portugal<\/title>\n<meta name=\"robots\" content=\"index, follow, max-snippet:-1, max-image-preview:large, max-video-preview:-1\" \/>\n<meta property=\"og:locale\" content=\"pt_PT\" \/>\n<meta property=\"og:type\" content=\"article\" \/>\n<meta property=\"og:title\" content=\"AFVR antecipa a 19.\u00aa jornada da Divis\u00e3o de Honra - Portal Tela Portugal\" \/>\n<meta property=\"og:description\" content=\"Arranca a 19.\u00aa jornada da Divis\u00e3o de Honra da AF Vila Real, domingo, 25 de janeiro, iniciando a segunda volta e com a classifica\u00e7\u00e3o a ganhar contornos mais definidos. O jogo entre CDC Montalegre e SC Cumieira foi adiado devido \u00e0s condi\u00e7\u00f5es atmosf\u00e9ricas. GD Valpa\u00e7os (10.\u00ba, 25 pts) recebe ADC Constantim (13.\u00ba, 16 pts) em casa. FC Santa Marta (8.\u00ba, 28 pts) recebe SC R\u00e9gua (2.\u00ba, 43 pts) num dos jogos mais aguardados da ronda. Destaque para Abambres (16.\u00ba, 6 pts) vs Vila Pouca (3.\u00ba, 37 pts); Vilar de Perdizes fica de folga.\" \/>\n<meta property=\"og:url\" content=\"https:\/\/portaltela.pt\/noticias\/2026\/01\/24\/afvr-antecipa-a-19-a-jornada-da-divisao-de-honra\/\" \/>\n<meta property=\"og:site_name\" content=\"Portal Tela Portugal\" \/>\n<meta property=\"article:published_time\" content=\"2026-01-24T18:29:48+00:00\" \/>\n<meta name=\"author\" content=\"Telinha\" \/>\n<meta name=\"twitter:card\" content=\"summary_large_image\" \/>\n<meta name=\"twitter:label1\" content=\"Escrito por\" \/>\n\t<meta name=\"twitter:data1\" content=\"Telinha\" \/>\n\t<meta name=\"twitter:label2\" content=\"Tempo estimado de leitura\" \/>\n\t<meta name=\"twitter:data2\" content=\"1 minuto\" \/>\n<script type=\"application\/ld+json\" class=\"yoast-schema-graph\">{\"@context\":\"https:\/\/schema.org\",\"@graph\":[{\"@type\":\"Article\",\"@id\":\"https:\/\/portaltela.pt\/noticias\/2026\/01\/24\/afvr-antecipa-a-19-a-jornada-da-divisao-de-honra\/#article\",\"isPartOf\":{\"@id\":\"https:\/\/portaltela.pt\/noticias\/2026\/01\/24\/afvr-antecipa-a-19-a-jornada-da-divisao-de-honra\/\"},\"author\":{\"name\":\"Telinha\",\"@id\":\"https:\/\/portaltela.pt\/#\/schema\/person\/c4278d4a6028830caff9ee44b42d32ed\"},\"headline\":\"AFVR antecipa a 19.\u00aa jornada da Divis\u00e3o de Honra\",\"datePublished\":\"2026-01-24T18:29:48+00:00\",\"mainEntityOfPage\":{\"@id\":\"https:\/\/portaltela.pt\/noticias\/2026\/01\/24\/afvr-antecipa-a-19-a-jornada-da-divisao-de-honra\/\"},\"wordCount\":284,\"image\":{\"@id\":\"https:\/\/portaltela.pt\/noticias\/2026\/01\/24\/afvr-antecipa-a-19-a-jornada-da-divisao-de-honra\/#primaryimage\"},\"thumbnailUrl\":\"https:\/\/portaltela.pt\/s.01k8rhncp4jt1\/2026\/01\/unnamed-file-5031.jpg\",\"keywords\":[\"Cerva\",\"Divis\u00e3o de Honra \u2014 S\u00e9rie B\",\"Montalegre\",\"Pedras Salgadas\",\"R\u00e9gua\",\"Vidago\"],\"articleSection\":[\"Desporto\",\"Futebol\"],\"inLanguage\":\"pt-PT\"},{\"@type\":\"WebPage\",\"@id\":\"https:\/\/portaltela.pt\/noticias\/2026\/01\/24\/afvr-antecipa-a-19-a-jornada-da-divisao-de-honra\/\",\"url\":\"https:\/\/portaltela.pt\/noticias\/2026\/01\/24\/afvr-antecipa-a-19-a-jornada-da-divisao-de-honra\/\",\"name\":\"AFVR antecipa a 19.\u00aa jornada da Divis\u00e3o de Honra - Portal Tela Portugal\",\"isPartOf\":{\"@id\":\"https:\/\/portaltela.pt\/#website\"},\"primaryImageOfPage\":{\"@id\":\"https:\/\/portaltela.pt\/noticias\/2026\/01\/24\/afvr-antecipa-a-19-a-jornada-da-divisao-de-honra\/#primaryimage\"},\"image\":{\"@id\":\"https:\/\/portaltela.pt\/noticias\/2026\/01\/24\/afvr-antecipa-a-19-a-jornada-da-divisao-de-honra\/#primaryimage\"},\"thumbnailUrl\":\"https:\/\/portaltela.pt\/s.01k8rhncp4jt1\/2026\/01\/unnamed-file-5031.jpg\",\"datePublished\":\"2026-01-24T18:29:48+00:00\",\"author\":{\"@id\":\"https:\/\/portaltela.pt\/#\/schema\/person\/c4278d4a6028830caff9ee44b42d32ed\"},\"breadcrumb\":{\"@id\":\"https:\/\/portaltela.pt\/noticias\/2026\/01\/24\/afvr-antecipa-a-19-a-jornada-da-divisao-de-honra\/#breadcrumb\"},\"inLanguage\":\"pt-PT\",\"potentialAction\":[{\"@type\":\"ReadAction\",\"target\":[\"https:\/\/portaltela.pt\/noticias\/2026\/01\/24\/afvr-antecipa-a-19-a-jornada-da-divisao-de-honra\/\"]}]},{\"@type\":\"ImageObject\",\"inLanguage\":\"pt-PT\",\"@id\":\"https:\/\/portaltela.pt\/noticias\/2026\/01\/24\/afvr-antecipa-a-19-a-jornada-da-divisao-de-honra\/#primaryimage\",\"url\":\"https:\/\/portaltela.pt\/s.01k8rhncp4jt1\/2026\/01\/unnamed-file-5031.jpg\",\"contentUrl\":\"https:\/\/portaltela.pt\/s.01k8rhncp4jt1\/2026\/01\/unnamed-file-5031.jpg\",\"width\":796,\"height\":448,\"caption\":\"AF Vila Real lan\u00e7a Football School para elevar a forma\u00e7\u00e3o no distrito\"},{\"@type\":\"BreadcrumbList\",\"@id\":\"https:\/\/portaltela.pt\/noticias\/2026\/01\/24\/afvr-antecipa-a-19-a-jornada-da-divisao-de-honra\/#breadcrumb\",\"itemListElement\":[{\"@type\":\"ListItem\",\"position\":1,\"name\":\"In\u00edcio\",\"item\":\"https:\/\/portaltela.pt\/\"},{\"@type\":\"ListItem\",\"position\":2,\"name\":\"AFVR antecipa a 19.\u00aa jornada da Divis\u00e3o de Honra\"}]},{\"@type\":\"WebSite\",\"@id\":\"https:\/\/portaltela.pt\/#website\",\"url\":\"https:\/\/portaltela.pt\/\",\"name\":\"Portal Tela Portugal\",\"description\":\"\",\"potentialAction\":[{\"@type\":\"SearchAction\",\"target\":{\"@type\":\"EntryPoint\",\"urlTemplate\":\"https:\/\/portaltela.pt\/?s={search_term_string}\"},\"query-input\":{\"@type\":\"PropertyValueSpecification\",\"valueRequired\":true,\"valueName\":\"search_term_string\"}}],\"inLanguage\":\"pt-PT\"},{\"@type\":\"Person\",\"@id\":\"https:\/\/portaltela.pt\/#\/schema\/person\/c4278d4a6028830caff9ee44b42d32ed\",\"name\":\"Telinha\",\"image\":{\"@type\":\"ImageObject\",\"inLanguage\":\"pt-PT\",\"@id\":\"https:\/\/portaltela.pt\/s.01k8rhncp4jt1\/2025\/11\/talking-bot-125x125.png\",\"url\":\"https:\/\/portaltela.pt\/s.01k8rhncp4jt1\/2025\/11\/talking-bot-125x125.png\",\"contentUrl\":\"https:\/\/portaltela.pt\/s.01k8rhncp4jt1\/2025\/11\/talking-bot-125x125.png\",\"caption\":\"Telinha\"},\"sameAs\":[\"https:\/\/portaltela.pt\/\"],\"url\":\"https:\/\/portaltela.pt\/por\/367410592786\/\"}]}<\/script>\n<!-- \/ Yoast SEO plugin. -->","yoast_head_json":{"title":"AFVR antecipa a 19.\u00aa jornada da Divis\u00e3o de Honra - Portal Tela Portugal","robots":{"index":"index","follow":"follow","max-snippet":"max-snippet:-1","max-image-preview":"max-image-preview:large","max-video-preview":"max-video-preview:-1"},"og_locale":"pt_PT","og_type":"article","og_title":"AFVR antecipa a 19.\u00aa jornada da Divis\u00e3o de Honra - Portal Tela Portugal","og_description":"Arranca a 19.\u00aa jornada da Divis\u00e3o de Honra da AF Vila Real, domingo, 25 de janeiro, iniciando a segunda volta e com a classifica\u00e7\u00e3o a ganhar contornos mais definidos. O jogo entre CDC Montalegre e SC Cumieira foi adiado devido \u00e0s condi\u00e7\u00f5es atmosf\u00e9ricas. GD Valpa\u00e7os (10.\u00ba, 25 pts) recebe ADC Constantim (13.\u00ba, 16 pts) em casa. FC Santa Marta (8.\u00ba, 28 pts) recebe SC R\u00e9gua (2.\u00ba, 43 pts) num dos jogos mais aguardados da ronda. Destaque para Abambres (16.\u00ba, 6 pts) vs Vila Pouca (3.\u00ba, 37 pts); Vilar de Perdizes fica de folga.","og_url":"https:\/\/portaltela.pt\/noticias\/2026\/01\/24\/afvr-antecipa-a-19-a-jornada-da-divisao-de-honra\/","og_site_name":"Portal Tela Portugal","article_published_time":"2026-01-24T18:29:48+00:00","author":"Telinha","twitter_card":"summary_large_image","twitter_misc":{"Escrito por":"Telinha","Tempo estimado de leitura":"1 minuto"},"schema":{"@context":"https:\/\/schema.org","@graph":[{"@type":"Article","@id":"https:\/\/portaltela.pt\/noticias\/2026\/01\/24\/afvr-antecipa-a-19-a-jornada-da-divisao-de-honra\/#article","isPartOf":{"@id":"https:\/\/portaltela.pt\/noticias\/2026\/01\/24\/afvr-antecipa-a-19-a-jornada-da-divisao-de-honra\/"},"author":{"name":"Telinha","@id":"https:\/\/portaltela.pt\/#\/schema\/person\/c4278d4a6028830caff9ee44b42d32ed"},"headline":"AFVR antecipa a 19.\u00aa jornada da Divis\u00e3o de Honra","datePublished":"2026-01-24T18:29:48+00:00","mainEntityOfPage":{"@id":"https:\/\/portaltela.pt\/noticias\/2026\/01\/24\/afvr-antecipa-a-19-a-jornada-da-divisao-de-honra\/"},"wordCount":284,"image":{"@id":"https:\/\/portaltela.pt\/noticias\/2026\/01\/24\/afvr-antecipa-a-19-a-jornada-da-divisao-de-honra\/#primaryimage"},"thumbnailUrl":"https:\/\/portaltela.pt\/s.01k8rhncp4jt1\/2026\/01\/unnamed-file-5031.jpg","keywords":["Cerva","Divis\u00e3o de Honra \u2014 S\u00e9rie B","Montalegre","Pedras Salgadas","R\u00e9gua","Vidago"],"articleSection":["Desporto","Futebol"],"inLanguage":"pt-PT"},{"@type":"WebPage","@id":"https:\/\/portaltela.pt\/noticias\/2026\/01\/24\/afvr-antecipa-a-19-a-jornada-da-divisao-de-honra\/","url":"https:\/\/portaltela.pt\/noticias\/2026\/01\/24\/afvr-antecipa-a-19-a-jornada-da-divisao-de-honra\/","name":"AFVR antecipa a 19.\u00aa jornada da Divis\u00e3o de Honra - Portal Tela Portugal","isPartOf":{"@id":"https:\/\/portaltela.pt\/#website"},"primaryImageOfPage":{"@id":"https:\/\/portaltela.pt\/noticias\/2026\/01\/24\/afvr-antecipa-a-19-a-jornada-da-divisao-de-honra\/#primaryimage"},"image":{"@id":"https:\/\/portaltela.pt\/noticias\/2026\/01\/24\/afvr-antecipa-a-19-a-jornada-da-divisao-de-honra\/#primaryimage"},"thumbnailUrl":"https:\/\/portaltela.pt\/s.01k8rhncp4jt1\/2026\/01\/unnamed-file-5031.jpg","datePublished":"2026-01-24T18:29:48+00:00","author":{"@id":"https:\/\/portaltela.pt\/#\/schema\/person\/c4278d4a6028830caff9ee44b42d32ed"},"breadcrumb":{"@id":"https:\/\/portaltela.pt\/noticias\/2026\/01\/24\/afvr-antecipa-a-19-a-jornada-da-divisao-de-honra\/#breadcrumb"},"inLanguage":"pt-PT","potentialAction":[{"@type":"ReadAction","target":["https:\/\/portaltela.pt\/noticias\/2026\/01\/24\/afvr-antecipa-a-19-a-jornada-da-divisao-de-honra\/"]}]},{"@type":"ImageObject","inLanguage":"pt-PT","@id":"https:\/\/portaltela.pt\/noticias\/2026\/01\/24\/afvr-antecipa-a-19-a-jornada-da-divisao-de-honra\/#primaryimage","url":"https:\/\/portaltela.pt\/s.01k8rhncp4jt1\/2026\/01\/unnamed-file-5031.jpg","contentUrl":"https:\/\/portaltela.pt\/s.01k8rhncp4jt1\/2026\/01\/unnamed-file-5031.jpg","width":796,"height":448,"caption":"AF Vila Real lan\u00e7a Football School para elevar a forma\u00e7\u00e3o no distrito"},{"@type":"BreadcrumbList","@id":"https:\/\/portaltela.pt\/noticias\/2026\/01\/24\/afvr-antecipa-a-19-a-jornada-da-divisao-de-honra\/#breadcrumb","itemListElement":[{"@type":"ListItem","position":1,"name":"In\u00edcio","item":"https:\/\/portaltela.pt\/"},{"@type":"ListItem","position":2,"name":"AFVR antecipa a 19.\u00aa jornada da Divis\u00e3o de Honra"}]},{"@type":"WebSite","@id":"https:\/\/portaltela.pt\/#website","url":"https:\/\/portaltela.pt\/","name":"Portal Tela Portugal","description":"","potentialAction":[{"@type":"SearchAction","target":{"@type":"EntryPoint","urlTemplate":"https:\/\/portaltela.pt\/?s={search_term_string}"},"query-input":{"@type":"PropertyValueSpecification","valueRequired":true,"valueName":"search_term_string"}}],"inLanguage":"pt-PT"},{"@type":"Person","@id":"https:\/\/portaltela.pt\/#\/schema\/person\/c4278d4a6028830caff9ee44b42d32ed","name":"Telinha","image":{"@type":"ImageObject","inLanguage":"pt-PT","@id":"https:\/\/portaltela.pt\/s.01k8rhncp4jt1\/2025\/11\/talking-bot-125x125.png","url":"https:\/\/portaltela.pt\/s.01k8rhncp4jt1\/2025\/11\/talking-bot-125x125.png","contentUrl":"https:\/\/portaltela.pt\/s.01k8rhncp4jt1\/2025\/11\/talking-bot-125x125.png","caption":"Telinha"},"sameAs":["https:\/\/portaltela.pt\/"],"url":"https:\/\/portaltela.pt\/por\/367410592786\/"}]}},"_links":{"self":[{"href":"https:\/\/portaltela.pt\/api\/wp\/v2\/posts\/170576","targetHints":{"allow":["GET"]}}],"collection":[{"href":"https:\/\/portaltela.pt\/api\/wp\/v2\/posts"}],"about":[{"href":"https:\/\/portaltela.pt\/api\/wp\/v2\/types\/post"}],"author":[{"embeddable":true,"href":"https:\/\/portaltela.pt\/api\/wp\/v2\/users\/2"}],"replies":[{"embeddable":true,"href":"https:\/\/portaltela.pt\/api\/wp\/v2\/comments?post=170576"}],"version-history":[{"count":0,"href":"https:\/\/portaltela.pt\/api\/wp\/v2\/posts\/170576\/revisions"}],"wp:featuredmedia":[{"embeddable":true,"href":"https:\/\/portaltela.pt\/api\/wp\/v2\/media\/170586"}],"wp:attachment":[{"href":"https:\/\/portaltela.pt\/api\/wp\/v2\/media?parent=170576"}],"wp:term":[{"taxonomy":"category","embeddable":true,"href":"https:\/\/portaltela.pt\/api\/wp\/v2\/categories?post=170576"},{"taxonomy":"post_tag","embeddable":true,"href":"https:\/\/portaltela.pt\/api\/wp\/v2\/tags?post=170576"}],"curies":[{"name":"wp","href":"https:\/\/api.w.org\/{rel}","templated":true}]}}