{"id":170557,"date":"2026-01-24T15:37:59","date_gmt":"2026-01-24T18:37:59","guid":{"rendered":"https:\/\/portaltela.pt\/noticias\/2026\/01\/24\/ciclo-nos-e-os-nossos-direitos-discute-beneficios-para-idosos-em-mortagua\/"},"modified":"2026-01-24T15:37:59","modified_gmt":"2026-01-24T18:37:59","slug":"ciclo-nos-e-os-nossos-direitos-discute-beneficios-para-idosos-em-mortagua","status":"publish","type":"post","link":"https:\/\/portaltela.pt\/noticias\/2026\/01\/24\/ciclo-nos-e-os-nossos-direitos-discute-beneficios-para-idosos-em-mortagua\/","title":{"rendered":"Ciclo N\u00f3s e os Nossos Direitos discute benef\u00edcios para idosos em Mort\u00e1gua"},"content":{"rendered":"<p>O Ciclo de Conversas N\u00f3s e os Nossos Direitos chega a Mort\u00e1gua com mais uma sess\u00e3o dedicada aos apoios sociais para idosos. O tema \u00e9 Complemento Solid\u00e1rio para Idosos e outros benef\u00edcios. O evento decorre no dia 25 de janeiro, \u00e0s 15h, na Associa\u00e7\u00e3o Desportiva, Recreativa e Cultural de Anceiro.<\/p>\n<p>Promovido pelo Projeto Radar Social, em parceria com os Servi\u00e7os Sociais do Munic\u00edpio de Mort\u00e1gua, o encontro visa informar a popula\u00e7\u00e3o idosa sobre direitos e apoios dispon\u00edveis. O objetivo \u00e9 esclarecer d\u00favidas e facilitar o acesso a benef\u00edcios sociais.<\/p>\n<p>Este ciclo percorre as diferentes freguesias do concelho, criando um espa\u00e7o de di\u00e1logo sobre os apoios a que os idosos podem recorrer. A iniciativa pretende promover a autonomia e a compreens\u00e3o dos apoios sociais existentes.<\/p>\n<h3>Contatos e informa\u00e7\u00f5es<\/h3>\n<p>Para mais informa\u00e7\u00f5es, o Radar Social est\u00e1 dispon\u00edvel no Edif\u00edcio Casa Lobo, 1\u00ba andar, em Mort\u00e1gua. Pode ser contactado pelo email radar.mortagua@cm-mortagua.pt ou pelo telefone 917 051 724.<\/p>\n","protected":false},"excerpt":{"rendered":"<ul>\n<li>No dia 25 de janeiro, \u00e0s 15h, a Associa\u00e7\u00e3o Desportiva, Recreativa e Cultural de Anceiro recebe mais uma sess\u00e3o do Ciclo de Conversas \u201cN\u00f3s e os Nossos Direitos\u201d, dedicada ao Complemento Solid\u00e1rio para Idosos e aos benef\u00edcios sociais associados.<\/li>\n<li>A iniciativa \u00e9 promovida pelo Projeto Radar Social em colabora\u00e7\u00e3o com os Servi\u00e7os Sociais do Munic\u00edpio de Mort\u00e1gua, com o objetivo de informar os idosos sobre os seus direitos e apoios.<\/li>\n<li>O ciclo percorre as diferentes freguesias do concelho, oferecendo espa\u00e7o de di\u00e1logo e esclarecimento sobre os apoios dispon\u00edveis.<\/li>\n<li>Para informa\u00e7\u00f5es, contactem o Radar Social em Mort\u00e1gua atrav\u00e9s de radar.mortagua@cm-mortagua.pt ou 917 051 724, no Edif\u00edcio Casa Lobo, 1.\u00ba andar.<\/li>\n<\/ul>\n","protected":false},"author":2,"featured_media":170597,"comment_status":"closed","ping_status":"closed","sticky":false,"template":"","format":"standard","meta":{"footnotes":""},"categories":[1],"tags":[1211,2169,144,3424,2736,2093],"class_list":["post-170557","post","type-post","status-publish","format-standard","has-post-thumbnail","hentry","category-noticias","tag-apoio-social","tag-complemento-solidario-para-idosos","tag-concelho","tag-freguesias","tag-idosos","tag-municipios"],"yoast_head":"<!-- This site is optimized with the Yoast SEO plugin v27.2 - https:\/\/yoast.com\/product\/yoast-seo-wordpress\/ -->\n<title>Ciclo N\u00f3s e os Nossos Direitos discute benef\u00edcios para idosos em Mort\u00e1gua - Portal Tela Portugal<\/title>\n<meta name=\"robots\" content=\"index, follow, max-snippet:-1, max-image-preview:large, max-video-preview:-1\" \/>\n<meta property=\"og:locale\" content=\"pt_PT\" \/>\n<meta property=\"og:type\" content=\"article\" \/>\n<meta property=\"og:title\" content=\"Ciclo N\u00f3s e os Nossos Direitos discute benef\u00edcios para idosos em Mort\u00e1gua - Portal Tela Portugal\" \/>\n<meta property=\"og:description\" content=\"No dia 25 de janeiro, \u00e0s 15h, a Associa\u00e7\u00e3o Desportiva, Recreativa e Cultural de Anceiro recebe mais uma sess\u00e3o do Ciclo de Conversas \u201cN\u00f3s e os Nossos Direitos\u201d, dedicada ao Complemento Solid\u00e1rio para Idosos e aos benef\u00edcios sociais associados. A iniciativa \u00e9 promovida pelo Projeto Radar Social em colabora\u00e7\u00e3o com os Servi\u00e7os Sociais do Munic\u00edpio de Mort\u00e1gua, com o objetivo de informar os idosos sobre os seus direitos e apoios. O ciclo percorre as diferentes freguesias do concelho, oferecendo espa\u00e7o de di\u00e1logo e esclarecimento sobre os apoios dispon\u00edveis. Para informa\u00e7\u00f5es, contactem o Radar Social em Mort\u00e1gua atrav\u00e9s de radar.mortagua@cm-mortagua.pt ou 917 051 724, no Edif\u00edcio Casa Lobo, 1.\u00ba andar.\" \/>\n<meta property=\"og:url\" content=\"https:\/\/portaltela.pt\/noticias\/2026\/01\/24\/ciclo-nos-e-os-nossos-direitos-discute-beneficios-para-idosos-em-mortagua\/\" \/>\n<meta property=\"og:site_name\" content=\"Portal Tela Portugal\" \/>\n<meta property=\"article:published_time\" content=\"2026-01-24T18:37:59+00:00\" \/>\n<meta name=\"author\" content=\"Telinha\" \/>\n<meta name=\"twitter:card\" content=\"summary_large_image\" \/>\n<meta name=\"twitter:label1\" content=\"Escrito por\" \/>\n\t<meta name=\"twitter:data1\" content=\"Telinha\" \/>\n\t<meta name=\"twitter:label2\" content=\"Tempo estimado de leitura\" \/>\n\t<meta name=\"twitter:data2\" content=\"1 minuto\" \/>\n<script type=\"application\/ld+json\" class=\"yoast-schema-graph\">{\"@context\":\"https:\/\/schema.org\",\"@graph\":[{\"@type\":\"Article\",\"@id\":\"https:\/\/portaltela.pt\/noticias\/2026\/01\/24\/ciclo-nos-e-os-nossos-direitos-discute-beneficios-para-idosos-em-mortagua\/#article\",\"isPartOf\":{\"@id\":\"https:\/\/portaltela.pt\/noticias\/2026\/01\/24\/ciclo-nos-e-os-nossos-direitos-discute-beneficios-para-idosos-em-mortagua\/\"},\"author\":{\"name\":\"Telinha\",\"@id\":\"https:\/\/portaltela.pt\/#\/schema\/person\/c4278d4a6028830caff9ee44b42d32ed\"},\"headline\":\"Ciclo N\u00f3s e os Nossos Direitos discute benef\u00edcios para idosos em Mort\u00e1gua\",\"datePublished\":\"2026-01-24T18:37:59+00:00\",\"mainEntityOfPage\":{\"@id\":\"https:\/\/portaltela.pt\/noticias\/2026\/01\/24\/ciclo-nos-e-os-nossos-direitos-discute-beneficios-para-idosos-em-mortagua\/\"},\"wordCount\":187,\"image\":{\"@id\":\"https:\/\/portaltela.pt\/noticias\/2026\/01\/24\/ciclo-nos-e-os-nossos-direitos-discute-beneficios-para-idosos-em-mortagua\/#primaryimage\"},\"thumbnailUrl\":\"https:\/\/portaltela.pt\/s.01k8rhncp4jt1\/2026\/01\/unnamed-file-5033.jpg\",\"keywords\":[\"Apoio Social\",\"Complemento Solid\u00e1rio para Idosos\",\"concelho\",\"freguesias\",\"idosos\",\"munic\u00edpios\"],\"articleSection\":[\"Not\u00edcias\"],\"inLanguage\":\"pt-PT\"},{\"@type\":\"WebPage\",\"@id\":\"https:\/\/portaltela.pt\/noticias\/2026\/01\/24\/ciclo-nos-e-os-nossos-direitos-discute-beneficios-para-idosos-em-mortagua\/\",\"url\":\"https:\/\/portaltela.pt\/noticias\/2026\/01\/24\/ciclo-nos-e-os-nossos-direitos-discute-beneficios-para-idosos-em-mortagua\/\",\"name\":\"Ciclo N\u00f3s e os Nossos Direitos discute benef\u00edcios para idosos em Mort\u00e1gua - Portal Tela Portugal\",\"isPartOf\":{\"@id\":\"https:\/\/portaltela.pt\/#website\"},\"primaryImageOfPage\":{\"@id\":\"https:\/\/portaltela.pt\/noticias\/2026\/01\/24\/ciclo-nos-e-os-nossos-direitos-discute-beneficios-para-idosos-em-mortagua\/#primaryimage\"},\"image\":{\"@id\":\"https:\/\/portaltela.pt\/noticias\/2026\/01\/24\/ciclo-nos-e-os-nossos-direitos-discute-beneficios-para-idosos-em-mortagua\/#primaryimage\"},\"thumbnailUrl\":\"https:\/\/portaltela.pt\/s.01k8rhncp4jt1\/2026\/01\/unnamed-file-5033.jpg\",\"datePublished\":\"2026-01-24T18:37:59+00:00\",\"author\":{\"@id\":\"https:\/\/portaltela.pt\/#\/schema\/person\/c4278d4a6028830caff9ee44b42d32ed\"},\"breadcrumb\":{\"@id\":\"https:\/\/portaltela.pt\/noticias\/2026\/01\/24\/ciclo-nos-e-os-nossos-direitos-discute-beneficios-para-idosos-em-mortagua\/#breadcrumb\"},\"inLanguage\":\"pt-PT\",\"potentialAction\":[{\"@type\":\"ReadAction\",\"target\":[\"https:\/\/portaltela.pt\/noticias\/2026\/01\/24\/ciclo-nos-e-os-nossos-direitos-discute-beneficios-para-idosos-em-mortagua\/\"]}]},{\"@type\":\"ImageObject\",\"inLanguage\":\"pt-PT\",\"@id\":\"https:\/\/portaltela.pt\/noticias\/2026\/01\/24\/ciclo-nos-e-os-nossos-direitos-discute-beneficios-para-idosos-em-mortagua\/#primaryimage\",\"url\":\"https:\/\/portaltela.pt\/s.01k8rhncp4jt1\/2026\/01\/unnamed-file-5033.jpg\",\"contentUrl\":\"https:\/\/portaltela.pt\/s.01k8rhncp4jt1\/2026\/01\/unnamed-file-5033.jpg\",\"width\":796,\"height\":448,\"caption\":\"Ciclo de Conversas \u201cN\u00f3s e os Nossos Direitos\u201d aborda benef\u00edcios para idosos em Mort\u00e1gua\"},{\"@type\":\"BreadcrumbList\",\"@id\":\"https:\/\/portaltela.pt\/noticias\/2026\/01\/24\/ciclo-nos-e-os-nossos-direitos-discute-beneficios-para-idosos-em-mortagua\/#breadcrumb\",\"itemListElement\":[{\"@type\":\"ListItem\",\"position\":1,\"name\":\"In\u00edcio\",\"item\":\"https:\/\/portaltela.pt\/\"},{\"@type\":\"ListItem\",\"position\":2,\"name\":\"Ciclo N\u00f3s e os Nossos Direitos discute benef\u00edcios para idosos em Mort\u00e1gua\"}]},{\"@type\":\"WebSite\",\"@id\":\"https:\/\/portaltela.pt\/#website\",\"url\":\"https:\/\/portaltela.pt\/\",\"name\":\"Portal Tela Portugal\",\"description\":\"\",\"potentialAction\":[{\"@type\":\"SearchAction\",\"target\":{\"@type\":\"EntryPoint\",\"urlTemplate\":\"https:\/\/portaltela.pt\/?s={search_term_string}\"},\"query-input\":{\"@type\":\"PropertyValueSpecification\",\"valueRequired\":true,\"valueName\":\"search_term_string\"}}],\"inLanguage\":\"pt-PT\"},{\"@type\":\"Person\",\"@id\":\"https:\/\/portaltela.pt\/#\/schema\/person\/c4278d4a6028830caff9ee44b42d32ed\",\"name\":\"Telinha\",\"image\":{\"@type\":\"ImageObject\",\"inLanguage\":\"pt-PT\",\"@id\":\"https:\/\/portaltela.pt\/s.01k8rhncp4jt1\/2025\/11\/talking-bot-125x125.png\",\"url\":\"https:\/\/portaltela.pt\/s.01k8rhncp4jt1\/2025\/11\/talking-bot-125x125.png\",\"contentUrl\":\"https:\/\/portaltela.pt\/s.01k8rhncp4jt1\/2025\/11\/talking-bot-125x125.png\",\"caption\":\"Telinha\"},\"sameAs\":[\"https:\/\/portaltela.pt\/\"],\"url\":\"https:\/\/portaltela.pt\/por\/367410592786\/\"}]}<\/script>\n<!-- \/ Yoast SEO plugin. -->","yoast_head_json":{"title":"Ciclo N\u00f3s e os Nossos Direitos discute benef\u00edcios para idosos em Mort\u00e1gua - Portal Tela Portugal","robots":{"index":"index","follow":"follow","max-snippet":"max-snippet:-1","max-image-preview":"max-image-preview:large","max-video-preview":"max-video-preview:-1"},"og_locale":"pt_PT","og_type":"article","og_title":"Ciclo N\u00f3s e os Nossos Direitos discute benef\u00edcios para idosos em Mort\u00e1gua - Portal Tela Portugal","og_description":"No dia 25 de janeiro, \u00e0s 15h, a Associa\u00e7\u00e3o Desportiva, Recreativa e Cultural de Anceiro recebe mais uma sess\u00e3o do Ciclo de Conversas \u201cN\u00f3s e os Nossos Direitos\u201d, dedicada ao Complemento Solid\u00e1rio para Idosos e aos benef\u00edcios sociais associados. A iniciativa \u00e9 promovida pelo Projeto Radar Social em colabora\u00e7\u00e3o com os Servi\u00e7os Sociais do Munic\u00edpio de Mort\u00e1gua, com o objetivo de informar os idosos sobre os seus direitos e apoios. O ciclo percorre as diferentes freguesias do concelho, oferecendo espa\u00e7o de di\u00e1logo e esclarecimento sobre os apoios dispon\u00edveis. Para informa\u00e7\u00f5es, contactem o Radar Social em Mort\u00e1gua atrav\u00e9s de radar.mortagua@cm-mortagua.pt ou 917 051 724, no Edif\u00edcio Casa Lobo, 1.\u00ba andar.","og_url":"https:\/\/portaltela.pt\/noticias\/2026\/01\/24\/ciclo-nos-e-os-nossos-direitos-discute-beneficios-para-idosos-em-mortagua\/","og_site_name":"Portal Tela Portugal","article_published_time":"2026-01-24T18:37:59+00:00","author":"Telinha","twitter_card":"summary_large_image","twitter_misc":{"Escrito por":"Telinha","Tempo estimado de leitura":"1 minuto"},"schema":{"@context":"https:\/\/schema.org","@graph":[{"@type":"Article","@id":"https:\/\/portaltela.pt\/noticias\/2026\/01\/24\/ciclo-nos-e-os-nossos-direitos-discute-beneficios-para-idosos-em-mortagua\/#article","isPartOf":{"@id":"https:\/\/portaltela.pt\/noticias\/2026\/01\/24\/ciclo-nos-e-os-nossos-direitos-discute-beneficios-para-idosos-em-mortagua\/"},"author":{"name":"Telinha","@id":"https:\/\/portaltela.pt\/#\/schema\/person\/c4278d4a6028830caff9ee44b42d32ed"},"headline":"Ciclo N\u00f3s e os Nossos Direitos discute benef\u00edcios para idosos em Mort\u00e1gua","datePublished":"2026-01-24T18:37:59+00:00","mainEntityOfPage":{"@id":"https:\/\/portaltela.pt\/noticias\/2026\/01\/24\/ciclo-nos-e-os-nossos-direitos-discute-beneficios-para-idosos-em-mortagua\/"},"wordCount":187,"image":{"@id":"https:\/\/portaltela.pt\/noticias\/2026\/01\/24\/ciclo-nos-e-os-nossos-direitos-discute-beneficios-para-idosos-em-mortagua\/#primaryimage"},"thumbnailUrl":"https:\/\/portaltela.pt\/s.01k8rhncp4jt1\/2026\/01\/unnamed-file-5033.jpg","keywords":["Apoio Social","Complemento Solid\u00e1rio para Idosos","concelho","freguesias","idosos","munic\u00edpios"],"articleSection":["Not\u00edcias"],"inLanguage":"pt-PT"},{"@type":"WebPage","@id":"https:\/\/portaltela.pt\/noticias\/2026\/01\/24\/ciclo-nos-e-os-nossos-direitos-discute-beneficios-para-idosos-em-mortagua\/","url":"https:\/\/portaltela.pt\/noticias\/2026\/01\/24\/ciclo-nos-e-os-nossos-direitos-discute-beneficios-para-idosos-em-mortagua\/","name":"Ciclo N\u00f3s e os Nossos Direitos discute benef\u00edcios para idosos em Mort\u00e1gua - Portal Tela Portugal","isPartOf":{"@id":"https:\/\/portaltela.pt\/#website"},"primaryImageOfPage":{"@id":"https:\/\/portaltela.pt\/noticias\/2026\/01\/24\/ciclo-nos-e-os-nossos-direitos-discute-beneficios-para-idosos-em-mortagua\/#primaryimage"},"image":{"@id":"https:\/\/portaltela.pt\/noticias\/2026\/01\/24\/ciclo-nos-e-os-nossos-direitos-discute-beneficios-para-idosos-em-mortagua\/#primaryimage"},"thumbnailUrl":"https:\/\/portaltela.pt\/s.01k8rhncp4jt1\/2026\/01\/unnamed-file-5033.jpg","datePublished":"2026-01-24T18:37:59+00:00","author":{"@id":"https:\/\/portaltela.pt\/#\/schema\/person\/c4278d4a6028830caff9ee44b42d32ed"},"breadcrumb":{"@id":"https:\/\/portaltela.pt\/noticias\/2026\/01\/24\/ciclo-nos-e-os-nossos-direitos-discute-beneficios-para-idosos-em-mortagua\/#breadcrumb"},"inLanguage":"pt-PT","potentialAction":[{"@type":"ReadAction","target":["https:\/\/portaltela.pt\/noticias\/2026\/01\/24\/ciclo-nos-e-os-nossos-direitos-discute-beneficios-para-idosos-em-mortagua\/"]}]},{"@type":"ImageObject","inLanguage":"pt-PT","@id":"https:\/\/portaltela.pt\/noticias\/2026\/01\/24\/ciclo-nos-e-os-nossos-direitos-discute-beneficios-para-idosos-em-mortagua\/#primaryimage","url":"https:\/\/portaltela.pt\/s.01k8rhncp4jt1\/2026\/01\/unnamed-file-5033.jpg","contentUrl":"https:\/\/portaltela.pt\/s.01k8rhncp4jt1\/2026\/01\/unnamed-file-5033.jpg","width":796,"height":448,"caption":"Ciclo de Conversas \u201cN\u00f3s e os Nossos Direitos\u201d aborda benef\u00edcios para idosos em Mort\u00e1gua"},{"@type":"BreadcrumbList","@id":"https:\/\/portaltela.pt\/noticias\/2026\/01\/24\/ciclo-nos-e-os-nossos-direitos-discute-beneficios-para-idosos-em-mortagua\/#breadcrumb","itemListElement":[{"@type":"ListItem","position":1,"name":"In\u00edcio","item":"https:\/\/portaltela.pt\/"},{"@type":"ListItem","position":2,"name":"Ciclo N\u00f3s e os Nossos Direitos discute benef\u00edcios para idosos em Mort\u00e1gua"}]},{"@type":"WebSite","@id":"https:\/\/portaltela.pt\/#website","url":"https:\/\/portaltela.pt\/","name":"Portal Tela Portugal","description":"","potentialAction":[{"@type":"SearchAction","target":{"@type":"EntryPoint","urlTemplate":"https:\/\/portaltela.pt\/?s={search_term_string}"},"query-input":{"@type":"PropertyValueSpecification","valueRequired":true,"valueName":"search_term_string"}}],"inLanguage":"pt-PT"},{"@type":"Person","@id":"https:\/\/portaltela.pt\/#\/schema\/person\/c4278d4a6028830caff9ee44b42d32ed","name":"Telinha","image":{"@type":"ImageObject","inLanguage":"pt-PT","@id":"https:\/\/portaltela.pt\/s.01k8rhncp4jt1\/2025\/11\/talking-bot-125x125.png","url":"https:\/\/portaltela.pt\/s.01k8rhncp4jt1\/2025\/11\/talking-bot-125x125.png","contentUrl":"https:\/\/portaltela.pt\/s.01k8rhncp4jt1\/2025\/11\/talking-bot-125x125.png","caption":"Telinha"},"sameAs":["https:\/\/portaltela.pt\/"],"url":"https:\/\/portaltela.pt\/por\/367410592786\/"}]}},"_links":{"self":[{"href":"https:\/\/portaltela.pt\/api\/wp\/v2\/posts\/170557","targetHints":{"allow":["GET"]}}],"collection":[{"href":"https:\/\/portaltela.pt\/api\/wp\/v2\/posts"}],"about":[{"href":"https:\/\/portaltela.pt\/api\/wp\/v2\/types\/post"}],"author":[{"embeddable":true,"href":"https:\/\/portaltela.pt\/api\/wp\/v2\/users\/2"}],"replies":[{"embeddable":true,"href":"https:\/\/portaltela.pt\/api\/wp\/v2\/comments?post=170557"}],"version-history":[{"count":0,"href":"https:\/\/portaltela.pt\/api\/wp\/v2\/posts\/170557\/revisions"}],"wp:featuredmedia":[{"embeddable":true,"href":"https:\/\/portaltela.pt\/api\/wp\/v2\/media\/170597"}],"wp:attachment":[{"href":"https:\/\/portaltela.pt\/api\/wp\/v2\/media?parent=170557"}],"wp:term":[{"taxonomy":"category","embeddable":true,"href":"https:\/\/portaltela.pt\/api\/wp\/v2\/categories?post=170557"},{"taxonomy":"post_tag","embeddable":true,"href":"https:\/\/portaltela.pt\/api\/wp\/v2\/tags?post=170557"}],"curies":[{"name":"wp","href":"https:\/\/api.w.org\/{rel}","templated":true}]}}