{"id":170498,"date":"2026-01-24T14:39:44","date_gmt":"2026-01-24T17:39:44","guid":{"rendered":"https:\/\/portaltela.pt\/noticias\/2026\/01\/24\/guimaraes-lanca-projeto-de-recolha-e-valorizacao-de-plasticos-nos-rios\/"},"modified":"2026-01-24T14:39:44","modified_gmt":"2026-01-24T17:39:44","slug":"guimaraes-lanca-projeto-de-recolha-e-valorizacao-de-plasticos-nos-rios","status":"publish","type":"post","link":"https:\/\/portaltela.pt\/noticias\/2026\/01\/24\/guimaraes-lanca-projeto-de-recolha-e-valorizacao-de-plasticos-nos-rios\/","title":{"rendered":"Guimar\u00e3es lan\u00e7a projeto de recolha e valoriza\u00e7\u00e3o de pl\u00e1sticos nos rios"},"content":{"rendered":"<p>Guimar\u00e3es inicia um projeto para recolha e valoriza\u00e7\u00e3o de pl\u00e1sticos nos rios do concelho. O CLEANUP4Guimar\u00e3es envolve a C\u00e2mara Municipal, o Laborat\u00f3rio da Paisagem e a Universidade do Minho, com dura\u00e7\u00e3o de seis meses. O objetivo \u00e9 reduzir res\u00edduos pl\u00e1sticos e t\u00eaxteis nas margens, protegendo a biodiversidade aqu\u00e1tica.<\/p>\n<p>O projeto \u00e9 financiado no \u00e2mbito do programa europeu REMEDIES e tem um or\u00e7amento de 90 mil euros. Pretende criar um ecossistema de coopera\u00e7\u00e3o entre o munic\u00edpio, a academia, cidad\u00e3os, empresas e ONGs para uma limpeza eficiente dos rios.<\/p>\n<h3>REMEDIES e metodologia<\/h3>\n<p>A aposta passa por um sistema integrador, o CLEANUP-RIVER, que identifica pontos cr\u00edticos nos ecossistemas de \u00e1gua doce e utiliza eco-barreiras para recolher o lixo. Segue-se a separa\u00e7\u00e3o, reciclagem e cria\u00e7\u00e3o de novas cadeias de valor para os pl\u00e1sticos recolhidos.<\/p>\n<p>Os res\u00edduos ser\u00e3o classificados por tipo, com \u00eanfase em reciclagem e upcycling. Pl\u00e1sticos n\u00e3o reutiliz\u00e1veis ser\u00e3o convertidos em recursos energ\u00e9ticos para campanhas de sensibiliza\u00e7\u00e3o junto da popula\u00e7\u00e3o.<\/p>\n<h3>Envolvimento c\u00edvico e impactos<\/h3>\n<p>Para al\u00e9m das a\u00e7\u00f5es de limpeza, o projeto inclui educa\u00e7\u00e3o ambiental e participa\u00e7\u00e3o da comunidade. No final, ser\u00e1 publicado um e-book com instru\u00e7\u00f5es de recolha, an\u00e1lise e reutiliza\u00e7\u00e3o de pl\u00e1sticos.<\/p>\n<p>A iniciativa refor\u00e7a a estrat\u00e9gia clim\u00e1tica municipal e a ideia de Guimar\u00e3es 2030, que j\u00e1 aposta na descarboniza\u00e7\u00e3o e na mobiliza\u00e7\u00e3o cidad\u00e3. O munic\u00edpio pretende inspirar outras regi\u00f5es a adotarem a mesma abordagem.<\/p>\n","protected":false},"excerpt":{"rendered":"<ul>\n<li>Guimar\u00e3es lan\u00e7a o projeto CLEANUP4Guimar\u00e3es, de seis meses, para recolha e valoriza\u00e7\u00e3o de pl\u00e1sticos nos rios, com investimento de 90 mil euros no \u00e2mbito do programa europeu REMEDIES.<\/li>\n<li>A iniciativa envolve a C\u00e2mara Municipal, o Laborat\u00f3rio da Paisagem e a Universidade do Minho, atrav\u00e9s do sistema integrador CLEANUP-RIVER que engage cidad\u00e3os, empresas privadas e ONGs para identificar pontos cr\u00edticos e usar t\u00e9cnicas ecol\u00f3gicas.<\/li>\n<li>Os res\u00edduos recolhidos, macro e micropl\u00e1sticos, ser\u00e3o segregados, caraterizados e valorizados via reciclagem e reutiliza\u00e7\u00e3o; pl\u00e1sticos n\u00e3o reutiliz\u00e1veis vir\u00e3o recursos energ\u00e9ticos para sensibiliza\u00e7\u00e3o.<\/li>\n<li>O projeto inclui a\u00e7\u00f5es de limpeza, constru\u00e7\u00e3o de eco-barreiras flutuantes e a cria\u00e7\u00e3o de um e-book com instru\u00e7\u00f5es para recolha, an\u00e1lise e reutiliza\u00e7\u00e3o de pl\u00e1sticos no upcycling.<\/li>\n<li>A iniciativa insere-se na estrat\u00e9gia Guimar\u00e3es 2030, visa inspirar outras entidades e refor\u00e7a o compromisso com a qualidade da \u00e1gua, biodiversidade e economia circular.<\/li>\n<\/ul>\n","protected":false},"author":2,"featured_media":170504,"comment_status":"closed","ping_status":"closed","sticky":false,"template":"","format":"standard","meta":{"footnotes":""},"categories":[1],"tags":[1090,167,1701,1054,1958,1145],"class_list":["post-170498","post","type-post","status-publish","format-standard","has-post-thumbnail","hentry","category-noticias","tag-agua","tag-ambiente","tag-biodiversidade","tag-descarbonizacao-territorial","tag-educacao-ambiental","tag-guimaraes"],"yoast_head":"<!-- This site is optimized with the Yoast SEO plugin v27.2 - https:\/\/yoast.com\/product\/yoast-seo-wordpress\/ -->\n<title>Guimar\u00e3es lan\u00e7a projeto de recolha e valoriza\u00e7\u00e3o de pl\u00e1sticos nos rios - Portal Tela Portugal<\/title>\n<meta name=\"robots\" content=\"index, follow, max-snippet:-1, max-image-preview:large, max-video-preview:-1\" \/>\n<meta property=\"og:locale\" content=\"pt_PT\" \/>\n<meta property=\"og:type\" content=\"article\" \/>\n<meta property=\"og:title\" content=\"Guimar\u00e3es lan\u00e7a projeto de recolha e valoriza\u00e7\u00e3o de pl\u00e1sticos nos rios - Portal Tela Portugal\" \/>\n<meta property=\"og:description\" content=\"Guimar\u00e3es lan\u00e7a o projeto CLEANUP4Guimar\u00e3es, de seis meses, para recolha e valoriza\u00e7\u00e3o de pl\u00e1sticos nos rios, com investimento de 90 mil euros no \u00e2mbito do programa europeu REMEDIES. A iniciativa envolve a C\u00e2mara Municipal, o Laborat\u00f3rio da Paisagem e a Universidade do Minho, atrav\u00e9s do sistema integrador CLEANUP-RIVER que engage cidad\u00e3os, empresas privadas e ONGs para identificar pontos cr\u00edticos e usar t\u00e9cnicas ecol\u00f3gicas. Os res\u00edduos recolhidos, macro e micropl\u00e1sticos, ser\u00e3o segregados, caraterizados e valorizados via reciclagem e reutiliza\u00e7\u00e3o; pl\u00e1sticos n\u00e3o reutiliz\u00e1veis vir\u00e3o recursos energ\u00e9ticos para sensibiliza\u00e7\u00e3o. O projeto inclui a\u00e7\u00f5es de limpeza, constru\u00e7\u00e3o de eco-barreiras flutuantes e a cria\u00e7\u00e3o de um e-book com instru\u00e7\u00f5es para recolha, an\u00e1lise e reutiliza\u00e7\u00e3o de pl\u00e1sticos no upcycling. A iniciativa insere-se na estrat\u00e9gia Guimar\u00e3es 2030, visa inspirar outras entidades e refor\u00e7a o compromisso com a qualidade da \u00e1gua, biodiversidade e economia circular.\" \/>\n<meta property=\"og:url\" content=\"https:\/\/portaltela.pt\/noticias\/2026\/01\/24\/guimaraes-lanca-projeto-de-recolha-e-valorizacao-de-plasticos-nos-rios\/\" \/>\n<meta property=\"og:site_name\" content=\"Portal Tela Portugal\" \/>\n<meta property=\"article:published_time\" content=\"2026-01-24T17:39:44+00:00\" \/>\n<meta name=\"author\" content=\"Telinha\" \/>\n<meta name=\"twitter:card\" content=\"summary_large_image\" \/>\n<meta name=\"twitter:label1\" content=\"Escrito por\" \/>\n\t<meta name=\"twitter:data1\" content=\"Telinha\" \/>\n\t<meta name=\"twitter:label2\" content=\"Tempo estimado de leitura\" \/>\n\t<meta name=\"twitter:data2\" content=\"1 minuto\" \/>\n<script type=\"application\/ld+json\" class=\"yoast-schema-graph\">{\"@context\":\"https:\/\/schema.org\",\"@graph\":[{\"@type\":\"Article\",\"@id\":\"https:\/\/portaltela.pt\/noticias\/2026\/01\/24\/guimaraes-lanca-projeto-de-recolha-e-valorizacao-de-plasticos-nos-rios\/#article\",\"isPartOf\":{\"@id\":\"https:\/\/portaltela.pt\/noticias\/2026\/01\/24\/guimaraes-lanca-projeto-de-recolha-e-valorizacao-de-plasticos-nos-rios\/\"},\"author\":{\"name\":\"Telinha\",\"@id\":\"https:\/\/portaltela.pt\/#\/schema\/person\/c4278d4a6028830caff9ee44b42d32ed\"},\"headline\":\"Guimar\u00e3es lan\u00e7a projeto de recolha e valoriza\u00e7\u00e3o de pl\u00e1sticos nos rios\",\"datePublished\":\"2026-01-24T17:39:44+00:00\",\"mainEntityOfPage\":{\"@id\":\"https:\/\/portaltela.pt\/noticias\/2026\/01\/24\/guimaraes-lanca-projeto-de-recolha-e-valorizacao-de-plasticos-nos-rios\/\"},\"wordCount\":281,\"image\":{\"@id\":\"https:\/\/portaltela.pt\/noticias\/2026\/01\/24\/guimaraes-lanca-projeto-de-recolha-e-valorizacao-de-plasticos-nos-rios\/#primaryimage\"},\"thumbnailUrl\":\"https:\/\/portaltela.pt\/s.01k8rhncp4jt1\/2026\/01\/unnamed-file-5022.jpg\",\"keywords\":[\"\u00e1gua\",\"ambiente\",\"biodiversidade\",\"descarboniza\u00e7\u00e3o territorial\",\"educa\u00e7\u00e3o ambiental\",\"Guimar\u00e3es\"],\"articleSection\":[\"Not\u00edcias\"],\"inLanguage\":\"pt-PT\"},{\"@type\":\"WebPage\",\"@id\":\"https:\/\/portaltela.pt\/noticias\/2026\/01\/24\/guimaraes-lanca-projeto-de-recolha-e-valorizacao-de-plasticos-nos-rios\/\",\"url\":\"https:\/\/portaltela.pt\/noticias\/2026\/01\/24\/guimaraes-lanca-projeto-de-recolha-e-valorizacao-de-plasticos-nos-rios\/\",\"name\":\"Guimar\u00e3es lan\u00e7a projeto de recolha e valoriza\u00e7\u00e3o de pl\u00e1sticos nos rios - Portal Tela Portugal\",\"isPartOf\":{\"@id\":\"https:\/\/portaltela.pt\/#website\"},\"primaryImageOfPage\":{\"@id\":\"https:\/\/portaltela.pt\/noticias\/2026\/01\/24\/guimaraes-lanca-projeto-de-recolha-e-valorizacao-de-plasticos-nos-rios\/#primaryimage\"},\"image\":{\"@id\":\"https:\/\/portaltela.pt\/noticias\/2026\/01\/24\/guimaraes-lanca-projeto-de-recolha-e-valorizacao-de-plasticos-nos-rios\/#primaryimage\"},\"thumbnailUrl\":\"https:\/\/portaltela.pt\/s.01k8rhncp4jt1\/2026\/01\/unnamed-file-5022.jpg\",\"datePublished\":\"2026-01-24T17:39:44+00:00\",\"author\":{\"@id\":\"https:\/\/portaltela.pt\/#\/schema\/person\/c4278d4a6028830caff9ee44b42d32ed\"},\"breadcrumb\":{\"@id\":\"https:\/\/portaltela.pt\/noticias\/2026\/01\/24\/guimaraes-lanca-projeto-de-recolha-e-valorizacao-de-plasticos-nos-rios\/#breadcrumb\"},\"inLanguage\":\"pt-PT\",\"potentialAction\":[{\"@type\":\"ReadAction\",\"target\":[\"https:\/\/portaltela.pt\/noticias\/2026\/01\/24\/guimaraes-lanca-projeto-de-recolha-e-valorizacao-de-plasticos-nos-rios\/\"]}]},{\"@type\":\"ImageObject\",\"inLanguage\":\"pt-PT\",\"@id\":\"https:\/\/portaltela.pt\/noticias\/2026\/01\/24\/guimaraes-lanca-projeto-de-recolha-e-valorizacao-de-plasticos-nos-rios\/#primaryimage\",\"url\":\"https:\/\/portaltela.pt\/s.01k8rhncp4jt1\/2026\/01\/unnamed-file-5022.jpg\",\"contentUrl\":\"https:\/\/portaltela.pt\/s.01k8rhncp4jt1\/2026\/01\/unnamed-file-5022.jpg\",\"width\":796,\"height\":448,\"caption\":\"Guimar\u00e3es inicia projeto de recolha e valoriza\u00e7\u00e3o dos pl\u00e1sticos dos rios\"},{\"@type\":\"BreadcrumbList\",\"@id\":\"https:\/\/portaltela.pt\/noticias\/2026\/01\/24\/guimaraes-lanca-projeto-de-recolha-e-valorizacao-de-plasticos-nos-rios\/#breadcrumb\",\"itemListElement\":[{\"@type\":\"ListItem\",\"position\":1,\"name\":\"In\u00edcio\",\"item\":\"https:\/\/portaltela.pt\/\"},{\"@type\":\"ListItem\",\"position\":2,\"name\":\"Guimar\u00e3es lan\u00e7a projeto de recolha e valoriza\u00e7\u00e3o de pl\u00e1sticos nos rios\"}]},{\"@type\":\"WebSite\",\"@id\":\"https:\/\/portaltela.pt\/#website\",\"url\":\"https:\/\/portaltela.pt\/\",\"name\":\"Portal Tela Portugal\",\"description\":\"\",\"potentialAction\":[{\"@type\":\"SearchAction\",\"target\":{\"@type\":\"EntryPoint\",\"urlTemplate\":\"https:\/\/portaltela.pt\/?s={search_term_string}\"},\"query-input\":{\"@type\":\"PropertyValueSpecification\",\"valueRequired\":true,\"valueName\":\"search_term_string\"}}],\"inLanguage\":\"pt-PT\"},{\"@type\":\"Person\",\"@id\":\"https:\/\/portaltela.pt\/#\/schema\/person\/c4278d4a6028830caff9ee44b42d32ed\",\"name\":\"Telinha\",\"image\":{\"@type\":\"ImageObject\",\"inLanguage\":\"pt-PT\",\"@id\":\"https:\/\/portaltela.pt\/s.01k8rhncp4jt1\/2025\/11\/talking-bot-125x125.png\",\"url\":\"https:\/\/portaltela.pt\/s.01k8rhncp4jt1\/2025\/11\/talking-bot-125x125.png\",\"contentUrl\":\"https:\/\/portaltela.pt\/s.01k8rhncp4jt1\/2025\/11\/talking-bot-125x125.png\",\"caption\":\"Telinha\"},\"sameAs\":[\"https:\/\/portaltela.pt\/\"],\"url\":\"https:\/\/portaltela.pt\/por\/367410592786\/\"}]}<\/script>\n<!-- \/ Yoast SEO plugin. -->","yoast_head_json":{"title":"Guimar\u00e3es lan\u00e7a projeto de recolha e valoriza\u00e7\u00e3o de pl\u00e1sticos nos rios - Portal Tela Portugal","robots":{"index":"index","follow":"follow","max-snippet":"max-snippet:-1","max-image-preview":"max-image-preview:large","max-video-preview":"max-video-preview:-1"},"og_locale":"pt_PT","og_type":"article","og_title":"Guimar\u00e3es lan\u00e7a projeto de recolha e valoriza\u00e7\u00e3o de pl\u00e1sticos nos rios - Portal Tela Portugal","og_description":"Guimar\u00e3es lan\u00e7a o projeto CLEANUP4Guimar\u00e3es, de seis meses, para recolha e valoriza\u00e7\u00e3o de pl\u00e1sticos nos rios, com investimento de 90 mil euros no \u00e2mbito do programa europeu REMEDIES. A iniciativa envolve a C\u00e2mara Municipal, o Laborat\u00f3rio da Paisagem e a Universidade do Minho, atrav\u00e9s do sistema integrador CLEANUP-RIVER que engage cidad\u00e3os, empresas privadas e ONGs para identificar pontos cr\u00edticos e usar t\u00e9cnicas ecol\u00f3gicas. Os res\u00edduos recolhidos, macro e micropl\u00e1sticos, ser\u00e3o segregados, caraterizados e valorizados via reciclagem e reutiliza\u00e7\u00e3o; pl\u00e1sticos n\u00e3o reutiliz\u00e1veis vir\u00e3o recursos energ\u00e9ticos para sensibiliza\u00e7\u00e3o. O projeto inclui a\u00e7\u00f5es de limpeza, constru\u00e7\u00e3o de eco-barreiras flutuantes e a cria\u00e7\u00e3o de um e-book com instru\u00e7\u00f5es para recolha, an\u00e1lise e reutiliza\u00e7\u00e3o de pl\u00e1sticos no upcycling. A iniciativa insere-se na estrat\u00e9gia Guimar\u00e3es 2030, visa inspirar outras entidades e refor\u00e7a o compromisso com a qualidade da \u00e1gua, biodiversidade e economia circular.","og_url":"https:\/\/portaltela.pt\/noticias\/2026\/01\/24\/guimaraes-lanca-projeto-de-recolha-e-valorizacao-de-plasticos-nos-rios\/","og_site_name":"Portal Tela Portugal","article_published_time":"2026-01-24T17:39:44+00:00","author":"Telinha","twitter_card":"summary_large_image","twitter_misc":{"Escrito por":"Telinha","Tempo estimado de leitura":"1 minuto"},"schema":{"@context":"https:\/\/schema.org","@graph":[{"@type":"Article","@id":"https:\/\/portaltela.pt\/noticias\/2026\/01\/24\/guimaraes-lanca-projeto-de-recolha-e-valorizacao-de-plasticos-nos-rios\/#article","isPartOf":{"@id":"https:\/\/portaltela.pt\/noticias\/2026\/01\/24\/guimaraes-lanca-projeto-de-recolha-e-valorizacao-de-plasticos-nos-rios\/"},"author":{"name":"Telinha","@id":"https:\/\/portaltela.pt\/#\/schema\/person\/c4278d4a6028830caff9ee44b42d32ed"},"headline":"Guimar\u00e3es lan\u00e7a projeto de recolha e valoriza\u00e7\u00e3o de pl\u00e1sticos nos rios","datePublished":"2026-01-24T17:39:44+00:00","mainEntityOfPage":{"@id":"https:\/\/portaltela.pt\/noticias\/2026\/01\/24\/guimaraes-lanca-projeto-de-recolha-e-valorizacao-de-plasticos-nos-rios\/"},"wordCount":281,"image":{"@id":"https:\/\/portaltela.pt\/noticias\/2026\/01\/24\/guimaraes-lanca-projeto-de-recolha-e-valorizacao-de-plasticos-nos-rios\/#primaryimage"},"thumbnailUrl":"https:\/\/portaltela.pt\/s.01k8rhncp4jt1\/2026\/01\/unnamed-file-5022.jpg","keywords":["\u00e1gua","ambiente","biodiversidade","descarboniza\u00e7\u00e3o territorial","educa\u00e7\u00e3o ambiental","Guimar\u00e3es"],"articleSection":["Not\u00edcias"],"inLanguage":"pt-PT"},{"@type":"WebPage","@id":"https:\/\/portaltela.pt\/noticias\/2026\/01\/24\/guimaraes-lanca-projeto-de-recolha-e-valorizacao-de-plasticos-nos-rios\/","url":"https:\/\/portaltela.pt\/noticias\/2026\/01\/24\/guimaraes-lanca-projeto-de-recolha-e-valorizacao-de-plasticos-nos-rios\/","name":"Guimar\u00e3es lan\u00e7a projeto de recolha e valoriza\u00e7\u00e3o de pl\u00e1sticos nos rios - Portal Tela Portugal","isPartOf":{"@id":"https:\/\/portaltela.pt\/#website"},"primaryImageOfPage":{"@id":"https:\/\/portaltela.pt\/noticias\/2026\/01\/24\/guimaraes-lanca-projeto-de-recolha-e-valorizacao-de-plasticos-nos-rios\/#primaryimage"},"image":{"@id":"https:\/\/portaltela.pt\/noticias\/2026\/01\/24\/guimaraes-lanca-projeto-de-recolha-e-valorizacao-de-plasticos-nos-rios\/#primaryimage"},"thumbnailUrl":"https:\/\/portaltela.pt\/s.01k8rhncp4jt1\/2026\/01\/unnamed-file-5022.jpg","datePublished":"2026-01-24T17:39:44+00:00","author":{"@id":"https:\/\/portaltela.pt\/#\/schema\/person\/c4278d4a6028830caff9ee44b42d32ed"},"breadcrumb":{"@id":"https:\/\/portaltela.pt\/noticias\/2026\/01\/24\/guimaraes-lanca-projeto-de-recolha-e-valorizacao-de-plasticos-nos-rios\/#breadcrumb"},"inLanguage":"pt-PT","potentialAction":[{"@type":"ReadAction","target":["https:\/\/portaltela.pt\/noticias\/2026\/01\/24\/guimaraes-lanca-projeto-de-recolha-e-valorizacao-de-plasticos-nos-rios\/"]}]},{"@type":"ImageObject","inLanguage":"pt-PT","@id":"https:\/\/portaltela.pt\/noticias\/2026\/01\/24\/guimaraes-lanca-projeto-de-recolha-e-valorizacao-de-plasticos-nos-rios\/#primaryimage","url":"https:\/\/portaltela.pt\/s.01k8rhncp4jt1\/2026\/01\/unnamed-file-5022.jpg","contentUrl":"https:\/\/portaltela.pt\/s.01k8rhncp4jt1\/2026\/01\/unnamed-file-5022.jpg","width":796,"height":448,"caption":"Guimar\u00e3es inicia projeto de recolha e valoriza\u00e7\u00e3o dos pl\u00e1sticos dos rios"},{"@type":"BreadcrumbList","@id":"https:\/\/portaltela.pt\/noticias\/2026\/01\/24\/guimaraes-lanca-projeto-de-recolha-e-valorizacao-de-plasticos-nos-rios\/#breadcrumb","itemListElement":[{"@type":"ListItem","position":1,"name":"In\u00edcio","item":"https:\/\/portaltela.pt\/"},{"@type":"ListItem","position":2,"name":"Guimar\u00e3es lan\u00e7a projeto de recolha e valoriza\u00e7\u00e3o de pl\u00e1sticos nos rios"}]},{"@type":"WebSite","@id":"https:\/\/portaltela.pt\/#website","url":"https:\/\/portaltela.pt\/","name":"Portal Tela Portugal","description":"","potentialAction":[{"@type":"SearchAction","target":{"@type":"EntryPoint","urlTemplate":"https:\/\/portaltela.pt\/?s={search_term_string}"},"query-input":{"@type":"PropertyValueSpecification","valueRequired":true,"valueName":"search_term_string"}}],"inLanguage":"pt-PT"},{"@type":"Person","@id":"https:\/\/portaltela.pt\/#\/schema\/person\/c4278d4a6028830caff9ee44b42d32ed","name":"Telinha","image":{"@type":"ImageObject","inLanguage":"pt-PT","@id":"https:\/\/portaltela.pt\/s.01k8rhncp4jt1\/2025\/11\/talking-bot-125x125.png","url":"https:\/\/portaltela.pt\/s.01k8rhncp4jt1\/2025\/11\/talking-bot-125x125.png","contentUrl":"https:\/\/portaltela.pt\/s.01k8rhncp4jt1\/2025\/11\/talking-bot-125x125.png","caption":"Telinha"},"sameAs":["https:\/\/portaltela.pt\/"],"url":"https:\/\/portaltela.pt\/por\/367410592786\/"}]}},"_links":{"self":[{"href":"https:\/\/portaltela.pt\/api\/wp\/v2\/posts\/170498","targetHints":{"allow":["GET"]}}],"collection":[{"href":"https:\/\/portaltela.pt\/api\/wp\/v2\/posts"}],"about":[{"href":"https:\/\/portaltela.pt\/api\/wp\/v2\/types\/post"}],"author":[{"embeddable":true,"href":"https:\/\/portaltela.pt\/api\/wp\/v2\/users\/2"}],"replies":[{"embeddable":true,"href":"https:\/\/portaltela.pt\/api\/wp\/v2\/comments?post=170498"}],"version-history":[{"count":0,"href":"https:\/\/portaltela.pt\/api\/wp\/v2\/posts\/170498\/revisions"}],"wp:featuredmedia":[{"embeddable":true,"href":"https:\/\/portaltela.pt\/api\/wp\/v2\/media\/170504"}],"wp:attachment":[{"href":"https:\/\/portaltela.pt\/api\/wp\/v2\/media?parent=170498"}],"wp:term":[{"taxonomy":"category","embeddable":true,"href":"https:\/\/portaltela.pt\/api\/wp\/v2\/categories?post=170498"},{"taxonomy":"post_tag","embeddable":true,"href":"https:\/\/portaltela.pt\/api\/wp\/v2\/tags?post=170498"}],"curies":[{"name":"wp","href":"https:\/\/api.w.org\/{rel}","templated":true}]}}