{"id":170479,"date":"2026-01-24T15:11:00","date_gmt":"2026-01-24T18:11:00","guid":{"rendered":"https:\/\/portaltela.pt\/noticias\/2026\/01\/24\/mosteiro-de-rendufe-realiza-limpeza-no-antigo-refeitorio\/"},"modified":"2026-01-24T15:11:00","modified_gmt":"2026-01-24T18:11:00","slug":"mosteiro-de-rendufe-realiza-limpeza-no-antigo-refeitorio","status":"publish","type":"post","link":"https:\/\/portaltela.pt\/noticias\/2026\/01\/24\/mosteiro-de-rendufe-realiza-limpeza-no-antigo-refeitorio\/","title":{"rendered":"Mosteiro de Rendufe realiza limpeza no antigo refeit\u00f3rio"},"content":{"rendered":"<p>O Mosteiro de Rendufe, em Amares, est\u00e1 a ser alvo de uma interven\u00e7\u00e3o de limpeza e salvaguarda patrimonial. A a\u00e7\u00e3o foi ordenada pelo Patrim\u00f3nio Cultural e centra-se na zona do antigo refeit\u00f3rio, identificada como a parte do conjunto em pior estado de conserva\u00e7\u00e3o.<\/p>\n<p>A interven\u00e7\u00e3o visa reduzir riscos e preservar o patrim\u00f3nio. A autarquia foi informada da urg\u00eancia da opera\u00e7\u00e3o para assegurar a continuidade da prote\u00e7\u00e3o do monumento hist\u00f3rico.<\/p>\n<p>A C\u00e2mara Municipal de Amares, representada pelo presidente Emanuel Magalh\u00e3es, informou que houve sensibiliza\u00e7\u00e3o para a necessidade de agir rapidamente. Os trabalhos est\u00e3o a decorrer no antigo refeit\u00f3rio dos monges, considerado o espa\u00e7o mais sens\u00edvel do mosteiro.<\/p>\n<h3>Interven\u00e7\u00e3o de salvaguarda patrimonial<\/h3>\n<p>A a\u00e7\u00e3o insere-se no \u00e2mbito de uma salvaguarda promovida pelo Patrim\u00f3nio Cultural, com foco na \u00e1rea que apresentava maior deteriora\u00e7\u00e3o. O objetivo \u00e9 garantir a integridade estrutural e evitar danos adicionais ao conjunto hist\u00f3rico.<\/p>\n","protected":false},"excerpt":{"rendered":"<ul>\n<li>Patrim\u00f3nio Cultural ordenou uma interven\u00e7\u00e3o de limpeza e salvaguarda patrimonial no Mosteiro de Rendufe, em Amares.<\/li>\n<li>A interven\u00e7\u00e3o incide na \u00e1rea do antigo refeit\u00f3rio dos monges, a zona do mosteiro em pior estado de conserva\u00e7\u00e3o.<\/li>\n<li>O presidente da C\u00e2mara, Emanuel Magalh\u00e3es, explica que os trabalhos est\u00e3o a decorrer nessa parte mais sens\u00edvel do edif\u00edcio.<\/li>\n<li>Foi dada audi\u00eancia p\u00fablica \u00e0 autarquia para que os trabalhos pudessem prosseguir com car\u00e1ter de urg\u00eancia.<\/li>\n<\/ul>\n","protected":false},"author":2,"featured_media":170489,"comment_status":"closed","ping_status":"closed","sticky":false,"template":"","format":"standard","meta":{"footnotes":""},"categories":[1],"tags":[1977,1002,299,814,1175],"class_list":["post-170479","post","type-post","status-publish","format-standard","has-post-thumbnail","hentry","category-noticias","tag-amares","tag-conservacao-da-natureza-e-da-biodiversidade-incluindo-especies-prioritarias-e-vigilancia-ambiental","tag-historia","tag-patrimonio","tag-patrimonio-cultural"],"yoast_head":"<!-- This site is optimized with the Yoast SEO plugin v27.2 - https:\/\/yoast.com\/product\/yoast-seo-wordpress\/ -->\n<title>Mosteiro de Rendufe realiza limpeza no antigo refeit\u00f3rio - Portal Tela Portugal<\/title>\n<meta name=\"robots\" content=\"index, follow, max-snippet:-1, max-image-preview:large, max-video-preview:-1\" \/>\n<meta property=\"og:locale\" content=\"pt_PT\" \/>\n<meta property=\"og:type\" content=\"article\" \/>\n<meta property=\"og:title\" content=\"Mosteiro de Rendufe realiza limpeza no antigo refeit\u00f3rio - Portal Tela Portugal\" \/>\n<meta property=\"og:description\" content=\"Patrim\u00f3nio Cultural ordenou uma interven\u00e7\u00e3o de limpeza e salvaguarda patrimonial no Mosteiro de Rendufe, em Amares. A interven\u00e7\u00e3o incide na \u00e1rea do antigo refeit\u00f3rio dos monges, a zona do mosteiro em pior estado de conserva\u00e7\u00e3o. O presidente da C\u00e2mara, Emanuel Magalh\u00e3es, explica que os trabalhos est\u00e3o a decorrer nessa parte mais sens\u00edvel do edif\u00edcio. Foi dada audi\u00eancia p\u00fablica \u00e0 autarquia para que os trabalhos pudessem prosseguir com car\u00e1ter de urg\u00eancia.\" \/>\n<meta property=\"og:url\" content=\"https:\/\/portaltela.pt\/noticias\/2026\/01\/24\/mosteiro-de-rendufe-realiza-limpeza-no-antigo-refeitorio\/\" \/>\n<meta property=\"og:site_name\" content=\"Portal Tela Portugal\" \/>\n<meta property=\"article:published_time\" content=\"2026-01-24T18:11:00+00:00\" \/>\n<meta name=\"author\" content=\"Telinha\" \/>\n<meta name=\"twitter:card\" content=\"summary_large_image\" \/>\n<meta name=\"twitter:label1\" content=\"Escrito por\" \/>\n\t<meta name=\"twitter:data1\" content=\"Telinha\" \/>\n\t<meta name=\"twitter:label2\" content=\"Tempo estimado de leitura\" \/>\n\t<meta name=\"twitter:data2\" content=\"1 minuto\" \/>\n<script type=\"application\/ld+json\" class=\"yoast-schema-graph\">{\"@context\":\"https:\/\/schema.org\",\"@graph\":[{\"@type\":\"Article\",\"@id\":\"https:\/\/portaltela.pt\/noticias\/2026\/01\/24\/mosteiro-de-rendufe-realiza-limpeza-no-antigo-refeitorio\/#article\",\"isPartOf\":{\"@id\":\"https:\/\/portaltela.pt\/noticias\/2026\/01\/24\/mosteiro-de-rendufe-realiza-limpeza-no-antigo-refeitorio\/\"},\"author\":{\"name\":\"Telinha\",\"@id\":\"https:\/\/portaltela.pt\/#\/schema\/person\/c4278d4a6028830caff9ee44b42d32ed\"},\"headline\":\"Mosteiro de Rendufe realiza limpeza no antigo refeit\u00f3rio\",\"datePublished\":\"2026-01-24T18:11:00+00:00\",\"mainEntityOfPage\":{\"@id\":\"https:\/\/portaltela.pt\/noticias\/2026\/01\/24\/mosteiro-de-rendufe-realiza-limpeza-no-antigo-refeitorio\/\"},\"wordCount\":175,\"image\":{\"@id\":\"https:\/\/portaltela.pt\/noticias\/2026\/01\/24\/mosteiro-de-rendufe-realiza-limpeza-no-antigo-refeitorio\/#primaryimage\"},\"thumbnailUrl\":\"https:\/\/portaltela.pt\/s.01k8rhncp4jt1\/2026\/01\/image-1650.jpg\",\"keywords\":[\"Amares\",\"conserva\u00e7\u00e3o da natureza e da biodiversidade, incluindo esp\u00e9cies priorit\u00e1rias e vigil\u00e2ncia ambiental\",\"hist\u00f3ria\",\"patrim\u00f3nio\",\"Patrim\u00f3nio Cultural\"],\"articleSection\":[\"Not\u00edcias\"],\"inLanguage\":\"pt-PT\"},{\"@type\":\"WebPage\",\"@id\":\"https:\/\/portaltela.pt\/noticias\/2026\/01\/24\/mosteiro-de-rendufe-realiza-limpeza-no-antigo-refeitorio\/\",\"url\":\"https:\/\/portaltela.pt\/noticias\/2026\/01\/24\/mosteiro-de-rendufe-realiza-limpeza-no-antigo-refeitorio\/\",\"name\":\"Mosteiro de Rendufe realiza limpeza no antigo refeit\u00f3rio - Portal Tela Portugal\",\"isPartOf\":{\"@id\":\"https:\/\/portaltela.pt\/#website\"},\"primaryImageOfPage\":{\"@id\":\"https:\/\/portaltela.pt\/noticias\/2026\/01\/24\/mosteiro-de-rendufe-realiza-limpeza-no-antigo-refeitorio\/#primaryimage\"},\"image\":{\"@id\":\"https:\/\/portaltela.pt\/noticias\/2026\/01\/24\/mosteiro-de-rendufe-realiza-limpeza-no-antigo-refeitorio\/#primaryimage\"},\"thumbnailUrl\":\"https:\/\/portaltela.pt\/s.01k8rhncp4jt1\/2026\/01\/image-1650.jpg\",\"datePublished\":\"2026-01-24T18:11:00+00:00\",\"author\":{\"@id\":\"https:\/\/portaltela.pt\/#\/schema\/person\/c4278d4a6028830caff9ee44b42d32ed\"},\"breadcrumb\":{\"@id\":\"https:\/\/portaltela.pt\/noticias\/2026\/01\/24\/mosteiro-de-rendufe-realiza-limpeza-no-antigo-refeitorio\/#breadcrumb\"},\"inLanguage\":\"pt-PT\",\"potentialAction\":[{\"@type\":\"ReadAction\",\"target\":[\"https:\/\/portaltela.pt\/noticias\/2026\/01\/24\/mosteiro-de-rendufe-realiza-limpeza-no-antigo-refeitorio\/\"]}]},{\"@type\":\"ImageObject\",\"inLanguage\":\"pt-PT\",\"@id\":\"https:\/\/portaltela.pt\/noticias\/2026\/01\/24\/mosteiro-de-rendufe-realiza-limpeza-no-antigo-refeitorio\/#primaryimage\",\"url\":\"https:\/\/portaltela.pt\/s.01k8rhncp4jt1\/2026\/01\/image-1650.jpg\",\"contentUrl\":\"https:\/\/portaltela.pt\/s.01k8rhncp4jt1\/2026\/01\/image-1650.jpg\",\"width\":796,\"height\":448,\"caption\":\"Interven\u00e7\u00e3o, ordenada pelo Patrim\u00f3nio Cultural, incide no antigo refeit\u00f3rio dos monges\"},{\"@type\":\"BreadcrumbList\",\"@id\":\"https:\/\/portaltela.pt\/noticias\/2026\/01\/24\/mosteiro-de-rendufe-realiza-limpeza-no-antigo-refeitorio\/#breadcrumb\",\"itemListElement\":[{\"@type\":\"ListItem\",\"position\":1,\"name\":\"In\u00edcio\",\"item\":\"https:\/\/portaltela.pt\/\"},{\"@type\":\"ListItem\",\"position\":2,\"name\":\"Mosteiro de Rendufe realiza limpeza no antigo refeit\u00f3rio\"}]},{\"@type\":\"WebSite\",\"@id\":\"https:\/\/portaltela.pt\/#website\",\"url\":\"https:\/\/portaltela.pt\/\",\"name\":\"Portal Tela Portugal\",\"description\":\"\",\"potentialAction\":[{\"@type\":\"SearchAction\",\"target\":{\"@type\":\"EntryPoint\",\"urlTemplate\":\"https:\/\/portaltela.pt\/?s={search_term_string}\"},\"query-input\":{\"@type\":\"PropertyValueSpecification\",\"valueRequired\":true,\"valueName\":\"search_term_string\"}}],\"inLanguage\":\"pt-PT\"},{\"@type\":\"Person\",\"@id\":\"https:\/\/portaltela.pt\/#\/schema\/person\/c4278d4a6028830caff9ee44b42d32ed\",\"name\":\"Telinha\",\"image\":{\"@type\":\"ImageObject\",\"inLanguage\":\"pt-PT\",\"@id\":\"https:\/\/portaltela.pt\/s.01k8rhncp4jt1\/2025\/11\/talking-bot-125x125.png\",\"url\":\"https:\/\/portaltela.pt\/s.01k8rhncp4jt1\/2025\/11\/talking-bot-125x125.png\",\"contentUrl\":\"https:\/\/portaltela.pt\/s.01k8rhncp4jt1\/2025\/11\/talking-bot-125x125.png\",\"caption\":\"Telinha\"},\"sameAs\":[\"https:\/\/portaltela.pt\/\"],\"url\":\"https:\/\/portaltela.pt\/por\/367410592786\/\"}]}<\/script>\n<!-- \/ Yoast SEO plugin. -->","yoast_head_json":{"title":"Mosteiro de Rendufe realiza limpeza no antigo refeit\u00f3rio - Portal Tela Portugal","robots":{"index":"index","follow":"follow","max-snippet":"max-snippet:-1","max-image-preview":"max-image-preview:large","max-video-preview":"max-video-preview:-1"},"og_locale":"pt_PT","og_type":"article","og_title":"Mosteiro de Rendufe realiza limpeza no antigo refeit\u00f3rio - Portal Tela Portugal","og_description":"Patrim\u00f3nio Cultural ordenou uma interven\u00e7\u00e3o de limpeza e salvaguarda patrimonial no Mosteiro de Rendufe, em Amares. A interven\u00e7\u00e3o incide na \u00e1rea do antigo refeit\u00f3rio dos monges, a zona do mosteiro em pior estado de conserva\u00e7\u00e3o. O presidente da C\u00e2mara, Emanuel Magalh\u00e3es, explica que os trabalhos est\u00e3o a decorrer nessa parte mais sens\u00edvel do edif\u00edcio. Foi dada audi\u00eancia p\u00fablica \u00e0 autarquia para que os trabalhos pudessem prosseguir com car\u00e1ter de urg\u00eancia.","og_url":"https:\/\/portaltela.pt\/noticias\/2026\/01\/24\/mosteiro-de-rendufe-realiza-limpeza-no-antigo-refeitorio\/","og_site_name":"Portal Tela Portugal","article_published_time":"2026-01-24T18:11:00+00:00","author":"Telinha","twitter_card":"summary_large_image","twitter_misc":{"Escrito por":"Telinha","Tempo estimado de leitura":"1 minuto"},"schema":{"@context":"https:\/\/schema.org","@graph":[{"@type":"Article","@id":"https:\/\/portaltela.pt\/noticias\/2026\/01\/24\/mosteiro-de-rendufe-realiza-limpeza-no-antigo-refeitorio\/#article","isPartOf":{"@id":"https:\/\/portaltela.pt\/noticias\/2026\/01\/24\/mosteiro-de-rendufe-realiza-limpeza-no-antigo-refeitorio\/"},"author":{"name":"Telinha","@id":"https:\/\/portaltela.pt\/#\/schema\/person\/c4278d4a6028830caff9ee44b42d32ed"},"headline":"Mosteiro de Rendufe realiza limpeza no antigo refeit\u00f3rio","datePublished":"2026-01-24T18:11:00+00:00","mainEntityOfPage":{"@id":"https:\/\/portaltela.pt\/noticias\/2026\/01\/24\/mosteiro-de-rendufe-realiza-limpeza-no-antigo-refeitorio\/"},"wordCount":175,"image":{"@id":"https:\/\/portaltela.pt\/noticias\/2026\/01\/24\/mosteiro-de-rendufe-realiza-limpeza-no-antigo-refeitorio\/#primaryimage"},"thumbnailUrl":"https:\/\/portaltela.pt\/s.01k8rhncp4jt1\/2026\/01\/image-1650.jpg","keywords":["Amares","conserva\u00e7\u00e3o da natureza e da biodiversidade, incluindo esp\u00e9cies priorit\u00e1rias e vigil\u00e2ncia ambiental","hist\u00f3ria","patrim\u00f3nio","Patrim\u00f3nio Cultural"],"articleSection":["Not\u00edcias"],"inLanguage":"pt-PT"},{"@type":"WebPage","@id":"https:\/\/portaltela.pt\/noticias\/2026\/01\/24\/mosteiro-de-rendufe-realiza-limpeza-no-antigo-refeitorio\/","url":"https:\/\/portaltela.pt\/noticias\/2026\/01\/24\/mosteiro-de-rendufe-realiza-limpeza-no-antigo-refeitorio\/","name":"Mosteiro de Rendufe realiza limpeza no antigo refeit\u00f3rio - Portal Tela Portugal","isPartOf":{"@id":"https:\/\/portaltela.pt\/#website"},"primaryImageOfPage":{"@id":"https:\/\/portaltela.pt\/noticias\/2026\/01\/24\/mosteiro-de-rendufe-realiza-limpeza-no-antigo-refeitorio\/#primaryimage"},"image":{"@id":"https:\/\/portaltela.pt\/noticias\/2026\/01\/24\/mosteiro-de-rendufe-realiza-limpeza-no-antigo-refeitorio\/#primaryimage"},"thumbnailUrl":"https:\/\/portaltela.pt\/s.01k8rhncp4jt1\/2026\/01\/image-1650.jpg","datePublished":"2026-01-24T18:11:00+00:00","author":{"@id":"https:\/\/portaltela.pt\/#\/schema\/person\/c4278d4a6028830caff9ee44b42d32ed"},"breadcrumb":{"@id":"https:\/\/portaltela.pt\/noticias\/2026\/01\/24\/mosteiro-de-rendufe-realiza-limpeza-no-antigo-refeitorio\/#breadcrumb"},"inLanguage":"pt-PT","potentialAction":[{"@type":"ReadAction","target":["https:\/\/portaltela.pt\/noticias\/2026\/01\/24\/mosteiro-de-rendufe-realiza-limpeza-no-antigo-refeitorio\/"]}]},{"@type":"ImageObject","inLanguage":"pt-PT","@id":"https:\/\/portaltela.pt\/noticias\/2026\/01\/24\/mosteiro-de-rendufe-realiza-limpeza-no-antigo-refeitorio\/#primaryimage","url":"https:\/\/portaltela.pt\/s.01k8rhncp4jt1\/2026\/01\/image-1650.jpg","contentUrl":"https:\/\/portaltela.pt\/s.01k8rhncp4jt1\/2026\/01\/image-1650.jpg","width":796,"height":448,"caption":"Interven\u00e7\u00e3o, ordenada pelo Patrim\u00f3nio Cultural, incide no antigo refeit\u00f3rio dos monges"},{"@type":"BreadcrumbList","@id":"https:\/\/portaltela.pt\/noticias\/2026\/01\/24\/mosteiro-de-rendufe-realiza-limpeza-no-antigo-refeitorio\/#breadcrumb","itemListElement":[{"@type":"ListItem","position":1,"name":"In\u00edcio","item":"https:\/\/portaltela.pt\/"},{"@type":"ListItem","position":2,"name":"Mosteiro de Rendufe realiza limpeza no antigo refeit\u00f3rio"}]},{"@type":"WebSite","@id":"https:\/\/portaltela.pt\/#website","url":"https:\/\/portaltela.pt\/","name":"Portal Tela Portugal","description":"","potentialAction":[{"@type":"SearchAction","target":{"@type":"EntryPoint","urlTemplate":"https:\/\/portaltela.pt\/?s={search_term_string}"},"query-input":{"@type":"PropertyValueSpecification","valueRequired":true,"valueName":"search_term_string"}}],"inLanguage":"pt-PT"},{"@type":"Person","@id":"https:\/\/portaltela.pt\/#\/schema\/person\/c4278d4a6028830caff9ee44b42d32ed","name":"Telinha","image":{"@type":"ImageObject","inLanguage":"pt-PT","@id":"https:\/\/portaltela.pt\/s.01k8rhncp4jt1\/2025\/11\/talking-bot-125x125.png","url":"https:\/\/portaltela.pt\/s.01k8rhncp4jt1\/2025\/11\/talking-bot-125x125.png","contentUrl":"https:\/\/portaltela.pt\/s.01k8rhncp4jt1\/2025\/11\/talking-bot-125x125.png","caption":"Telinha"},"sameAs":["https:\/\/portaltela.pt\/"],"url":"https:\/\/portaltela.pt\/por\/367410592786\/"}]}},"_links":{"self":[{"href":"https:\/\/portaltela.pt\/api\/wp\/v2\/posts\/170479","targetHints":{"allow":["GET"]}}],"collection":[{"href":"https:\/\/portaltela.pt\/api\/wp\/v2\/posts"}],"about":[{"href":"https:\/\/portaltela.pt\/api\/wp\/v2\/types\/post"}],"author":[{"embeddable":true,"href":"https:\/\/portaltela.pt\/api\/wp\/v2\/users\/2"}],"replies":[{"embeddable":true,"href":"https:\/\/portaltela.pt\/api\/wp\/v2\/comments?post=170479"}],"version-history":[{"count":0,"href":"https:\/\/portaltela.pt\/api\/wp\/v2\/posts\/170479\/revisions"}],"wp:featuredmedia":[{"embeddable":true,"href":"https:\/\/portaltela.pt\/api\/wp\/v2\/media\/170489"}],"wp:attachment":[{"href":"https:\/\/portaltela.pt\/api\/wp\/v2\/media?parent=170479"}],"wp:term":[{"taxonomy":"category","embeddable":true,"href":"https:\/\/portaltela.pt\/api\/wp\/v2\/categories?post=170479"},{"taxonomy":"post_tag","embeddable":true,"href":"https:\/\/portaltela.pt\/api\/wp\/v2\/tags?post=170479"}],"curies":[{"name":"wp","href":"https:\/\/api.w.org\/{rel}","templated":true}]}}