{"id":170402,"date":"2026-01-24T14:08:44","date_gmt":"2026-01-24T17:08:44","guid":{"rendered":"https:\/\/portaltela.pt\/noticias\/2026\/01\/24\/penalva-do-castelo-divulga-produtos-locais-na-fitur\/"},"modified":"2026-01-24T14:08:44","modified_gmt":"2026-01-24T17:08:44","slug":"penalva-do-castelo-divulga-produtos-locais-na-fitur","status":"publish","type":"post","link":"https:\/\/portaltela.pt\/noticias\/2026\/01\/24\/penalva-do-castelo-divulga-produtos-locais-na-fitur\/","title":{"rendered":"Penalva do Castelo divulga produtos locais na FITUR"},"content":{"rendered":"<p>O Munic\u00edpio de Penalva do Castelo participou na FITUR, em Madrid, a maior feira de turismo da Pen\u00ednsula Ib\u00e9rica, integrando o stand da Comunidade Intermunicipal (CIM) Viseu D\u00e3o Laf\u00f5es. A presen\u00e7a visou apresentar o territ\u00f3rio aos visitantes e profissionais do setor.<\/p>\n<p>O destaque recaiu nos produtos end\u00f3genos do concelho, com \u00eanfase no Vinho do D\u00e3o e no Queijo da Serra da Estrela, elementos que refletem a identidade local e acrescentam valor \u00e0 oferta tur\u00edstica da regi\u00e3o.<\/p>\n<p>A participa\u00e7\u00e3o ocorreu junto de operadores tur\u00edsticos, agentes do setor e visitantes internacionais, contribuindo para aumentar a visibilidade de Penalva do Castelo e fortalecer a posi\u00e7\u00e3o do concelho como destino tur\u00edstico de refer\u00eancia.<\/p>\n<p>Fotos: Munic\u00edpio de Penalva do Castelo<\/p>\n","protected":false},"excerpt":{"rendered":"<ul>\n<li>Penalva do Castelo esteve na FITUR, em Madrid, integrado no stand da CIM Viseu D\u00e3o Laf\u00f5es.<\/li>\n<li>O objetivo foi promover o territ\u00f3rio, com foco nos produtos end\u00f3genos do concelho, nomeadamente o Vinho do D\u00e3o e o Queijo da Serra da Estrela.<\/li>\n<li>A presen\u00e7a aumentou a visibilidade junto de profissionais do setor, operadores tur\u00edsticos e visitantes internacionais.<\/li>\n<li>A iniciativa pretende valorizar recursos locais e afirmar o concelho como destino tur\u00edstico de excel\u00eancia.<\/li>\n<li>Fotos: Munic\u00edpio de Penalva do Castelo.<\/li>\n<\/ul>\n","protected":false},"author":2,"featured_media":170429,"comment_status":"closed","ping_status":"closed","sticky":false,"template":"","format":"standard","meta":{"footnotes":""},"categories":[1],"tags":[1201,219,1721,169,779,1171],"class_list":["post-170402","post","type-post","status-publish","format-standard","has-post-thumbnail","hentry","category-noticias","tag-dao","tag-gastronomia","tag-penalva-do-castelo","tag-turismo","tag-vinhos","tag-viseu"],"yoast_head":"<!-- This site is optimized with the Yoast SEO plugin v27.2 - https:\/\/yoast.com\/product\/yoast-seo-wordpress\/ -->\n<title>Penalva do Castelo divulga produtos locais na FITUR - Portal Tela Portugal<\/title>\n<meta name=\"robots\" content=\"index, follow, max-snippet:-1, max-image-preview:large, max-video-preview:-1\" \/>\n<meta property=\"og:locale\" content=\"pt_PT\" \/>\n<meta property=\"og:type\" content=\"article\" \/>\n<meta property=\"og:title\" content=\"Penalva do Castelo divulga produtos locais na FITUR - Portal Tela Portugal\" \/>\n<meta property=\"og:description\" content=\"Penalva do Castelo esteve na FITUR, em Madrid, integrado no stand da CIM Viseu D\u00e3o Laf\u00f5es. O objetivo foi promover o territ\u00f3rio, com foco nos produtos end\u00f3genos do concelho, nomeadamente o Vinho do D\u00e3o e o Queijo da Serra da Estrela. A presen\u00e7a aumentou a visibilidade junto de profissionais do setor, operadores tur\u00edsticos e visitantes internacionais. A iniciativa pretende valorizar recursos locais e afirmar o concelho como destino tur\u00edstico de excel\u00eancia. Fotos: Munic\u00edpio de Penalva do Castelo.\" \/>\n<meta property=\"og:url\" content=\"https:\/\/portaltela.pt\/noticias\/2026\/01\/24\/penalva-do-castelo-divulga-produtos-locais-na-fitur\/\" \/>\n<meta property=\"og:site_name\" content=\"Portal Tela Portugal\" \/>\n<meta property=\"article:published_time\" content=\"2026-01-24T17:08:44+00:00\" \/>\n<meta name=\"author\" content=\"Telinha\" \/>\n<meta name=\"twitter:card\" content=\"summary_large_image\" \/>\n<meta name=\"twitter:label1\" content=\"Escrito por\" \/>\n\t<meta name=\"twitter:data1\" content=\"Telinha\" \/>\n\t<meta name=\"twitter:label2\" content=\"Tempo estimado de leitura\" \/>\n\t<meta name=\"twitter:data2\" content=\"1 minuto\" \/>\n<script type=\"application\/ld+json\" class=\"yoast-schema-graph\">{\"@context\":\"https:\/\/schema.org\",\"@graph\":[{\"@type\":\"Article\",\"@id\":\"https:\/\/portaltela.pt\/noticias\/2026\/01\/24\/penalva-do-castelo-divulga-produtos-locais-na-fitur\/#article\",\"isPartOf\":{\"@id\":\"https:\/\/portaltela.pt\/noticias\/2026\/01\/24\/penalva-do-castelo-divulga-produtos-locais-na-fitur\/\"},\"author\":{\"name\":\"Telinha\",\"@id\":\"https:\/\/portaltela.pt\/#\/schema\/person\/c4278d4a6028830caff9ee44b42d32ed\"},\"headline\":\"Penalva do Castelo divulga produtos locais na FITUR\",\"datePublished\":\"2026-01-24T17:08:44+00:00\",\"mainEntityOfPage\":{\"@id\":\"https:\/\/portaltela.pt\/noticias\/2026\/01\/24\/penalva-do-castelo-divulga-produtos-locais-na-fitur\/\"},\"wordCount\":139,\"image\":{\"@id\":\"https:\/\/portaltela.pt\/noticias\/2026\/01\/24\/penalva-do-castelo-divulga-produtos-locais-na-fitur\/#primaryimage\"},\"thumbnailUrl\":\"https:\/\/portaltela.pt\/s.01k8rhncp4jt1\/2026\/01\/unnamed-file-5016.jpg\",\"keywords\":[\"D\u00e3o\",\"gastronomia\",\"Penalva do Castelo\",\"turismo\",\"vinhos\",\"Viseu\"],\"articleSection\":[\"Not\u00edcias\"],\"inLanguage\":\"pt-PT\"},{\"@type\":\"WebPage\",\"@id\":\"https:\/\/portaltela.pt\/noticias\/2026\/01\/24\/penalva-do-castelo-divulga-produtos-locais-na-fitur\/\",\"url\":\"https:\/\/portaltela.pt\/noticias\/2026\/01\/24\/penalva-do-castelo-divulga-produtos-locais-na-fitur\/\",\"name\":\"Penalva do Castelo divulga produtos locais na FITUR - Portal Tela Portugal\",\"isPartOf\":{\"@id\":\"https:\/\/portaltela.pt\/#website\"},\"primaryImageOfPage\":{\"@id\":\"https:\/\/portaltela.pt\/noticias\/2026\/01\/24\/penalva-do-castelo-divulga-produtos-locais-na-fitur\/#primaryimage\"},\"image\":{\"@id\":\"https:\/\/portaltela.pt\/noticias\/2026\/01\/24\/penalva-do-castelo-divulga-produtos-locais-na-fitur\/#primaryimage\"},\"thumbnailUrl\":\"https:\/\/portaltela.pt\/s.01k8rhncp4jt1\/2026\/01\/unnamed-file-5016.jpg\",\"datePublished\":\"2026-01-24T17:08:44+00:00\",\"author\":{\"@id\":\"https:\/\/portaltela.pt\/#\/schema\/person\/c4278d4a6028830caff9ee44b42d32ed\"},\"breadcrumb\":{\"@id\":\"https:\/\/portaltela.pt\/noticias\/2026\/01\/24\/penalva-do-castelo-divulga-produtos-locais-na-fitur\/#breadcrumb\"},\"inLanguage\":\"pt-PT\",\"potentialAction\":[{\"@type\":\"ReadAction\",\"target\":[\"https:\/\/portaltela.pt\/noticias\/2026\/01\/24\/penalva-do-castelo-divulga-produtos-locais-na-fitur\/\"]}]},{\"@type\":\"ImageObject\",\"inLanguage\":\"pt-PT\",\"@id\":\"https:\/\/portaltela.pt\/noticias\/2026\/01\/24\/penalva-do-castelo-divulga-produtos-locais-na-fitur\/#primaryimage\",\"url\":\"https:\/\/portaltela.pt\/s.01k8rhncp4jt1\/2026\/01\/unnamed-file-5016.jpg\",\"contentUrl\":\"https:\/\/portaltela.pt\/s.01k8rhncp4jt1\/2026\/01\/unnamed-file-5016.jpg\",\"width\":796,\"height\":448,\"caption\":\"Penalva do Castelo promove produtos locais na FITUR\"},{\"@type\":\"BreadcrumbList\",\"@id\":\"https:\/\/portaltela.pt\/noticias\/2026\/01\/24\/penalva-do-castelo-divulga-produtos-locais-na-fitur\/#breadcrumb\",\"itemListElement\":[{\"@type\":\"ListItem\",\"position\":1,\"name\":\"In\u00edcio\",\"item\":\"https:\/\/portaltela.pt\/\"},{\"@type\":\"ListItem\",\"position\":2,\"name\":\"Penalva do Castelo divulga produtos locais na FITUR\"}]},{\"@type\":\"WebSite\",\"@id\":\"https:\/\/portaltela.pt\/#website\",\"url\":\"https:\/\/portaltela.pt\/\",\"name\":\"Portal Tela Portugal\",\"description\":\"\",\"potentialAction\":[{\"@type\":\"SearchAction\",\"target\":{\"@type\":\"EntryPoint\",\"urlTemplate\":\"https:\/\/portaltela.pt\/?s={search_term_string}\"},\"query-input\":{\"@type\":\"PropertyValueSpecification\",\"valueRequired\":true,\"valueName\":\"search_term_string\"}}],\"inLanguage\":\"pt-PT\"},{\"@type\":\"Person\",\"@id\":\"https:\/\/portaltela.pt\/#\/schema\/person\/c4278d4a6028830caff9ee44b42d32ed\",\"name\":\"Telinha\",\"image\":{\"@type\":\"ImageObject\",\"inLanguage\":\"pt-PT\",\"@id\":\"https:\/\/portaltela.pt\/s.01k8rhncp4jt1\/2025\/11\/talking-bot-125x125.png\",\"url\":\"https:\/\/portaltela.pt\/s.01k8rhncp4jt1\/2025\/11\/talking-bot-125x125.png\",\"contentUrl\":\"https:\/\/portaltela.pt\/s.01k8rhncp4jt1\/2025\/11\/talking-bot-125x125.png\",\"caption\":\"Telinha\"},\"sameAs\":[\"https:\/\/portaltela.pt\/\"],\"url\":\"https:\/\/portaltela.pt\/por\/367410592786\/\"}]}<\/script>\n<!-- \/ Yoast SEO plugin. -->","yoast_head_json":{"title":"Penalva do Castelo divulga produtos locais na FITUR - Portal Tela Portugal","robots":{"index":"index","follow":"follow","max-snippet":"max-snippet:-1","max-image-preview":"max-image-preview:large","max-video-preview":"max-video-preview:-1"},"og_locale":"pt_PT","og_type":"article","og_title":"Penalva do Castelo divulga produtos locais na FITUR - Portal Tela Portugal","og_description":"Penalva do Castelo esteve na FITUR, em Madrid, integrado no stand da CIM Viseu D\u00e3o Laf\u00f5es. O objetivo foi promover o territ\u00f3rio, com foco nos produtos end\u00f3genos do concelho, nomeadamente o Vinho do D\u00e3o e o Queijo da Serra da Estrela. A presen\u00e7a aumentou a visibilidade junto de profissionais do setor, operadores tur\u00edsticos e visitantes internacionais. A iniciativa pretende valorizar recursos locais e afirmar o concelho como destino tur\u00edstico de excel\u00eancia. Fotos: Munic\u00edpio de Penalva do Castelo.","og_url":"https:\/\/portaltela.pt\/noticias\/2026\/01\/24\/penalva-do-castelo-divulga-produtos-locais-na-fitur\/","og_site_name":"Portal Tela Portugal","article_published_time":"2026-01-24T17:08:44+00:00","author":"Telinha","twitter_card":"summary_large_image","twitter_misc":{"Escrito por":"Telinha","Tempo estimado de leitura":"1 minuto"},"schema":{"@context":"https:\/\/schema.org","@graph":[{"@type":"Article","@id":"https:\/\/portaltela.pt\/noticias\/2026\/01\/24\/penalva-do-castelo-divulga-produtos-locais-na-fitur\/#article","isPartOf":{"@id":"https:\/\/portaltela.pt\/noticias\/2026\/01\/24\/penalva-do-castelo-divulga-produtos-locais-na-fitur\/"},"author":{"name":"Telinha","@id":"https:\/\/portaltela.pt\/#\/schema\/person\/c4278d4a6028830caff9ee44b42d32ed"},"headline":"Penalva do Castelo divulga produtos locais na FITUR","datePublished":"2026-01-24T17:08:44+00:00","mainEntityOfPage":{"@id":"https:\/\/portaltela.pt\/noticias\/2026\/01\/24\/penalva-do-castelo-divulga-produtos-locais-na-fitur\/"},"wordCount":139,"image":{"@id":"https:\/\/portaltela.pt\/noticias\/2026\/01\/24\/penalva-do-castelo-divulga-produtos-locais-na-fitur\/#primaryimage"},"thumbnailUrl":"https:\/\/portaltela.pt\/s.01k8rhncp4jt1\/2026\/01\/unnamed-file-5016.jpg","keywords":["D\u00e3o","gastronomia","Penalva do Castelo","turismo","vinhos","Viseu"],"articleSection":["Not\u00edcias"],"inLanguage":"pt-PT"},{"@type":"WebPage","@id":"https:\/\/portaltela.pt\/noticias\/2026\/01\/24\/penalva-do-castelo-divulga-produtos-locais-na-fitur\/","url":"https:\/\/portaltela.pt\/noticias\/2026\/01\/24\/penalva-do-castelo-divulga-produtos-locais-na-fitur\/","name":"Penalva do Castelo divulga produtos locais na FITUR - Portal Tela Portugal","isPartOf":{"@id":"https:\/\/portaltela.pt\/#website"},"primaryImageOfPage":{"@id":"https:\/\/portaltela.pt\/noticias\/2026\/01\/24\/penalva-do-castelo-divulga-produtos-locais-na-fitur\/#primaryimage"},"image":{"@id":"https:\/\/portaltela.pt\/noticias\/2026\/01\/24\/penalva-do-castelo-divulga-produtos-locais-na-fitur\/#primaryimage"},"thumbnailUrl":"https:\/\/portaltela.pt\/s.01k8rhncp4jt1\/2026\/01\/unnamed-file-5016.jpg","datePublished":"2026-01-24T17:08:44+00:00","author":{"@id":"https:\/\/portaltela.pt\/#\/schema\/person\/c4278d4a6028830caff9ee44b42d32ed"},"breadcrumb":{"@id":"https:\/\/portaltela.pt\/noticias\/2026\/01\/24\/penalva-do-castelo-divulga-produtos-locais-na-fitur\/#breadcrumb"},"inLanguage":"pt-PT","potentialAction":[{"@type":"ReadAction","target":["https:\/\/portaltela.pt\/noticias\/2026\/01\/24\/penalva-do-castelo-divulga-produtos-locais-na-fitur\/"]}]},{"@type":"ImageObject","inLanguage":"pt-PT","@id":"https:\/\/portaltela.pt\/noticias\/2026\/01\/24\/penalva-do-castelo-divulga-produtos-locais-na-fitur\/#primaryimage","url":"https:\/\/portaltela.pt\/s.01k8rhncp4jt1\/2026\/01\/unnamed-file-5016.jpg","contentUrl":"https:\/\/portaltela.pt\/s.01k8rhncp4jt1\/2026\/01\/unnamed-file-5016.jpg","width":796,"height":448,"caption":"Penalva do Castelo promove produtos locais na FITUR"},{"@type":"BreadcrumbList","@id":"https:\/\/portaltela.pt\/noticias\/2026\/01\/24\/penalva-do-castelo-divulga-produtos-locais-na-fitur\/#breadcrumb","itemListElement":[{"@type":"ListItem","position":1,"name":"In\u00edcio","item":"https:\/\/portaltela.pt\/"},{"@type":"ListItem","position":2,"name":"Penalva do Castelo divulga produtos locais na FITUR"}]},{"@type":"WebSite","@id":"https:\/\/portaltela.pt\/#website","url":"https:\/\/portaltela.pt\/","name":"Portal Tela Portugal","description":"","potentialAction":[{"@type":"SearchAction","target":{"@type":"EntryPoint","urlTemplate":"https:\/\/portaltela.pt\/?s={search_term_string}"},"query-input":{"@type":"PropertyValueSpecification","valueRequired":true,"valueName":"search_term_string"}}],"inLanguage":"pt-PT"},{"@type":"Person","@id":"https:\/\/portaltela.pt\/#\/schema\/person\/c4278d4a6028830caff9ee44b42d32ed","name":"Telinha","image":{"@type":"ImageObject","inLanguage":"pt-PT","@id":"https:\/\/portaltela.pt\/s.01k8rhncp4jt1\/2025\/11\/talking-bot-125x125.png","url":"https:\/\/portaltela.pt\/s.01k8rhncp4jt1\/2025\/11\/talking-bot-125x125.png","contentUrl":"https:\/\/portaltela.pt\/s.01k8rhncp4jt1\/2025\/11\/talking-bot-125x125.png","caption":"Telinha"},"sameAs":["https:\/\/portaltela.pt\/"],"url":"https:\/\/portaltela.pt\/por\/367410592786\/"}]}},"_links":{"self":[{"href":"https:\/\/portaltela.pt\/api\/wp\/v2\/posts\/170402","targetHints":{"allow":["GET"]}}],"collection":[{"href":"https:\/\/portaltela.pt\/api\/wp\/v2\/posts"}],"about":[{"href":"https:\/\/portaltela.pt\/api\/wp\/v2\/types\/post"}],"author":[{"embeddable":true,"href":"https:\/\/portaltela.pt\/api\/wp\/v2\/users\/2"}],"replies":[{"embeddable":true,"href":"https:\/\/portaltela.pt\/api\/wp\/v2\/comments?post=170402"}],"version-history":[{"count":0,"href":"https:\/\/portaltela.pt\/api\/wp\/v2\/posts\/170402\/revisions"}],"wp:featuredmedia":[{"embeddable":true,"href":"https:\/\/portaltela.pt\/api\/wp\/v2\/media\/170429"}],"wp:attachment":[{"href":"https:\/\/portaltela.pt\/api\/wp\/v2\/media?parent=170402"}],"wp:term":[{"taxonomy":"category","embeddable":true,"href":"https:\/\/portaltela.pt\/api\/wp\/v2\/categories?post=170402"},{"taxonomy":"post_tag","embeddable":true,"href":"https:\/\/portaltela.pt\/api\/wp\/v2\/tags?post=170402"}],"curies":[{"name":"wp","href":"https:\/\/api.w.org\/{rel}","templated":true}]}}