{"id":170378,"date":"2026-01-24T13:39:07","date_gmt":"2026-01-24T16:39:07","guid":{"rendered":"https:\/\/portaltela.pt\/noticias\/2026\/01\/24\/aprovadas-obras-de-ampliacao-do-centro-de-recolha-oficial-de-guimaraes\/"},"modified":"2026-01-24T13:39:07","modified_gmt":"2026-01-24T16:39:07","slug":"aprovadas-obras-de-ampliacao-do-centro-de-recolha-oficial-de-guimaraes","status":"publish","type":"post","link":"https:\/\/portaltela.pt\/noticias\/2026\/01\/24\/aprovadas-obras-de-ampliacao-do-centro-de-recolha-oficial-de-guimaraes\/","title":{"rendered":"Aprovadas obras de amplia\u00e7\u00e3o do Centro de Recolha Oficial de Guimar\u00e3es"},"content":{"rendered":"<p>O Centro de Recolha Oficial de Guimar\u00e3es vai receber uma amplia\u00e7\u00e3o. A proposta foi aprovada na \u00faltima reuni\u00e3o executiva, no \u00e2mbito de um investimento de 1,629 milh\u00f5es de euros, acrescidos de IVA, com dura\u00e7\u00e3o estimada de 365 dias.<\/p>\n<p>O projeto, desenvolvido pela Norte Arquitetos, da WebMais, visa modernizar as instala\u00e7\u00f5es para alojamento de animais e melhorar os cuidados veterin\u00e1rios. A evolu\u00e7\u00e3o acompanha altera\u00e7\u00f5es legislativas desde 2004, que passaram a privilegiar a esteriliza\u00e7\u00e3o.<\/p>\n<p>A interven\u00e7\u00e3o busca aumentar a capacidade de acolhimento de animais errantes na regi\u00e3o, com foco em c\u00e3es e gatos, mantendo padr\u00f5es de bem-estar e de assist\u00eancia veterin\u00e1ria. A medida responde \u00e0 nova exig\u00eancia de estadias mais prolongadas sem abate.<\/p>\n<h3>Detalhes do projeto<\/h3>\n<p>A amplia\u00e7\u00e3o divide-se em duas \u00e1reas. A Zona A acolhe o servi\u00e7o veterin\u00e1rio, al\u00e9m de novas unidades para c\u00e3es e gatos. A Zona B prev\u00ea alojamentos adicionais para c\u00e3es e \u00e1reas de apoio.<\/p>\n","protected":false},"excerpt":{"rendered":"<ul>\n<li>A C\u00e2mara Municipal de Guimar\u00e3es aprovou, na \u00faltima reuni\u00e3o executiva, a amplia\u00e7\u00e3o do Centro de Recolha Oficial (CRO) de Guimar\u00e3es, com investimento de 1,6 milh\u00f5es de euros mais IVA (1.629.024,41\u20ac + IVA) e dura\u00e7\u00e3o prevista de 365 dias.<\/li>\n<li>O projeto, concebido pela Norte Arquitetos, da WebMais, busca modernizar as instala\u00e7\u00f5es e aumentar a capacidade de acolhimento de animais errantes, oferecendo melhores cuidados veterin\u00e1rios.<\/li>\n<li>A reforma responde \u00e0s altera\u00e7\u00f5es legislativas que entraram em vigor desde a constru\u00e7\u00e3o do Canil\/Gatil em 2004, com a esteriliza\u00e7\u00e3o a assumir o papel central no controlo populacional e o abate a ser proibido.<\/li>\n<li>A interven\u00e7\u00e3o est\u00e1 divideda em duas zonas: Zona A, com expans\u00e3o do servi\u00e7o veterin\u00e1rio e alojamentos para gatos e c\u00e3es; Zona B, com unidades adicionais para c\u00e3es e \u00e1reas de apoio.<\/li>\n<li>A iniciativa evidencia o compromisso do munic\u00edpio com o bem-estar animal e com a adop\u00e7\u00e3o respons\u00e1vel, assegurando condi\u00e7\u00f5es adequadas durante o per\u00edodo de espera.<\/li>\n<\/ul>\n","protected":false},"author":2,"featured_media":170393,"comment_status":"closed","ping_status":"closed","sticky":false,"template":"","format":"standard","meta":{"footnotes":""},"categories":[1],"tags":[3094,3091,2863,2864,1145],"class_list":["post-170378","post","type-post","status-publish","format-standard","has-post-thumbnail","hentry","category-noticias","tag-abrigos","tag-animais","tag-animais-de-rua","tag-esterilizacoes","tag-guimaraes"],"yoast_head":"<!-- This site is optimized with the Yoast SEO plugin v27.2 - https:\/\/yoast.com\/product\/yoast-seo-wordpress\/ -->\n<title>Aprovadas obras de amplia\u00e7\u00e3o do Centro de Recolha Oficial de Guimar\u00e3es - Portal Tela Portugal<\/title>\n<meta name=\"robots\" content=\"index, follow, max-snippet:-1, max-image-preview:large, max-video-preview:-1\" \/>\n<meta property=\"og:locale\" content=\"pt_PT\" \/>\n<meta property=\"og:type\" content=\"article\" \/>\n<meta property=\"og:title\" content=\"Aprovadas obras de amplia\u00e7\u00e3o do Centro de Recolha Oficial de Guimar\u00e3es - Portal Tela Portugal\" \/>\n<meta property=\"og:description\" content=\"A C\u00e2mara Municipal de Guimar\u00e3es aprovou, na \u00faltima reuni\u00e3o executiva, a amplia\u00e7\u00e3o do Centro de Recolha Oficial (CRO) de Guimar\u00e3es, com investimento de 1,6 milh\u00f5es de euros mais IVA (1.629.024,41\u20ac + IVA) e dura\u00e7\u00e3o prevista de 365 dias. O projeto, concebido pela Norte Arquitetos, da WebMais, busca modernizar as instala\u00e7\u00f5es e aumentar a capacidade de acolhimento de animais errantes, oferecendo melhores cuidados veterin\u00e1rios. A reforma responde \u00e0s altera\u00e7\u00f5es legislativas que entraram em vigor desde a constru\u00e7\u00e3o do Canil\/Gatil em 2004, com a esteriliza\u00e7\u00e3o a assumir o papel central no controlo populacional e o abate a ser proibido. A interven\u00e7\u00e3o est\u00e1 divideda em duas zonas: Zona A, com expans\u00e3o do servi\u00e7o veterin\u00e1rio e alojamentos para gatos e c\u00e3es; Zona B, com unidades adicionais para c\u00e3es e \u00e1reas de apoio. A iniciativa evidencia o compromisso do munic\u00edpio com o bem-estar animal e com a adop\u00e7\u00e3o respons\u00e1vel, assegurando condi\u00e7\u00f5es adequadas durante o per\u00edodo de espera.\" \/>\n<meta property=\"og:url\" content=\"https:\/\/portaltela.pt\/noticias\/2026\/01\/24\/aprovadas-obras-de-ampliacao-do-centro-de-recolha-oficial-de-guimaraes\/\" \/>\n<meta property=\"og:site_name\" content=\"Portal Tela Portugal\" \/>\n<meta property=\"article:published_time\" content=\"2026-01-24T16:39:07+00:00\" \/>\n<meta name=\"author\" content=\"Telinha\" \/>\n<meta name=\"twitter:card\" content=\"summary_large_image\" \/>\n<meta name=\"twitter:label1\" content=\"Escrito por\" \/>\n\t<meta name=\"twitter:data1\" content=\"Telinha\" \/>\n\t<meta name=\"twitter:label2\" content=\"Tempo estimado de leitura\" \/>\n\t<meta name=\"twitter:data2\" content=\"1 minuto\" \/>\n<script type=\"application\/ld+json\" class=\"yoast-schema-graph\">{\"@context\":\"https:\/\/schema.org\",\"@graph\":[{\"@type\":\"Article\",\"@id\":\"https:\/\/portaltela.pt\/noticias\/2026\/01\/24\/aprovadas-obras-de-ampliacao-do-centro-de-recolha-oficial-de-guimaraes\/#article\",\"isPartOf\":{\"@id\":\"https:\/\/portaltela.pt\/noticias\/2026\/01\/24\/aprovadas-obras-de-ampliacao-do-centro-de-recolha-oficial-de-guimaraes\/\"},\"author\":{\"name\":\"Telinha\",\"@id\":\"https:\/\/portaltela.pt\/#\/schema\/person\/c4278d4a6028830caff9ee44b42d32ed\"},\"headline\":\"Aprovadas obras de amplia\u00e7\u00e3o do Centro de Recolha Oficial de Guimar\u00e3es\",\"datePublished\":\"2026-01-24T16:39:07+00:00\",\"mainEntityOfPage\":{\"@id\":\"https:\/\/portaltela.pt\/noticias\/2026\/01\/24\/aprovadas-obras-de-ampliacao-do-centro-de-recolha-oficial-de-guimaraes\/\"},\"wordCount\":179,\"image\":{\"@id\":\"https:\/\/portaltela.pt\/noticias\/2026\/01\/24\/aprovadas-obras-de-ampliacao-do-centro-de-recolha-oficial-de-guimaraes\/#primaryimage\"},\"thumbnailUrl\":\"https:\/\/portaltela.pt\/s.01k8rhncp4jt1\/2026\/01\/unnamed-file-5009.jpg\",\"keywords\":[\"abrigos\",\"animais\",\"Animais de Rua\",\"esteriliza\u00e7\u00f5es\",\"Guimar\u00e3es\"],\"articleSection\":[\"Not\u00edcias\"],\"inLanguage\":\"pt-PT\"},{\"@type\":\"WebPage\",\"@id\":\"https:\/\/portaltela.pt\/noticias\/2026\/01\/24\/aprovadas-obras-de-ampliacao-do-centro-de-recolha-oficial-de-guimaraes\/\",\"url\":\"https:\/\/portaltela.pt\/noticias\/2026\/01\/24\/aprovadas-obras-de-ampliacao-do-centro-de-recolha-oficial-de-guimaraes\/\",\"name\":\"Aprovadas obras de amplia\u00e7\u00e3o do Centro de Recolha Oficial de Guimar\u00e3es - Portal Tela Portugal\",\"isPartOf\":{\"@id\":\"https:\/\/portaltela.pt\/#website\"},\"primaryImageOfPage\":{\"@id\":\"https:\/\/portaltela.pt\/noticias\/2026\/01\/24\/aprovadas-obras-de-ampliacao-do-centro-de-recolha-oficial-de-guimaraes\/#primaryimage\"},\"image\":{\"@id\":\"https:\/\/portaltela.pt\/noticias\/2026\/01\/24\/aprovadas-obras-de-ampliacao-do-centro-de-recolha-oficial-de-guimaraes\/#primaryimage\"},\"thumbnailUrl\":\"https:\/\/portaltela.pt\/s.01k8rhncp4jt1\/2026\/01\/unnamed-file-5009.jpg\",\"datePublished\":\"2026-01-24T16:39:07+00:00\",\"author\":{\"@id\":\"https:\/\/portaltela.pt\/#\/schema\/person\/c4278d4a6028830caff9ee44b42d32ed\"},\"breadcrumb\":{\"@id\":\"https:\/\/portaltela.pt\/noticias\/2026\/01\/24\/aprovadas-obras-de-ampliacao-do-centro-de-recolha-oficial-de-guimaraes\/#breadcrumb\"},\"inLanguage\":\"pt-PT\",\"potentialAction\":[{\"@type\":\"ReadAction\",\"target\":[\"https:\/\/portaltela.pt\/noticias\/2026\/01\/24\/aprovadas-obras-de-ampliacao-do-centro-de-recolha-oficial-de-guimaraes\/\"]}]},{\"@type\":\"ImageObject\",\"inLanguage\":\"pt-PT\",\"@id\":\"https:\/\/portaltela.pt\/noticias\/2026\/01\/24\/aprovadas-obras-de-ampliacao-do-centro-de-recolha-oficial-de-guimaraes\/#primaryimage\",\"url\":\"https:\/\/portaltela.pt\/s.01k8rhncp4jt1\/2026\/01\/unnamed-file-5009.jpg\",\"contentUrl\":\"https:\/\/portaltela.pt\/s.01k8rhncp4jt1\/2026\/01\/unnamed-file-5009.jpg\",\"width\":796,\"height\":448,\"caption\":\"Centro de Recolha Oficial de Guimar\u00e3es: Aprovadas obras de amplia\u00e7\u00e3o de espa\u00e7o\"},{\"@type\":\"BreadcrumbList\",\"@id\":\"https:\/\/portaltela.pt\/noticias\/2026\/01\/24\/aprovadas-obras-de-ampliacao-do-centro-de-recolha-oficial-de-guimaraes\/#breadcrumb\",\"itemListElement\":[{\"@type\":\"ListItem\",\"position\":1,\"name\":\"In\u00edcio\",\"item\":\"https:\/\/portaltela.pt\/\"},{\"@type\":\"ListItem\",\"position\":2,\"name\":\"Aprovadas obras de amplia\u00e7\u00e3o do Centro de Recolha Oficial de Guimar\u00e3es\"}]},{\"@type\":\"WebSite\",\"@id\":\"https:\/\/portaltela.pt\/#website\",\"url\":\"https:\/\/portaltela.pt\/\",\"name\":\"Portal Tela Portugal\",\"description\":\"\",\"potentialAction\":[{\"@type\":\"SearchAction\",\"target\":{\"@type\":\"EntryPoint\",\"urlTemplate\":\"https:\/\/portaltela.pt\/?s={search_term_string}\"},\"query-input\":{\"@type\":\"PropertyValueSpecification\",\"valueRequired\":true,\"valueName\":\"search_term_string\"}}],\"inLanguage\":\"pt-PT\"},{\"@type\":\"Person\",\"@id\":\"https:\/\/portaltela.pt\/#\/schema\/person\/c4278d4a6028830caff9ee44b42d32ed\",\"name\":\"Telinha\",\"image\":{\"@type\":\"ImageObject\",\"inLanguage\":\"pt-PT\",\"@id\":\"https:\/\/portaltela.pt\/s.01k8rhncp4jt1\/2025\/11\/talking-bot-125x125.png\",\"url\":\"https:\/\/portaltela.pt\/s.01k8rhncp4jt1\/2025\/11\/talking-bot-125x125.png\",\"contentUrl\":\"https:\/\/portaltela.pt\/s.01k8rhncp4jt1\/2025\/11\/talking-bot-125x125.png\",\"caption\":\"Telinha\"},\"sameAs\":[\"https:\/\/portaltela.pt\/\"],\"url\":\"https:\/\/portaltela.pt\/por\/367410592786\/\"}]}<\/script>\n<!-- \/ Yoast SEO plugin. -->","yoast_head_json":{"title":"Aprovadas obras de amplia\u00e7\u00e3o do Centro de Recolha Oficial de Guimar\u00e3es - Portal Tela Portugal","robots":{"index":"index","follow":"follow","max-snippet":"max-snippet:-1","max-image-preview":"max-image-preview:large","max-video-preview":"max-video-preview:-1"},"og_locale":"pt_PT","og_type":"article","og_title":"Aprovadas obras de amplia\u00e7\u00e3o do Centro de Recolha Oficial de Guimar\u00e3es - Portal Tela Portugal","og_description":"A C\u00e2mara Municipal de Guimar\u00e3es aprovou, na \u00faltima reuni\u00e3o executiva, a amplia\u00e7\u00e3o do Centro de Recolha Oficial (CRO) de Guimar\u00e3es, com investimento de 1,6 milh\u00f5es de euros mais IVA (1.629.024,41\u20ac + IVA) e dura\u00e7\u00e3o prevista de 365 dias. O projeto, concebido pela Norte Arquitetos, da WebMais, busca modernizar as instala\u00e7\u00f5es e aumentar a capacidade de acolhimento de animais errantes, oferecendo melhores cuidados veterin\u00e1rios. A reforma responde \u00e0s altera\u00e7\u00f5es legislativas que entraram em vigor desde a constru\u00e7\u00e3o do Canil\/Gatil em 2004, com a esteriliza\u00e7\u00e3o a assumir o papel central no controlo populacional e o abate a ser proibido. A interven\u00e7\u00e3o est\u00e1 divideda em duas zonas: Zona A, com expans\u00e3o do servi\u00e7o veterin\u00e1rio e alojamentos para gatos e c\u00e3es; Zona B, com unidades adicionais para c\u00e3es e \u00e1reas de apoio. A iniciativa evidencia o compromisso do munic\u00edpio com o bem-estar animal e com a adop\u00e7\u00e3o respons\u00e1vel, assegurando condi\u00e7\u00f5es adequadas durante o per\u00edodo de espera.","og_url":"https:\/\/portaltela.pt\/noticias\/2026\/01\/24\/aprovadas-obras-de-ampliacao-do-centro-de-recolha-oficial-de-guimaraes\/","og_site_name":"Portal Tela Portugal","article_published_time":"2026-01-24T16:39:07+00:00","author":"Telinha","twitter_card":"summary_large_image","twitter_misc":{"Escrito por":"Telinha","Tempo estimado de leitura":"1 minuto"},"schema":{"@context":"https:\/\/schema.org","@graph":[{"@type":"Article","@id":"https:\/\/portaltela.pt\/noticias\/2026\/01\/24\/aprovadas-obras-de-ampliacao-do-centro-de-recolha-oficial-de-guimaraes\/#article","isPartOf":{"@id":"https:\/\/portaltela.pt\/noticias\/2026\/01\/24\/aprovadas-obras-de-ampliacao-do-centro-de-recolha-oficial-de-guimaraes\/"},"author":{"name":"Telinha","@id":"https:\/\/portaltela.pt\/#\/schema\/person\/c4278d4a6028830caff9ee44b42d32ed"},"headline":"Aprovadas obras de amplia\u00e7\u00e3o do Centro de Recolha Oficial de Guimar\u00e3es","datePublished":"2026-01-24T16:39:07+00:00","mainEntityOfPage":{"@id":"https:\/\/portaltela.pt\/noticias\/2026\/01\/24\/aprovadas-obras-de-ampliacao-do-centro-de-recolha-oficial-de-guimaraes\/"},"wordCount":179,"image":{"@id":"https:\/\/portaltela.pt\/noticias\/2026\/01\/24\/aprovadas-obras-de-ampliacao-do-centro-de-recolha-oficial-de-guimaraes\/#primaryimage"},"thumbnailUrl":"https:\/\/portaltela.pt\/s.01k8rhncp4jt1\/2026\/01\/unnamed-file-5009.jpg","keywords":["abrigos","animais","Animais de Rua","esteriliza\u00e7\u00f5es","Guimar\u00e3es"],"articleSection":["Not\u00edcias"],"inLanguage":"pt-PT"},{"@type":"WebPage","@id":"https:\/\/portaltela.pt\/noticias\/2026\/01\/24\/aprovadas-obras-de-ampliacao-do-centro-de-recolha-oficial-de-guimaraes\/","url":"https:\/\/portaltela.pt\/noticias\/2026\/01\/24\/aprovadas-obras-de-ampliacao-do-centro-de-recolha-oficial-de-guimaraes\/","name":"Aprovadas obras de amplia\u00e7\u00e3o do Centro de Recolha Oficial de Guimar\u00e3es - Portal Tela Portugal","isPartOf":{"@id":"https:\/\/portaltela.pt\/#website"},"primaryImageOfPage":{"@id":"https:\/\/portaltela.pt\/noticias\/2026\/01\/24\/aprovadas-obras-de-ampliacao-do-centro-de-recolha-oficial-de-guimaraes\/#primaryimage"},"image":{"@id":"https:\/\/portaltela.pt\/noticias\/2026\/01\/24\/aprovadas-obras-de-ampliacao-do-centro-de-recolha-oficial-de-guimaraes\/#primaryimage"},"thumbnailUrl":"https:\/\/portaltela.pt\/s.01k8rhncp4jt1\/2026\/01\/unnamed-file-5009.jpg","datePublished":"2026-01-24T16:39:07+00:00","author":{"@id":"https:\/\/portaltela.pt\/#\/schema\/person\/c4278d4a6028830caff9ee44b42d32ed"},"breadcrumb":{"@id":"https:\/\/portaltela.pt\/noticias\/2026\/01\/24\/aprovadas-obras-de-ampliacao-do-centro-de-recolha-oficial-de-guimaraes\/#breadcrumb"},"inLanguage":"pt-PT","potentialAction":[{"@type":"ReadAction","target":["https:\/\/portaltela.pt\/noticias\/2026\/01\/24\/aprovadas-obras-de-ampliacao-do-centro-de-recolha-oficial-de-guimaraes\/"]}]},{"@type":"ImageObject","inLanguage":"pt-PT","@id":"https:\/\/portaltela.pt\/noticias\/2026\/01\/24\/aprovadas-obras-de-ampliacao-do-centro-de-recolha-oficial-de-guimaraes\/#primaryimage","url":"https:\/\/portaltela.pt\/s.01k8rhncp4jt1\/2026\/01\/unnamed-file-5009.jpg","contentUrl":"https:\/\/portaltela.pt\/s.01k8rhncp4jt1\/2026\/01\/unnamed-file-5009.jpg","width":796,"height":448,"caption":"Centro de Recolha Oficial de Guimar\u00e3es: Aprovadas obras de amplia\u00e7\u00e3o de espa\u00e7o"},{"@type":"BreadcrumbList","@id":"https:\/\/portaltela.pt\/noticias\/2026\/01\/24\/aprovadas-obras-de-ampliacao-do-centro-de-recolha-oficial-de-guimaraes\/#breadcrumb","itemListElement":[{"@type":"ListItem","position":1,"name":"In\u00edcio","item":"https:\/\/portaltela.pt\/"},{"@type":"ListItem","position":2,"name":"Aprovadas obras de amplia\u00e7\u00e3o do Centro de Recolha Oficial de Guimar\u00e3es"}]},{"@type":"WebSite","@id":"https:\/\/portaltela.pt\/#website","url":"https:\/\/portaltela.pt\/","name":"Portal Tela Portugal","description":"","potentialAction":[{"@type":"SearchAction","target":{"@type":"EntryPoint","urlTemplate":"https:\/\/portaltela.pt\/?s={search_term_string}"},"query-input":{"@type":"PropertyValueSpecification","valueRequired":true,"valueName":"search_term_string"}}],"inLanguage":"pt-PT"},{"@type":"Person","@id":"https:\/\/portaltela.pt\/#\/schema\/person\/c4278d4a6028830caff9ee44b42d32ed","name":"Telinha","image":{"@type":"ImageObject","inLanguage":"pt-PT","@id":"https:\/\/portaltela.pt\/s.01k8rhncp4jt1\/2025\/11\/talking-bot-125x125.png","url":"https:\/\/portaltela.pt\/s.01k8rhncp4jt1\/2025\/11\/talking-bot-125x125.png","contentUrl":"https:\/\/portaltela.pt\/s.01k8rhncp4jt1\/2025\/11\/talking-bot-125x125.png","caption":"Telinha"},"sameAs":["https:\/\/portaltela.pt\/"],"url":"https:\/\/portaltela.pt\/por\/367410592786\/"}]}},"_links":{"self":[{"href":"https:\/\/portaltela.pt\/api\/wp\/v2\/posts\/170378","targetHints":{"allow":["GET"]}}],"collection":[{"href":"https:\/\/portaltela.pt\/api\/wp\/v2\/posts"}],"about":[{"href":"https:\/\/portaltela.pt\/api\/wp\/v2\/types\/post"}],"author":[{"embeddable":true,"href":"https:\/\/portaltela.pt\/api\/wp\/v2\/users\/2"}],"replies":[{"embeddable":true,"href":"https:\/\/portaltela.pt\/api\/wp\/v2\/comments?post=170378"}],"version-history":[{"count":0,"href":"https:\/\/portaltela.pt\/api\/wp\/v2\/posts\/170378\/revisions"}],"wp:featuredmedia":[{"embeddable":true,"href":"https:\/\/portaltela.pt\/api\/wp\/v2\/media\/170393"}],"wp:attachment":[{"href":"https:\/\/portaltela.pt\/api\/wp\/v2\/media?parent=170378"}],"wp:term":[{"taxonomy":"category","embeddable":true,"href":"https:\/\/portaltela.pt\/api\/wp\/v2\/categories?post=170378"},{"taxonomy":"post_tag","embeddable":true,"href":"https:\/\/portaltela.pt\/api\/wp\/v2\/tags?post=170378"}],"curies":[{"name":"wp","href":"https:\/\/api.w.org\/{rel}","templated":true}]}}