{"id":170265,"date":"2026-01-24T13:17:00","date_gmt":"2026-01-24T16:17:00","guid":{"rendered":"https:\/\/portaltela.pt\/noticias\/2026\/01\/24\/residencia-artistica-em-vila-nova-de-milfontes-reune-15-musicos-de-varias-idades\/"},"modified":"2026-01-24T13:17:00","modified_gmt":"2026-01-24T16:17:00","slug":"residencia-artistica-em-vila-nova-de-milfontes-reune-15-musicos-de-varias-idades","status":"publish","type":"post","link":"https:\/\/portaltela.pt\/noticias\/2026\/01\/24\/residencia-artistica-em-vila-nova-de-milfontes-reune-15-musicos-de-varias-idades\/","title":{"rendered":"Resid\u00eancia art\u00edstica em Vila Nova de Milfontes re\u00fane 15 m\u00fasicos de v\u00e1rias idades"},"content":{"rendered":"<p>A resid\u00eancia art\u00edstica re\u00fane 15 m\u00fasicos de v\u00e1rias idades, nacionalidades e percursos para um interc\u00e2mbio musical em Vila Nova de Milfontes. Ao longo de oito dias, o grupo trabalha num espet\u00e1culo multicultural que ser\u00e1 apresentado em Odemira, no dia 30 de janeiro.<\/p>\n<p>Promovida pela AETHER \u2013 Associa\u00e7\u00e3o Cultural, com apoio da C\u00e2mara Municipal de Odemira, a iniciativa pretende criar um espa\u00e7o de encontro, cria\u00e7\u00e3o e partilha cultural. O projeto inspira-se no Ethno, centrando-se na m\u00fasica tradicional de diversos pa\u00edses sem uso de partituras.<\/p>\n<p>A organiza\u00e7\u00e3o descreve a resid\u00eancia como lugar de tradi\u00e7\u00f5es vivas, de estreitamento de la\u00e7os e de partilha de experi\u00eancias. Valores como entreajuda, coopera\u00e7\u00e3o e respeito ocupam o centro do processo art\u00edstico.<\/p>\n<h3>O espet\u00e1culo final<\/h3>\n<p>O resultado da resid\u00eancia ser\u00e1 apresentado na sexta-feira, 30 de janeiro, \u00e0s 21h00, no cineteatro Camacho Costa, em Odemira. O concerto mostrar\u00e1 a diversidade de vozes e culturas reunidas.<\/p>\n<p>Em palco, a energia da cria\u00e7\u00e3o partilhada dever\u00e1 envolver o p\u00fablico, transformando o evento num momento de celebra\u00e7\u00e3o da express\u00e3o coletiva. A dire\u00e7\u00e3o da AETHER antecipa um espet\u00e1culo completo e vibrante.<\/p>\n","protected":false},"excerpt":{"rendered":"<ul>\n<li>Quinze m\u00fasicos de v\u00e1rias idades, nacionalidades e percursos participam numa resid\u00eancia de oito dias em Vila Nova de Milfontes, para apresentar, a 30 de janeiro, em Odemira, um espet\u00e1culo multicultural.<\/li>\n<li>A segunda edi\u00e7\u00e3o da resid\u00eancia art\u00edstica \u201c\u00e0 Pergunta | Sons do mundo\u201d \u00e9 promovida pela AETHER \u2013 Associa\u00e7\u00e3o Cultural, com o apoio da C\u00e2mara de Odemira, visando um espa\u00e7o de encontro, cria\u00e7\u00e3o e partilha cultural.<\/li>\n<li>Inspirada no projeto internacional Ethno, a iniciativa centra-se na m\u00fasica tradicional de diferentes pa\u00edses, trabalhada a partir da tradi\u00e7\u00e3o oral, sem uso de partituras.<\/li>\n<li>Nos primeiros dias, os temas s\u00e3o partilhados, ensaiados e reinterpretados pela orquestra, gerando novos arranjos que refletem a diversidade cultural do grupo.<\/li>\n<li>O resultado final ser\u00e1 apresentado no dia 30 de janeiro, \u00e0s 21h00, no cineteatro Camacho Costa, em Odemira, destacando a diversidade de vozes, a alegria do trabalho coletivo e a participa\u00e7\u00e3o do p\u00fablico.<\/li>\n<\/ul>\n","protected":false},"author":2,"featured_media":170280,"comment_status":"closed","ping_status":"closed","sticky":false,"template":"","format":"standard","meta":{"footnotes":""},"categories":[1],"tags":[883,145,2290,2934,122,1648],"class_list":["post-170265","post","type-post","status-publish","format-standard","has-post-thumbnail","hentry","category-noticias","tag-alentejo","tag-cultura","tag-intercambios-internacionais","tag-multiculturalidade","tag-musica","tag-odemira"],"yoast_head":"<!-- This site is optimized with the Yoast SEO plugin v27.2 - https:\/\/yoast.com\/product\/yoast-seo-wordpress\/ -->\n<title>Resid\u00eancia art\u00edstica em Vila Nova de Milfontes re\u00fane 15 m\u00fasicos de v\u00e1rias idades - Portal Tela Portugal<\/title>\n<meta name=\"robots\" content=\"index, follow, max-snippet:-1, max-image-preview:large, max-video-preview:-1\" \/>\n<meta property=\"og:locale\" content=\"pt_PT\" \/>\n<meta property=\"og:type\" content=\"article\" \/>\n<meta property=\"og:title\" content=\"Resid\u00eancia art\u00edstica em Vila Nova de Milfontes re\u00fane 15 m\u00fasicos de v\u00e1rias idades - Portal Tela Portugal\" \/>\n<meta property=\"og:description\" content=\"Quinze m\u00fasicos de v\u00e1rias idades, nacionalidades e percursos participam numa resid\u00eancia de oito dias em Vila Nova de Milfontes, para apresentar, a 30 de janeiro, em Odemira, um espet\u00e1culo multicultural. A segunda edi\u00e7\u00e3o da resid\u00eancia art\u00edstica \u201c\u00e0 Pergunta | Sons do mundo\u201d \u00e9 promovida pela AETHER \u2013 Associa\u00e7\u00e3o Cultural, com o apoio da C\u00e2mara de Odemira, visando um espa\u00e7o de encontro, cria\u00e7\u00e3o e partilha cultural. Inspirada no projeto internacional Ethno, a iniciativa centra-se na m\u00fasica tradicional de diferentes pa\u00edses, trabalhada a partir da tradi\u00e7\u00e3o oral, sem uso de partituras. Nos primeiros dias, os temas s\u00e3o partilhados, ensaiados e reinterpretados pela orquestra, gerando novos arranjos que refletem a diversidade cultural do grupo. O resultado final ser\u00e1 apresentado no dia 30 de janeiro, \u00e0s 21h00, no cineteatro Camacho Costa, em Odemira, destacando a diversidade de vozes, a alegria do trabalho coletivo e a participa\u00e7\u00e3o do p\u00fablico.\" \/>\n<meta property=\"og:url\" content=\"https:\/\/portaltela.pt\/noticias\/2026\/01\/24\/residencia-artistica-em-vila-nova-de-milfontes-reune-15-musicos-de-varias-idades\/\" \/>\n<meta property=\"og:site_name\" content=\"Portal Tela Portugal\" \/>\n<meta property=\"article:published_time\" content=\"2026-01-24T16:17:00+00:00\" \/>\n<meta name=\"author\" content=\"Telinha\" \/>\n<meta name=\"twitter:card\" content=\"summary_large_image\" \/>\n<meta name=\"twitter:label1\" content=\"Escrito por\" \/>\n\t<meta name=\"twitter:data1\" content=\"Telinha\" \/>\n\t<meta name=\"twitter:label2\" content=\"Tempo estimado de leitura\" \/>\n\t<meta name=\"twitter:data2\" content=\"1 minuto\" \/>\n<script type=\"application\/ld+json\" class=\"yoast-schema-graph\">{\"@context\":\"https:\/\/schema.org\",\"@graph\":[{\"@type\":\"Article\",\"@id\":\"https:\/\/portaltela.pt\/noticias\/2026\/01\/24\/residencia-artistica-em-vila-nova-de-milfontes-reune-15-musicos-de-varias-idades\/#article\",\"isPartOf\":{\"@id\":\"https:\/\/portaltela.pt\/noticias\/2026\/01\/24\/residencia-artistica-em-vila-nova-de-milfontes-reune-15-musicos-de-varias-idades\/\"},\"author\":{\"name\":\"Telinha\",\"@id\":\"https:\/\/portaltela.pt\/#\/schema\/person\/c4278d4a6028830caff9ee44b42d32ed\"},\"headline\":\"Resid\u00eancia art\u00edstica em Vila Nova de Milfontes re\u00fane 15 m\u00fasicos de v\u00e1rias idades\",\"datePublished\":\"2026-01-24T16:17:00+00:00\",\"mainEntityOfPage\":{\"@id\":\"https:\/\/portaltela.pt\/noticias\/2026\/01\/24\/residencia-artistica-em-vila-nova-de-milfontes-reune-15-musicos-de-varias-idades\/\"},\"wordCount\":218,\"image\":{\"@id\":\"https:\/\/portaltela.pt\/noticias\/2026\/01\/24\/residencia-artistica-em-vila-nova-de-milfontes-reune-15-musicos-de-varias-idades\/#primaryimage\"},\"thumbnailUrl\":\"https:\/\/portaltela.pt\/s.01k8rhncp4jt1\/2026\/01\/unnamed-file-5002.jpg\",\"keywords\":[\"Alentejo\",\"cultura\",\"interc\u00e2mbios internacionais\",\"multiculturalidade\",\"m\u00fasica\",\"Odemira\"],\"articleSection\":[\"Not\u00edcias\"],\"inLanguage\":\"pt-PT\"},{\"@type\":\"WebPage\",\"@id\":\"https:\/\/portaltela.pt\/noticias\/2026\/01\/24\/residencia-artistica-em-vila-nova-de-milfontes-reune-15-musicos-de-varias-idades\/\",\"url\":\"https:\/\/portaltela.pt\/noticias\/2026\/01\/24\/residencia-artistica-em-vila-nova-de-milfontes-reune-15-musicos-de-varias-idades\/\",\"name\":\"Resid\u00eancia art\u00edstica em Vila Nova de Milfontes re\u00fane 15 m\u00fasicos de v\u00e1rias idades - Portal Tela Portugal\",\"isPartOf\":{\"@id\":\"https:\/\/portaltela.pt\/#website\"},\"primaryImageOfPage\":{\"@id\":\"https:\/\/portaltela.pt\/noticias\/2026\/01\/24\/residencia-artistica-em-vila-nova-de-milfontes-reune-15-musicos-de-varias-idades\/#primaryimage\"},\"image\":{\"@id\":\"https:\/\/portaltela.pt\/noticias\/2026\/01\/24\/residencia-artistica-em-vila-nova-de-milfontes-reune-15-musicos-de-varias-idades\/#primaryimage\"},\"thumbnailUrl\":\"https:\/\/portaltela.pt\/s.01k8rhncp4jt1\/2026\/01\/unnamed-file-5002.jpg\",\"datePublished\":\"2026-01-24T16:17:00+00:00\",\"author\":{\"@id\":\"https:\/\/portaltela.pt\/#\/schema\/person\/c4278d4a6028830caff9ee44b42d32ed\"},\"breadcrumb\":{\"@id\":\"https:\/\/portaltela.pt\/noticias\/2026\/01\/24\/residencia-artistica-em-vila-nova-de-milfontes-reune-15-musicos-de-varias-idades\/#breadcrumb\"},\"inLanguage\":\"pt-PT\",\"potentialAction\":[{\"@type\":\"ReadAction\",\"target\":[\"https:\/\/portaltela.pt\/noticias\/2026\/01\/24\/residencia-artistica-em-vila-nova-de-milfontes-reune-15-musicos-de-varias-idades\/\"]}]},{\"@type\":\"ImageObject\",\"inLanguage\":\"pt-PT\",\"@id\":\"https:\/\/portaltela.pt\/noticias\/2026\/01\/24\/residencia-artistica-em-vila-nova-de-milfontes-reune-15-musicos-de-varias-idades\/#primaryimage\",\"url\":\"https:\/\/portaltela.pt\/s.01k8rhncp4jt1\/2026\/01\/unnamed-file-5002.jpg\",\"contentUrl\":\"https:\/\/portaltela.pt\/s.01k8rhncp4jt1\/2026\/01\/unnamed-file-5002.jpg\",\"width\":796,\"height\":448,\"caption\":\"Resid\u00eancia art\u00edstica em Vila Nova de Milfontes re\u00fane 15 m\u00fasicos de diferentes idades\"},{\"@type\":\"BreadcrumbList\",\"@id\":\"https:\/\/portaltela.pt\/noticias\/2026\/01\/24\/residencia-artistica-em-vila-nova-de-milfontes-reune-15-musicos-de-varias-idades\/#breadcrumb\",\"itemListElement\":[{\"@type\":\"ListItem\",\"position\":1,\"name\":\"In\u00edcio\",\"item\":\"https:\/\/portaltela.pt\/\"},{\"@type\":\"ListItem\",\"position\":2,\"name\":\"Resid\u00eancia art\u00edstica em Vila Nova de Milfontes re\u00fane 15 m\u00fasicos de v\u00e1rias idades\"}]},{\"@type\":\"WebSite\",\"@id\":\"https:\/\/portaltela.pt\/#website\",\"url\":\"https:\/\/portaltela.pt\/\",\"name\":\"Portal Tela Portugal\",\"description\":\"\",\"potentialAction\":[{\"@type\":\"SearchAction\",\"target\":{\"@type\":\"EntryPoint\",\"urlTemplate\":\"https:\/\/portaltela.pt\/?s={search_term_string}\"},\"query-input\":{\"@type\":\"PropertyValueSpecification\",\"valueRequired\":true,\"valueName\":\"search_term_string\"}}],\"inLanguage\":\"pt-PT\"},{\"@type\":\"Person\",\"@id\":\"https:\/\/portaltela.pt\/#\/schema\/person\/c4278d4a6028830caff9ee44b42d32ed\",\"name\":\"Telinha\",\"image\":{\"@type\":\"ImageObject\",\"inLanguage\":\"pt-PT\",\"@id\":\"https:\/\/portaltela.pt\/s.01k8rhncp4jt1\/2025\/11\/talking-bot-125x125.png\",\"url\":\"https:\/\/portaltela.pt\/s.01k8rhncp4jt1\/2025\/11\/talking-bot-125x125.png\",\"contentUrl\":\"https:\/\/portaltela.pt\/s.01k8rhncp4jt1\/2025\/11\/talking-bot-125x125.png\",\"caption\":\"Telinha\"},\"sameAs\":[\"https:\/\/portaltela.pt\/\"],\"url\":\"https:\/\/portaltela.pt\/por\/367410592786\/\"}]}<\/script>\n<!-- \/ Yoast SEO plugin. -->","yoast_head_json":{"title":"Resid\u00eancia art\u00edstica em Vila Nova de Milfontes re\u00fane 15 m\u00fasicos de v\u00e1rias idades - Portal Tela Portugal","robots":{"index":"index","follow":"follow","max-snippet":"max-snippet:-1","max-image-preview":"max-image-preview:large","max-video-preview":"max-video-preview:-1"},"og_locale":"pt_PT","og_type":"article","og_title":"Resid\u00eancia art\u00edstica em Vila Nova de Milfontes re\u00fane 15 m\u00fasicos de v\u00e1rias idades - Portal Tela Portugal","og_description":"Quinze m\u00fasicos de v\u00e1rias idades, nacionalidades e percursos participam numa resid\u00eancia de oito dias em Vila Nova de Milfontes, para apresentar, a 30 de janeiro, em Odemira, um espet\u00e1culo multicultural. A segunda edi\u00e7\u00e3o da resid\u00eancia art\u00edstica \u201c\u00e0 Pergunta | Sons do mundo\u201d \u00e9 promovida pela AETHER \u2013 Associa\u00e7\u00e3o Cultural, com o apoio da C\u00e2mara de Odemira, visando um espa\u00e7o de encontro, cria\u00e7\u00e3o e partilha cultural. Inspirada no projeto internacional Ethno, a iniciativa centra-se na m\u00fasica tradicional de diferentes pa\u00edses, trabalhada a partir da tradi\u00e7\u00e3o oral, sem uso de partituras. Nos primeiros dias, os temas s\u00e3o partilhados, ensaiados e reinterpretados pela orquestra, gerando novos arranjos que refletem a diversidade cultural do grupo. O resultado final ser\u00e1 apresentado no dia 30 de janeiro, \u00e0s 21h00, no cineteatro Camacho Costa, em Odemira, destacando a diversidade de vozes, a alegria do trabalho coletivo e a participa\u00e7\u00e3o do p\u00fablico.","og_url":"https:\/\/portaltela.pt\/noticias\/2026\/01\/24\/residencia-artistica-em-vila-nova-de-milfontes-reune-15-musicos-de-varias-idades\/","og_site_name":"Portal Tela Portugal","article_published_time":"2026-01-24T16:17:00+00:00","author":"Telinha","twitter_card":"summary_large_image","twitter_misc":{"Escrito por":"Telinha","Tempo estimado de leitura":"1 minuto"},"schema":{"@context":"https:\/\/schema.org","@graph":[{"@type":"Article","@id":"https:\/\/portaltela.pt\/noticias\/2026\/01\/24\/residencia-artistica-em-vila-nova-de-milfontes-reune-15-musicos-de-varias-idades\/#article","isPartOf":{"@id":"https:\/\/portaltela.pt\/noticias\/2026\/01\/24\/residencia-artistica-em-vila-nova-de-milfontes-reune-15-musicos-de-varias-idades\/"},"author":{"name":"Telinha","@id":"https:\/\/portaltela.pt\/#\/schema\/person\/c4278d4a6028830caff9ee44b42d32ed"},"headline":"Resid\u00eancia art\u00edstica em Vila Nova de Milfontes re\u00fane 15 m\u00fasicos de v\u00e1rias idades","datePublished":"2026-01-24T16:17:00+00:00","mainEntityOfPage":{"@id":"https:\/\/portaltela.pt\/noticias\/2026\/01\/24\/residencia-artistica-em-vila-nova-de-milfontes-reune-15-musicos-de-varias-idades\/"},"wordCount":218,"image":{"@id":"https:\/\/portaltela.pt\/noticias\/2026\/01\/24\/residencia-artistica-em-vila-nova-de-milfontes-reune-15-musicos-de-varias-idades\/#primaryimage"},"thumbnailUrl":"https:\/\/portaltela.pt\/s.01k8rhncp4jt1\/2026\/01\/unnamed-file-5002.jpg","keywords":["Alentejo","cultura","interc\u00e2mbios internacionais","multiculturalidade","m\u00fasica","Odemira"],"articleSection":["Not\u00edcias"],"inLanguage":"pt-PT"},{"@type":"WebPage","@id":"https:\/\/portaltela.pt\/noticias\/2026\/01\/24\/residencia-artistica-em-vila-nova-de-milfontes-reune-15-musicos-de-varias-idades\/","url":"https:\/\/portaltela.pt\/noticias\/2026\/01\/24\/residencia-artistica-em-vila-nova-de-milfontes-reune-15-musicos-de-varias-idades\/","name":"Resid\u00eancia art\u00edstica em Vila Nova de Milfontes re\u00fane 15 m\u00fasicos de v\u00e1rias idades - Portal Tela Portugal","isPartOf":{"@id":"https:\/\/portaltela.pt\/#website"},"primaryImageOfPage":{"@id":"https:\/\/portaltela.pt\/noticias\/2026\/01\/24\/residencia-artistica-em-vila-nova-de-milfontes-reune-15-musicos-de-varias-idades\/#primaryimage"},"image":{"@id":"https:\/\/portaltela.pt\/noticias\/2026\/01\/24\/residencia-artistica-em-vila-nova-de-milfontes-reune-15-musicos-de-varias-idades\/#primaryimage"},"thumbnailUrl":"https:\/\/portaltela.pt\/s.01k8rhncp4jt1\/2026\/01\/unnamed-file-5002.jpg","datePublished":"2026-01-24T16:17:00+00:00","author":{"@id":"https:\/\/portaltela.pt\/#\/schema\/person\/c4278d4a6028830caff9ee44b42d32ed"},"breadcrumb":{"@id":"https:\/\/portaltela.pt\/noticias\/2026\/01\/24\/residencia-artistica-em-vila-nova-de-milfontes-reune-15-musicos-de-varias-idades\/#breadcrumb"},"inLanguage":"pt-PT","potentialAction":[{"@type":"ReadAction","target":["https:\/\/portaltela.pt\/noticias\/2026\/01\/24\/residencia-artistica-em-vila-nova-de-milfontes-reune-15-musicos-de-varias-idades\/"]}]},{"@type":"ImageObject","inLanguage":"pt-PT","@id":"https:\/\/portaltela.pt\/noticias\/2026\/01\/24\/residencia-artistica-em-vila-nova-de-milfontes-reune-15-musicos-de-varias-idades\/#primaryimage","url":"https:\/\/portaltela.pt\/s.01k8rhncp4jt1\/2026\/01\/unnamed-file-5002.jpg","contentUrl":"https:\/\/portaltela.pt\/s.01k8rhncp4jt1\/2026\/01\/unnamed-file-5002.jpg","width":796,"height":448,"caption":"Resid\u00eancia art\u00edstica em Vila Nova de Milfontes re\u00fane 15 m\u00fasicos de diferentes idades"},{"@type":"BreadcrumbList","@id":"https:\/\/portaltela.pt\/noticias\/2026\/01\/24\/residencia-artistica-em-vila-nova-de-milfontes-reune-15-musicos-de-varias-idades\/#breadcrumb","itemListElement":[{"@type":"ListItem","position":1,"name":"In\u00edcio","item":"https:\/\/portaltela.pt\/"},{"@type":"ListItem","position":2,"name":"Resid\u00eancia art\u00edstica em Vila Nova de Milfontes re\u00fane 15 m\u00fasicos de v\u00e1rias idades"}]},{"@type":"WebSite","@id":"https:\/\/portaltela.pt\/#website","url":"https:\/\/portaltela.pt\/","name":"Portal Tela Portugal","description":"","potentialAction":[{"@type":"SearchAction","target":{"@type":"EntryPoint","urlTemplate":"https:\/\/portaltela.pt\/?s={search_term_string}"},"query-input":{"@type":"PropertyValueSpecification","valueRequired":true,"valueName":"search_term_string"}}],"inLanguage":"pt-PT"},{"@type":"Person","@id":"https:\/\/portaltela.pt\/#\/schema\/person\/c4278d4a6028830caff9ee44b42d32ed","name":"Telinha","image":{"@type":"ImageObject","inLanguage":"pt-PT","@id":"https:\/\/portaltela.pt\/s.01k8rhncp4jt1\/2025\/11\/talking-bot-125x125.png","url":"https:\/\/portaltela.pt\/s.01k8rhncp4jt1\/2025\/11\/talking-bot-125x125.png","contentUrl":"https:\/\/portaltela.pt\/s.01k8rhncp4jt1\/2025\/11\/talking-bot-125x125.png","caption":"Telinha"},"sameAs":["https:\/\/portaltela.pt\/"],"url":"https:\/\/portaltela.pt\/por\/367410592786\/"}]}},"_links":{"self":[{"href":"https:\/\/portaltela.pt\/api\/wp\/v2\/posts\/170265","targetHints":{"allow":["GET"]}}],"collection":[{"href":"https:\/\/portaltela.pt\/api\/wp\/v2\/posts"}],"about":[{"href":"https:\/\/portaltela.pt\/api\/wp\/v2\/types\/post"}],"author":[{"embeddable":true,"href":"https:\/\/portaltela.pt\/api\/wp\/v2\/users\/2"}],"replies":[{"embeddable":true,"href":"https:\/\/portaltela.pt\/api\/wp\/v2\/comments?post=170265"}],"version-history":[{"count":0,"href":"https:\/\/portaltela.pt\/api\/wp\/v2\/posts\/170265\/revisions"}],"wp:featuredmedia":[{"embeddable":true,"href":"https:\/\/portaltela.pt\/api\/wp\/v2\/media\/170280"}],"wp:attachment":[{"href":"https:\/\/portaltela.pt\/api\/wp\/v2\/media?parent=170265"}],"wp:term":[{"taxonomy":"category","embeddable":true,"href":"https:\/\/portaltela.pt\/api\/wp\/v2\/categories?post=170265"},{"taxonomy":"post_tag","embeddable":true,"href":"https:\/\/portaltela.pt\/api\/wp\/v2\/tags?post=170265"}],"curies":[{"name":"wp","href":"https:\/\/api.w.org\/{rel}","templated":true}]}}