{"id":170252,"date":"2026-01-24T06:00:27","date_gmt":"2026-01-24T09:00:27","guid":{"rendered":"https:\/\/portaltela.pt\/noticias\/2026\/01\/24\/carreira-de-anthony-joshua-pode-ter-chegado-ao-fim-devido-a-lesoes-5\/"},"modified":"2026-01-24T06:00:27","modified_gmt":"2026-01-24T09:00:27","slug":"carreira-de-anthony-joshua-pode-ter-chegado-ao-fim-devido-a-lesoes-5","status":"publish","type":"post","link":"https:\/\/portaltela.pt\/desporto\/2026\/01\/24\/carreira-de-anthony-joshua-pode-ter-chegado-ao-fim-devido-a-lesoes-5\/","title":{"rendered":"Carreira de Anthony Joshua pode ter chegado ao fim devido a les\u00f5es"},"content":{"rendered":"<p>O ex-campe\u00e3o mundial de pesos pesados Anthony Joshua pode n\u00e3o retornar ao ringue, ap\u00f3s um grave acidente de via\u00e7\u00e3o ocorrido no final de dezembro na Nig\u00e9ria. O acidente envolveu o ve\u00edculo em que seguia, que colidiu com um cami\u00e3o parado numa via importante perto de Lagos. Dois amigos pr\u00f3ximos de Joshua, Sina Ghami e Latif Ayodele, perderam a vida no acidente.<\/p>\n<p>O promoter de Joshua, Eddie Hearn, explicou numa entrevista ao YouTube que a possibilidade de o norte-americano voltar ao boxing existe, mas depende da recupera\u00e7\u00e3o f\u00edsica e psicol\u00f3gica. Segundo Hearn, o atleta est\u00e1 a recuperar, mas o desfecho final ainda n\u00e3o est\u00e1 determinado.<\/p>\n<p>Apesar de as les\u00f5es f\u00edsicas n\u00e3o serem consideradas de longo prazo, h\u00e1 preocupa\u00e7\u00e3o com o tempo necess\u00e1rio para a reabilita\u00e7\u00e3o. A boxe \u00e9 um desporto exigente, o que pode impedir um regresso imediato a partir de les\u00f5es t\u00e3o graves. N\u00e3o houve confirma\u00e7\u00e3o de planos para combate futuro.<\/p>\n<p>Joshua j\u00e1 recebeu alta hospitalar e continua a recupera\u00e7\u00e3o em casa. O promotor enfatiza que ainda n\u00e3o houve conversas formais sobre retorno ao ringue, mantendo a situa\u00e7\u00e3o pendente at\u00e9 nova avalia\u00e7\u00e3o. A fam\u00edlia e a equipa do atleta aguardam evolu\u00e7\u00f5es.<\/p>\n<p>Fonte: Record<\/p>\n","protected":false},"excerpt":{"rendered":"<ul>\n<li>Eddie Hearn, promotor de Anthony Joshua, disse que h\u00e1 a possibilidade de o ex-campe\u00e3o dos pesos pesados nunca voltar aos ringues ap\u00f3s o grave acidente de via\u00e7\u00e3o na Nig\u00e9ria, no final de dezembro.<\/li>\n<li>O acidente, que ocorreu numa estrada junto a Lagos, envolveu o carro de Joshua a colidir com um cami\u00e3o parado; dois amigos pr\u00f3ximos morreram: Sina Ghami e Latif \u2019Latz\u2019 Ayodele.<\/li>\n<li>Joshua foi hospitalizado, recebeu alta e continua a recuperar em casa, com ferimentos que, segundo Hearn, n\u00e3o devem afetar o f\u00edsico a longo prazo, mas exigem tempo de recupera\u00e7\u00e3o.<\/li>\n<li>O promotor afirmou que o pugilista est\u00e1 a lidar tamb\u00e9m com a recupera\u00e7\u00e3o psicol\u00f3gica e que, no momento, n\u00e3o h\u00e1 conversas sobre o regresso ao ringue.<\/li>\n<li>A not\u00edcia n\u00e3o especifica uma data de recupera\u00e7\u00e3o nem confirma se Joshua voltar\u00e1 a competir, mantendo a incerteza sobre o futuro da carreira.<\/li>\n<\/ul>\n","protected":false},"author":2,"featured_media":170256,"comment_status":"closed","ping_status":"closed","sticky":false,"template":"","format":"standard","meta":{"footnotes":""},"categories":[21],"tags":[2088,152,2681,80,2538,1368],"class_list":["post-170252","post","type-post","status-publish","format-standard","has-post-thumbnail","hentry","category-desporto","tag-acidente-de-viacao","tag-desporto","tag-desporto-internacional","tag-esportes-individuais","tag-lesoes","tag-nigeria"],"yoast_head":"<!-- This site is optimized with the Yoast SEO plugin v27.2 - https:\/\/yoast.com\/product\/yoast-seo-wordpress\/ -->\n<title>Carreira de Anthony Joshua pode ter chegado ao fim devido a les\u00f5es - Portal Tela Portugal<\/title>\n<meta name=\"robots\" content=\"index, follow, max-snippet:-1, max-image-preview:large, max-video-preview:-1\" \/>\n<meta property=\"og:locale\" content=\"pt_PT\" \/>\n<meta property=\"og:type\" content=\"article\" \/>\n<meta property=\"og:title\" content=\"Carreira de Anthony Joshua pode ter chegado ao fim devido a les\u00f5es - Portal Tela Portugal\" \/>\n<meta property=\"og:description\" content=\"Eddie Hearn, promotor de Anthony Joshua, disse que h\u00e1 a possibilidade de o ex-campe\u00e3o dos pesos pesados nunca voltar aos ringues ap\u00f3s o grave acidente de via\u00e7\u00e3o na Nig\u00e9ria, no final de dezembro. O acidente, que ocorreu numa estrada junto a Lagos, envolveu o carro de Joshua a colidir com um cami\u00e3o parado; dois amigos pr\u00f3ximos morreram: Sina Ghami e Latif \u2019Latz\u2019 Ayodele. Joshua foi hospitalizado, recebeu alta e continua a recuperar em casa, com ferimentos que, segundo Hearn, n\u00e3o devem afetar o f\u00edsico a longo prazo, mas exigem tempo de recupera\u00e7\u00e3o. O promotor afirmou que o pugilista est\u00e1 a lidar tamb\u00e9m com a recupera\u00e7\u00e3o psicol\u00f3gica e que, no momento, n\u00e3o h\u00e1 conversas sobre o regresso ao ringue. A not\u00edcia n\u00e3o especifica uma data de recupera\u00e7\u00e3o nem confirma se Joshua voltar\u00e1 a competir, mantendo a incerteza sobre o futuro da carreira.\" \/>\n<meta property=\"og:url\" content=\"https:\/\/portaltela.pt\/noticias\/2026\/01\/24\/carreira-de-anthony-joshua-pode-ter-chegado-ao-fim-devido-a-lesoes-5\/\" \/>\n<meta property=\"og:site_name\" content=\"Portal Tela Portugal\" \/>\n<meta property=\"article:published_time\" content=\"2026-01-24T09:00:27+00:00\" \/>\n<meta name=\"author\" content=\"Telinha\" \/>\n<meta name=\"twitter:card\" content=\"summary_large_image\" \/>\n<meta name=\"twitter:label1\" content=\"Escrito por\" \/>\n\t<meta name=\"twitter:data1\" content=\"Telinha\" \/>\n\t<meta name=\"twitter:label2\" content=\"Tempo estimado de leitura\" \/>\n\t<meta name=\"twitter:data2\" content=\"1 minuto\" \/>\n<script type=\"application\/ld+json\" class=\"yoast-schema-graph\">{\"@context\":\"https:\/\/schema.org\",\"@graph\":[{\"@type\":\"Article\",\"@id\":\"https:\/\/portaltela.pt\/noticias\/2026\/01\/24\/carreira-de-anthony-joshua-pode-ter-chegado-ao-fim-devido-a-lesoes-5\/#article\",\"isPartOf\":{\"@id\":\"https:\/\/portaltela.pt\/noticias\/2026\/01\/24\/carreira-de-anthony-joshua-pode-ter-chegado-ao-fim-devido-a-lesoes-5\/\"},\"author\":{\"name\":\"Telinha\",\"@id\":\"https:\/\/portaltela.pt\/#\/schema\/person\/c4278d4a6028830caff9ee44b42d32ed\"},\"headline\":\"Carreira de Anthony Joshua pode ter chegado ao fim devido a les\u00f5es\",\"datePublished\":\"2026-01-24T09:00:27+00:00\",\"mainEntityOfPage\":{\"@id\":\"https:\/\/portaltela.pt\/noticias\/2026\/01\/24\/carreira-de-anthony-joshua-pode-ter-chegado-ao-fim-devido-a-lesoes-5\/\"},\"wordCount\":233,\"image\":{\"@id\":\"https:\/\/portaltela.pt\/noticias\/2026\/01\/24\/carreira-de-anthony-joshua-pode-ter-chegado-ao-fim-devido-a-lesoes-5\/#primaryimage\"},\"thumbnailUrl\":\"https:\/\/portaltela.pt\/s.01k8rhncp4jt1\/2026\/01\/img_920x518uu2026-01-24-08-59-53-2416977-4.jpg\",\"keywords\":[\"acidente de via\u00e7\u00e3o\",\"desporto\",\"desporto internacional\",\"esportes individuais\",\"les\u00f5es\",\"Nig\u00e9ria\"],\"articleSection\":[\"Desporto\"],\"inLanguage\":\"pt-PT\"},{\"@type\":\"WebPage\",\"@id\":\"https:\/\/portaltela.pt\/noticias\/2026\/01\/24\/carreira-de-anthony-joshua-pode-ter-chegado-ao-fim-devido-a-lesoes-5\/\",\"url\":\"https:\/\/portaltela.pt\/noticias\/2026\/01\/24\/carreira-de-anthony-joshua-pode-ter-chegado-ao-fim-devido-a-lesoes-5\/\",\"name\":\"Carreira de Anthony Joshua pode ter chegado ao fim devido a les\u00f5es - Portal Tela Portugal\",\"isPartOf\":{\"@id\":\"https:\/\/portaltela.pt\/#website\"},\"primaryImageOfPage\":{\"@id\":\"https:\/\/portaltela.pt\/noticias\/2026\/01\/24\/carreira-de-anthony-joshua-pode-ter-chegado-ao-fim-devido-a-lesoes-5\/#primaryimage\"},\"image\":{\"@id\":\"https:\/\/portaltela.pt\/noticias\/2026\/01\/24\/carreira-de-anthony-joshua-pode-ter-chegado-ao-fim-devido-a-lesoes-5\/#primaryimage\"},\"thumbnailUrl\":\"https:\/\/portaltela.pt\/s.01k8rhncp4jt1\/2026\/01\/img_920x518uu2026-01-24-08-59-53-2416977-4.jpg\",\"datePublished\":\"2026-01-24T09:00:27+00:00\",\"author\":{\"@id\":\"https:\/\/portaltela.pt\/#\/schema\/person\/c4278d4a6028830caff9ee44b42d32ed\"},\"breadcrumb\":{\"@id\":\"https:\/\/portaltela.pt\/noticias\/2026\/01\/24\/carreira-de-anthony-joshua-pode-ter-chegado-ao-fim-devido-a-lesoes-5\/#breadcrumb\"},\"inLanguage\":\"pt-PT\",\"potentialAction\":[{\"@type\":\"ReadAction\",\"target\":[\"https:\/\/portaltela.pt\/noticias\/2026\/01\/24\/carreira-de-anthony-joshua-pode-ter-chegado-ao-fim-devido-a-lesoes-5\/\"]}]},{\"@type\":\"ImageObject\",\"inLanguage\":\"pt-PT\",\"@id\":\"https:\/\/portaltela.pt\/noticias\/2026\/01\/24\/carreira-de-anthony-joshua-pode-ter-chegado-ao-fim-devido-a-lesoes-5\/#primaryimage\",\"url\":\"https:\/\/portaltela.pt\/s.01k8rhncp4jt1\/2026\/01\/img_920x518uu2026-01-24-08-59-53-2416977-4.jpg\",\"contentUrl\":\"https:\/\/portaltela.pt\/s.01k8rhncp4jt1\/2026\/01\/img_920x518uu2026-01-24-08-59-53-2416977-4.jpg\",\"width\":796,\"height\":448,\"caption\":\"Acidente de via\u00e7\u00e3o na Nig\u00e9ria pode ter graves consequ\u00eancias na carreira de Anthony Joshua\"},{\"@type\":\"BreadcrumbList\",\"@id\":\"https:\/\/portaltela.pt\/noticias\/2026\/01\/24\/carreira-de-anthony-joshua-pode-ter-chegado-ao-fim-devido-a-lesoes-5\/#breadcrumb\",\"itemListElement\":[{\"@type\":\"ListItem\",\"position\":1,\"name\":\"In\u00edcio\",\"item\":\"https:\/\/portaltela.pt\/\"},{\"@type\":\"ListItem\",\"position\":2,\"name\":\"Carreira de Anthony Joshua pode ter chegado ao fim devido a les\u00f5es\"}]},{\"@type\":\"WebSite\",\"@id\":\"https:\/\/portaltela.pt\/#website\",\"url\":\"https:\/\/portaltela.pt\/\",\"name\":\"Portal Tela Portugal\",\"description\":\"\",\"potentialAction\":[{\"@type\":\"SearchAction\",\"target\":{\"@type\":\"EntryPoint\",\"urlTemplate\":\"https:\/\/portaltela.pt\/?s={search_term_string}\"},\"query-input\":{\"@type\":\"PropertyValueSpecification\",\"valueRequired\":true,\"valueName\":\"search_term_string\"}}],\"inLanguage\":\"pt-PT\"},{\"@type\":\"Person\",\"@id\":\"https:\/\/portaltela.pt\/#\/schema\/person\/c4278d4a6028830caff9ee44b42d32ed\",\"name\":\"Telinha\",\"image\":{\"@type\":\"ImageObject\",\"inLanguage\":\"pt-PT\",\"@id\":\"https:\/\/portaltela.pt\/s.01k8rhncp4jt1\/2025\/11\/talking-bot-125x125.png\",\"url\":\"https:\/\/portaltela.pt\/s.01k8rhncp4jt1\/2025\/11\/talking-bot-125x125.png\",\"contentUrl\":\"https:\/\/portaltela.pt\/s.01k8rhncp4jt1\/2025\/11\/talking-bot-125x125.png\",\"caption\":\"Telinha\"},\"sameAs\":[\"https:\/\/portaltela.pt\/\"],\"url\":\"https:\/\/portaltela.pt\/por\/367410592786\/\"}]}<\/script>\n<!-- \/ Yoast SEO plugin. -->","yoast_head_json":{"title":"Carreira de Anthony Joshua pode ter chegado ao fim devido a les\u00f5es - Portal Tela Portugal","robots":{"index":"index","follow":"follow","max-snippet":"max-snippet:-1","max-image-preview":"max-image-preview:large","max-video-preview":"max-video-preview:-1"},"og_locale":"pt_PT","og_type":"article","og_title":"Carreira de Anthony Joshua pode ter chegado ao fim devido a les\u00f5es - Portal Tela Portugal","og_description":"Eddie Hearn, promotor de Anthony Joshua, disse que h\u00e1 a possibilidade de o ex-campe\u00e3o dos pesos pesados nunca voltar aos ringues ap\u00f3s o grave acidente de via\u00e7\u00e3o na Nig\u00e9ria, no final de dezembro. O acidente, que ocorreu numa estrada junto a Lagos, envolveu o carro de Joshua a colidir com um cami\u00e3o parado; dois amigos pr\u00f3ximos morreram: Sina Ghami e Latif \u2019Latz\u2019 Ayodele. Joshua foi hospitalizado, recebeu alta e continua a recuperar em casa, com ferimentos que, segundo Hearn, n\u00e3o devem afetar o f\u00edsico a longo prazo, mas exigem tempo de recupera\u00e7\u00e3o. O promotor afirmou que o pugilista est\u00e1 a lidar tamb\u00e9m com a recupera\u00e7\u00e3o psicol\u00f3gica e que, no momento, n\u00e3o h\u00e1 conversas sobre o regresso ao ringue. A not\u00edcia n\u00e3o especifica uma data de recupera\u00e7\u00e3o nem confirma se Joshua voltar\u00e1 a competir, mantendo a incerteza sobre o futuro da carreira.","og_url":"https:\/\/portaltela.pt\/noticias\/2026\/01\/24\/carreira-de-anthony-joshua-pode-ter-chegado-ao-fim-devido-a-lesoes-5\/","og_site_name":"Portal Tela Portugal","article_published_time":"2026-01-24T09:00:27+00:00","author":"Telinha","twitter_card":"summary_large_image","twitter_misc":{"Escrito por":"Telinha","Tempo estimado de leitura":"1 minuto"},"schema":{"@context":"https:\/\/schema.org","@graph":[{"@type":"Article","@id":"https:\/\/portaltela.pt\/noticias\/2026\/01\/24\/carreira-de-anthony-joshua-pode-ter-chegado-ao-fim-devido-a-lesoes-5\/#article","isPartOf":{"@id":"https:\/\/portaltela.pt\/noticias\/2026\/01\/24\/carreira-de-anthony-joshua-pode-ter-chegado-ao-fim-devido-a-lesoes-5\/"},"author":{"name":"Telinha","@id":"https:\/\/portaltela.pt\/#\/schema\/person\/c4278d4a6028830caff9ee44b42d32ed"},"headline":"Carreira de Anthony Joshua pode ter chegado ao fim devido a les\u00f5es","datePublished":"2026-01-24T09:00:27+00:00","mainEntityOfPage":{"@id":"https:\/\/portaltela.pt\/noticias\/2026\/01\/24\/carreira-de-anthony-joshua-pode-ter-chegado-ao-fim-devido-a-lesoes-5\/"},"wordCount":233,"image":{"@id":"https:\/\/portaltela.pt\/noticias\/2026\/01\/24\/carreira-de-anthony-joshua-pode-ter-chegado-ao-fim-devido-a-lesoes-5\/#primaryimage"},"thumbnailUrl":"https:\/\/portaltela.pt\/s.01k8rhncp4jt1\/2026\/01\/img_920x518uu2026-01-24-08-59-53-2416977-4.jpg","keywords":["acidente de via\u00e7\u00e3o","desporto","desporto internacional","esportes individuais","les\u00f5es","Nig\u00e9ria"],"articleSection":["Desporto"],"inLanguage":"pt-PT"},{"@type":"WebPage","@id":"https:\/\/portaltela.pt\/noticias\/2026\/01\/24\/carreira-de-anthony-joshua-pode-ter-chegado-ao-fim-devido-a-lesoes-5\/","url":"https:\/\/portaltela.pt\/noticias\/2026\/01\/24\/carreira-de-anthony-joshua-pode-ter-chegado-ao-fim-devido-a-lesoes-5\/","name":"Carreira de Anthony Joshua pode ter chegado ao fim devido a les\u00f5es - Portal Tela Portugal","isPartOf":{"@id":"https:\/\/portaltela.pt\/#website"},"primaryImageOfPage":{"@id":"https:\/\/portaltela.pt\/noticias\/2026\/01\/24\/carreira-de-anthony-joshua-pode-ter-chegado-ao-fim-devido-a-lesoes-5\/#primaryimage"},"image":{"@id":"https:\/\/portaltela.pt\/noticias\/2026\/01\/24\/carreira-de-anthony-joshua-pode-ter-chegado-ao-fim-devido-a-lesoes-5\/#primaryimage"},"thumbnailUrl":"https:\/\/portaltela.pt\/s.01k8rhncp4jt1\/2026\/01\/img_920x518uu2026-01-24-08-59-53-2416977-4.jpg","datePublished":"2026-01-24T09:00:27+00:00","author":{"@id":"https:\/\/portaltela.pt\/#\/schema\/person\/c4278d4a6028830caff9ee44b42d32ed"},"breadcrumb":{"@id":"https:\/\/portaltela.pt\/noticias\/2026\/01\/24\/carreira-de-anthony-joshua-pode-ter-chegado-ao-fim-devido-a-lesoes-5\/#breadcrumb"},"inLanguage":"pt-PT","potentialAction":[{"@type":"ReadAction","target":["https:\/\/portaltela.pt\/noticias\/2026\/01\/24\/carreira-de-anthony-joshua-pode-ter-chegado-ao-fim-devido-a-lesoes-5\/"]}]},{"@type":"ImageObject","inLanguage":"pt-PT","@id":"https:\/\/portaltela.pt\/noticias\/2026\/01\/24\/carreira-de-anthony-joshua-pode-ter-chegado-ao-fim-devido-a-lesoes-5\/#primaryimage","url":"https:\/\/portaltela.pt\/s.01k8rhncp4jt1\/2026\/01\/img_920x518uu2026-01-24-08-59-53-2416977-4.jpg","contentUrl":"https:\/\/portaltela.pt\/s.01k8rhncp4jt1\/2026\/01\/img_920x518uu2026-01-24-08-59-53-2416977-4.jpg","width":796,"height":448,"caption":"Acidente de via\u00e7\u00e3o na Nig\u00e9ria pode ter graves consequ\u00eancias na carreira de Anthony Joshua"},{"@type":"BreadcrumbList","@id":"https:\/\/portaltela.pt\/noticias\/2026\/01\/24\/carreira-de-anthony-joshua-pode-ter-chegado-ao-fim-devido-a-lesoes-5\/#breadcrumb","itemListElement":[{"@type":"ListItem","position":1,"name":"In\u00edcio","item":"https:\/\/portaltela.pt\/"},{"@type":"ListItem","position":2,"name":"Carreira de Anthony Joshua pode ter chegado ao fim devido a les\u00f5es"}]},{"@type":"WebSite","@id":"https:\/\/portaltela.pt\/#website","url":"https:\/\/portaltela.pt\/","name":"Portal Tela Portugal","description":"","potentialAction":[{"@type":"SearchAction","target":{"@type":"EntryPoint","urlTemplate":"https:\/\/portaltela.pt\/?s={search_term_string}"},"query-input":{"@type":"PropertyValueSpecification","valueRequired":true,"valueName":"search_term_string"}}],"inLanguage":"pt-PT"},{"@type":"Person","@id":"https:\/\/portaltela.pt\/#\/schema\/person\/c4278d4a6028830caff9ee44b42d32ed","name":"Telinha","image":{"@type":"ImageObject","inLanguage":"pt-PT","@id":"https:\/\/portaltela.pt\/s.01k8rhncp4jt1\/2025\/11\/talking-bot-125x125.png","url":"https:\/\/portaltela.pt\/s.01k8rhncp4jt1\/2025\/11\/talking-bot-125x125.png","contentUrl":"https:\/\/portaltela.pt\/s.01k8rhncp4jt1\/2025\/11\/talking-bot-125x125.png","caption":"Telinha"},"sameAs":["https:\/\/portaltela.pt\/"],"url":"https:\/\/portaltela.pt\/por\/367410592786\/"}]}},"_links":{"self":[{"href":"https:\/\/portaltela.pt\/api\/wp\/v2\/posts\/170252","targetHints":{"allow":["GET"]}}],"collection":[{"href":"https:\/\/portaltela.pt\/api\/wp\/v2\/posts"}],"about":[{"href":"https:\/\/portaltela.pt\/api\/wp\/v2\/types\/post"}],"author":[{"embeddable":true,"href":"https:\/\/portaltela.pt\/api\/wp\/v2\/users\/2"}],"replies":[{"embeddable":true,"href":"https:\/\/portaltela.pt\/api\/wp\/v2\/comments?post=170252"}],"version-history":[{"count":0,"href":"https:\/\/portaltela.pt\/api\/wp\/v2\/posts\/170252\/revisions"}],"wp:featuredmedia":[{"embeddable":true,"href":"https:\/\/portaltela.pt\/api\/wp\/v2\/media\/170256"}],"wp:attachment":[{"href":"https:\/\/portaltela.pt\/api\/wp\/v2\/media?parent=170252"}],"wp:term":[{"taxonomy":"category","embeddable":true,"href":"https:\/\/portaltela.pt\/api\/wp\/v2\/categories?post=170252"},{"taxonomy":"post_tag","embeddable":true,"href":"https:\/\/portaltela.pt\/api\/wp\/v2\/tags?post=170252"}],"curies":[{"name":"wp","href":"https:\/\/api.w.org\/{rel}","templated":true}]}}