{"id":170233,"date":"2026-01-24T12:38:24","date_gmt":"2026-01-24T15:38:24","guid":{"rendered":"https:\/\/portaltela.pt\/noticias\/2026\/01\/24\/de-guimaraes-para-a-europa-como-aplicar-localmente-o-eu-green-deal\/"},"modified":"2026-01-24T12:38:24","modified_gmt":"2026-01-24T15:38:24","slug":"de-guimaraes-para-a-europa-como-aplicar-localmente-o-eu-green-deal","status":"publish","type":"post","link":"https:\/\/portaltela.pt\/noticias\/2026\/01\/24\/de-guimaraes-para-a-europa-como-aplicar-localmente-o-eu-green-deal\/","title":{"rendered":"De Guimar\u00e3es para a Europa: como aplicar localmente o EU Green Deal"},"content":{"rendered":"<p>A iniciativa Translating The EU Green Deal Into Local Action decorreu na tarde de sexta-feira, no hemiciclo do Parlamento Europeu, reunindo mais de 220 autarcas e representantes europeus. O objetivo foi explorar como as altera\u00e7\u00f5es clim\u00e1ticas podem ser enfrentadas a partir da base at\u00e9 ao topo da hierarquia institucional.<\/p>\n<p>Guimar\u00e3es marcou presen\u00e7a com uma comitiva liderada pelo vereador Paulo Lopes Silva, da C\u00e2mara Municipal. O munic\u00edpio integrou o debate sobre implementa\u00e7\u00e3o local do Pacto Ecol\u00f3gico Europeu.<\/p>\n<p>Durante o painel Planning for healthy and resilient cities, Paulo Lopes Silva defendeu o lema local para o global, destacando a capacidade de transformar comportamentos. A comitiva real\u00e7ou que Guimar\u00e3es lidera pelo exemplo, citando a qualidade do ar local, com 97% da popula\u00e7\u00e3o a respirar ar bom ou muito bom, e referiu a\u00e7\u00f5es como o compromisso com a neutralidade clim\u00e1tica at\u00e9 2030 aliado \u00e0 ambi\u00e7\u00e3o de Zero Polui\u00e7\u00e3o, que tamb\u00e9m favorece o Plano Municipal de A\u00e7\u00e3o Clim\u00e1tica Guimar\u00e3es 2030.<\/p>\n<h3>Participa\u00e7\u00e3o local e metas da iniciativa<\/h3>\n<p>A organiza\u00e7\u00e3o foi liderada pela vice-prisidente da Flandres, Gwendolyn Rutten, no \u00e2mbito da presid\u00eancia belga da UE. A respons\u00e1vel sublinhou a import\u00e2ncia de tornar tang\u00edveis os objetivos europeus atrav\u00e9s de a\u00e7\u00f5es locais, envolvendo diretamente as comunidades.<\/p>\n<p>Entre os participantes estavam presidentes de cidades como Viena, Paris, Malm\u00f6 e Munique, que reiteraram a necessidade de assegurar aos governos locais assento na tomada de decis\u00f5es europeias para cumprir os objetivos clim\u00e1ticos. O foco esteve na relev\u00e2ncia de pol\u00edticas locais para a transi\u00e7\u00e3o ecol\u00f3gica.<\/p>\n<p>Maro\u0161 \u0160ef\u010dovi\u010d, vice-presidente executivo da Comiss\u00e3o Europeia, salientou que, face aos impactos reais das altera\u00e7\u00f5es clim\u00e1ticas, cabe aos presidentes de c\u00e2mara liderar a resposta em situa\u00e7\u00f5es como cheias ou inc\u00eandios. Refor\u00e7ou ainda que o compromisso dos l\u00edderes locais com o Pacto Ecol\u00f3gico Europeu \u00e9 central para a prossecu\u00e7\u00e3o dos objetivos europeus.<\/p>\n","protected":false},"excerpt":{"rendered":"<ul>\n<li>No hemiciclo do Parlamento Europeu decorreu a iniciativa Translating The EU Green Deal Into Local Action, com mais de duzentos e vinte autarcas e representantes europeus.<\/li>\n<li>Guimar\u00e3es marcou presen\u00e7a com uma comitiva liderada pelo vereador Paulo Lopes Silva, da C\u00e2mara Municipal de Guimar\u00e3es.<\/li>\n<li>No painel Planning for healthy and resilient cities, Paulo Lopes Silva defendeu o esp\u00edrito \u201cdo local para o global\u201d, mencionando que 97% da popula\u00e7\u00e3o vimaranense respira ar bom\/muito bom e destacando a\u00e7\u00f5es como a neutralidade clim\u00e1tica at\u00e9 2030 aliada \u00e0 ambi\u00e7\u00e3o de Zero Polui\u00e7\u00e3o, que sustenta o Plano Municipal de A\u00e7\u00e3o Clim\u00e1tica Guimar\u00e3es 2030.<\/li>\n<li>A iniciativa foi liderada pela vice-primeira ministra da Flandres, Gwendolyn Rutten, no \u00e2mbito da Presid\u00eancia belga da Uni\u00e3o Europeia.<\/li>\n<li>Reuniram-se mais de duzentos representantes europeus, incluindo presidentes de Viena, Paris, Malm\u00f6 e Munique, para discutir o papel das autoridades locais na implementa\u00e7\u00e3o dos objetivos clim\u00e1ticos da UE, com Maro\u0161 \u0160ef\u010dovi\u010d a sublinhar a import\u00e2ncia dos l\u00edderes locais na transi\u00e7\u00e3o ecol\u00f3gica.<\/li>\n<\/ul>\n","protected":false},"author":2,"featured_media":170239,"comment_status":"closed","ping_status":"closed","sticky":false,"template":"","format":"standard","meta":{"footnotes":""},"categories":[1],"tags":[2053,2665,3057,1145,45,4131],"class_list":["post-170233","post","type-post","status-publish","format-standard","has-post-thumbnail","hentry","category-noticias","tag-acao-climatica","tag-alteracoes-climaticas","tag-autarcas","tag-guimaraes","tag-meio-ambiente","tag-pacto-ecologico-europeu"],"yoast_head":"<!-- This site is optimized with the Yoast SEO plugin v27.2 - https:\/\/yoast.com\/product\/yoast-seo-wordpress\/ -->\n<title>De Guimar\u00e3es para a Europa: como aplicar localmente o EU Green Deal - Portal Tela Portugal<\/title>\n<meta name=\"robots\" content=\"index, follow, max-snippet:-1, max-image-preview:large, max-video-preview:-1\" \/>\n<meta property=\"og:locale\" content=\"pt_PT\" \/>\n<meta property=\"og:type\" content=\"article\" \/>\n<meta property=\"og:title\" content=\"De Guimar\u00e3es para a Europa: como aplicar localmente o EU Green Deal - Portal Tela Portugal\" \/>\n<meta property=\"og:description\" content=\"No hemiciclo do Parlamento Europeu decorreu a iniciativa Translating The EU Green Deal Into Local Action, com mais de duzentos e vinte autarcas e representantes europeus. Guimar\u00e3es marcou presen\u00e7a com uma comitiva liderada pelo vereador Paulo Lopes Silva, da C\u00e2mara Municipal de Guimar\u00e3es. No painel Planning for healthy and resilient cities, Paulo Lopes Silva defendeu o esp\u00edrito \u201cdo local para o global\u201d, mencionando que 97% da popula\u00e7\u00e3o vimaranense respira ar bom\/muito bom e destacando a\u00e7\u00f5es como a neutralidade clim\u00e1tica at\u00e9 2030 aliada \u00e0 ambi\u00e7\u00e3o de Zero Polui\u00e7\u00e3o, que sustenta o Plano Municipal de A\u00e7\u00e3o Clim\u00e1tica Guimar\u00e3es 2030. A iniciativa foi liderada pela vice-primeira ministra da Flandres, Gwendolyn Rutten, no \u00e2mbito da Presid\u00eancia belga da Uni\u00e3o Europeia. Reuniram-se mais de duzentos representantes europeus, incluindo presidentes de Viena, Paris, Malm\u00f6 e Munique, para discutir o papel das autoridades locais na implementa\u00e7\u00e3o dos objetivos clim\u00e1ticos da UE, com Maro\u0161 \u0160ef\u010dovi\u010d a sublinhar a import\u00e2ncia dos l\u00edderes locais na transi\u00e7\u00e3o ecol\u00f3gica.\" \/>\n<meta property=\"og:url\" content=\"https:\/\/portaltela.pt\/noticias\/2026\/01\/24\/de-guimaraes-para-a-europa-como-aplicar-localmente-o-eu-green-deal\/\" \/>\n<meta property=\"og:site_name\" content=\"Portal Tela Portugal\" \/>\n<meta property=\"article:published_time\" content=\"2026-01-24T15:38:24+00:00\" \/>\n<meta name=\"author\" content=\"Telinha\" \/>\n<meta name=\"twitter:card\" content=\"summary_large_image\" \/>\n<meta name=\"twitter:label1\" content=\"Escrito por\" \/>\n\t<meta name=\"twitter:data1\" content=\"Telinha\" \/>\n\t<meta name=\"twitter:label2\" content=\"Tempo estimado de leitura\" \/>\n\t<meta name=\"twitter:data2\" content=\"2 minutos\" \/>\n<script type=\"application\/ld+json\" class=\"yoast-schema-graph\">{\"@context\":\"https:\/\/schema.org\",\"@graph\":[{\"@type\":\"Article\",\"@id\":\"https:\/\/portaltela.pt\/noticias\/2026\/01\/24\/de-guimaraes-para-a-europa-como-aplicar-localmente-o-eu-green-deal\/#article\",\"isPartOf\":{\"@id\":\"https:\/\/portaltela.pt\/noticias\/2026\/01\/24\/de-guimaraes-para-a-europa-como-aplicar-localmente-o-eu-green-deal\/\"},\"author\":{\"name\":\"Telinha\",\"@id\":\"https:\/\/portaltela.pt\/#\/schema\/person\/c4278d4a6028830caff9ee44b42d32ed\"},\"headline\":\"De Guimar\u00e3es para a Europa: como aplicar localmente o EU Green Deal\",\"datePublished\":\"2026-01-24T15:38:24+00:00\",\"mainEntityOfPage\":{\"@id\":\"https:\/\/portaltela.pt\/noticias\/2026\/01\/24\/de-guimaraes-para-a-europa-como-aplicar-localmente-o-eu-green-deal\/\"},\"wordCount\":344,\"image\":{\"@id\":\"https:\/\/portaltela.pt\/noticias\/2026\/01\/24\/de-guimaraes-para-a-europa-como-aplicar-localmente-o-eu-green-deal\/#primaryimage\"},\"thumbnailUrl\":\"https:\/\/portaltela.pt\/s.01k8rhncp4jt1\/2026\/01\/unnamed-file-4998.jpg\",\"keywords\":[\"A\u00e7\u00e3o Clim\u00e1tica\",\"Altera\u00e7\u00f5es Clim\u00e1ticas\",\"autarcas\",\"Guimar\u00e3es\",\"meio-ambiente\",\"Pacto Ecol\u00f3gico Europeu\"],\"articleSection\":[\"Not\u00edcias\"],\"inLanguage\":\"pt-PT\"},{\"@type\":\"WebPage\",\"@id\":\"https:\/\/portaltela.pt\/noticias\/2026\/01\/24\/de-guimaraes-para-a-europa-como-aplicar-localmente-o-eu-green-deal\/\",\"url\":\"https:\/\/portaltela.pt\/noticias\/2026\/01\/24\/de-guimaraes-para-a-europa-como-aplicar-localmente-o-eu-green-deal\/\",\"name\":\"De Guimar\u00e3es para a Europa: como aplicar localmente o EU Green Deal - Portal Tela Portugal\",\"isPartOf\":{\"@id\":\"https:\/\/portaltela.pt\/#website\"},\"primaryImageOfPage\":{\"@id\":\"https:\/\/portaltela.pt\/noticias\/2026\/01\/24\/de-guimaraes-para-a-europa-como-aplicar-localmente-o-eu-green-deal\/#primaryimage\"},\"image\":{\"@id\":\"https:\/\/portaltela.pt\/noticias\/2026\/01\/24\/de-guimaraes-para-a-europa-como-aplicar-localmente-o-eu-green-deal\/#primaryimage\"},\"thumbnailUrl\":\"https:\/\/portaltela.pt\/s.01k8rhncp4jt1\/2026\/01\/unnamed-file-4998.jpg\",\"datePublished\":\"2026-01-24T15:38:24+00:00\",\"author\":{\"@id\":\"https:\/\/portaltela.pt\/#\/schema\/person\/c4278d4a6028830caff9ee44b42d32ed\"},\"breadcrumb\":{\"@id\":\"https:\/\/portaltela.pt\/noticias\/2026\/01\/24\/de-guimaraes-para-a-europa-como-aplicar-localmente-o-eu-green-deal\/#breadcrumb\"},\"inLanguage\":\"pt-PT\",\"potentialAction\":[{\"@type\":\"ReadAction\",\"target\":[\"https:\/\/portaltela.pt\/noticias\/2026\/01\/24\/de-guimaraes-para-a-europa-como-aplicar-localmente-o-eu-green-deal\/\"]}]},{\"@type\":\"ImageObject\",\"inLanguage\":\"pt-PT\",\"@id\":\"https:\/\/portaltela.pt\/noticias\/2026\/01\/24\/de-guimaraes-para-a-europa-como-aplicar-localmente-o-eu-green-deal\/#primaryimage\",\"url\":\"https:\/\/portaltela.pt\/s.01k8rhncp4jt1\/2026\/01\/unnamed-file-4998.jpg\",\"contentUrl\":\"https:\/\/portaltela.pt\/s.01k8rhncp4jt1\/2026\/01\/unnamed-file-4998.jpg\",\"width\":796,\"height\":448,\"caption\":\"De Guimar\u00e3es para a Europa: como aplicar localmente o EU Green Deal\"},{\"@type\":\"BreadcrumbList\",\"@id\":\"https:\/\/portaltela.pt\/noticias\/2026\/01\/24\/de-guimaraes-para-a-europa-como-aplicar-localmente-o-eu-green-deal\/#breadcrumb\",\"itemListElement\":[{\"@type\":\"ListItem\",\"position\":1,\"name\":\"In\u00edcio\",\"item\":\"https:\/\/portaltela.pt\/\"},{\"@type\":\"ListItem\",\"position\":2,\"name\":\"De Guimar\u00e3es para a Europa: como aplicar localmente o EU Green Deal\"}]},{\"@type\":\"WebSite\",\"@id\":\"https:\/\/portaltela.pt\/#website\",\"url\":\"https:\/\/portaltela.pt\/\",\"name\":\"Portal Tela Portugal\",\"description\":\"\",\"potentialAction\":[{\"@type\":\"SearchAction\",\"target\":{\"@type\":\"EntryPoint\",\"urlTemplate\":\"https:\/\/portaltela.pt\/?s={search_term_string}\"},\"query-input\":{\"@type\":\"PropertyValueSpecification\",\"valueRequired\":true,\"valueName\":\"search_term_string\"}}],\"inLanguage\":\"pt-PT\"},{\"@type\":\"Person\",\"@id\":\"https:\/\/portaltela.pt\/#\/schema\/person\/c4278d4a6028830caff9ee44b42d32ed\",\"name\":\"Telinha\",\"image\":{\"@type\":\"ImageObject\",\"inLanguage\":\"pt-PT\",\"@id\":\"https:\/\/portaltela.pt\/s.01k8rhncp4jt1\/2025\/11\/talking-bot-125x125.png\",\"url\":\"https:\/\/portaltela.pt\/s.01k8rhncp4jt1\/2025\/11\/talking-bot-125x125.png\",\"contentUrl\":\"https:\/\/portaltela.pt\/s.01k8rhncp4jt1\/2025\/11\/talking-bot-125x125.png\",\"caption\":\"Telinha\"},\"sameAs\":[\"https:\/\/portaltela.pt\/\"],\"url\":\"https:\/\/portaltela.pt\/por\/367410592786\/\"}]}<\/script>\n<!-- \/ Yoast SEO plugin. -->","yoast_head_json":{"title":"De Guimar\u00e3es para a Europa: como aplicar localmente o EU Green Deal - Portal Tela Portugal","robots":{"index":"index","follow":"follow","max-snippet":"max-snippet:-1","max-image-preview":"max-image-preview:large","max-video-preview":"max-video-preview:-1"},"og_locale":"pt_PT","og_type":"article","og_title":"De Guimar\u00e3es para a Europa: como aplicar localmente o EU Green Deal - Portal Tela Portugal","og_description":"No hemiciclo do Parlamento Europeu decorreu a iniciativa Translating The EU Green Deal Into Local Action, com mais de duzentos e vinte autarcas e representantes europeus. Guimar\u00e3es marcou presen\u00e7a com uma comitiva liderada pelo vereador Paulo Lopes Silva, da C\u00e2mara Municipal de Guimar\u00e3es. No painel Planning for healthy and resilient cities, Paulo Lopes Silva defendeu o esp\u00edrito \u201cdo local para o global\u201d, mencionando que 97% da popula\u00e7\u00e3o vimaranense respira ar bom\/muito bom e destacando a\u00e7\u00f5es como a neutralidade clim\u00e1tica at\u00e9 2030 aliada \u00e0 ambi\u00e7\u00e3o de Zero Polui\u00e7\u00e3o, que sustenta o Plano Municipal de A\u00e7\u00e3o Clim\u00e1tica Guimar\u00e3es 2030. A iniciativa foi liderada pela vice-primeira ministra da Flandres, Gwendolyn Rutten, no \u00e2mbito da Presid\u00eancia belga da Uni\u00e3o Europeia. Reuniram-se mais de duzentos representantes europeus, incluindo presidentes de Viena, Paris, Malm\u00f6 e Munique, para discutir o papel das autoridades locais na implementa\u00e7\u00e3o dos objetivos clim\u00e1ticos da UE, com Maro\u0161 \u0160ef\u010dovi\u010d a sublinhar a import\u00e2ncia dos l\u00edderes locais na transi\u00e7\u00e3o ecol\u00f3gica.","og_url":"https:\/\/portaltela.pt\/noticias\/2026\/01\/24\/de-guimaraes-para-a-europa-como-aplicar-localmente-o-eu-green-deal\/","og_site_name":"Portal Tela Portugal","article_published_time":"2026-01-24T15:38:24+00:00","author":"Telinha","twitter_card":"summary_large_image","twitter_misc":{"Escrito por":"Telinha","Tempo estimado de leitura":"2 minutos"},"schema":{"@context":"https:\/\/schema.org","@graph":[{"@type":"Article","@id":"https:\/\/portaltela.pt\/noticias\/2026\/01\/24\/de-guimaraes-para-a-europa-como-aplicar-localmente-o-eu-green-deal\/#article","isPartOf":{"@id":"https:\/\/portaltela.pt\/noticias\/2026\/01\/24\/de-guimaraes-para-a-europa-como-aplicar-localmente-o-eu-green-deal\/"},"author":{"name":"Telinha","@id":"https:\/\/portaltela.pt\/#\/schema\/person\/c4278d4a6028830caff9ee44b42d32ed"},"headline":"De Guimar\u00e3es para a Europa: como aplicar localmente o EU Green Deal","datePublished":"2026-01-24T15:38:24+00:00","mainEntityOfPage":{"@id":"https:\/\/portaltela.pt\/noticias\/2026\/01\/24\/de-guimaraes-para-a-europa-como-aplicar-localmente-o-eu-green-deal\/"},"wordCount":344,"image":{"@id":"https:\/\/portaltela.pt\/noticias\/2026\/01\/24\/de-guimaraes-para-a-europa-como-aplicar-localmente-o-eu-green-deal\/#primaryimage"},"thumbnailUrl":"https:\/\/portaltela.pt\/s.01k8rhncp4jt1\/2026\/01\/unnamed-file-4998.jpg","keywords":["A\u00e7\u00e3o Clim\u00e1tica","Altera\u00e7\u00f5es Clim\u00e1ticas","autarcas","Guimar\u00e3es","meio-ambiente","Pacto Ecol\u00f3gico Europeu"],"articleSection":["Not\u00edcias"],"inLanguage":"pt-PT"},{"@type":"WebPage","@id":"https:\/\/portaltela.pt\/noticias\/2026\/01\/24\/de-guimaraes-para-a-europa-como-aplicar-localmente-o-eu-green-deal\/","url":"https:\/\/portaltela.pt\/noticias\/2026\/01\/24\/de-guimaraes-para-a-europa-como-aplicar-localmente-o-eu-green-deal\/","name":"De Guimar\u00e3es para a Europa: como aplicar localmente o EU Green Deal - Portal Tela Portugal","isPartOf":{"@id":"https:\/\/portaltela.pt\/#website"},"primaryImageOfPage":{"@id":"https:\/\/portaltela.pt\/noticias\/2026\/01\/24\/de-guimaraes-para-a-europa-como-aplicar-localmente-o-eu-green-deal\/#primaryimage"},"image":{"@id":"https:\/\/portaltela.pt\/noticias\/2026\/01\/24\/de-guimaraes-para-a-europa-como-aplicar-localmente-o-eu-green-deal\/#primaryimage"},"thumbnailUrl":"https:\/\/portaltela.pt\/s.01k8rhncp4jt1\/2026\/01\/unnamed-file-4998.jpg","datePublished":"2026-01-24T15:38:24+00:00","author":{"@id":"https:\/\/portaltela.pt\/#\/schema\/person\/c4278d4a6028830caff9ee44b42d32ed"},"breadcrumb":{"@id":"https:\/\/portaltela.pt\/noticias\/2026\/01\/24\/de-guimaraes-para-a-europa-como-aplicar-localmente-o-eu-green-deal\/#breadcrumb"},"inLanguage":"pt-PT","potentialAction":[{"@type":"ReadAction","target":["https:\/\/portaltela.pt\/noticias\/2026\/01\/24\/de-guimaraes-para-a-europa-como-aplicar-localmente-o-eu-green-deal\/"]}]},{"@type":"ImageObject","inLanguage":"pt-PT","@id":"https:\/\/portaltela.pt\/noticias\/2026\/01\/24\/de-guimaraes-para-a-europa-como-aplicar-localmente-o-eu-green-deal\/#primaryimage","url":"https:\/\/portaltela.pt\/s.01k8rhncp4jt1\/2026\/01\/unnamed-file-4998.jpg","contentUrl":"https:\/\/portaltela.pt\/s.01k8rhncp4jt1\/2026\/01\/unnamed-file-4998.jpg","width":796,"height":448,"caption":"De Guimar\u00e3es para a Europa: como aplicar localmente o EU Green Deal"},{"@type":"BreadcrumbList","@id":"https:\/\/portaltela.pt\/noticias\/2026\/01\/24\/de-guimaraes-para-a-europa-como-aplicar-localmente-o-eu-green-deal\/#breadcrumb","itemListElement":[{"@type":"ListItem","position":1,"name":"In\u00edcio","item":"https:\/\/portaltela.pt\/"},{"@type":"ListItem","position":2,"name":"De Guimar\u00e3es para a Europa: como aplicar localmente o EU Green Deal"}]},{"@type":"WebSite","@id":"https:\/\/portaltela.pt\/#website","url":"https:\/\/portaltela.pt\/","name":"Portal Tela Portugal","description":"","potentialAction":[{"@type":"SearchAction","target":{"@type":"EntryPoint","urlTemplate":"https:\/\/portaltela.pt\/?s={search_term_string}"},"query-input":{"@type":"PropertyValueSpecification","valueRequired":true,"valueName":"search_term_string"}}],"inLanguage":"pt-PT"},{"@type":"Person","@id":"https:\/\/portaltela.pt\/#\/schema\/person\/c4278d4a6028830caff9ee44b42d32ed","name":"Telinha","image":{"@type":"ImageObject","inLanguage":"pt-PT","@id":"https:\/\/portaltela.pt\/s.01k8rhncp4jt1\/2025\/11\/talking-bot-125x125.png","url":"https:\/\/portaltela.pt\/s.01k8rhncp4jt1\/2025\/11\/talking-bot-125x125.png","contentUrl":"https:\/\/portaltela.pt\/s.01k8rhncp4jt1\/2025\/11\/talking-bot-125x125.png","caption":"Telinha"},"sameAs":["https:\/\/portaltela.pt\/"],"url":"https:\/\/portaltela.pt\/por\/367410592786\/"}]}},"_links":{"self":[{"href":"https:\/\/portaltela.pt\/api\/wp\/v2\/posts\/170233","targetHints":{"allow":["GET"]}}],"collection":[{"href":"https:\/\/portaltela.pt\/api\/wp\/v2\/posts"}],"about":[{"href":"https:\/\/portaltela.pt\/api\/wp\/v2\/types\/post"}],"author":[{"embeddable":true,"href":"https:\/\/portaltela.pt\/api\/wp\/v2\/users\/2"}],"replies":[{"embeddable":true,"href":"https:\/\/portaltela.pt\/api\/wp\/v2\/comments?post=170233"}],"version-history":[{"count":0,"href":"https:\/\/portaltela.pt\/api\/wp\/v2\/posts\/170233\/revisions"}],"wp:featuredmedia":[{"embeddable":true,"href":"https:\/\/portaltela.pt\/api\/wp\/v2\/media\/170239"}],"wp:attachment":[{"href":"https:\/\/portaltela.pt\/api\/wp\/v2\/media?parent=170233"}],"wp:term":[{"taxonomy":"category","embeddable":true,"href":"https:\/\/portaltela.pt\/api\/wp\/v2\/categories?post=170233"},{"taxonomy":"post_tag","embeddable":true,"href":"https:\/\/portaltela.pt\/api\/wp\/v2\/tags?post=170233"}],"curies":[{"name":"wp","href":"https:\/\/api.w.org\/{rel}","templated":true}]}}