{"id":170207,"date":"2026-01-24T12:58:00","date_gmt":"2026-01-24T15:58:00","guid":{"rendered":"https:\/\/portaltela.pt\/noticias\/2026\/01\/24\/trump-ameaca-tarifas-de-100-caso-canada-feche-acordo-com-a-china\/"},"modified":"2026-01-24T12:58:00","modified_gmt":"2026-01-24T15:58:00","slug":"trump-ameaca-tarifas-de-100-caso-canada-feche-acordo-com-a-china","status":"publish","type":"post","link":"https:\/\/portaltela.pt\/noticias\/politica\/2026\/01\/24\/trump-ameaca-tarifas-de-100-caso-canada-feche-acordo-com-a-china\/","title":{"rendered":"Trump amea\u00e7a tarifas de 100% caso Canad\u00e1 feche acordo com a China"},"content":{"rendered":"<p>O presidente dos EUA, Donald Trump, amea\u00e7ou impor direitos aduaneiros de 100% sobre as importa\u00e7\u00f5es do Canad\u00e1 para os EUA, caso o Canad\u00e1 chegue a um acordo comercial com a China. A afirma\u00e7\u00e3o foi feita este fim de semana numa rede social.<\/p>\n<p>Trump afirmou que, se Mark Carney incentivar a China a usar o Canad\u00e1 como porta de entrada para os EUA, o cen\u00e1rio seria diferente. A acusa\u00e7\u00e3o foi citada pela ag\u00eancia France-Presse, sem incluir cita\u00e7\u00f5es diretas.<\/p>\n<p>O primeiro-ministro do Canad\u00e1, Mark Carney, anunciou, na semana passada, um acordo preliminar com a China em Pequim. A not\u00edcia surge num momento de forte tens\u00e3o entre as pot\u00eancias ocidentais e a China.<\/p>\n<p>Historicamente, Trump tem travado uma guerra comercial com v\u00e1rios parceiros, impondo direitos aduaneiros elevados. A gest\u00e3o de tarifas inclui medidas anunciadas em abril, com altera\u00e7\u00f5es e exce\u00e7\u00f5es ao longo dos meses.<\/p>\n<p>Este m\u00eas, o Canad\u00e1 negociou um acordo para reduzir tarifas sobre ve\u00edculos el\u00e9tricos chineses, em troca de menores impostos de importa\u00e7\u00e3o sobre produtos agr\u00edcolas canadianos. O objetivo \u00e9 facilitar o com\u00e9rcio bilateral.<\/p>\n<p>Trump j\u00e1 havia indicado, antes, que o acordo proposto por Carney seria ben\u00e9fico para assinatura por parte do Canad\u00e1, segundo a Associated Press. A pr\u00f3pria ag\u00eancia relatou o coment\u00e1rio anterior.<\/p>\n<p>O gabinete de Carney n\u00e3o respondeu de imediato a um pedido de comment\u00e1rio feito pela Reuters. A situa\u00e7\u00e3o adiciona press\u00e3o diplom\u00e1tica entre Ottawa e Washington.<\/p>\n<p>A tens\u00e3o entre Trump e Carney ganhou express\u00e3o p\u00fablica em Davos, na Su\u00ed\u00e7a, com Trump dizendo que o Canad\u00e1 vive gra\u00e7as aos EUA. Carney afirmou que o mundo pode n\u00e3o precisar de tend\u00eancias autocr\u00e1ticas.<\/p>\n<p>Mais tarde, o presidente norte-americano revogou o convite para Carney integrar o Conselho da Paz, ap\u00f3s epis\u00f3dios de provoca\u00e7\u00f5es ao Canad\u00e1. A rea\u00e7\u00e3o canadiana j\u00e1 incluiu respostas diplom\u00e1ticas de defesa.<\/p>\n","protected":false},"excerpt":{"rendered":"<ul>\n<li>O Presidente dos EUA, Donald Trump, amea\u00e7ou impor direitos aduaneiros de 100% sobre as importa\u00e7\u00f5es do Canad\u00e1 caso este chegue a um acordo comercial com a China.<\/li>\n<li>A amea\u00e7a foi divulgada numa mensagem na Truth Social, com cr\u00edticas a Mark Carney.<\/li>\n<li>Trump afirmou que o Canad\u00e1 seria um \u201cporto de desembarque\u201d para a China e que isso destruiria empresas canadenses e o seu modo de vida.<\/li>\n<li>A posi\u00e7\u00e3o surge depois de Mark Carney ter anunciado um acordo preliminar com a China em Pequim, na semana passada.<\/li>\n<li>O cen\u00e1rio contrasta com acordos do Canad\u00e1 para reduzir tarifas sobre ve\u00edculos el\u00e9tricos chineses, em troca de impostos de importa\u00e7\u00e3o mais baixos sobre produtos canadianos; o gabinete de Carney ainda n\u00e3o comentou.<\/li>\n<\/ul>\n","protected":false},"author":2,"featured_media":170211,"comment_status":"closed","ping_status":"closed","sticky":false,"template":"","format":"standard","meta":{"footnotes":""},"categories":[1,5],"tags":[2015,3368,3002,1600,2036,27],"class_list":["post-170207","post","type-post","status-publish","format-standard","has-post-thumbnail","hentry","category-noticias","category-politica","tag-canada","tag-comercio-internacional","tag-direitos-aduaneiros","tag-estados-unidos","tag-negociacoes-internacionais","tag-relacoes-internacionais"],"yoast_head":"<!-- This site is optimized with the Yoast SEO plugin v27.2 - https:\/\/yoast.com\/product\/yoast-seo-wordpress\/ -->\n<title>Trump amea\u00e7a tarifas de 100% caso Canad\u00e1 feche acordo com a China - Portal Tela Portugal<\/title>\n<meta name=\"robots\" content=\"index, follow, max-snippet:-1, max-image-preview:large, max-video-preview:-1\" \/>\n<meta property=\"og:locale\" content=\"pt_PT\" \/>\n<meta property=\"og:type\" content=\"article\" \/>\n<meta property=\"og:title\" content=\"Trump amea\u00e7a tarifas de 100% caso Canad\u00e1 feche acordo com a China - Portal Tela Portugal\" \/>\n<meta property=\"og:description\" content=\"O Presidente dos EUA, Donald Trump, amea\u00e7ou impor direitos aduaneiros de 100% sobre as importa\u00e7\u00f5es do Canad\u00e1 caso este chegue a um acordo comercial com a China. A amea\u00e7a foi divulgada numa mensagem na Truth Social, com cr\u00edticas a Mark Carney. Trump afirmou que o Canad\u00e1 seria um \u201cporto de desembarque\u201d para a China e que isso destruiria empresas canadenses e o seu modo de vida. A posi\u00e7\u00e3o surge depois de Mark Carney ter anunciado um acordo preliminar com a China em Pequim, na semana passada. O cen\u00e1rio contrasta com acordos do Canad\u00e1 para reduzir tarifas sobre ve\u00edculos el\u00e9tricos chineses, em troca de impostos de importa\u00e7\u00e3o mais baixos sobre produtos canadianos; o gabinete de Carney ainda n\u00e3o comentou.\" \/>\n<meta property=\"og:url\" content=\"https:\/\/portaltela.pt\/noticias\/2026\/01\/24\/trump-ameaca-tarifas-de-100-caso-canada-feche-acordo-com-a-china\/\" \/>\n<meta property=\"og:site_name\" content=\"Portal Tela Portugal\" \/>\n<meta property=\"article:published_time\" content=\"2026-01-24T15:58:00+00:00\" \/>\n<meta name=\"author\" content=\"Telinha\" \/>\n<meta name=\"twitter:card\" content=\"summary_large_image\" \/>\n<meta name=\"twitter:label1\" content=\"Escrito por\" \/>\n\t<meta name=\"twitter:data1\" content=\"Telinha\" \/>\n\t<meta name=\"twitter:label2\" content=\"Tempo estimado de leitura\" \/>\n\t<meta name=\"twitter:data2\" content=\"2 minutos\" \/>\n<script type=\"application\/ld+json\" class=\"yoast-schema-graph\">{\"@context\":\"https:\/\/schema.org\",\"@graph\":[{\"@type\":\"Article\",\"@id\":\"https:\/\/portaltela.pt\/noticias\/2026\/01\/24\/trump-ameaca-tarifas-de-100-caso-canada-feche-acordo-com-a-china\/#article\",\"isPartOf\":{\"@id\":\"https:\/\/portaltela.pt\/noticias\/2026\/01\/24\/trump-ameaca-tarifas-de-100-caso-canada-feche-acordo-com-a-china\/\"},\"author\":{\"name\":\"Telinha\",\"@id\":\"https:\/\/portaltela.pt\/#\/schema\/person\/c4278d4a6028830caff9ee44b42d32ed\"},\"headline\":\"Trump amea\u00e7a tarifas de 100% caso Canad\u00e1 feche acordo com a China\",\"datePublished\":\"2026-01-24T15:58:00+00:00\",\"mainEntityOfPage\":{\"@id\":\"https:\/\/portaltela.pt\/noticias\/2026\/01\/24\/trump-ameaca-tarifas-de-100-caso-canada-feche-acordo-com-a-china\/\"},\"wordCount\":344,\"image\":{\"@id\":\"https:\/\/portaltela.pt\/noticias\/2026\/01\/24\/trump-ameaca-tarifas-de-100-caso-canada-feche-acordo-com-a-china\/#primaryimage\"},\"thumbnailUrl\":\"https:\/\/portaltela.pt\/s.01k8rhncp4jt1\/2026\/01\/2061756.jpg\",\"keywords\":[\"Canad\u00e1\",\"com\u00e9rcio internacional\",\"direitos aduaneiros\",\"Estados Unidos\",\"negocia\u00e7\u00f5es internacionais\",\"rela\u00e7\u00f5es internacionais\"],\"articleSection\":[\"Not\u00edcias\",\"Pol\u00edtica\"],\"inLanguage\":\"pt-PT\"},{\"@type\":\"WebPage\",\"@id\":\"https:\/\/portaltela.pt\/noticias\/2026\/01\/24\/trump-ameaca-tarifas-de-100-caso-canada-feche-acordo-com-a-china\/\",\"url\":\"https:\/\/portaltela.pt\/noticias\/2026\/01\/24\/trump-ameaca-tarifas-de-100-caso-canada-feche-acordo-com-a-china\/\",\"name\":\"Trump amea\u00e7a tarifas de 100% caso Canad\u00e1 feche acordo com a China - Portal Tela Portugal\",\"isPartOf\":{\"@id\":\"https:\/\/portaltela.pt\/#website\"},\"primaryImageOfPage\":{\"@id\":\"https:\/\/portaltela.pt\/noticias\/2026\/01\/24\/trump-ameaca-tarifas-de-100-caso-canada-feche-acordo-com-a-china\/#primaryimage\"},\"image\":{\"@id\":\"https:\/\/portaltela.pt\/noticias\/2026\/01\/24\/trump-ameaca-tarifas-de-100-caso-canada-feche-acordo-com-a-china\/#primaryimage\"},\"thumbnailUrl\":\"https:\/\/portaltela.pt\/s.01k8rhncp4jt1\/2026\/01\/2061756.jpg\",\"datePublished\":\"2026-01-24T15:58:00+00:00\",\"author\":{\"@id\":\"https:\/\/portaltela.pt\/#\/schema\/person\/c4278d4a6028830caff9ee44b42d32ed\"},\"breadcrumb\":{\"@id\":\"https:\/\/portaltela.pt\/noticias\/2026\/01\/24\/trump-ameaca-tarifas-de-100-caso-canada-feche-acordo-com-a-china\/#breadcrumb\"},\"inLanguage\":\"pt-PT\",\"potentialAction\":[{\"@type\":\"ReadAction\",\"target\":[\"https:\/\/portaltela.pt\/noticias\/2026\/01\/24\/trump-ameaca-tarifas-de-100-caso-canada-feche-acordo-com-a-china\/\"]}]},{\"@type\":\"ImageObject\",\"inLanguage\":\"pt-PT\",\"@id\":\"https:\/\/portaltela.pt\/noticias\/2026\/01\/24\/trump-ameaca-tarifas-de-100-caso-canada-feche-acordo-com-a-china\/#primaryimage\",\"url\":\"https:\/\/portaltela.pt\/s.01k8rhncp4jt1\/2026\/01\/2061756.jpg\",\"contentUrl\":\"https:\/\/portaltela.pt\/s.01k8rhncp4jt1\/2026\/01\/2061756.jpg\",\"width\":796,\"height\":448,\"caption\":\"Mark Carney, primeiro-ministro do Canad\u00e1\"},{\"@type\":\"BreadcrumbList\",\"@id\":\"https:\/\/portaltela.pt\/noticias\/2026\/01\/24\/trump-ameaca-tarifas-de-100-caso-canada-feche-acordo-com-a-china\/#breadcrumb\",\"itemListElement\":[{\"@type\":\"ListItem\",\"position\":1,\"name\":\"In\u00edcio\",\"item\":\"https:\/\/portaltela.pt\/\"},{\"@type\":\"ListItem\",\"position\":2,\"name\":\"Trump amea\u00e7a tarifas de 100% caso Canad\u00e1 feche acordo com a China\"}]},{\"@type\":\"WebSite\",\"@id\":\"https:\/\/portaltela.pt\/#website\",\"url\":\"https:\/\/portaltela.pt\/\",\"name\":\"Portal Tela Portugal\",\"description\":\"\",\"potentialAction\":[{\"@type\":\"SearchAction\",\"target\":{\"@type\":\"EntryPoint\",\"urlTemplate\":\"https:\/\/portaltela.pt\/?s={search_term_string}\"},\"query-input\":{\"@type\":\"PropertyValueSpecification\",\"valueRequired\":true,\"valueName\":\"search_term_string\"}}],\"inLanguage\":\"pt-PT\"},{\"@type\":\"Person\",\"@id\":\"https:\/\/portaltela.pt\/#\/schema\/person\/c4278d4a6028830caff9ee44b42d32ed\",\"name\":\"Telinha\",\"image\":{\"@type\":\"ImageObject\",\"inLanguage\":\"pt-PT\",\"@id\":\"https:\/\/portaltela.pt\/s.01k8rhncp4jt1\/2025\/11\/talking-bot-125x125.png\",\"url\":\"https:\/\/portaltela.pt\/s.01k8rhncp4jt1\/2025\/11\/talking-bot-125x125.png\",\"contentUrl\":\"https:\/\/portaltela.pt\/s.01k8rhncp4jt1\/2025\/11\/talking-bot-125x125.png\",\"caption\":\"Telinha\"},\"sameAs\":[\"https:\/\/portaltela.pt\/\"],\"url\":\"https:\/\/portaltela.pt\/por\/367410592786\/\"}]}<\/script>\n<!-- \/ Yoast SEO plugin. -->","yoast_head_json":{"title":"Trump amea\u00e7a tarifas de 100% caso Canad\u00e1 feche acordo com a China - Portal Tela Portugal","robots":{"index":"index","follow":"follow","max-snippet":"max-snippet:-1","max-image-preview":"max-image-preview:large","max-video-preview":"max-video-preview:-1"},"og_locale":"pt_PT","og_type":"article","og_title":"Trump amea\u00e7a tarifas de 100% caso Canad\u00e1 feche acordo com a China - Portal Tela Portugal","og_description":"O Presidente dos EUA, Donald Trump, amea\u00e7ou impor direitos aduaneiros de 100% sobre as importa\u00e7\u00f5es do Canad\u00e1 caso este chegue a um acordo comercial com a China. A amea\u00e7a foi divulgada numa mensagem na Truth Social, com cr\u00edticas a Mark Carney. Trump afirmou que o Canad\u00e1 seria um \u201cporto de desembarque\u201d para a China e que isso destruiria empresas canadenses e o seu modo de vida. A posi\u00e7\u00e3o surge depois de Mark Carney ter anunciado um acordo preliminar com a China em Pequim, na semana passada. O cen\u00e1rio contrasta com acordos do Canad\u00e1 para reduzir tarifas sobre ve\u00edculos el\u00e9tricos chineses, em troca de impostos de importa\u00e7\u00e3o mais baixos sobre produtos canadianos; o gabinete de Carney ainda n\u00e3o comentou.","og_url":"https:\/\/portaltela.pt\/noticias\/2026\/01\/24\/trump-ameaca-tarifas-de-100-caso-canada-feche-acordo-com-a-china\/","og_site_name":"Portal Tela Portugal","article_published_time":"2026-01-24T15:58:00+00:00","author":"Telinha","twitter_card":"summary_large_image","twitter_misc":{"Escrito por":"Telinha","Tempo estimado de leitura":"2 minutos"},"schema":{"@context":"https:\/\/schema.org","@graph":[{"@type":"Article","@id":"https:\/\/portaltela.pt\/noticias\/2026\/01\/24\/trump-ameaca-tarifas-de-100-caso-canada-feche-acordo-com-a-china\/#article","isPartOf":{"@id":"https:\/\/portaltela.pt\/noticias\/2026\/01\/24\/trump-ameaca-tarifas-de-100-caso-canada-feche-acordo-com-a-china\/"},"author":{"name":"Telinha","@id":"https:\/\/portaltela.pt\/#\/schema\/person\/c4278d4a6028830caff9ee44b42d32ed"},"headline":"Trump amea\u00e7a tarifas de 100% caso Canad\u00e1 feche acordo com a China","datePublished":"2026-01-24T15:58:00+00:00","mainEntityOfPage":{"@id":"https:\/\/portaltela.pt\/noticias\/2026\/01\/24\/trump-ameaca-tarifas-de-100-caso-canada-feche-acordo-com-a-china\/"},"wordCount":344,"image":{"@id":"https:\/\/portaltela.pt\/noticias\/2026\/01\/24\/trump-ameaca-tarifas-de-100-caso-canada-feche-acordo-com-a-china\/#primaryimage"},"thumbnailUrl":"https:\/\/portaltela.pt\/s.01k8rhncp4jt1\/2026\/01\/2061756.jpg","keywords":["Canad\u00e1","com\u00e9rcio internacional","direitos aduaneiros","Estados Unidos","negocia\u00e7\u00f5es internacionais","rela\u00e7\u00f5es internacionais"],"articleSection":["Not\u00edcias","Pol\u00edtica"],"inLanguage":"pt-PT"},{"@type":"WebPage","@id":"https:\/\/portaltela.pt\/noticias\/2026\/01\/24\/trump-ameaca-tarifas-de-100-caso-canada-feche-acordo-com-a-china\/","url":"https:\/\/portaltela.pt\/noticias\/2026\/01\/24\/trump-ameaca-tarifas-de-100-caso-canada-feche-acordo-com-a-china\/","name":"Trump amea\u00e7a tarifas de 100% caso Canad\u00e1 feche acordo com a China - Portal Tela Portugal","isPartOf":{"@id":"https:\/\/portaltela.pt\/#website"},"primaryImageOfPage":{"@id":"https:\/\/portaltela.pt\/noticias\/2026\/01\/24\/trump-ameaca-tarifas-de-100-caso-canada-feche-acordo-com-a-china\/#primaryimage"},"image":{"@id":"https:\/\/portaltela.pt\/noticias\/2026\/01\/24\/trump-ameaca-tarifas-de-100-caso-canada-feche-acordo-com-a-china\/#primaryimage"},"thumbnailUrl":"https:\/\/portaltela.pt\/s.01k8rhncp4jt1\/2026\/01\/2061756.jpg","datePublished":"2026-01-24T15:58:00+00:00","author":{"@id":"https:\/\/portaltela.pt\/#\/schema\/person\/c4278d4a6028830caff9ee44b42d32ed"},"breadcrumb":{"@id":"https:\/\/portaltela.pt\/noticias\/2026\/01\/24\/trump-ameaca-tarifas-de-100-caso-canada-feche-acordo-com-a-china\/#breadcrumb"},"inLanguage":"pt-PT","potentialAction":[{"@type":"ReadAction","target":["https:\/\/portaltela.pt\/noticias\/2026\/01\/24\/trump-ameaca-tarifas-de-100-caso-canada-feche-acordo-com-a-china\/"]}]},{"@type":"ImageObject","inLanguage":"pt-PT","@id":"https:\/\/portaltela.pt\/noticias\/2026\/01\/24\/trump-ameaca-tarifas-de-100-caso-canada-feche-acordo-com-a-china\/#primaryimage","url":"https:\/\/portaltela.pt\/s.01k8rhncp4jt1\/2026\/01\/2061756.jpg","contentUrl":"https:\/\/portaltela.pt\/s.01k8rhncp4jt1\/2026\/01\/2061756.jpg","width":796,"height":448,"caption":"Mark Carney, primeiro-ministro do Canad\u00e1"},{"@type":"BreadcrumbList","@id":"https:\/\/portaltela.pt\/noticias\/2026\/01\/24\/trump-ameaca-tarifas-de-100-caso-canada-feche-acordo-com-a-china\/#breadcrumb","itemListElement":[{"@type":"ListItem","position":1,"name":"In\u00edcio","item":"https:\/\/portaltela.pt\/"},{"@type":"ListItem","position":2,"name":"Trump amea\u00e7a tarifas de 100% caso Canad\u00e1 feche acordo com a China"}]},{"@type":"WebSite","@id":"https:\/\/portaltela.pt\/#website","url":"https:\/\/portaltela.pt\/","name":"Portal Tela Portugal","description":"","potentialAction":[{"@type":"SearchAction","target":{"@type":"EntryPoint","urlTemplate":"https:\/\/portaltela.pt\/?s={search_term_string}"},"query-input":{"@type":"PropertyValueSpecification","valueRequired":true,"valueName":"search_term_string"}}],"inLanguage":"pt-PT"},{"@type":"Person","@id":"https:\/\/portaltela.pt\/#\/schema\/person\/c4278d4a6028830caff9ee44b42d32ed","name":"Telinha","image":{"@type":"ImageObject","inLanguage":"pt-PT","@id":"https:\/\/portaltela.pt\/s.01k8rhncp4jt1\/2025\/11\/talking-bot-125x125.png","url":"https:\/\/portaltela.pt\/s.01k8rhncp4jt1\/2025\/11\/talking-bot-125x125.png","contentUrl":"https:\/\/portaltela.pt\/s.01k8rhncp4jt1\/2025\/11\/talking-bot-125x125.png","caption":"Telinha"},"sameAs":["https:\/\/portaltela.pt\/"],"url":"https:\/\/portaltela.pt\/por\/367410592786\/"}]}},"_links":{"self":[{"href":"https:\/\/portaltela.pt\/api\/wp\/v2\/posts\/170207","targetHints":{"allow":["GET"]}}],"collection":[{"href":"https:\/\/portaltela.pt\/api\/wp\/v2\/posts"}],"about":[{"href":"https:\/\/portaltela.pt\/api\/wp\/v2\/types\/post"}],"author":[{"embeddable":true,"href":"https:\/\/portaltela.pt\/api\/wp\/v2\/users\/2"}],"replies":[{"embeddable":true,"href":"https:\/\/portaltela.pt\/api\/wp\/v2\/comments?post=170207"}],"version-history":[{"count":0,"href":"https:\/\/portaltela.pt\/api\/wp\/v2\/posts\/170207\/revisions"}],"wp:featuredmedia":[{"embeddable":true,"href":"https:\/\/portaltela.pt\/api\/wp\/v2\/media\/170211"}],"wp:attachment":[{"href":"https:\/\/portaltela.pt\/api\/wp\/v2\/media?parent=170207"}],"wp:term":[{"taxonomy":"category","embeddable":true,"href":"https:\/\/portaltela.pt\/api\/wp\/v2\/categories?post=170207"},{"taxonomy":"post_tag","embeddable":true,"href":"https:\/\/portaltela.pt\/api\/wp\/v2\/tags?post=170207"}],"curies":[{"name":"wp","href":"https:\/\/api.w.org\/{rel}","templated":true}]}}