{"id":170042,"date":"2026-01-24T11:44:00","date_gmt":"2026-01-24T14:44:00","guid":{"rendered":"https:\/\/portaltela.pt\/noticias\/2026\/01\/24\/sindicato-dos-enfermeiros-envia-contraproposta-ao-governo-sobre-acordo-de-trabalho\/"},"modified":"2026-01-24T11:44:00","modified_gmt":"2026-01-24T14:44:00","slug":"sindicato-dos-enfermeiros-envia-contraproposta-ao-governo-sobre-acordo-de-trabalho","status":"publish","type":"post","link":"https:\/\/portaltela.pt\/noticias\/2026\/01\/24\/sindicato-dos-enfermeiros-envia-contraproposta-ao-governo-sobre-acordo-de-trabalho\/","title":{"rendered":"Sindicato dos Enfermeiros envia contraproposta ao Governo sobre acordo de trabalho"},"content":{"rendered":"<p>O Sindicato de Enfermeiros Portugueses (SEP) afirmou ter enviado uma contraposta ao Acordo Colectivo de Trabalho (ACT) ao Governo, e que apresentar\u00e1 uma nova vers\u00e3o em forma de articulado na pr\u00f3xima semana. O coment\u00e1rio foi feito esta sexta-feira \u00e0 Lusa.<\/p>\n<p>Segundo Guadalupe Sim\u00f5es, dirigente do SEP, o sil\u00eancio do Minist\u00e9rio da Sa\u00fade em rela\u00e7\u00e3o \u00e0 contraposta foi considerado \u201cruidoso\u201d, justificado pela falta de tempo para prolongar a reuni\u00e3o com o Governo. A reuni\u00e3o de sexta-feira n\u00e3o abordou o ACT.<\/p>\n<p>A contraposta do SEP incide na revis\u00e3o da Portaria de Avalia\u00e7\u00e3o do Desempenho ligada ao SIADAP, nos concursos para contrata\u00e7\u00e3o de enfermeiros e na progress\u00e3o na estrutura remunerat\u00f3ria, entre outros pontos. O SEP pretende que as mudan\u00e7as sejam apresentadas de forma articulada.<\/p>\n<h3>Pontos da contraposta<\/h3>\n<p>O Minist\u00e9rio da Sa\u00fade informou que a avalia\u00e7\u00e3o de desempenho est\u00e1 numa fase final de prepara\u00e7\u00e3o de uma proposta, com reuni\u00e3o agendada para 23 de fevereiro. Atualmente, para progredir na carreira, o enfermeiro precisa de oito pontos, o que, em termos de anos, representa oito a dez anos.<\/p>\n<p>Sim\u00f5es sustenta que o atual sistema de avalia\u00e7\u00e3o \u00e9 injusto e provoca atrasos na progress\u00e3o da carreira, deixando enfermeiros em posi\u00e7\u00f5es remunerat\u00f3rias por longos per\u00edodos. A dirigente aponta ainda atrasos na operacionaliza\u00e7\u00e3o da avalia\u00e7\u00e3o de desempenho.<\/p>\n<p>A respons\u00e1vel sindical destacou que a revis\u00e3o estava prevista para terminar em 30 de junho de 2026, tendo sido o prazo alargado desde 31 de dezembro. Em algumas institui\u00e7\u00f5es, o bi\u00e9nio 2023-24 ainda n\u00e3o foi conclu\u00eddo, atrasando a atribui\u00e7\u00e3o de pontos.<\/p>\n<p>A ministra da Sa\u00fade j\u00e1 ter\u00e1 assumido o compromisso de pagar retroativos de 2018 a 2021, com pontos contabilizados noutras carreiras, como t\u00e9cnicos de diagn\u00f3stico e terap\u00eautica. A reuni\u00e3o com a tutela n\u00e3o avan\u00e7ou sobre concursos, devido \u00e0 falta de tempo.<\/p>\n<p>O SEP insistiu na necessidade de clarificar os concursos de contrata\u00e7\u00e3o. No final, a tutela n\u00e3o respondeu, segundo a dirigente, devido \u00e0 indisponibilidade de tempo para ouvir cinco sindicatos e os cargos da secret\u00e1ria de Estado da Administra\u00e7\u00e3o P\u00fablica.<\/p>\n<p>Guadalupe Sim\u00f5es disse que a situa\u00e7\u00e3o persiste: dificuldades de contrata\u00e7\u00e3o, maior desregula\u00e7\u00e3o de hor\u00e1rios e redu\u00e7\u00e3o do n\u00famero de enfermeiros por turno, o que pode afetar a seguran\u00e7a dos doentes e dos profissionais. A l\u00edder sindical apontou ainda que mais enfermeiros deixam a profiss\u00e3o.<\/p>\n<p>Estiveram presentes na reuni\u00e3o o Sindicato Nacional dos Enfermeiros (SNE), o Sindicato Democr\u00e1tico dos Enfermeiros Portugueses (Sindepor), o Sindicato dos Enfermeiros (SE), o Sindicato Independente dos Profissionais de Enfermagem (Sipenf) e o Sindicato Independente de Todos os Enfermeiros Unidos (SITEU).<\/p>\n","protected":false},"excerpt":{"rendered":"<ul>\n<li>O Sindicato de Enfermeiros Portugueses informou que o Governo n\u00e3o reagiu \u00e0 contraposta sobre o Acordo Coletivo de Trabalho e que vai apresentar, na pr\u00f3xima semana, uma nova contraproposta em articulado.<\/li>\n<li>A contraposta inclui revis\u00e3o da Portaria de Avalia\u00e7\u00e3o do Desempenho (SIADAP), regime de concursos para contrata\u00e7\u00e3o de enfermeiros e progress\u00e3o na estrutura remunerat\u00f3ria.<\/li>\n<li>O Minist\u00e9rio da Sa\u00fade informou que a avalia\u00e7\u00e3o de desempenho est\u00e1 numa fase final e existe uma reuni\u00e3o agendada para 23 de fevereiro; o sindicato critica o sistema, que exige oito pontos para progress\u00e3o.<\/li>\n<li>A revis\u00e3o da avalia\u00e7\u00e3o de desempenho ficou prevista terminar at\u00e9 30 de junho de 2026, tendo sido prolongada do prazo original de 31 de dezembro; existem problemas de operacionaliza\u00e7\u00e3o.<\/li>\n<li>N\u00e3o houve resposta do Governo sobre concursos de contrata\u00e7\u00e3o nem sobre o pagamento de retroativos de 2018 a 2021; a falta de resposta \u00e9 apontada como agravante para desregula\u00e7\u00e3o de hor\u00e1rios e sa\u00edda de enfermeiros.<\/li>\n<\/ul>\n","protected":false},"author":2,"featured_media":170061,"comment_status":"closed","ping_status":"closed","sticky":false,"template":"","format":"standard","meta":{"footnotes":""},"categories":[1],"tags":[4121,2662,172,3740,966,2201],"class_list":["post-170042","post","type-post","status-publish","format-standard","has-post-thumbnail","hentry","category-noticias","tag-concursos","tag-enfermagem","tag-saude","tag-siadap","tag-sindicatos","tag-trabalho"],"yoast_head":"<!-- This site is optimized with the Yoast SEO plugin v27.2 - https:\/\/yoast.com\/product\/yoast-seo-wordpress\/ -->\n<title>Sindicato dos Enfermeiros envia contraproposta ao Governo sobre acordo de trabalho - Portal Tela Portugal<\/title>\n<meta name=\"robots\" content=\"index, follow, max-snippet:-1, max-image-preview:large, max-video-preview:-1\" \/>\n<meta property=\"og:locale\" content=\"pt_PT\" \/>\n<meta property=\"og:type\" content=\"article\" \/>\n<meta property=\"og:title\" content=\"Sindicato dos Enfermeiros envia contraproposta ao Governo sobre acordo de trabalho - Portal Tela Portugal\" \/>\n<meta property=\"og:description\" content=\"O Sindicato de Enfermeiros Portugueses informou que o Governo n\u00e3o reagiu \u00e0 contraposta sobre o Acordo Coletivo de Trabalho e que vai apresentar, na pr\u00f3xima semana, uma nova contraproposta em articulado. A contraposta inclui revis\u00e3o da Portaria de Avalia\u00e7\u00e3o do Desempenho (SIADAP), regime de concursos para contrata\u00e7\u00e3o de enfermeiros e progress\u00e3o na estrutura remunerat\u00f3ria. O Minist\u00e9rio da Sa\u00fade informou que a avalia\u00e7\u00e3o de desempenho est\u00e1 numa fase final e existe uma reuni\u00e3o agendada para 23 de fevereiro; o sindicato critica o sistema, que exige oito pontos para progress\u00e3o. A revis\u00e3o da avalia\u00e7\u00e3o de desempenho ficou prevista terminar at\u00e9 30 de junho de 2026, tendo sido prolongada do prazo original de 31 de dezembro; existem problemas de operacionaliza\u00e7\u00e3o. N\u00e3o houve resposta do Governo sobre concursos de contrata\u00e7\u00e3o nem sobre o pagamento de retroativos de 2018 a 2021; a falta de resposta \u00e9 apontada como agravante para desregula\u00e7\u00e3o de hor\u00e1rios e sa\u00edda de enfermeiros.\" \/>\n<meta property=\"og:url\" content=\"https:\/\/portaltela.pt\/noticias\/2026\/01\/24\/sindicato-dos-enfermeiros-envia-contraproposta-ao-governo-sobre-acordo-de-trabalho\/\" \/>\n<meta property=\"og:site_name\" content=\"Portal Tela Portugal\" \/>\n<meta property=\"article:published_time\" content=\"2026-01-24T14:44:00+00:00\" \/>\n<meta name=\"author\" content=\"Telinha\" \/>\n<meta name=\"twitter:card\" content=\"summary_large_image\" \/>\n<meta name=\"twitter:label1\" content=\"Escrito por\" \/>\n\t<meta name=\"twitter:data1\" content=\"Telinha\" \/>\n\t<meta name=\"twitter:label2\" content=\"Tempo estimado de leitura\" \/>\n\t<meta name=\"twitter:data2\" content=\"2 minutos\" \/>\n<script type=\"application\/ld+json\" class=\"yoast-schema-graph\">{\"@context\":\"https:\/\/schema.org\",\"@graph\":[{\"@type\":\"Article\",\"@id\":\"https:\/\/portaltela.pt\/noticias\/2026\/01\/24\/sindicato-dos-enfermeiros-envia-contraproposta-ao-governo-sobre-acordo-de-trabalho\/#article\",\"isPartOf\":{\"@id\":\"https:\/\/portaltela.pt\/noticias\/2026\/01\/24\/sindicato-dos-enfermeiros-envia-contraproposta-ao-governo-sobre-acordo-de-trabalho\/\"},\"author\":{\"name\":\"Telinha\",\"@id\":\"https:\/\/portaltela.pt\/#\/schema\/person\/c4278d4a6028830caff9ee44b42d32ed\"},\"headline\":\"Sindicato dos Enfermeiros envia contraproposta ao Governo sobre acordo de trabalho\",\"datePublished\":\"2026-01-24T14:44:00+00:00\",\"mainEntityOfPage\":{\"@id\":\"https:\/\/portaltela.pt\/noticias\/2026\/01\/24\/sindicato-dos-enfermeiros-envia-contraproposta-ao-governo-sobre-acordo-de-trabalho\/\"},\"wordCount\":474,\"image\":{\"@id\":\"https:\/\/portaltela.pt\/noticias\/2026\/01\/24\/sindicato-dos-enfermeiros-envia-contraproposta-ao-governo-sobre-acordo-de-trabalho\/#primaryimage\"},\"thumbnailUrl\":\"https:\/\/portaltela.pt\/s.01k8rhncp4jt1\/2026\/01\/image-1639.jpg\",\"keywords\":[\"concursos\",\"Enfermagem\",\"sa\u00fade\",\"SIADAP\",\"sindicatos\",\"trabalho\"],\"articleSection\":[\"Not\u00edcias\"],\"inLanguage\":\"pt-PT\"},{\"@type\":\"WebPage\",\"@id\":\"https:\/\/portaltela.pt\/noticias\/2026\/01\/24\/sindicato-dos-enfermeiros-envia-contraproposta-ao-governo-sobre-acordo-de-trabalho\/\",\"url\":\"https:\/\/portaltela.pt\/noticias\/2026\/01\/24\/sindicato-dos-enfermeiros-envia-contraproposta-ao-governo-sobre-acordo-de-trabalho\/\",\"name\":\"Sindicato dos Enfermeiros envia contraproposta ao Governo sobre acordo de trabalho - Portal Tela Portugal\",\"isPartOf\":{\"@id\":\"https:\/\/portaltela.pt\/#website\"},\"primaryImageOfPage\":{\"@id\":\"https:\/\/portaltela.pt\/noticias\/2026\/01\/24\/sindicato-dos-enfermeiros-envia-contraproposta-ao-governo-sobre-acordo-de-trabalho\/#primaryimage\"},\"image\":{\"@id\":\"https:\/\/portaltela.pt\/noticias\/2026\/01\/24\/sindicato-dos-enfermeiros-envia-contraproposta-ao-governo-sobre-acordo-de-trabalho\/#primaryimage\"},\"thumbnailUrl\":\"https:\/\/portaltela.pt\/s.01k8rhncp4jt1\/2026\/01\/image-1639.jpg\",\"datePublished\":\"2026-01-24T14:44:00+00:00\",\"author\":{\"@id\":\"https:\/\/portaltela.pt\/#\/schema\/person\/c4278d4a6028830caff9ee44b42d32ed\"},\"breadcrumb\":{\"@id\":\"https:\/\/portaltela.pt\/noticias\/2026\/01\/24\/sindicato-dos-enfermeiros-envia-contraproposta-ao-governo-sobre-acordo-de-trabalho\/#breadcrumb\"},\"inLanguage\":\"pt-PT\",\"potentialAction\":[{\"@type\":\"ReadAction\",\"target\":[\"https:\/\/portaltela.pt\/noticias\/2026\/01\/24\/sindicato-dos-enfermeiros-envia-contraproposta-ao-governo-sobre-acordo-de-trabalho\/\"]}]},{\"@type\":\"ImageObject\",\"inLanguage\":\"pt-PT\",\"@id\":\"https:\/\/portaltela.pt\/noticias\/2026\/01\/24\/sindicato-dos-enfermeiros-envia-contraproposta-ao-governo-sobre-acordo-de-trabalho\/#primaryimage\",\"url\":\"https:\/\/portaltela.pt\/s.01k8rhncp4jt1\/2026\/01\/image-1639.jpg\",\"contentUrl\":\"https:\/\/portaltela.pt\/s.01k8rhncp4jt1\/2026\/01\/image-1639.jpg\",\"width\":796,\"height\":448,\"caption\":\"Sindicato de Enfermeiros Portugueses disse que o Governo n\u00e3o reagiu \u00e0 contraposta sobre o Acordo Coletivo de Trabalho\"},{\"@type\":\"BreadcrumbList\",\"@id\":\"https:\/\/portaltela.pt\/noticias\/2026\/01\/24\/sindicato-dos-enfermeiros-envia-contraproposta-ao-governo-sobre-acordo-de-trabalho\/#breadcrumb\",\"itemListElement\":[{\"@type\":\"ListItem\",\"position\":1,\"name\":\"In\u00edcio\",\"item\":\"https:\/\/portaltela.pt\/\"},{\"@type\":\"ListItem\",\"position\":2,\"name\":\"Sindicato dos Enfermeiros envia contraproposta ao Governo sobre acordo de trabalho\"}]},{\"@type\":\"WebSite\",\"@id\":\"https:\/\/portaltela.pt\/#website\",\"url\":\"https:\/\/portaltela.pt\/\",\"name\":\"Portal Tela Portugal\",\"description\":\"\",\"potentialAction\":[{\"@type\":\"SearchAction\",\"target\":{\"@type\":\"EntryPoint\",\"urlTemplate\":\"https:\/\/portaltela.pt\/?s={search_term_string}\"},\"query-input\":{\"@type\":\"PropertyValueSpecification\",\"valueRequired\":true,\"valueName\":\"search_term_string\"}}],\"inLanguage\":\"pt-PT\"},{\"@type\":\"Person\",\"@id\":\"https:\/\/portaltela.pt\/#\/schema\/person\/c4278d4a6028830caff9ee44b42d32ed\",\"name\":\"Telinha\",\"image\":{\"@type\":\"ImageObject\",\"inLanguage\":\"pt-PT\",\"@id\":\"https:\/\/portaltela.pt\/s.01k8rhncp4jt1\/2025\/11\/talking-bot-125x125.png\",\"url\":\"https:\/\/portaltela.pt\/s.01k8rhncp4jt1\/2025\/11\/talking-bot-125x125.png\",\"contentUrl\":\"https:\/\/portaltela.pt\/s.01k8rhncp4jt1\/2025\/11\/talking-bot-125x125.png\",\"caption\":\"Telinha\"},\"sameAs\":[\"https:\/\/portaltela.pt\/\"],\"url\":\"https:\/\/portaltela.pt\/por\/367410592786\/\"}]}<\/script>\n<!-- \/ Yoast SEO plugin. -->","yoast_head_json":{"title":"Sindicato dos Enfermeiros envia contraproposta ao Governo sobre acordo de trabalho - Portal Tela Portugal","robots":{"index":"index","follow":"follow","max-snippet":"max-snippet:-1","max-image-preview":"max-image-preview:large","max-video-preview":"max-video-preview:-1"},"og_locale":"pt_PT","og_type":"article","og_title":"Sindicato dos Enfermeiros envia contraproposta ao Governo sobre acordo de trabalho - Portal Tela Portugal","og_description":"O Sindicato de Enfermeiros Portugueses informou que o Governo n\u00e3o reagiu \u00e0 contraposta sobre o Acordo Coletivo de Trabalho e que vai apresentar, na pr\u00f3xima semana, uma nova contraproposta em articulado. A contraposta inclui revis\u00e3o da Portaria de Avalia\u00e7\u00e3o do Desempenho (SIADAP), regime de concursos para contrata\u00e7\u00e3o de enfermeiros e progress\u00e3o na estrutura remunerat\u00f3ria. O Minist\u00e9rio da Sa\u00fade informou que a avalia\u00e7\u00e3o de desempenho est\u00e1 numa fase final e existe uma reuni\u00e3o agendada para 23 de fevereiro; o sindicato critica o sistema, que exige oito pontos para progress\u00e3o. A revis\u00e3o da avalia\u00e7\u00e3o de desempenho ficou prevista terminar at\u00e9 30 de junho de 2026, tendo sido prolongada do prazo original de 31 de dezembro; existem problemas de operacionaliza\u00e7\u00e3o. N\u00e3o houve resposta do Governo sobre concursos de contrata\u00e7\u00e3o nem sobre o pagamento de retroativos de 2018 a 2021; a falta de resposta \u00e9 apontada como agravante para desregula\u00e7\u00e3o de hor\u00e1rios e sa\u00edda de enfermeiros.","og_url":"https:\/\/portaltela.pt\/noticias\/2026\/01\/24\/sindicato-dos-enfermeiros-envia-contraproposta-ao-governo-sobre-acordo-de-trabalho\/","og_site_name":"Portal Tela Portugal","article_published_time":"2026-01-24T14:44:00+00:00","author":"Telinha","twitter_card":"summary_large_image","twitter_misc":{"Escrito por":"Telinha","Tempo estimado de leitura":"2 minutos"},"schema":{"@context":"https:\/\/schema.org","@graph":[{"@type":"Article","@id":"https:\/\/portaltela.pt\/noticias\/2026\/01\/24\/sindicato-dos-enfermeiros-envia-contraproposta-ao-governo-sobre-acordo-de-trabalho\/#article","isPartOf":{"@id":"https:\/\/portaltela.pt\/noticias\/2026\/01\/24\/sindicato-dos-enfermeiros-envia-contraproposta-ao-governo-sobre-acordo-de-trabalho\/"},"author":{"name":"Telinha","@id":"https:\/\/portaltela.pt\/#\/schema\/person\/c4278d4a6028830caff9ee44b42d32ed"},"headline":"Sindicato dos Enfermeiros envia contraproposta ao Governo sobre acordo de trabalho","datePublished":"2026-01-24T14:44:00+00:00","mainEntityOfPage":{"@id":"https:\/\/portaltela.pt\/noticias\/2026\/01\/24\/sindicato-dos-enfermeiros-envia-contraproposta-ao-governo-sobre-acordo-de-trabalho\/"},"wordCount":474,"image":{"@id":"https:\/\/portaltela.pt\/noticias\/2026\/01\/24\/sindicato-dos-enfermeiros-envia-contraproposta-ao-governo-sobre-acordo-de-trabalho\/#primaryimage"},"thumbnailUrl":"https:\/\/portaltela.pt\/s.01k8rhncp4jt1\/2026\/01\/image-1639.jpg","keywords":["concursos","Enfermagem","sa\u00fade","SIADAP","sindicatos","trabalho"],"articleSection":["Not\u00edcias"],"inLanguage":"pt-PT"},{"@type":"WebPage","@id":"https:\/\/portaltela.pt\/noticias\/2026\/01\/24\/sindicato-dos-enfermeiros-envia-contraproposta-ao-governo-sobre-acordo-de-trabalho\/","url":"https:\/\/portaltela.pt\/noticias\/2026\/01\/24\/sindicato-dos-enfermeiros-envia-contraproposta-ao-governo-sobre-acordo-de-trabalho\/","name":"Sindicato dos Enfermeiros envia contraproposta ao Governo sobre acordo de trabalho - Portal Tela Portugal","isPartOf":{"@id":"https:\/\/portaltela.pt\/#website"},"primaryImageOfPage":{"@id":"https:\/\/portaltela.pt\/noticias\/2026\/01\/24\/sindicato-dos-enfermeiros-envia-contraproposta-ao-governo-sobre-acordo-de-trabalho\/#primaryimage"},"image":{"@id":"https:\/\/portaltela.pt\/noticias\/2026\/01\/24\/sindicato-dos-enfermeiros-envia-contraproposta-ao-governo-sobre-acordo-de-trabalho\/#primaryimage"},"thumbnailUrl":"https:\/\/portaltela.pt\/s.01k8rhncp4jt1\/2026\/01\/image-1639.jpg","datePublished":"2026-01-24T14:44:00+00:00","author":{"@id":"https:\/\/portaltela.pt\/#\/schema\/person\/c4278d4a6028830caff9ee44b42d32ed"},"breadcrumb":{"@id":"https:\/\/portaltela.pt\/noticias\/2026\/01\/24\/sindicato-dos-enfermeiros-envia-contraproposta-ao-governo-sobre-acordo-de-trabalho\/#breadcrumb"},"inLanguage":"pt-PT","potentialAction":[{"@type":"ReadAction","target":["https:\/\/portaltela.pt\/noticias\/2026\/01\/24\/sindicato-dos-enfermeiros-envia-contraproposta-ao-governo-sobre-acordo-de-trabalho\/"]}]},{"@type":"ImageObject","inLanguage":"pt-PT","@id":"https:\/\/portaltela.pt\/noticias\/2026\/01\/24\/sindicato-dos-enfermeiros-envia-contraproposta-ao-governo-sobre-acordo-de-trabalho\/#primaryimage","url":"https:\/\/portaltela.pt\/s.01k8rhncp4jt1\/2026\/01\/image-1639.jpg","contentUrl":"https:\/\/portaltela.pt\/s.01k8rhncp4jt1\/2026\/01\/image-1639.jpg","width":796,"height":448,"caption":"Sindicato de Enfermeiros Portugueses disse que o Governo n\u00e3o reagiu \u00e0 contraposta sobre o Acordo Coletivo de Trabalho"},{"@type":"BreadcrumbList","@id":"https:\/\/portaltela.pt\/noticias\/2026\/01\/24\/sindicato-dos-enfermeiros-envia-contraproposta-ao-governo-sobre-acordo-de-trabalho\/#breadcrumb","itemListElement":[{"@type":"ListItem","position":1,"name":"In\u00edcio","item":"https:\/\/portaltela.pt\/"},{"@type":"ListItem","position":2,"name":"Sindicato dos Enfermeiros envia contraproposta ao Governo sobre acordo de trabalho"}]},{"@type":"WebSite","@id":"https:\/\/portaltela.pt\/#website","url":"https:\/\/portaltela.pt\/","name":"Portal Tela Portugal","description":"","potentialAction":[{"@type":"SearchAction","target":{"@type":"EntryPoint","urlTemplate":"https:\/\/portaltela.pt\/?s={search_term_string}"},"query-input":{"@type":"PropertyValueSpecification","valueRequired":true,"valueName":"search_term_string"}}],"inLanguage":"pt-PT"},{"@type":"Person","@id":"https:\/\/portaltela.pt\/#\/schema\/person\/c4278d4a6028830caff9ee44b42d32ed","name":"Telinha","image":{"@type":"ImageObject","inLanguage":"pt-PT","@id":"https:\/\/portaltela.pt\/s.01k8rhncp4jt1\/2025\/11\/talking-bot-125x125.png","url":"https:\/\/portaltela.pt\/s.01k8rhncp4jt1\/2025\/11\/talking-bot-125x125.png","contentUrl":"https:\/\/portaltela.pt\/s.01k8rhncp4jt1\/2025\/11\/talking-bot-125x125.png","caption":"Telinha"},"sameAs":["https:\/\/portaltela.pt\/"],"url":"https:\/\/portaltela.pt\/por\/367410592786\/"}]}},"_links":{"self":[{"href":"https:\/\/portaltela.pt\/api\/wp\/v2\/posts\/170042","targetHints":{"allow":["GET"]}}],"collection":[{"href":"https:\/\/portaltela.pt\/api\/wp\/v2\/posts"}],"about":[{"href":"https:\/\/portaltela.pt\/api\/wp\/v2\/types\/post"}],"author":[{"embeddable":true,"href":"https:\/\/portaltela.pt\/api\/wp\/v2\/users\/2"}],"replies":[{"embeddable":true,"href":"https:\/\/portaltela.pt\/api\/wp\/v2\/comments?post=170042"}],"version-history":[{"count":0,"href":"https:\/\/portaltela.pt\/api\/wp\/v2\/posts\/170042\/revisions"}],"wp:featuredmedia":[{"embeddable":true,"href":"https:\/\/portaltela.pt\/api\/wp\/v2\/media\/170061"}],"wp:attachment":[{"href":"https:\/\/portaltela.pt\/api\/wp\/v2\/media?parent=170042"}],"wp:term":[{"taxonomy":"category","embeddable":true,"href":"https:\/\/portaltela.pt\/api\/wp\/v2\/categories?post=170042"},{"taxonomy":"post_tag","embeddable":true,"href":"https:\/\/portaltela.pt\/api\/wp\/v2\/tags?post=170042"}],"curies":[{"name":"wp","href":"https:\/\/api.w.org\/{rel}","templated":true}]}}