{"id":170036,"date":"2026-01-24T11:47:18","date_gmt":"2026-01-24T14:47:18","guid":{"rendered":"https:\/\/portaltela.pt\/noticias\/2026\/01\/24\/iga-swiatek-avanca-aos-oitavos-de-final-do-open-da-australia\/"},"modified":"2026-01-24T11:47:18","modified_gmt":"2026-01-24T14:47:18","slug":"iga-swiatek-avanca-aos-oitavos-de-final-do-open-da-australia","status":"publish","type":"post","link":"https:\/\/portaltela.pt\/desporto\/2026\/01\/24\/iga-swiatek-avanca-aos-oitavos-de-final-do-open-da-australia\/","title":{"rendered":"Iga Swiatek avan\u00e7a aos oitavos de final do Open da Austr\u00e1lia"},"content":{"rendered":"<p>Iga Swiatek qualificou-se para os oitavos de final do Open da Austr\u00e1lia ao vencer a russa Anna Kalinskaya em tr\u00eas sets, em Melbourne. A partida terminou 6-1, 1-6, 6-1, com a polaca a precisar de 1 hora e 44 minutos.<\/p>\n<p>A n\u00famero dois do mundo dominou o primeiro set, cedeu o segundo, e fechou o terceiro com autoridade. Foi a primeira vez nesta edi\u00e7\u00e3o do Australian Open que Swiatek perdeu um set.<\/p>\n<p>Kalinskaya, 33.\u00aa da hierarquia da WTA, obrigou a norte-americaniza\u00e7\u00e3o da luta, mas acabou por ficar pelo caminho. Swiatek disputa os oitavos de final contra Maddison Inglis, 168.\u00aa, ap\u00f3s a japonesa Naomi Osaka abandonar a competi\u00e7\u00e3o por les\u00e3o.<\/p>\n<p>Aten\u00e7\u00e3o ao contexto: Swiatek vem de vit\u00f3rias em grandes torneios e mant\u00e9m o objetivo de conquistar o segundo t\u00edtulo de Grand Slam da carreira no Open da Austr\u00e1lia. O evento acontece em Melbourne, na Austr\u00e1lia, como a primeira edi\u00e7\u00e3o do ano do Grand Slam.<\/p>\n","protected":false},"excerpt":{"rendered":"<ul>\n<li>Iga Swiatek qualificou-se para os oitavos de final do Open da Austr\u00e1lia ao vencer Anna Kalinskaya em tr\u00eas sets.<\/li>\n<li>A polaca, n\u00famero dois mundial, derrotou a russa por 6-1, 1-6 e 6-1, num encontro com dura\u00e7\u00e3o de uma hora e 44 minutos.<\/li>\n<li>Swiatek entregou o primeiro set sem subir da primeira posi\u00e7\u00e3o, mas ganhou os dois \u00faltimos, mantendo-se em prova pela sexta vez em oito tentativas para os oitavos em Melbourne.<\/li>\n<li>Na pr\u00f3xima ronda, encara Maddison Inglis, que avan\u00e7ou devido ao abandono por les\u00e3o de Naomi Osaka.<\/li>\n<li>Swiatek j\u00e1 conquistou seis majors na carreira.<\/li>\n<\/ul>\n","protected":false},"author":2,"featured_media":170055,"comment_status":"closed","ping_status":"closed","sticky":false,"template":"","format":"standard","meta":{"footnotes":""},"categories":[21],"tags":[1602,152,60,3818,94,2713],"class_list":["post-170036","post","type-post","status-publish","format-standard","has-post-thumbnail","hentry","category-desporto","tag-australia","tag-desporto","tag-esportes","tag-iga-swiatek","tag-tenis","tag-tenistas"],"yoast_head":"<!-- This site is optimized with the Yoast SEO plugin v27.2 - https:\/\/yoast.com\/product\/yoast-seo-wordpress\/ -->\n<title>Iga Swiatek avan\u00e7a aos oitavos de final do Open da Austr\u00e1lia - Portal Tela Portugal<\/title>\n<meta name=\"robots\" content=\"index, follow, max-snippet:-1, max-image-preview:large, max-video-preview:-1\" \/>\n<meta property=\"og:locale\" content=\"pt_PT\" \/>\n<meta property=\"og:type\" content=\"article\" \/>\n<meta property=\"og:title\" content=\"Iga Swiatek avan\u00e7a aos oitavos de final do Open da Austr\u00e1lia - Portal Tela Portugal\" \/>\n<meta property=\"og:description\" content=\"Iga Swiatek qualificou-se para os oitavos de final do Open da Austr\u00e1lia ao vencer Anna Kalinskaya em tr\u00eas sets. A polaca, n\u00famero dois mundial, derrotou a russa por 6-1, 1-6 e 6-1, num encontro com dura\u00e7\u00e3o de uma hora e 44 minutos. Swiatek entregou o primeiro set sem subir da primeira posi\u00e7\u00e3o, mas ganhou os dois \u00faltimos, mantendo-se em prova pela sexta vez em oito tentativas para os oitavos em Melbourne. Na pr\u00f3xima ronda, encara Maddison Inglis, que avan\u00e7ou devido ao abandono por les\u00e3o de Naomi Osaka. Swiatek j\u00e1 conquistou seis majors na carreira.\" \/>\n<meta property=\"og:url\" content=\"https:\/\/portaltela.pt\/noticias\/2026\/01\/24\/iga-swiatek-avanca-aos-oitavos-de-final-do-open-da-australia\/\" \/>\n<meta property=\"og:site_name\" content=\"Portal Tela Portugal\" \/>\n<meta property=\"article:published_time\" content=\"2026-01-24T14:47:18+00:00\" \/>\n<meta name=\"author\" content=\"Telinha\" \/>\n<meta name=\"twitter:card\" content=\"summary_large_image\" \/>\n<meta name=\"twitter:label1\" content=\"Escrito por\" \/>\n\t<meta name=\"twitter:data1\" content=\"Telinha\" \/>\n\t<meta name=\"twitter:label2\" content=\"Tempo estimado de leitura\" \/>\n\t<meta name=\"twitter:data2\" content=\"1 minuto\" \/>\n<script type=\"application\/ld+json\" class=\"yoast-schema-graph\">{\"@context\":\"https:\/\/schema.org\",\"@graph\":[{\"@type\":\"Article\",\"@id\":\"https:\/\/portaltela.pt\/noticias\/2026\/01\/24\/iga-swiatek-avanca-aos-oitavos-de-final-do-open-da-australia\/#article\",\"isPartOf\":{\"@id\":\"https:\/\/portaltela.pt\/noticias\/2026\/01\/24\/iga-swiatek-avanca-aos-oitavos-de-final-do-open-da-australia\/\"},\"author\":{\"name\":\"Telinha\",\"@id\":\"https:\/\/portaltela.pt\/#\/schema\/person\/c4278d4a6028830caff9ee44b42d32ed\"},\"headline\":\"Iga Swiatek avan\u00e7a aos oitavos de final do Open da Austr\u00e1lia\",\"datePublished\":\"2026-01-24T14:47:18+00:00\",\"mainEntityOfPage\":{\"@id\":\"https:\/\/portaltela.pt\/noticias\/2026\/01\/24\/iga-swiatek-avanca-aos-oitavos-de-final-do-open-da-australia\/\"},\"wordCount\":177,\"image\":{\"@id\":\"https:\/\/portaltela.pt\/noticias\/2026\/01\/24\/iga-swiatek-avanca-aos-oitavos-de-final-do-open-da-australia\/#primaryimage\"},\"thumbnailUrl\":\"https:\/\/portaltela.pt\/s.01k8rhncp4jt1\/2026\/01\/img_920x518uu2026-01-24-14-46-56-2417034.jpg\",\"keywords\":[\"Austr\u00e1lia\",\"desporto\",\"esportes\",\"Iga Swiatek\",\"t\u00eanis\",\"tenistas\"],\"articleSection\":[\"Desporto\"],\"inLanguage\":\"pt-PT\"},{\"@type\":\"WebPage\",\"@id\":\"https:\/\/portaltela.pt\/noticias\/2026\/01\/24\/iga-swiatek-avanca-aos-oitavos-de-final-do-open-da-australia\/\",\"url\":\"https:\/\/portaltela.pt\/noticias\/2026\/01\/24\/iga-swiatek-avanca-aos-oitavos-de-final-do-open-da-australia\/\",\"name\":\"Iga Swiatek avan\u00e7a aos oitavos de final do Open da Austr\u00e1lia - Portal Tela Portugal\",\"isPartOf\":{\"@id\":\"https:\/\/portaltela.pt\/#website\"},\"primaryImageOfPage\":{\"@id\":\"https:\/\/portaltela.pt\/noticias\/2026\/01\/24\/iga-swiatek-avanca-aos-oitavos-de-final-do-open-da-australia\/#primaryimage\"},\"image\":{\"@id\":\"https:\/\/portaltela.pt\/noticias\/2026\/01\/24\/iga-swiatek-avanca-aos-oitavos-de-final-do-open-da-australia\/#primaryimage\"},\"thumbnailUrl\":\"https:\/\/portaltela.pt\/s.01k8rhncp4jt1\/2026\/01\/img_920x518uu2026-01-24-14-46-56-2417034.jpg\",\"datePublished\":\"2026-01-24T14:47:18+00:00\",\"author\":{\"@id\":\"https:\/\/portaltela.pt\/#\/schema\/person\/c4278d4a6028830caff9ee44b42d32ed\"},\"breadcrumb\":{\"@id\":\"https:\/\/portaltela.pt\/noticias\/2026\/01\/24\/iga-swiatek-avanca-aos-oitavos-de-final-do-open-da-australia\/#breadcrumb\"},\"inLanguage\":\"pt-PT\",\"potentialAction\":[{\"@type\":\"ReadAction\",\"target\":[\"https:\/\/portaltela.pt\/noticias\/2026\/01\/24\/iga-swiatek-avanca-aos-oitavos-de-final-do-open-da-australia\/\"]}]},{\"@type\":\"ImageObject\",\"inLanguage\":\"pt-PT\",\"@id\":\"https:\/\/portaltela.pt\/noticias\/2026\/01\/24\/iga-swiatek-avanca-aos-oitavos-de-final-do-open-da-australia\/#primaryimage\",\"url\":\"https:\/\/portaltela.pt\/s.01k8rhncp4jt1\/2026\/01\/img_920x518uu2026-01-24-14-46-56-2417034.jpg\",\"contentUrl\":\"https:\/\/portaltela.pt\/s.01k8rhncp4jt1\/2026\/01\/img_920x518uu2026-01-24-14-46-56-2417034.jpg\",\"width\":796,\"height\":448,\"caption\":\"Iga Swiatek segue para os oitavos de final do Open da Austr\u00e1lia\"},{\"@type\":\"BreadcrumbList\",\"@id\":\"https:\/\/portaltela.pt\/noticias\/2026\/01\/24\/iga-swiatek-avanca-aos-oitavos-de-final-do-open-da-australia\/#breadcrumb\",\"itemListElement\":[{\"@type\":\"ListItem\",\"position\":1,\"name\":\"In\u00edcio\",\"item\":\"https:\/\/portaltela.pt\/\"},{\"@type\":\"ListItem\",\"position\":2,\"name\":\"Iga Swiatek avan\u00e7a aos oitavos de final do Open da Austr\u00e1lia\"}]},{\"@type\":\"WebSite\",\"@id\":\"https:\/\/portaltela.pt\/#website\",\"url\":\"https:\/\/portaltela.pt\/\",\"name\":\"Portal Tela Portugal\",\"description\":\"\",\"potentialAction\":[{\"@type\":\"SearchAction\",\"target\":{\"@type\":\"EntryPoint\",\"urlTemplate\":\"https:\/\/portaltela.pt\/?s={search_term_string}\"},\"query-input\":{\"@type\":\"PropertyValueSpecification\",\"valueRequired\":true,\"valueName\":\"search_term_string\"}}],\"inLanguage\":\"pt-PT\"},{\"@type\":\"Person\",\"@id\":\"https:\/\/portaltela.pt\/#\/schema\/person\/c4278d4a6028830caff9ee44b42d32ed\",\"name\":\"Telinha\",\"image\":{\"@type\":\"ImageObject\",\"inLanguage\":\"pt-PT\",\"@id\":\"https:\/\/portaltela.pt\/s.01k8rhncp4jt1\/2025\/11\/talking-bot-125x125.png\",\"url\":\"https:\/\/portaltela.pt\/s.01k8rhncp4jt1\/2025\/11\/talking-bot-125x125.png\",\"contentUrl\":\"https:\/\/portaltela.pt\/s.01k8rhncp4jt1\/2025\/11\/talking-bot-125x125.png\",\"caption\":\"Telinha\"},\"sameAs\":[\"https:\/\/portaltela.pt\/\"],\"url\":\"https:\/\/portaltela.pt\/por\/367410592786\/\"}]}<\/script>\n<!-- \/ Yoast SEO plugin. -->","yoast_head_json":{"title":"Iga Swiatek avan\u00e7a aos oitavos de final do Open da Austr\u00e1lia - Portal Tela Portugal","robots":{"index":"index","follow":"follow","max-snippet":"max-snippet:-1","max-image-preview":"max-image-preview:large","max-video-preview":"max-video-preview:-1"},"og_locale":"pt_PT","og_type":"article","og_title":"Iga Swiatek avan\u00e7a aos oitavos de final do Open da Austr\u00e1lia - Portal Tela Portugal","og_description":"Iga Swiatek qualificou-se para os oitavos de final do Open da Austr\u00e1lia ao vencer Anna Kalinskaya em tr\u00eas sets. A polaca, n\u00famero dois mundial, derrotou a russa por 6-1, 1-6 e 6-1, num encontro com dura\u00e7\u00e3o de uma hora e 44 minutos. Swiatek entregou o primeiro set sem subir da primeira posi\u00e7\u00e3o, mas ganhou os dois \u00faltimos, mantendo-se em prova pela sexta vez em oito tentativas para os oitavos em Melbourne. Na pr\u00f3xima ronda, encara Maddison Inglis, que avan\u00e7ou devido ao abandono por les\u00e3o de Naomi Osaka. Swiatek j\u00e1 conquistou seis majors na carreira.","og_url":"https:\/\/portaltela.pt\/noticias\/2026\/01\/24\/iga-swiatek-avanca-aos-oitavos-de-final-do-open-da-australia\/","og_site_name":"Portal Tela Portugal","article_published_time":"2026-01-24T14:47:18+00:00","author":"Telinha","twitter_card":"summary_large_image","twitter_misc":{"Escrito por":"Telinha","Tempo estimado de leitura":"1 minuto"},"schema":{"@context":"https:\/\/schema.org","@graph":[{"@type":"Article","@id":"https:\/\/portaltela.pt\/noticias\/2026\/01\/24\/iga-swiatek-avanca-aos-oitavos-de-final-do-open-da-australia\/#article","isPartOf":{"@id":"https:\/\/portaltela.pt\/noticias\/2026\/01\/24\/iga-swiatek-avanca-aos-oitavos-de-final-do-open-da-australia\/"},"author":{"name":"Telinha","@id":"https:\/\/portaltela.pt\/#\/schema\/person\/c4278d4a6028830caff9ee44b42d32ed"},"headline":"Iga Swiatek avan\u00e7a aos oitavos de final do Open da Austr\u00e1lia","datePublished":"2026-01-24T14:47:18+00:00","mainEntityOfPage":{"@id":"https:\/\/portaltela.pt\/noticias\/2026\/01\/24\/iga-swiatek-avanca-aos-oitavos-de-final-do-open-da-australia\/"},"wordCount":177,"image":{"@id":"https:\/\/portaltela.pt\/noticias\/2026\/01\/24\/iga-swiatek-avanca-aos-oitavos-de-final-do-open-da-australia\/#primaryimage"},"thumbnailUrl":"https:\/\/portaltela.pt\/s.01k8rhncp4jt1\/2026\/01\/img_920x518uu2026-01-24-14-46-56-2417034.jpg","keywords":["Austr\u00e1lia","desporto","esportes","Iga Swiatek","t\u00eanis","tenistas"],"articleSection":["Desporto"],"inLanguage":"pt-PT"},{"@type":"WebPage","@id":"https:\/\/portaltela.pt\/noticias\/2026\/01\/24\/iga-swiatek-avanca-aos-oitavos-de-final-do-open-da-australia\/","url":"https:\/\/portaltela.pt\/noticias\/2026\/01\/24\/iga-swiatek-avanca-aos-oitavos-de-final-do-open-da-australia\/","name":"Iga Swiatek avan\u00e7a aos oitavos de final do Open da Austr\u00e1lia - Portal Tela Portugal","isPartOf":{"@id":"https:\/\/portaltela.pt\/#website"},"primaryImageOfPage":{"@id":"https:\/\/portaltela.pt\/noticias\/2026\/01\/24\/iga-swiatek-avanca-aos-oitavos-de-final-do-open-da-australia\/#primaryimage"},"image":{"@id":"https:\/\/portaltela.pt\/noticias\/2026\/01\/24\/iga-swiatek-avanca-aos-oitavos-de-final-do-open-da-australia\/#primaryimage"},"thumbnailUrl":"https:\/\/portaltela.pt\/s.01k8rhncp4jt1\/2026\/01\/img_920x518uu2026-01-24-14-46-56-2417034.jpg","datePublished":"2026-01-24T14:47:18+00:00","author":{"@id":"https:\/\/portaltela.pt\/#\/schema\/person\/c4278d4a6028830caff9ee44b42d32ed"},"breadcrumb":{"@id":"https:\/\/portaltela.pt\/noticias\/2026\/01\/24\/iga-swiatek-avanca-aos-oitavos-de-final-do-open-da-australia\/#breadcrumb"},"inLanguage":"pt-PT","potentialAction":[{"@type":"ReadAction","target":["https:\/\/portaltela.pt\/noticias\/2026\/01\/24\/iga-swiatek-avanca-aos-oitavos-de-final-do-open-da-australia\/"]}]},{"@type":"ImageObject","inLanguage":"pt-PT","@id":"https:\/\/portaltela.pt\/noticias\/2026\/01\/24\/iga-swiatek-avanca-aos-oitavos-de-final-do-open-da-australia\/#primaryimage","url":"https:\/\/portaltela.pt\/s.01k8rhncp4jt1\/2026\/01\/img_920x518uu2026-01-24-14-46-56-2417034.jpg","contentUrl":"https:\/\/portaltela.pt\/s.01k8rhncp4jt1\/2026\/01\/img_920x518uu2026-01-24-14-46-56-2417034.jpg","width":796,"height":448,"caption":"Iga Swiatek segue para os oitavos de final do Open da Austr\u00e1lia"},{"@type":"BreadcrumbList","@id":"https:\/\/portaltela.pt\/noticias\/2026\/01\/24\/iga-swiatek-avanca-aos-oitavos-de-final-do-open-da-australia\/#breadcrumb","itemListElement":[{"@type":"ListItem","position":1,"name":"In\u00edcio","item":"https:\/\/portaltela.pt\/"},{"@type":"ListItem","position":2,"name":"Iga Swiatek avan\u00e7a aos oitavos de final do Open da Austr\u00e1lia"}]},{"@type":"WebSite","@id":"https:\/\/portaltela.pt\/#website","url":"https:\/\/portaltela.pt\/","name":"Portal Tela Portugal","description":"","potentialAction":[{"@type":"SearchAction","target":{"@type":"EntryPoint","urlTemplate":"https:\/\/portaltela.pt\/?s={search_term_string}"},"query-input":{"@type":"PropertyValueSpecification","valueRequired":true,"valueName":"search_term_string"}}],"inLanguage":"pt-PT"},{"@type":"Person","@id":"https:\/\/portaltela.pt\/#\/schema\/person\/c4278d4a6028830caff9ee44b42d32ed","name":"Telinha","image":{"@type":"ImageObject","inLanguage":"pt-PT","@id":"https:\/\/portaltela.pt\/s.01k8rhncp4jt1\/2025\/11\/talking-bot-125x125.png","url":"https:\/\/portaltela.pt\/s.01k8rhncp4jt1\/2025\/11\/talking-bot-125x125.png","contentUrl":"https:\/\/portaltela.pt\/s.01k8rhncp4jt1\/2025\/11\/talking-bot-125x125.png","caption":"Telinha"},"sameAs":["https:\/\/portaltela.pt\/"],"url":"https:\/\/portaltela.pt\/por\/367410592786\/"}]}},"_links":{"self":[{"href":"https:\/\/portaltela.pt\/api\/wp\/v2\/posts\/170036","targetHints":{"allow":["GET"]}}],"collection":[{"href":"https:\/\/portaltela.pt\/api\/wp\/v2\/posts"}],"about":[{"href":"https:\/\/portaltela.pt\/api\/wp\/v2\/types\/post"}],"author":[{"embeddable":true,"href":"https:\/\/portaltela.pt\/api\/wp\/v2\/users\/2"}],"replies":[{"embeddable":true,"href":"https:\/\/portaltela.pt\/api\/wp\/v2\/comments?post=170036"}],"version-history":[{"count":0,"href":"https:\/\/portaltela.pt\/api\/wp\/v2\/posts\/170036\/revisions"}],"wp:featuredmedia":[{"embeddable":true,"href":"https:\/\/portaltela.pt\/api\/wp\/v2\/media\/170055"}],"wp:attachment":[{"href":"https:\/\/portaltela.pt\/api\/wp\/v2\/media?parent=170036"}],"wp:term":[{"taxonomy":"category","embeddable":true,"href":"https:\/\/portaltela.pt\/api\/wp\/v2\/categories?post=170036"},{"taxonomy":"post_tag","embeddable":true,"href":"https:\/\/portaltela.pt\/api\/wp\/v2\/tags?post=170036"}],"curies":[{"name":"wp","href":"https:\/\/api.w.org\/{rel}","templated":true}]}}