{"id":169942,"date":"2026-01-24T11:00:00","date_gmt":"2026-01-24T14:00:00","guid":{"rendered":"https:\/\/portaltela.pt\/noticias\/2026\/01\/24\/bombeiros-ajudam-a-distribuir-refeicoes-em-aldeias-de-vila-pouca-de-aguiar\/"},"modified":"2026-01-24T11:00:00","modified_gmt":"2026-01-24T14:00:00","slug":"bombeiros-ajudam-a-distribuir-refeicoes-em-aldeias-de-vila-pouca-de-aguiar","status":"publish","type":"post","link":"https:\/\/portaltela.pt\/noticias\/2026\/01\/24\/bombeiros-ajudam-a-distribuir-refeicoes-em-aldeias-de-vila-pouca-de-aguiar\/","title":{"rendered":"Bombeiros ajudam a distribuir refei\u00e7\u00f5es em aldeias de Vila Pouca de Aguiar"},"content":{"rendered":"<p>Bombeiros de VilaPouca de Aguiar est\u00e3o em terreno este s\u00e1bado para apoiar a popula\u00e7\u00e3o afetada pela neve, especialmente nas aldeias mais altas da regi\u00e3o. A a\u00e7\u00e3o inclui a entrega de refei\u00e7\u00f5es a utentes de IPSS e o apoio domicili\u00e1rio, em v\u00e1rias zonas da serra do Alv\u00e3o e do planalto de Jales.<\/p>\n<p>O comandante Hugo Silva explicou que a prioridade \u00e9 aproximar-se das comunidades isoladas e avaliar necessidades, num territ\u00f3rio onde a circula\u00e7\u00e3o rodovi\u00e1ria est\u00e1 condicionada pela neve. O objetivo \u00e9 detectar car\u00eancias e responder de forma r\u00e1pida.<\/p>\n<p>A distribui\u00e7\u00e3o de refei\u00e7\u00f5es decorre em colabora\u00e7\u00e3o com as funcion\u00e1rias das IPSS, uma vez que as carrinhas dos lares enfrentam restri\u00e7\u00f5es de circula\u00e7\u00e3o. Os bombeiros acompanham as rotas com viaturas 4&#215;4 para garantir o acesso aos utentes.<\/p>\n<p>Al\u00e9m disso, os operacionais ajudam a orientar outras pessoas com ve\u00edculos encalhados ou em estradas menos adequadas, assegurando locais seguros para paragens. Refor\u00e7am ainda a sensibiliza\u00e7\u00e3o para evitar desloca\u00e7\u00f5es desnecess\u00e1rias.<\/p>\n<h3>Condi\u00e7\u00f5es das vias e a\u00e7\u00f5es de prote\u00e7\u00e3o civil<\/h3>\n<p>Fontes da GNR indicaram que, pelas 13h00 de s\u00e1bado, as principais vias do distrito de Vila Real estavam transit\u00e1veis, com exce\u00e7\u00e3o do IP4, encerrado entre Campe\u00e3 e Aboadela desde sexta-feira. A EN15 e a Estrada Municipal 1205 tamb\u00e9m estavam n\u00e3o transit\u00e1veis nesta \u00e1rea do Mar\u00e3o.<\/p>\n<p>Bombeiros, servi\u00e7os municipais de Prote\u00e7\u00e3o Civil e GNR estiveram no terreno para apoio \u00e0 popula\u00e7\u00e3o, limpeza de estradas e espalhamento de sal, face \u00e0 neve e ao gelo que persistem em zonas de montanha. A situa\u00e7\u00e3o manteve-se sob vigil\u00e2ncia, com atualiza\u00e7\u00f5es a serem fornecidas pelas autoridades competentes.<\/p>\n","protected":false},"excerpt":{"rendered":"<ul>\n<li>Bombeiros de Vila Pouca de Aguiar ajudam a entregar refei\u00e7\u00f5es a utentes de IPSS e apoiam a popula\u00e7\u00e3o nas aldeias mais afetadas pela neve.<\/li>\n<li>O distrito de Vila Real ficou coberto por um manto branco, atingindo especialmente \u00e1reas altas como a serra do Alv\u00e3o e o planalto de Jales.<\/li>\n<li>Em terreno, os operacionais fazem reconhecimento para perceber necessidades e, quando poss\u00edvel, distribuindo refei\u00e7\u00f5es em conjunto com funcion\u00e1rias das lares.<\/li>\n<li>Viaturas 4&#215;4 ajudam a rebocar ve\u00edculos atolados e a sensibilizar a popula\u00e7\u00e3o para n\u00e3o sair de casa nem arriscar-se em vias com neve e gelo.<\/li>\n<li>Vias principais do distrito estiveram transit\u00e1veis, exceto pelo IP4 (fechado entre Campe\u00e3 e Aboadela) e pela EN15, al\u00e9m da estrada municipal 1205 que liga Alto do Vel\u00e3o a Campanh\u00f3.<\/li>\n<\/ul>\n","protected":false},"author":2,"featured_media":169948,"comment_status":"closed","ping_status":"closed","sticky":false,"template":"","format":"standard","meta":{"footnotes":""},"categories":[1],"tags":[4051,971,3129,320,363,1665],"class_list":["post-169942","post","type-post","status-publish","format-standard","has-post-thumbnail","hentry","category-noticias","tag-alvao","tag-bombeiros","tag-ipss","tag-protecao-civil","tag-transportes","tag-vila-real"],"yoast_head":"<!-- This site is optimized with the Yoast SEO plugin v27.2 - https:\/\/yoast.com\/product\/yoast-seo-wordpress\/ -->\n<title>Bombeiros ajudam a distribuir refei\u00e7\u00f5es em aldeias de Vila Pouca de Aguiar - Portal Tela Portugal<\/title>\n<meta name=\"robots\" content=\"index, follow, max-snippet:-1, max-image-preview:large, max-video-preview:-1\" \/>\n<meta property=\"og:locale\" content=\"pt_PT\" \/>\n<meta property=\"og:type\" content=\"article\" \/>\n<meta property=\"og:title\" content=\"Bombeiros ajudam a distribuir refei\u00e7\u00f5es em aldeias de Vila Pouca de Aguiar - Portal Tela Portugal\" \/>\n<meta property=\"og:description\" content=\"Bombeiros de Vila Pouca de Aguiar ajudam a entregar refei\u00e7\u00f5es a utentes de IPSS e apoiam a popula\u00e7\u00e3o nas aldeias mais afetadas pela neve. O distrito de Vila Real ficou coberto por um manto branco, atingindo especialmente \u00e1reas altas como a serra do Alv\u00e3o e o planalto de Jales. Em terreno, os operacionais fazem reconhecimento para perceber necessidades e, quando poss\u00edvel, distribuindo refei\u00e7\u00f5es em conjunto com funcion\u00e1rias das lares. Viaturas 4x4 ajudam a rebocar ve\u00edculos atolados e a sensibilizar a popula\u00e7\u00e3o para n\u00e3o sair de casa nem arriscar-se em vias com neve e gelo. Vias principais do distrito estiveram transit\u00e1veis, exceto pelo IP4 (fechado entre Campe\u00e3 e Aboadela) e pela EN15, al\u00e9m da estrada municipal 1205 que liga Alto do Vel\u00e3o a Campanh\u00f3.\" \/>\n<meta property=\"og:url\" content=\"https:\/\/portaltela.pt\/noticias\/2026\/01\/24\/bombeiros-ajudam-a-distribuir-refeicoes-em-aldeias-de-vila-pouca-de-aguiar\/\" \/>\n<meta property=\"og:site_name\" content=\"Portal Tela Portugal\" \/>\n<meta property=\"article:published_time\" content=\"2026-01-24T14:00:00+00:00\" \/>\n<meta name=\"author\" content=\"Telinha\" \/>\n<meta name=\"twitter:card\" content=\"summary_large_image\" \/>\n<meta name=\"twitter:label1\" content=\"Escrito por\" \/>\n\t<meta name=\"twitter:data1\" content=\"Telinha\" \/>\n\t<meta name=\"twitter:label2\" content=\"Tempo estimado de leitura\" \/>\n\t<meta name=\"twitter:data2\" content=\"1 minuto\" \/>\n<script type=\"application\/ld+json\" class=\"yoast-schema-graph\">{\"@context\":\"https:\/\/schema.org\",\"@graph\":[{\"@type\":\"Article\",\"@id\":\"https:\/\/portaltela.pt\/noticias\/2026\/01\/24\/bombeiros-ajudam-a-distribuir-refeicoes-em-aldeias-de-vila-pouca-de-aguiar\/#article\",\"isPartOf\":{\"@id\":\"https:\/\/portaltela.pt\/noticias\/2026\/01\/24\/bombeiros-ajudam-a-distribuir-refeicoes-em-aldeias-de-vila-pouca-de-aguiar\/\"},\"author\":{\"name\":\"Telinha\",\"@id\":\"https:\/\/portaltela.pt\/#\/schema\/person\/c4278d4a6028830caff9ee44b42d32ed\"},\"headline\":\"Bombeiros ajudam a distribuir refei\u00e7\u00f5es em aldeias de Vila Pouca de Aguiar\",\"datePublished\":\"2026-01-24T14:00:00+00:00\",\"mainEntityOfPage\":{\"@id\":\"https:\/\/portaltela.pt\/noticias\/2026\/01\/24\/bombeiros-ajudam-a-distribuir-refeicoes-em-aldeias-de-vila-pouca-de-aguiar\/\"},\"wordCount\":304,\"image\":{\"@id\":\"https:\/\/portaltela.pt\/noticias\/2026\/01\/24\/bombeiros-ajudam-a-distribuir-refeicoes-em-aldeias-de-vila-pouca-de-aguiar\/#primaryimage\"},\"thumbnailUrl\":\"https:\/\/portaltela.pt\/s.01k8rhncp4jt1\/2026\/01\/img_1280x721uu2026-01-24-13-59-46-2262282.jpg\",\"keywords\":[\"Alv\u00e3o\",\"bombeiros\",\"IPSS\",\"prote\u00e7\u00e3o civil\",\"transportes\",\"Vila Real\"],\"articleSection\":[\"Not\u00edcias\"],\"inLanguage\":\"pt-PT\"},{\"@type\":\"WebPage\",\"@id\":\"https:\/\/portaltela.pt\/noticias\/2026\/01\/24\/bombeiros-ajudam-a-distribuir-refeicoes-em-aldeias-de-vila-pouca-de-aguiar\/\",\"url\":\"https:\/\/portaltela.pt\/noticias\/2026\/01\/24\/bombeiros-ajudam-a-distribuir-refeicoes-em-aldeias-de-vila-pouca-de-aguiar\/\",\"name\":\"Bombeiros ajudam a distribuir refei\u00e7\u00f5es em aldeias de Vila Pouca de Aguiar - Portal Tela Portugal\",\"isPartOf\":{\"@id\":\"https:\/\/portaltela.pt\/#website\"},\"primaryImageOfPage\":{\"@id\":\"https:\/\/portaltela.pt\/noticias\/2026\/01\/24\/bombeiros-ajudam-a-distribuir-refeicoes-em-aldeias-de-vila-pouca-de-aguiar\/#primaryimage\"},\"image\":{\"@id\":\"https:\/\/portaltela.pt\/noticias\/2026\/01\/24\/bombeiros-ajudam-a-distribuir-refeicoes-em-aldeias-de-vila-pouca-de-aguiar\/#primaryimage\"},\"thumbnailUrl\":\"https:\/\/portaltela.pt\/s.01k8rhncp4jt1\/2026\/01\/img_1280x721uu2026-01-24-13-59-46-2262282.jpg\",\"datePublished\":\"2026-01-24T14:00:00+00:00\",\"author\":{\"@id\":\"https:\/\/portaltela.pt\/#\/schema\/person\/c4278d4a6028830caff9ee44b42d32ed\"},\"breadcrumb\":{\"@id\":\"https:\/\/portaltela.pt\/noticias\/2026\/01\/24\/bombeiros-ajudam-a-distribuir-refeicoes-em-aldeias-de-vila-pouca-de-aguiar\/#breadcrumb\"},\"inLanguage\":\"pt-PT\",\"potentialAction\":[{\"@type\":\"ReadAction\",\"target\":[\"https:\/\/portaltela.pt\/noticias\/2026\/01\/24\/bombeiros-ajudam-a-distribuir-refeicoes-em-aldeias-de-vila-pouca-de-aguiar\/\"]}]},{\"@type\":\"ImageObject\",\"inLanguage\":\"pt-PT\",\"@id\":\"https:\/\/portaltela.pt\/noticias\/2026\/01\/24\/bombeiros-ajudam-a-distribuir-refeicoes-em-aldeias-de-vila-pouca-de-aguiar\/#primaryimage\",\"url\":\"https:\/\/portaltela.pt\/s.01k8rhncp4jt1\/2026\/01\/img_1280x721uu2026-01-24-13-59-46-2262282.jpg\",\"contentUrl\":\"https:\/\/portaltela.pt\/s.01k8rhncp4jt1\/2026\/01\/img_1280x721uu2026-01-24-13-59-46-2262282.jpg\",\"width\":796,\"height\":448,\"caption\":\"Bombeiros ajudam a entregar refei\u00e7\u00f5es nas aldeias de Vila Pouca de Aguiar\"},{\"@type\":\"BreadcrumbList\",\"@id\":\"https:\/\/portaltela.pt\/noticias\/2026\/01\/24\/bombeiros-ajudam-a-distribuir-refeicoes-em-aldeias-de-vila-pouca-de-aguiar\/#breadcrumb\",\"itemListElement\":[{\"@type\":\"ListItem\",\"position\":1,\"name\":\"In\u00edcio\",\"item\":\"https:\/\/portaltela.pt\/\"},{\"@type\":\"ListItem\",\"position\":2,\"name\":\"Bombeiros ajudam a distribuir refei\u00e7\u00f5es em aldeias de Vila Pouca de Aguiar\"}]},{\"@type\":\"WebSite\",\"@id\":\"https:\/\/portaltela.pt\/#website\",\"url\":\"https:\/\/portaltela.pt\/\",\"name\":\"Portal Tela Portugal\",\"description\":\"\",\"potentialAction\":[{\"@type\":\"SearchAction\",\"target\":{\"@type\":\"EntryPoint\",\"urlTemplate\":\"https:\/\/portaltela.pt\/?s={search_term_string}\"},\"query-input\":{\"@type\":\"PropertyValueSpecification\",\"valueRequired\":true,\"valueName\":\"search_term_string\"}}],\"inLanguage\":\"pt-PT\"},{\"@type\":\"Person\",\"@id\":\"https:\/\/portaltela.pt\/#\/schema\/person\/c4278d4a6028830caff9ee44b42d32ed\",\"name\":\"Telinha\",\"image\":{\"@type\":\"ImageObject\",\"inLanguage\":\"pt-PT\",\"@id\":\"https:\/\/portaltela.pt\/s.01k8rhncp4jt1\/2025\/11\/talking-bot-125x125.png\",\"url\":\"https:\/\/portaltela.pt\/s.01k8rhncp4jt1\/2025\/11\/talking-bot-125x125.png\",\"contentUrl\":\"https:\/\/portaltela.pt\/s.01k8rhncp4jt1\/2025\/11\/talking-bot-125x125.png\",\"caption\":\"Telinha\"},\"sameAs\":[\"https:\/\/portaltela.pt\/\"],\"url\":\"https:\/\/portaltela.pt\/por\/367410592786\/\"}]}<\/script>\n<!-- \/ Yoast SEO plugin. -->","yoast_head_json":{"title":"Bombeiros ajudam a distribuir refei\u00e7\u00f5es em aldeias de Vila Pouca de Aguiar - Portal Tela Portugal","robots":{"index":"index","follow":"follow","max-snippet":"max-snippet:-1","max-image-preview":"max-image-preview:large","max-video-preview":"max-video-preview:-1"},"og_locale":"pt_PT","og_type":"article","og_title":"Bombeiros ajudam a distribuir refei\u00e7\u00f5es em aldeias de Vila Pouca de Aguiar - Portal Tela Portugal","og_description":"Bombeiros de Vila Pouca de Aguiar ajudam a entregar refei\u00e7\u00f5es a utentes de IPSS e apoiam a popula\u00e7\u00e3o nas aldeias mais afetadas pela neve. O distrito de Vila Real ficou coberto por um manto branco, atingindo especialmente \u00e1reas altas como a serra do Alv\u00e3o e o planalto de Jales. Em terreno, os operacionais fazem reconhecimento para perceber necessidades e, quando poss\u00edvel, distribuindo refei\u00e7\u00f5es em conjunto com funcion\u00e1rias das lares. Viaturas 4x4 ajudam a rebocar ve\u00edculos atolados e a sensibilizar a popula\u00e7\u00e3o para n\u00e3o sair de casa nem arriscar-se em vias com neve e gelo. Vias principais do distrito estiveram transit\u00e1veis, exceto pelo IP4 (fechado entre Campe\u00e3 e Aboadela) e pela EN15, al\u00e9m da estrada municipal 1205 que liga Alto do Vel\u00e3o a Campanh\u00f3.","og_url":"https:\/\/portaltela.pt\/noticias\/2026\/01\/24\/bombeiros-ajudam-a-distribuir-refeicoes-em-aldeias-de-vila-pouca-de-aguiar\/","og_site_name":"Portal Tela Portugal","article_published_time":"2026-01-24T14:00:00+00:00","author":"Telinha","twitter_card":"summary_large_image","twitter_misc":{"Escrito por":"Telinha","Tempo estimado de leitura":"1 minuto"},"schema":{"@context":"https:\/\/schema.org","@graph":[{"@type":"Article","@id":"https:\/\/portaltela.pt\/noticias\/2026\/01\/24\/bombeiros-ajudam-a-distribuir-refeicoes-em-aldeias-de-vila-pouca-de-aguiar\/#article","isPartOf":{"@id":"https:\/\/portaltela.pt\/noticias\/2026\/01\/24\/bombeiros-ajudam-a-distribuir-refeicoes-em-aldeias-de-vila-pouca-de-aguiar\/"},"author":{"name":"Telinha","@id":"https:\/\/portaltela.pt\/#\/schema\/person\/c4278d4a6028830caff9ee44b42d32ed"},"headline":"Bombeiros ajudam a distribuir refei\u00e7\u00f5es em aldeias de Vila Pouca de Aguiar","datePublished":"2026-01-24T14:00:00+00:00","mainEntityOfPage":{"@id":"https:\/\/portaltela.pt\/noticias\/2026\/01\/24\/bombeiros-ajudam-a-distribuir-refeicoes-em-aldeias-de-vila-pouca-de-aguiar\/"},"wordCount":304,"image":{"@id":"https:\/\/portaltela.pt\/noticias\/2026\/01\/24\/bombeiros-ajudam-a-distribuir-refeicoes-em-aldeias-de-vila-pouca-de-aguiar\/#primaryimage"},"thumbnailUrl":"https:\/\/portaltela.pt\/s.01k8rhncp4jt1\/2026\/01\/img_1280x721uu2026-01-24-13-59-46-2262282.jpg","keywords":["Alv\u00e3o","bombeiros","IPSS","prote\u00e7\u00e3o civil","transportes","Vila Real"],"articleSection":["Not\u00edcias"],"inLanguage":"pt-PT"},{"@type":"WebPage","@id":"https:\/\/portaltela.pt\/noticias\/2026\/01\/24\/bombeiros-ajudam-a-distribuir-refeicoes-em-aldeias-de-vila-pouca-de-aguiar\/","url":"https:\/\/portaltela.pt\/noticias\/2026\/01\/24\/bombeiros-ajudam-a-distribuir-refeicoes-em-aldeias-de-vila-pouca-de-aguiar\/","name":"Bombeiros ajudam a distribuir refei\u00e7\u00f5es em aldeias de Vila Pouca de Aguiar - Portal Tela Portugal","isPartOf":{"@id":"https:\/\/portaltela.pt\/#website"},"primaryImageOfPage":{"@id":"https:\/\/portaltela.pt\/noticias\/2026\/01\/24\/bombeiros-ajudam-a-distribuir-refeicoes-em-aldeias-de-vila-pouca-de-aguiar\/#primaryimage"},"image":{"@id":"https:\/\/portaltela.pt\/noticias\/2026\/01\/24\/bombeiros-ajudam-a-distribuir-refeicoes-em-aldeias-de-vila-pouca-de-aguiar\/#primaryimage"},"thumbnailUrl":"https:\/\/portaltela.pt\/s.01k8rhncp4jt1\/2026\/01\/img_1280x721uu2026-01-24-13-59-46-2262282.jpg","datePublished":"2026-01-24T14:00:00+00:00","author":{"@id":"https:\/\/portaltela.pt\/#\/schema\/person\/c4278d4a6028830caff9ee44b42d32ed"},"breadcrumb":{"@id":"https:\/\/portaltela.pt\/noticias\/2026\/01\/24\/bombeiros-ajudam-a-distribuir-refeicoes-em-aldeias-de-vila-pouca-de-aguiar\/#breadcrumb"},"inLanguage":"pt-PT","potentialAction":[{"@type":"ReadAction","target":["https:\/\/portaltela.pt\/noticias\/2026\/01\/24\/bombeiros-ajudam-a-distribuir-refeicoes-em-aldeias-de-vila-pouca-de-aguiar\/"]}]},{"@type":"ImageObject","inLanguage":"pt-PT","@id":"https:\/\/portaltela.pt\/noticias\/2026\/01\/24\/bombeiros-ajudam-a-distribuir-refeicoes-em-aldeias-de-vila-pouca-de-aguiar\/#primaryimage","url":"https:\/\/portaltela.pt\/s.01k8rhncp4jt1\/2026\/01\/img_1280x721uu2026-01-24-13-59-46-2262282.jpg","contentUrl":"https:\/\/portaltela.pt\/s.01k8rhncp4jt1\/2026\/01\/img_1280x721uu2026-01-24-13-59-46-2262282.jpg","width":796,"height":448,"caption":"Bombeiros ajudam a entregar refei\u00e7\u00f5es nas aldeias de Vila Pouca de Aguiar"},{"@type":"BreadcrumbList","@id":"https:\/\/portaltela.pt\/noticias\/2026\/01\/24\/bombeiros-ajudam-a-distribuir-refeicoes-em-aldeias-de-vila-pouca-de-aguiar\/#breadcrumb","itemListElement":[{"@type":"ListItem","position":1,"name":"In\u00edcio","item":"https:\/\/portaltela.pt\/"},{"@type":"ListItem","position":2,"name":"Bombeiros ajudam a distribuir refei\u00e7\u00f5es em aldeias de Vila Pouca de Aguiar"}]},{"@type":"WebSite","@id":"https:\/\/portaltela.pt\/#website","url":"https:\/\/portaltela.pt\/","name":"Portal Tela Portugal","description":"","potentialAction":[{"@type":"SearchAction","target":{"@type":"EntryPoint","urlTemplate":"https:\/\/portaltela.pt\/?s={search_term_string}"},"query-input":{"@type":"PropertyValueSpecification","valueRequired":true,"valueName":"search_term_string"}}],"inLanguage":"pt-PT"},{"@type":"Person","@id":"https:\/\/portaltela.pt\/#\/schema\/person\/c4278d4a6028830caff9ee44b42d32ed","name":"Telinha","image":{"@type":"ImageObject","inLanguage":"pt-PT","@id":"https:\/\/portaltela.pt\/s.01k8rhncp4jt1\/2025\/11\/talking-bot-125x125.png","url":"https:\/\/portaltela.pt\/s.01k8rhncp4jt1\/2025\/11\/talking-bot-125x125.png","contentUrl":"https:\/\/portaltela.pt\/s.01k8rhncp4jt1\/2025\/11\/talking-bot-125x125.png","caption":"Telinha"},"sameAs":["https:\/\/portaltela.pt\/"],"url":"https:\/\/portaltela.pt\/por\/367410592786\/"}]}},"_links":{"self":[{"href":"https:\/\/portaltela.pt\/api\/wp\/v2\/posts\/169942","targetHints":{"allow":["GET"]}}],"collection":[{"href":"https:\/\/portaltela.pt\/api\/wp\/v2\/posts"}],"about":[{"href":"https:\/\/portaltela.pt\/api\/wp\/v2\/types\/post"}],"author":[{"embeddable":true,"href":"https:\/\/portaltela.pt\/api\/wp\/v2\/users\/2"}],"replies":[{"embeddable":true,"href":"https:\/\/portaltela.pt\/api\/wp\/v2\/comments?post=169942"}],"version-history":[{"count":0,"href":"https:\/\/portaltela.pt\/api\/wp\/v2\/posts\/169942\/revisions"}],"wp:featuredmedia":[{"embeddable":true,"href":"https:\/\/portaltela.pt\/api\/wp\/v2\/media\/169948"}],"wp:attachment":[{"href":"https:\/\/portaltela.pt\/api\/wp\/v2\/media?parent=169942"}],"wp:term":[{"taxonomy":"category","embeddable":true,"href":"https:\/\/portaltela.pt\/api\/wp\/v2\/categories?post=169942"},{"taxonomy":"post_tag","embeddable":true,"href":"https:\/\/portaltela.pt\/api\/wp\/v2\/tags?post=169942"}],"curies":[{"name":"wp","href":"https:\/\/api.w.org\/{rel}","templated":true}]}}