{"id":169936,"date":"2026-01-24T11:03:12","date_gmt":"2026-01-24T14:03:12","guid":{"rendered":"https:\/\/portaltela.pt\/noticias\/2026\/01\/24\/silaidopoulos-diante-do-nacional-quer-mostrar-qualidade-e-energia\/"},"modified":"2026-01-24T11:03:12","modified_gmt":"2026-01-24T14:03:12","slug":"silaidopoulos-diante-do-nacional-quer-mostrar-qualidade-e-energia","status":"publish","type":"post","link":"https:\/\/portaltela.pt\/desporto\/futebol\/2026\/01\/24\/silaidopoulos-diante-do-nacional-quer-mostrar-qualidade-e-energia\/","title":{"rendered":"Silaidopoulos diante do Nacional quer mostrar qualidade e energia"},"content":{"rendered":"<p>Sotiris Silaidopoulos prepara o Rio Ave para uma desloca\u00e7\u00e3o a Madeira, onde enfrenta o Nacional na pr\u00f3xima jornada. O objetivo \u00e9 surpreender fora de casa e manter o ritmo de jogo demonstrado na vit\u00f3ria frente ao Casa Pia.<\/p>\n<p>O t\u00e9cnico grego considera o Nacional uma equipa com qualidade que merece mais pontos, destacando o esp\u00edrito coletivo dos madeirenses. O Rio Ave procura manter a intensidade e a maturidade exibidas recentemente.<\/p>\n<p>Para al\u00e9m da an\u00e1lise t\u00e1tica, Silaidopoulos reconhece fatores como o clima e o estado do relvado, mas garante que a identidade do Rio Ave permanece. A ideia \u00e9 manter a qualidade e a energia, independentemente das condi\u00e7\u00f5es.<\/p>\n<h3>Mercado de janeiro<\/h3>\n<p>O treinador admite que o per\u00edodo de rumores pode parecer estranho, mas assegura estabilidade no grupo. Valoriza o plantel e diz confia na administra\u00e7\u00e3o. Se houver ajustes, ser\u00e3o feitos com cautela para manter o equil\u00edbrio.<\/p>\n","protected":false},"excerpt":{"rendered":"<ul>\n<li>Silaidopoulos diz que a desloca\u00e7\u00e3o ao Nacional ser\u00e1 um teste exigente, mas o Rio Ave entra com personalidade e energia.<\/li>\n<li>O t\u00e9cnico acredita que o Nacional merece mais pontos e real\u00e7a o esp\u00edrito coletivo dos madeirenses.<\/li>\n<li>Quer manter o que fez frente ao Casa Pia, com jogo maduro e a mesma intensidade para voltar a somar.<\/li>\n<li>Refor\u00e7a que, pese o clima e o estado do relvado, a identidade do Rio Ave n\u00e3o muda e pretende mostrar qualidade e energia.<\/li>\n<li>Sobre o mercado de janeiro, admite uma fase estranha, mas garante estabilidade no plantel e ajustes apenas se necess\u00e1rio.<\/li>\n<\/ul>\n","protected":false},"author":2,"featured_media":169950,"comment_status":"closed","ping_status":"closed","sticky":false,"template":"","format":"standard","meta":{"footnotes":""},"categories":[21,24],"tags":[4059,152,32,859,3011,1319],"class_list":["post-169936","post","type-post","status-publish","format-standard","has-post-thumbnail","hentry","category-desporto","category-futebol","tag-1-a-liga","tag-desporto","tag-futebol","tag-madeira","tag-madeira-sad","tag-nacional"],"yoast_head":"<!-- This site is optimized with the Yoast SEO plugin v27.2 - https:\/\/yoast.com\/product\/yoast-seo-wordpress\/ -->\n<title>Silaidopoulos diante do Nacional quer mostrar qualidade e energia - Portal Tela Portugal<\/title>\n<meta name=\"robots\" content=\"index, follow, max-snippet:-1, max-image-preview:large, max-video-preview:-1\" \/>\n<meta property=\"og:locale\" content=\"pt_PT\" \/>\n<meta property=\"og:type\" content=\"article\" \/>\n<meta property=\"og:title\" content=\"Silaidopoulos diante do Nacional quer mostrar qualidade e energia - Portal Tela Portugal\" \/>\n<meta property=\"og:description\" content=\"Silaidopoulos diz que a desloca\u00e7\u00e3o ao Nacional ser\u00e1 um teste exigente, mas o Rio Ave entra com personalidade e energia. O t\u00e9cnico acredita que o Nacional merece mais pontos e real\u00e7a o esp\u00edrito coletivo dos madeirenses. Quer manter o que fez frente ao Casa Pia, com jogo maduro e a mesma intensidade para voltar a somar. Refor\u00e7a que, pese o clima e o estado do relvado, a identidade do Rio Ave n\u00e3o muda e pretende mostrar qualidade e energia. Sobre o mercado de janeiro, admite uma fase estranha, mas garante estabilidade no plantel e ajustes apenas se necess\u00e1rio.\" \/>\n<meta property=\"og:url\" content=\"https:\/\/portaltela.pt\/noticias\/2026\/01\/24\/silaidopoulos-diante-do-nacional-quer-mostrar-qualidade-e-energia\/\" \/>\n<meta property=\"og:site_name\" content=\"Portal Tela Portugal\" \/>\n<meta property=\"article:published_time\" content=\"2026-01-24T14:03:12+00:00\" \/>\n<meta name=\"author\" content=\"Telinha\" \/>\n<meta name=\"twitter:card\" content=\"summary_large_image\" \/>\n<meta name=\"twitter:label1\" content=\"Escrito por\" \/>\n\t<meta name=\"twitter:data1\" content=\"Telinha\" \/>\n\t<meta name=\"twitter:label2\" content=\"Tempo estimado de leitura\" \/>\n\t<meta name=\"twitter:data2\" content=\"1 minuto\" \/>\n<script type=\"application\/ld+json\" class=\"yoast-schema-graph\">{\"@context\":\"https:\/\/schema.org\",\"@graph\":[{\"@type\":\"Article\",\"@id\":\"https:\/\/portaltela.pt\/noticias\/2026\/01\/24\/silaidopoulos-diante-do-nacional-quer-mostrar-qualidade-e-energia\/#article\",\"isPartOf\":{\"@id\":\"https:\/\/portaltela.pt\/noticias\/2026\/01\/24\/silaidopoulos-diante-do-nacional-quer-mostrar-qualidade-e-energia\/\"},\"author\":{\"name\":\"Telinha\",\"@id\":\"https:\/\/portaltela.pt\/#\/schema\/person\/c4278d4a6028830caff9ee44b42d32ed\"},\"headline\":\"Silaidopoulos diante do Nacional quer mostrar qualidade e energia\",\"datePublished\":\"2026-01-24T14:03:12+00:00\",\"mainEntityOfPage\":{\"@id\":\"https:\/\/portaltela.pt\/noticias\/2026\/01\/24\/silaidopoulos-diante-do-nacional-quer-mostrar-qualidade-e-energia\/\"},\"wordCount\":165,\"image\":{\"@id\":\"https:\/\/portaltela.pt\/noticias\/2026\/01\/24\/silaidopoulos-diante-do-nacional-quer-mostrar-qualidade-e-energia\/#primaryimage\"},\"thumbnailUrl\":\"https:\/\/portaltela.pt\/s.01k8rhncp4jt1\/2026\/01\/img_920x518uu2025-12-28-22-43-31-2411735-1.jpg\",\"keywords\":[\"1.\u00aa Liga\",\"desporto\",\"futebol\",\"Madeira\",\"Madeira SAD\",\"Nacional\"],\"articleSection\":[\"Desporto\",\"Futebol\"],\"inLanguage\":\"pt-PT\"},{\"@type\":\"WebPage\",\"@id\":\"https:\/\/portaltela.pt\/noticias\/2026\/01\/24\/silaidopoulos-diante-do-nacional-quer-mostrar-qualidade-e-energia\/\",\"url\":\"https:\/\/portaltela.pt\/noticias\/2026\/01\/24\/silaidopoulos-diante-do-nacional-quer-mostrar-qualidade-e-energia\/\",\"name\":\"Silaidopoulos diante do Nacional quer mostrar qualidade e energia - Portal Tela Portugal\",\"isPartOf\":{\"@id\":\"https:\/\/portaltela.pt\/#website\"},\"primaryImageOfPage\":{\"@id\":\"https:\/\/portaltela.pt\/noticias\/2026\/01\/24\/silaidopoulos-diante-do-nacional-quer-mostrar-qualidade-e-energia\/#primaryimage\"},\"image\":{\"@id\":\"https:\/\/portaltela.pt\/noticias\/2026\/01\/24\/silaidopoulos-diante-do-nacional-quer-mostrar-qualidade-e-energia\/#primaryimage\"},\"thumbnailUrl\":\"https:\/\/portaltela.pt\/s.01k8rhncp4jt1\/2026\/01\/img_920x518uu2025-12-28-22-43-31-2411735-1.jpg\",\"datePublished\":\"2026-01-24T14:03:12+00:00\",\"author\":{\"@id\":\"https:\/\/portaltela.pt\/#\/schema\/person\/c4278d4a6028830caff9ee44b42d32ed\"},\"breadcrumb\":{\"@id\":\"https:\/\/portaltela.pt\/noticias\/2026\/01\/24\/silaidopoulos-diante-do-nacional-quer-mostrar-qualidade-e-energia\/#breadcrumb\"},\"inLanguage\":\"pt-PT\",\"potentialAction\":[{\"@type\":\"ReadAction\",\"target\":[\"https:\/\/portaltela.pt\/noticias\/2026\/01\/24\/silaidopoulos-diante-do-nacional-quer-mostrar-qualidade-e-energia\/\"]}]},{\"@type\":\"ImageObject\",\"inLanguage\":\"pt-PT\",\"@id\":\"https:\/\/portaltela.pt\/noticias\/2026\/01\/24\/silaidopoulos-diante-do-nacional-quer-mostrar-qualidade-e-energia\/#primaryimage\",\"url\":\"https:\/\/portaltela.pt\/s.01k8rhncp4jt1\/2026\/01\/img_920x518uu2025-12-28-22-43-31-2411735-1.jpg\",\"contentUrl\":\"https:\/\/portaltela.pt\/s.01k8rhncp4jt1\/2026\/01\/img_920x518uu2025-12-28-22-43-31-2411735-1.jpg\",\"width\":796,\"height\":448,\"caption\":\"Sotiris Silaidopoulos\"},{\"@type\":\"BreadcrumbList\",\"@id\":\"https:\/\/portaltela.pt\/noticias\/2026\/01\/24\/silaidopoulos-diante-do-nacional-quer-mostrar-qualidade-e-energia\/#breadcrumb\",\"itemListElement\":[{\"@type\":\"ListItem\",\"position\":1,\"name\":\"In\u00edcio\",\"item\":\"https:\/\/portaltela.pt\/\"},{\"@type\":\"ListItem\",\"position\":2,\"name\":\"Silaidopoulos diante do Nacional quer mostrar qualidade e energia\"}]},{\"@type\":\"WebSite\",\"@id\":\"https:\/\/portaltela.pt\/#website\",\"url\":\"https:\/\/portaltela.pt\/\",\"name\":\"Portal Tela Portugal\",\"description\":\"\",\"potentialAction\":[{\"@type\":\"SearchAction\",\"target\":{\"@type\":\"EntryPoint\",\"urlTemplate\":\"https:\/\/portaltela.pt\/?s={search_term_string}\"},\"query-input\":{\"@type\":\"PropertyValueSpecification\",\"valueRequired\":true,\"valueName\":\"search_term_string\"}}],\"inLanguage\":\"pt-PT\"},{\"@type\":\"Person\",\"@id\":\"https:\/\/portaltela.pt\/#\/schema\/person\/c4278d4a6028830caff9ee44b42d32ed\",\"name\":\"Telinha\",\"image\":{\"@type\":\"ImageObject\",\"inLanguage\":\"pt-PT\",\"@id\":\"https:\/\/portaltela.pt\/s.01k8rhncp4jt1\/2025\/11\/talking-bot-125x125.png\",\"url\":\"https:\/\/portaltela.pt\/s.01k8rhncp4jt1\/2025\/11\/talking-bot-125x125.png\",\"contentUrl\":\"https:\/\/portaltela.pt\/s.01k8rhncp4jt1\/2025\/11\/talking-bot-125x125.png\",\"caption\":\"Telinha\"},\"sameAs\":[\"https:\/\/portaltela.pt\/\"],\"url\":\"https:\/\/portaltela.pt\/por\/367410592786\/\"}]}<\/script>\n<!-- \/ Yoast SEO plugin. -->","yoast_head_json":{"title":"Silaidopoulos diante do Nacional quer mostrar qualidade e energia - Portal Tela Portugal","robots":{"index":"index","follow":"follow","max-snippet":"max-snippet:-1","max-image-preview":"max-image-preview:large","max-video-preview":"max-video-preview:-1"},"og_locale":"pt_PT","og_type":"article","og_title":"Silaidopoulos diante do Nacional quer mostrar qualidade e energia - Portal Tela Portugal","og_description":"Silaidopoulos diz que a desloca\u00e7\u00e3o ao Nacional ser\u00e1 um teste exigente, mas o Rio Ave entra com personalidade e energia. O t\u00e9cnico acredita que o Nacional merece mais pontos e real\u00e7a o esp\u00edrito coletivo dos madeirenses. Quer manter o que fez frente ao Casa Pia, com jogo maduro e a mesma intensidade para voltar a somar. Refor\u00e7a que, pese o clima e o estado do relvado, a identidade do Rio Ave n\u00e3o muda e pretende mostrar qualidade e energia. Sobre o mercado de janeiro, admite uma fase estranha, mas garante estabilidade no plantel e ajustes apenas se necess\u00e1rio.","og_url":"https:\/\/portaltela.pt\/noticias\/2026\/01\/24\/silaidopoulos-diante-do-nacional-quer-mostrar-qualidade-e-energia\/","og_site_name":"Portal Tela Portugal","article_published_time":"2026-01-24T14:03:12+00:00","author":"Telinha","twitter_card":"summary_large_image","twitter_misc":{"Escrito por":"Telinha","Tempo estimado de leitura":"1 minuto"},"schema":{"@context":"https:\/\/schema.org","@graph":[{"@type":"Article","@id":"https:\/\/portaltela.pt\/noticias\/2026\/01\/24\/silaidopoulos-diante-do-nacional-quer-mostrar-qualidade-e-energia\/#article","isPartOf":{"@id":"https:\/\/portaltela.pt\/noticias\/2026\/01\/24\/silaidopoulos-diante-do-nacional-quer-mostrar-qualidade-e-energia\/"},"author":{"name":"Telinha","@id":"https:\/\/portaltela.pt\/#\/schema\/person\/c4278d4a6028830caff9ee44b42d32ed"},"headline":"Silaidopoulos diante do Nacional quer mostrar qualidade e energia","datePublished":"2026-01-24T14:03:12+00:00","mainEntityOfPage":{"@id":"https:\/\/portaltela.pt\/noticias\/2026\/01\/24\/silaidopoulos-diante-do-nacional-quer-mostrar-qualidade-e-energia\/"},"wordCount":165,"image":{"@id":"https:\/\/portaltela.pt\/noticias\/2026\/01\/24\/silaidopoulos-diante-do-nacional-quer-mostrar-qualidade-e-energia\/#primaryimage"},"thumbnailUrl":"https:\/\/portaltela.pt\/s.01k8rhncp4jt1\/2026\/01\/img_920x518uu2025-12-28-22-43-31-2411735-1.jpg","keywords":["1.\u00aa Liga","desporto","futebol","Madeira","Madeira SAD","Nacional"],"articleSection":["Desporto","Futebol"],"inLanguage":"pt-PT"},{"@type":"WebPage","@id":"https:\/\/portaltela.pt\/noticias\/2026\/01\/24\/silaidopoulos-diante-do-nacional-quer-mostrar-qualidade-e-energia\/","url":"https:\/\/portaltela.pt\/noticias\/2026\/01\/24\/silaidopoulos-diante-do-nacional-quer-mostrar-qualidade-e-energia\/","name":"Silaidopoulos diante do Nacional quer mostrar qualidade e energia - Portal Tela Portugal","isPartOf":{"@id":"https:\/\/portaltela.pt\/#website"},"primaryImageOfPage":{"@id":"https:\/\/portaltela.pt\/noticias\/2026\/01\/24\/silaidopoulos-diante-do-nacional-quer-mostrar-qualidade-e-energia\/#primaryimage"},"image":{"@id":"https:\/\/portaltela.pt\/noticias\/2026\/01\/24\/silaidopoulos-diante-do-nacional-quer-mostrar-qualidade-e-energia\/#primaryimage"},"thumbnailUrl":"https:\/\/portaltela.pt\/s.01k8rhncp4jt1\/2026\/01\/img_920x518uu2025-12-28-22-43-31-2411735-1.jpg","datePublished":"2026-01-24T14:03:12+00:00","author":{"@id":"https:\/\/portaltela.pt\/#\/schema\/person\/c4278d4a6028830caff9ee44b42d32ed"},"breadcrumb":{"@id":"https:\/\/portaltela.pt\/noticias\/2026\/01\/24\/silaidopoulos-diante-do-nacional-quer-mostrar-qualidade-e-energia\/#breadcrumb"},"inLanguage":"pt-PT","potentialAction":[{"@type":"ReadAction","target":["https:\/\/portaltela.pt\/noticias\/2026\/01\/24\/silaidopoulos-diante-do-nacional-quer-mostrar-qualidade-e-energia\/"]}]},{"@type":"ImageObject","inLanguage":"pt-PT","@id":"https:\/\/portaltela.pt\/noticias\/2026\/01\/24\/silaidopoulos-diante-do-nacional-quer-mostrar-qualidade-e-energia\/#primaryimage","url":"https:\/\/portaltela.pt\/s.01k8rhncp4jt1\/2026\/01\/img_920x518uu2025-12-28-22-43-31-2411735-1.jpg","contentUrl":"https:\/\/portaltela.pt\/s.01k8rhncp4jt1\/2026\/01\/img_920x518uu2025-12-28-22-43-31-2411735-1.jpg","width":796,"height":448,"caption":"Sotiris Silaidopoulos"},{"@type":"BreadcrumbList","@id":"https:\/\/portaltela.pt\/noticias\/2026\/01\/24\/silaidopoulos-diante-do-nacional-quer-mostrar-qualidade-e-energia\/#breadcrumb","itemListElement":[{"@type":"ListItem","position":1,"name":"In\u00edcio","item":"https:\/\/portaltela.pt\/"},{"@type":"ListItem","position":2,"name":"Silaidopoulos diante do Nacional quer mostrar qualidade e energia"}]},{"@type":"WebSite","@id":"https:\/\/portaltela.pt\/#website","url":"https:\/\/portaltela.pt\/","name":"Portal Tela Portugal","description":"","potentialAction":[{"@type":"SearchAction","target":{"@type":"EntryPoint","urlTemplate":"https:\/\/portaltela.pt\/?s={search_term_string}"},"query-input":{"@type":"PropertyValueSpecification","valueRequired":true,"valueName":"search_term_string"}}],"inLanguage":"pt-PT"},{"@type":"Person","@id":"https:\/\/portaltela.pt\/#\/schema\/person\/c4278d4a6028830caff9ee44b42d32ed","name":"Telinha","image":{"@type":"ImageObject","inLanguage":"pt-PT","@id":"https:\/\/portaltela.pt\/s.01k8rhncp4jt1\/2025\/11\/talking-bot-125x125.png","url":"https:\/\/portaltela.pt\/s.01k8rhncp4jt1\/2025\/11\/talking-bot-125x125.png","contentUrl":"https:\/\/portaltela.pt\/s.01k8rhncp4jt1\/2025\/11\/talking-bot-125x125.png","caption":"Telinha"},"sameAs":["https:\/\/portaltela.pt\/"],"url":"https:\/\/portaltela.pt\/por\/367410592786\/"}]}},"_links":{"self":[{"href":"https:\/\/portaltela.pt\/api\/wp\/v2\/posts\/169936","targetHints":{"allow":["GET"]}}],"collection":[{"href":"https:\/\/portaltela.pt\/api\/wp\/v2\/posts"}],"about":[{"href":"https:\/\/portaltela.pt\/api\/wp\/v2\/types\/post"}],"author":[{"embeddable":true,"href":"https:\/\/portaltela.pt\/api\/wp\/v2\/users\/2"}],"replies":[{"embeddable":true,"href":"https:\/\/portaltela.pt\/api\/wp\/v2\/comments?post=169936"}],"version-history":[{"count":0,"href":"https:\/\/portaltela.pt\/api\/wp\/v2\/posts\/169936\/revisions"}],"wp:featuredmedia":[{"embeddable":true,"href":"https:\/\/portaltela.pt\/api\/wp\/v2\/media\/169950"}],"wp:attachment":[{"href":"https:\/\/portaltela.pt\/api\/wp\/v2\/media?parent=169936"}],"wp:term":[{"taxonomy":"category","embeddable":true,"href":"https:\/\/portaltela.pt\/api\/wp\/v2\/categories?post=169936"},{"taxonomy":"post_tag","embeddable":true,"href":"https:\/\/portaltela.pt\/api\/wp\/v2\/tags?post=169936"}],"curies":[{"name":"wp","href":"https:\/\/api.w.org\/{rel}","templated":true}]}}