{"id":169932,"date":"2026-01-24T10:31:00","date_gmt":"2026-01-24T13:31:00","guid":{"rendered":"https:\/\/portaltela.pt\/noticias\/2026\/01\/24\/adn-prepara-apoio-a-ventura-apos-falha-candidatura-de-joana-amaral-dias\/"},"modified":"2026-01-24T10:31:00","modified_gmt":"2026-01-24T13:31:00","slug":"adn-prepara-apoio-a-ventura-apos-falha-candidatura-de-joana-amaral-dias","status":"publish","type":"post","link":"https:\/\/portaltela.pt\/noticias\/politica\/2026\/01\/24\/adn-prepara-apoio-a-ventura-apos-falha-candidatura-de-joana-amaral-dias\/","title":{"rendered":"ADN prepara apoio a Ventura ap\u00f3s falha candidatura de Joana Amaral Dias"},"content":{"rendered":"<p>O ADN &#8211; Alternativa Democr\u00e1tica Nacional poder\u00e1 apoiar Andr\u00e9 Ventura na segunda volta das presidenciais, ap\u00f3s o conselho nacional ter recebido uma proposta do presidente Bruno Fialho. A vota\u00e7\u00e3o est\u00e1 prevista para a pr\u00f3xima semana.<\/p>\n<p>Este \u00e9 o primeiro apoio formal de um partido a Ventura que n\u00e3o o Chega. O ADN j\u00e1 tinha apoiado Joana Amaral Dias, cuja candidatura foi recusada pelo Tribunal Constitucional.<\/p>\n<p>O partido pretende manter linhas vermelhas \u00e0 revis\u00e3o da Constitui\u00e7\u00e3o, condicionando o apoio a altera\u00e7\u00f5es constitucionais. A decis\u00e3o ser\u00e1 tomada pelo conselho nacional na pr\u00f3xima semana.<\/p>\n","protected":false},"excerpt":{"rendered":"<ul>\n<li>O ADN \u2014 Alternativa Democr\u00e1tica Nacional prepara-se para apoiar Andr\u00e9 Ventura na segunda volta das presidenciais.<\/li>\n<li>A decis\u00e3o depende de uma vota\u00e7\u00e3o no conselho nacional, ainda para ocorrer na pr\u00f3xima semana.<\/li>\n<li>O apoio representa o primeiro de um partido a Ventura que n\u00e3o o Chega.<\/li>\n<li>O ADN tinha apoiado a candidatura de Joana Amaral Dias, que foi recusada pelo Tribunal Constitucional.<\/li>\n<li>A proposta foi apresentada pelo presidente do ADN, Bruno Fialho, ao conselho nacional.<\/li>\n<\/ul>\n","protected":false},"author":2,"featured_media":169933,"comment_status":"closed","ping_status":"closed","sticky":false,"template":"","format":"standard","meta":{"footnotes":""},"categories":[1,5],"tags":[4057,68,2669,2832,3001,2558],"class_list":["post-169932","post","type-post","status-publish","format-standard","has-post-thumbnail","hentry","category-noticias","category-politica","tag-constituicao","tag-eleicoes","tag-joana-amaral-dias","tag-politica","tag-presidenciais","tag-ventura"],"yoast_head":"<!-- This site is optimized with the Yoast SEO plugin v27.2 - https:\/\/yoast.com\/product\/yoast-seo-wordpress\/ -->\n<title>ADN prepara apoio a Ventura ap\u00f3s falha candidatura de Joana Amaral Dias - Portal Tela Portugal<\/title>\n<meta name=\"robots\" content=\"index, follow, max-snippet:-1, max-image-preview:large, max-video-preview:-1\" \/>\n<meta property=\"og:locale\" content=\"pt_PT\" \/>\n<meta property=\"og:type\" content=\"article\" \/>\n<meta property=\"og:title\" content=\"ADN prepara apoio a Ventura ap\u00f3s falha candidatura de Joana Amaral Dias - Portal Tela Portugal\" \/>\n<meta property=\"og:description\" content=\"O ADN \u2014 Alternativa Democr\u00e1tica Nacional prepara-se para apoiar Andr\u00e9 Ventura na segunda volta das presidenciais. A decis\u00e3o depende de uma vota\u00e7\u00e3o no conselho nacional, ainda para ocorrer na pr\u00f3xima semana. O apoio representa o primeiro de um partido a Ventura que n\u00e3o o Chega. O ADN tinha apoiado a candidatura de Joana Amaral Dias, que foi recusada pelo Tribunal Constitucional. A proposta foi apresentada pelo presidente do ADN, Bruno Fialho, ao conselho nacional.\" \/>\n<meta property=\"og:url\" content=\"https:\/\/portaltela.pt\/noticias\/2026\/01\/24\/adn-prepara-apoio-a-ventura-apos-falha-candidatura-de-joana-amaral-dias\/\" \/>\n<meta property=\"og:site_name\" content=\"Portal Tela Portugal\" \/>\n<meta property=\"article:published_time\" content=\"2026-01-24T13:31:00+00:00\" \/>\n<meta name=\"author\" content=\"Telinha\" \/>\n<meta name=\"twitter:card\" content=\"summary_large_image\" \/>\n<meta name=\"twitter:label1\" content=\"Escrito por\" \/>\n\t<meta name=\"twitter:data1\" content=\"Telinha\" \/>\n<script type=\"application\/ld+json\" class=\"yoast-schema-graph\">{\"@context\":\"https:\/\/schema.org\",\"@graph\":[{\"@type\":\"Article\",\"@id\":\"https:\/\/portaltela.pt\/noticias\/2026\/01\/24\/adn-prepara-apoio-a-ventura-apos-falha-candidatura-de-joana-amaral-dias\/#article\",\"isPartOf\":{\"@id\":\"https:\/\/portaltela.pt\/noticias\/2026\/01\/24\/adn-prepara-apoio-a-ventura-apos-falha-candidatura-de-joana-amaral-dias\/\"},\"author\":{\"name\":\"Telinha\",\"@id\":\"https:\/\/portaltela.pt\/#\/schema\/person\/c4278d4a6028830caff9ee44b42d32ed\"},\"headline\":\"ADN prepara apoio a Ventura ap\u00f3s falha candidatura de Joana Amaral Dias\",\"datePublished\":\"2026-01-24T13:31:00+00:00\",\"mainEntityOfPage\":{\"@id\":\"https:\/\/portaltela.pt\/noticias\/2026\/01\/24\/adn-prepara-apoio-a-ventura-apos-falha-candidatura-de-joana-amaral-dias\/\"},\"wordCount\":112,\"image\":{\"@id\":\"https:\/\/portaltela.pt\/noticias\/2026\/01\/24\/adn-prepara-apoio-a-ventura-apos-falha-candidatura-de-joana-amaral-dias\/#primaryimage\"},\"thumbnailUrl\":\"https:\/\/portaltela.pt\/s.01k8rhncp4jt1\/2026\/01\/2061740.jpg\",\"keywords\":[\"constitui\u00e7\u00e3o\",\"elei\u00e7\u00f5es\",\"Joana Amaral Dias\",\"pol\u00edtica\",\"Presidenciais\",\"Ventura\"],\"articleSection\":[\"Not\u00edcias\",\"Pol\u00edtica\"],\"inLanguage\":\"pt-PT\"},{\"@type\":\"WebPage\",\"@id\":\"https:\/\/portaltela.pt\/noticias\/2026\/01\/24\/adn-prepara-apoio-a-ventura-apos-falha-candidatura-de-joana-amaral-dias\/\",\"url\":\"https:\/\/portaltela.pt\/noticias\/2026\/01\/24\/adn-prepara-apoio-a-ventura-apos-falha-candidatura-de-joana-amaral-dias\/\",\"name\":\"ADN prepara apoio a Ventura ap\u00f3s falha candidatura de Joana Amaral Dias - Portal Tela Portugal\",\"isPartOf\":{\"@id\":\"https:\/\/portaltela.pt\/#website\"},\"primaryImageOfPage\":{\"@id\":\"https:\/\/portaltela.pt\/noticias\/2026\/01\/24\/adn-prepara-apoio-a-ventura-apos-falha-candidatura-de-joana-amaral-dias\/#primaryimage\"},\"image\":{\"@id\":\"https:\/\/portaltela.pt\/noticias\/2026\/01\/24\/adn-prepara-apoio-a-ventura-apos-falha-candidatura-de-joana-amaral-dias\/#primaryimage\"},\"thumbnailUrl\":\"https:\/\/portaltela.pt\/s.01k8rhncp4jt1\/2026\/01\/2061740.jpg\",\"datePublished\":\"2026-01-24T13:31:00+00:00\",\"author\":{\"@id\":\"https:\/\/portaltela.pt\/#\/schema\/person\/c4278d4a6028830caff9ee44b42d32ed\"},\"breadcrumb\":{\"@id\":\"https:\/\/portaltela.pt\/noticias\/2026\/01\/24\/adn-prepara-apoio-a-ventura-apos-falha-candidatura-de-joana-amaral-dias\/#breadcrumb\"},\"inLanguage\":\"pt-PT\",\"potentialAction\":[{\"@type\":\"ReadAction\",\"target\":[\"https:\/\/portaltela.pt\/noticias\/2026\/01\/24\/adn-prepara-apoio-a-ventura-apos-falha-candidatura-de-joana-amaral-dias\/\"]}]},{\"@type\":\"ImageObject\",\"inLanguage\":\"pt-PT\",\"@id\":\"https:\/\/portaltela.pt\/noticias\/2026\/01\/24\/adn-prepara-apoio-a-ventura-apos-falha-candidatura-de-joana-amaral-dias\/#primaryimage\",\"url\":\"https:\/\/portaltela.pt\/s.01k8rhncp4jt1\/2026\/01\/2061740.jpg\",\"contentUrl\":\"https:\/\/portaltela.pt\/s.01k8rhncp4jt1\/2026\/01\/2061740.jpg\",\"width\":796,\"height\":448,\"caption\":\"Conselho nacional do ADN vai votar proposta de apoio a Andr\u00e9 Ventura na segunda volta das elei\u00e7\u00f5es presidenciais\"},{\"@type\":\"BreadcrumbList\",\"@id\":\"https:\/\/portaltela.pt\/noticias\/2026\/01\/24\/adn-prepara-apoio-a-ventura-apos-falha-candidatura-de-joana-amaral-dias\/#breadcrumb\",\"itemListElement\":[{\"@type\":\"ListItem\",\"position\":1,\"name\":\"In\u00edcio\",\"item\":\"https:\/\/portaltela.pt\/\"},{\"@type\":\"ListItem\",\"position\":2,\"name\":\"ADN prepara apoio a Ventura ap\u00f3s falha candidatura de Joana Amaral Dias\"}]},{\"@type\":\"WebSite\",\"@id\":\"https:\/\/portaltela.pt\/#website\",\"url\":\"https:\/\/portaltela.pt\/\",\"name\":\"Portal Tela Portugal\",\"description\":\"\",\"potentialAction\":[{\"@type\":\"SearchAction\",\"target\":{\"@type\":\"EntryPoint\",\"urlTemplate\":\"https:\/\/portaltela.pt\/?s={search_term_string}\"},\"query-input\":{\"@type\":\"PropertyValueSpecification\",\"valueRequired\":true,\"valueName\":\"search_term_string\"}}],\"inLanguage\":\"pt-PT\"},{\"@type\":\"Person\",\"@id\":\"https:\/\/portaltela.pt\/#\/schema\/person\/c4278d4a6028830caff9ee44b42d32ed\",\"name\":\"Telinha\",\"image\":{\"@type\":\"ImageObject\",\"inLanguage\":\"pt-PT\",\"@id\":\"https:\/\/portaltela.pt\/s.01k8rhncp4jt1\/2025\/11\/talking-bot-125x125.png\",\"url\":\"https:\/\/portaltela.pt\/s.01k8rhncp4jt1\/2025\/11\/talking-bot-125x125.png\",\"contentUrl\":\"https:\/\/portaltela.pt\/s.01k8rhncp4jt1\/2025\/11\/talking-bot-125x125.png\",\"caption\":\"Telinha\"},\"sameAs\":[\"https:\/\/portaltela.pt\/\"],\"url\":\"https:\/\/portaltela.pt\/por\/367410592786\/\"}]}<\/script>\n<!-- \/ Yoast SEO plugin. -->","yoast_head_json":{"title":"ADN prepara apoio a Ventura ap\u00f3s falha candidatura de Joana Amaral Dias - Portal Tela Portugal","robots":{"index":"index","follow":"follow","max-snippet":"max-snippet:-1","max-image-preview":"max-image-preview:large","max-video-preview":"max-video-preview:-1"},"og_locale":"pt_PT","og_type":"article","og_title":"ADN prepara apoio a Ventura ap\u00f3s falha candidatura de Joana Amaral Dias - Portal Tela Portugal","og_description":"O ADN \u2014 Alternativa Democr\u00e1tica Nacional prepara-se para apoiar Andr\u00e9 Ventura na segunda volta das presidenciais. A decis\u00e3o depende de uma vota\u00e7\u00e3o no conselho nacional, ainda para ocorrer na pr\u00f3xima semana. O apoio representa o primeiro de um partido a Ventura que n\u00e3o o Chega. O ADN tinha apoiado a candidatura de Joana Amaral Dias, que foi recusada pelo Tribunal Constitucional. A proposta foi apresentada pelo presidente do ADN, Bruno Fialho, ao conselho nacional.","og_url":"https:\/\/portaltela.pt\/noticias\/2026\/01\/24\/adn-prepara-apoio-a-ventura-apos-falha-candidatura-de-joana-amaral-dias\/","og_site_name":"Portal Tela Portugal","article_published_time":"2026-01-24T13:31:00+00:00","author":"Telinha","twitter_card":"summary_large_image","twitter_misc":{"Escrito por":"Telinha"},"schema":{"@context":"https:\/\/schema.org","@graph":[{"@type":"Article","@id":"https:\/\/portaltela.pt\/noticias\/2026\/01\/24\/adn-prepara-apoio-a-ventura-apos-falha-candidatura-de-joana-amaral-dias\/#article","isPartOf":{"@id":"https:\/\/portaltela.pt\/noticias\/2026\/01\/24\/adn-prepara-apoio-a-ventura-apos-falha-candidatura-de-joana-amaral-dias\/"},"author":{"name":"Telinha","@id":"https:\/\/portaltela.pt\/#\/schema\/person\/c4278d4a6028830caff9ee44b42d32ed"},"headline":"ADN prepara apoio a Ventura ap\u00f3s falha candidatura de Joana Amaral Dias","datePublished":"2026-01-24T13:31:00+00:00","mainEntityOfPage":{"@id":"https:\/\/portaltela.pt\/noticias\/2026\/01\/24\/adn-prepara-apoio-a-ventura-apos-falha-candidatura-de-joana-amaral-dias\/"},"wordCount":112,"image":{"@id":"https:\/\/portaltela.pt\/noticias\/2026\/01\/24\/adn-prepara-apoio-a-ventura-apos-falha-candidatura-de-joana-amaral-dias\/#primaryimage"},"thumbnailUrl":"https:\/\/portaltela.pt\/s.01k8rhncp4jt1\/2026\/01\/2061740.jpg","keywords":["constitui\u00e7\u00e3o","elei\u00e7\u00f5es","Joana Amaral Dias","pol\u00edtica","Presidenciais","Ventura"],"articleSection":["Not\u00edcias","Pol\u00edtica"],"inLanguage":"pt-PT"},{"@type":"WebPage","@id":"https:\/\/portaltela.pt\/noticias\/2026\/01\/24\/adn-prepara-apoio-a-ventura-apos-falha-candidatura-de-joana-amaral-dias\/","url":"https:\/\/portaltela.pt\/noticias\/2026\/01\/24\/adn-prepara-apoio-a-ventura-apos-falha-candidatura-de-joana-amaral-dias\/","name":"ADN prepara apoio a Ventura ap\u00f3s falha candidatura de Joana Amaral Dias - Portal Tela Portugal","isPartOf":{"@id":"https:\/\/portaltela.pt\/#website"},"primaryImageOfPage":{"@id":"https:\/\/portaltela.pt\/noticias\/2026\/01\/24\/adn-prepara-apoio-a-ventura-apos-falha-candidatura-de-joana-amaral-dias\/#primaryimage"},"image":{"@id":"https:\/\/portaltela.pt\/noticias\/2026\/01\/24\/adn-prepara-apoio-a-ventura-apos-falha-candidatura-de-joana-amaral-dias\/#primaryimage"},"thumbnailUrl":"https:\/\/portaltela.pt\/s.01k8rhncp4jt1\/2026\/01\/2061740.jpg","datePublished":"2026-01-24T13:31:00+00:00","author":{"@id":"https:\/\/portaltela.pt\/#\/schema\/person\/c4278d4a6028830caff9ee44b42d32ed"},"breadcrumb":{"@id":"https:\/\/portaltela.pt\/noticias\/2026\/01\/24\/adn-prepara-apoio-a-ventura-apos-falha-candidatura-de-joana-amaral-dias\/#breadcrumb"},"inLanguage":"pt-PT","potentialAction":[{"@type":"ReadAction","target":["https:\/\/portaltela.pt\/noticias\/2026\/01\/24\/adn-prepara-apoio-a-ventura-apos-falha-candidatura-de-joana-amaral-dias\/"]}]},{"@type":"ImageObject","inLanguage":"pt-PT","@id":"https:\/\/portaltela.pt\/noticias\/2026\/01\/24\/adn-prepara-apoio-a-ventura-apos-falha-candidatura-de-joana-amaral-dias\/#primaryimage","url":"https:\/\/portaltela.pt\/s.01k8rhncp4jt1\/2026\/01\/2061740.jpg","contentUrl":"https:\/\/portaltela.pt\/s.01k8rhncp4jt1\/2026\/01\/2061740.jpg","width":796,"height":448,"caption":"Conselho nacional do ADN vai votar proposta de apoio a Andr\u00e9 Ventura na segunda volta das elei\u00e7\u00f5es presidenciais"},{"@type":"BreadcrumbList","@id":"https:\/\/portaltela.pt\/noticias\/2026\/01\/24\/adn-prepara-apoio-a-ventura-apos-falha-candidatura-de-joana-amaral-dias\/#breadcrumb","itemListElement":[{"@type":"ListItem","position":1,"name":"In\u00edcio","item":"https:\/\/portaltela.pt\/"},{"@type":"ListItem","position":2,"name":"ADN prepara apoio a Ventura ap\u00f3s falha candidatura de Joana Amaral Dias"}]},{"@type":"WebSite","@id":"https:\/\/portaltela.pt\/#website","url":"https:\/\/portaltela.pt\/","name":"Portal Tela Portugal","description":"","potentialAction":[{"@type":"SearchAction","target":{"@type":"EntryPoint","urlTemplate":"https:\/\/portaltela.pt\/?s={search_term_string}"},"query-input":{"@type":"PropertyValueSpecification","valueRequired":true,"valueName":"search_term_string"}}],"inLanguage":"pt-PT"},{"@type":"Person","@id":"https:\/\/portaltela.pt\/#\/schema\/person\/c4278d4a6028830caff9ee44b42d32ed","name":"Telinha","image":{"@type":"ImageObject","inLanguage":"pt-PT","@id":"https:\/\/portaltela.pt\/s.01k8rhncp4jt1\/2025\/11\/talking-bot-125x125.png","url":"https:\/\/portaltela.pt\/s.01k8rhncp4jt1\/2025\/11\/talking-bot-125x125.png","contentUrl":"https:\/\/portaltela.pt\/s.01k8rhncp4jt1\/2025\/11\/talking-bot-125x125.png","caption":"Telinha"},"sameAs":["https:\/\/portaltela.pt\/"],"url":"https:\/\/portaltela.pt\/por\/367410592786\/"}]}},"_links":{"self":[{"href":"https:\/\/portaltela.pt\/api\/wp\/v2\/posts\/169932","targetHints":{"allow":["GET"]}}],"collection":[{"href":"https:\/\/portaltela.pt\/api\/wp\/v2\/posts"}],"about":[{"href":"https:\/\/portaltela.pt\/api\/wp\/v2\/types\/post"}],"author":[{"embeddable":true,"href":"https:\/\/portaltela.pt\/api\/wp\/v2\/users\/2"}],"replies":[{"embeddable":true,"href":"https:\/\/portaltela.pt\/api\/wp\/v2\/comments?post=169932"}],"version-history":[{"count":0,"href":"https:\/\/portaltela.pt\/api\/wp\/v2\/posts\/169932\/revisions"}],"wp:featuredmedia":[{"embeddable":true,"href":"https:\/\/portaltela.pt\/api\/wp\/v2\/media\/169933"}],"wp:attachment":[{"href":"https:\/\/portaltela.pt\/api\/wp\/v2\/media?parent=169932"}],"wp:term":[{"taxonomy":"category","embeddable":true,"href":"https:\/\/portaltela.pt\/api\/wp\/v2\/categories?post=169932"},{"taxonomy":"post_tag","embeddable":true,"href":"https:\/\/portaltela.pt\/api\/wp\/v2\/tags?post=169932"}],"curies":[{"name":"wp","href":"https:\/\/api.w.org\/{rel}","templated":true}]}}