{"id":169766,"date":"2026-01-24T09:20:00","date_gmt":"2026-01-24T12:20:00","guid":{"rendered":"https:\/\/portaltela.pt\/noticias\/2026\/01\/24\/forcas-curdas-acusam-exercito-sirio-de-crimes-de-guerra\/"},"modified":"2026-01-24T09:20:00","modified_gmt":"2026-01-24T12:20:00","slug":"forcas-curdas-acusam-exercito-sirio-de-crimes-de-guerra","status":"publish","type":"post","link":"https:\/\/portaltela.pt\/noticias\/2026\/01\/24\/forcas-curdas-acusam-exercito-sirio-de-crimes-de-guerra\/","title":{"rendered":"For\u00e7as curdas acusam ex\u00e9rcito s\u00edrio de crimes de guerra"},"content":{"rendered":"<p>As For\u00e7as Democr\u00e1ticas Sirias (FDS) acusaram o ex\u00e9rcito s\u00edrio de crimes de guerra durante o recente confronto na regi\u00e3o nordeste da S\u00edria. Farhad Shami, porta-voz das FDS, afirmou que existem provas documentadas de abusos cometidos pelo Ex\u00e9rcito s\u00edrio em menos de 17 dias de campanha contra civis.<\/p>\n<p>A den\u00fancia inclui alega\u00e7\u00f5es de execu\u00e7\u00f5es extrajudiciais, ataques a unidades hospitalares, deten\u00e7\u00f5es arbitr\u00e1rias, mutila\u00e7\u00f5es e abuso de mulheres combatentes. Tamb\u00e9m \u00e9 indicada a participa\u00e7\u00e3o de elementos do grupo extremista EI (Daesh) como aliados do governo.<\/p>\n<p>As FDS sustentam que as viola\u00e7\u00f5es continuam mesmo ap\u00f3s a entrada em vigor de um cessar-fogo de quatro dias, que fontes citadas pela AFP indicam estar prestes a ser prorrogado. O acordo prev\u00ea a transfer\u00eancia do controlo da regi\u00e3o para Damasco, incluindo recursos estrat\u00e9gicos, e reconhece a autonomia das FDS dentro da S\u00edria.<\/p>\n<h3>Contexto do cessar-fogo e do acordo<\/h3>\n<p>O acordo envolve a Dess\u00eancia de centros de deten\u00e7\u00e3o de familiares de jihadistas do EI, sob gest\u00e3o do governo s\u00edrio, que passa a controlar esses centros. As FDS acusam o Ex\u00e9rcito s\u00edrio de manter ataques contra pris\u00f5es como a de Al-Aqtan, em Raqa, e de hostilizar civis com t\u00e1ticas de terror.<\/p>\n<p>O Ex\u00e9rcito s\u00edrio, por sua vez, atribuiu \u00e0s FDS a continuidade de ataques e mortes de civis. Em epis\u00f3dios reportados, houve emboscadas no leste de Alepo e a\u00e7\u00f5es que o governo s\u00edrio descreve como ataques contra for\u00e7as pr\u00f3prias sob suposta retalia\u00e7\u00e3o.<\/p>\n<p>As FDS foram a principal for\u00e7a na luta contra o EI, derrotado em 2019 com apoio de coaliz\u00e3o liderada pelos EUA, que hoje apoia as novas autoridades de Damasco. O governo s\u00edrio \u00e9 liderado por Ahmad al-Charaa, que comanda as for\u00e7as que derrubaram o regime de Bashar al-Assad em 2024.<\/p>\n","protected":false},"excerpt":{"rendered":"<ul>\n<li>As For\u00e7as Democr\u00e1ticas S\u00edrias (FDS) acusam o ex\u00e9rcito s\u00edrio de crimes de guerra durante o recente conflito na zona, apresentando provas documentadas em menos de 17 dias da campanha contra a popula\u00e7\u00e3o civil.<\/li>\n<li>A den\u00fancia cita execu\u00e7\u00f5es extrajudiciais, ataques a hospitais, deten\u00e7\u00f5es arbitr\u00e1rias, mutila\u00e7\u00f5es e abusos contra mulheres combatentes; h\u00e1 alega\u00e7\u00e3o de participa\u00e7\u00e3o de elementos do Estado Isl\u00e2mico (EI) como aliados do Ex\u00e9rcito s\u00edrio.<\/li>\n<li>O cessar-fogo de quatro dias, que deveria terminar hoje \u00e0 noite, pode ser prorrogado; o acordo permite que as autoridades de Damasco assumam controlo estrat\u00e9gico da regi\u00e3o e reconhe\u00e7am a identidade da comunidade aut\u00f3noma dentro da S\u00edria.<\/li>\n<li>O acordo prev\u00ea tamb\u00e9m que o Ex\u00e9rcito s\u00edrio passe a controlar centros de deten\u00e7\u00e3o de fam\u00edlias de jihadistas do EI; as FDS dizem que ataques continuaram depois da entrada em vigor do cessar-fogo, incluindo na pris\u00e3o de Al-Aqtan, em Raqa.<\/li>\n<li>As FDS foram a principal for\u00e7a na luta contra o EI, derrotado em 2019 com apoio internacional; o novo poder em Damasco \u00e9 liderado pelo Presidente Ahmad al-Charaa.<\/li>\n<\/ul>\n","protected":false},"author":2,"featured_media":169777,"comment_status":"closed","ping_status":"closed","sticky":false,"template":"","format":"standard","meta":{"footnotes":""},"categories":[1],"tags":[2198,2819,3395,2633,1779,62],"class_list":["post-169766","post","type-post","status-publish","format-standard","has-post-thumbnail","hentry","category-noticias","tag-conflitos-internacionais","tag-crimes-de-guerra","tag-daesh","tag-direitos-humanos","tag-forcas-armadas","tag-guerra"],"yoast_head":"<!-- This site is optimized with the Yoast SEO plugin v27.2 - https:\/\/yoast.com\/product\/yoast-seo-wordpress\/ -->\n<title>For\u00e7as curdas acusam ex\u00e9rcito s\u00edrio de crimes de guerra - Portal Tela Portugal<\/title>\n<meta name=\"robots\" content=\"index, follow, max-snippet:-1, max-image-preview:large, max-video-preview:-1\" \/>\n<meta property=\"og:locale\" content=\"pt_PT\" \/>\n<meta property=\"og:type\" content=\"article\" \/>\n<meta property=\"og:title\" content=\"For\u00e7as curdas acusam ex\u00e9rcito s\u00edrio de crimes de guerra - Portal Tela Portugal\" \/>\n<meta property=\"og:description\" content=\"As For\u00e7as Democr\u00e1ticas S\u00edrias (FDS) acusam o ex\u00e9rcito s\u00edrio de crimes de guerra durante o recente conflito na zona, apresentando provas documentadas em menos de 17 dias da campanha contra a popula\u00e7\u00e3o civil. A den\u00fancia cita execu\u00e7\u00f5es extrajudiciais, ataques a hospitais, deten\u00e7\u00f5es arbitr\u00e1rias, mutila\u00e7\u00f5es e abusos contra mulheres combatentes; h\u00e1 alega\u00e7\u00e3o de participa\u00e7\u00e3o de elementos do Estado Isl\u00e2mico (EI) como aliados do Ex\u00e9rcito s\u00edrio. O cessar-fogo de quatro dias, que deveria terminar hoje \u00e0 noite, pode ser prorrogado; o acordo permite que as autoridades de Damasco assumam controlo estrat\u00e9gico da regi\u00e3o e reconhe\u00e7am a identidade da comunidade aut\u00f3noma dentro da S\u00edria. O acordo prev\u00ea tamb\u00e9m que o Ex\u00e9rcito s\u00edrio passe a controlar centros de deten\u00e7\u00e3o de fam\u00edlias de jihadistas do EI; as FDS dizem que ataques continuaram depois da entrada em vigor do cessar-fogo, incluindo na pris\u00e3o de Al-Aqtan, em Raqa. As FDS foram a principal for\u00e7a na luta contra o EI, derrotado em 2019 com apoio internacional; o novo poder em Damasco \u00e9 liderado pelo Presidente Ahmad al-Charaa.\" \/>\n<meta property=\"og:url\" content=\"https:\/\/portaltela.pt\/noticias\/2026\/01\/24\/forcas-curdas-acusam-exercito-sirio-de-crimes-de-guerra\/\" \/>\n<meta property=\"og:site_name\" content=\"Portal Tela Portugal\" \/>\n<meta property=\"article:published_time\" content=\"2026-01-24T12:20:00+00:00\" \/>\n<meta name=\"author\" content=\"Telinha\" \/>\n<meta name=\"twitter:card\" content=\"summary_large_image\" \/>\n<meta name=\"twitter:label1\" content=\"Escrito por\" \/>\n\t<meta name=\"twitter:data1\" content=\"Telinha\" \/>\n\t<meta name=\"twitter:label2\" content=\"Tempo estimado de leitura\" \/>\n\t<meta name=\"twitter:data2\" content=\"2 minutos\" \/>\n<script type=\"application\/ld+json\" class=\"yoast-schema-graph\">{\"@context\":\"https:\/\/schema.org\",\"@graph\":[{\"@type\":\"Article\",\"@id\":\"https:\/\/portaltela.pt\/noticias\/2026\/01\/24\/forcas-curdas-acusam-exercito-sirio-de-crimes-de-guerra\/#article\",\"isPartOf\":{\"@id\":\"https:\/\/portaltela.pt\/noticias\/2026\/01\/24\/forcas-curdas-acusam-exercito-sirio-de-crimes-de-guerra\/\"},\"author\":{\"name\":\"Telinha\",\"@id\":\"https:\/\/portaltela.pt\/#\/schema\/person\/c4278d4a6028830caff9ee44b42d32ed\"},\"headline\":\"For\u00e7as curdas acusam ex\u00e9rcito s\u00edrio de crimes de guerra\",\"datePublished\":\"2026-01-24T12:20:00+00:00\",\"mainEntityOfPage\":{\"@id\":\"https:\/\/portaltela.pt\/noticias\/2026\/01\/24\/forcas-curdas-acusam-exercito-sirio-de-crimes-de-guerra\/\"},\"wordCount\":332,\"image\":{\"@id\":\"https:\/\/portaltela.pt\/noticias\/2026\/01\/24\/forcas-curdas-acusam-exercito-sirio-de-crimes-de-guerra\/#primaryimage\"},\"thumbnailUrl\":\"https:\/\/portaltela.pt\/s.01k8rhncp4jt1\/2026\/01\/unnamed-file-4965.jpg\",\"keywords\":[\"conflitos internacionais\",\"crimes de guerra\",\"Daesh\",\"direitos humanos\",\"For\u00e7as Armadas\",\"guerra\"],\"articleSection\":[\"Not\u00edcias\"],\"inLanguage\":\"pt-PT\"},{\"@type\":\"WebPage\",\"@id\":\"https:\/\/portaltela.pt\/noticias\/2026\/01\/24\/forcas-curdas-acusam-exercito-sirio-de-crimes-de-guerra\/\",\"url\":\"https:\/\/portaltela.pt\/noticias\/2026\/01\/24\/forcas-curdas-acusam-exercito-sirio-de-crimes-de-guerra\/\",\"name\":\"For\u00e7as curdas acusam ex\u00e9rcito s\u00edrio de crimes de guerra - Portal Tela Portugal\",\"isPartOf\":{\"@id\":\"https:\/\/portaltela.pt\/#website\"},\"primaryImageOfPage\":{\"@id\":\"https:\/\/portaltela.pt\/noticias\/2026\/01\/24\/forcas-curdas-acusam-exercito-sirio-de-crimes-de-guerra\/#primaryimage\"},\"image\":{\"@id\":\"https:\/\/portaltela.pt\/noticias\/2026\/01\/24\/forcas-curdas-acusam-exercito-sirio-de-crimes-de-guerra\/#primaryimage\"},\"thumbnailUrl\":\"https:\/\/portaltela.pt\/s.01k8rhncp4jt1\/2026\/01\/unnamed-file-4965.jpg\",\"datePublished\":\"2026-01-24T12:20:00+00:00\",\"author\":{\"@id\":\"https:\/\/portaltela.pt\/#\/schema\/person\/c4278d4a6028830caff9ee44b42d32ed\"},\"breadcrumb\":{\"@id\":\"https:\/\/portaltela.pt\/noticias\/2026\/01\/24\/forcas-curdas-acusam-exercito-sirio-de-crimes-de-guerra\/#breadcrumb\"},\"inLanguage\":\"pt-PT\",\"potentialAction\":[{\"@type\":\"ReadAction\",\"target\":[\"https:\/\/portaltela.pt\/noticias\/2026\/01\/24\/forcas-curdas-acusam-exercito-sirio-de-crimes-de-guerra\/\"]}]},{\"@type\":\"ImageObject\",\"inLanguage\":\"pt-PT\",\"@id\":\"https:\/\/portaltela.pt\/noticias\/2026\/01\/24\/forcas-curdas-acusam-exercito-sirio-de-crimes-de-guerra\/#primaryimage\",\"url\":\"https:\/\/portaltela.pt\/s.01k8rhncp4jt1\/2026\/01\/unnamed-file-4965.jpg\",\"contentUrl\":\"https:\/\/portaltela.pt\/s.01k8rhncp4jt1\/2026\/01\/unnamed-file-4965.jpg\",\"width\":796,\"height\":448,\"caption\":\"For\u00e7as curdas acusam ex\u00e9rcito s\u00edrio de \\\"crimes de guerra\\\"\"},{\"@type\":\"BreadcrumbList\",\"@id\":\"https:\/\/portaltela.pt\/noticias\/2026\/01\/24\/forcas-curdas-acusam-exercito-sirio-de-crimes-de-guerra\/#breadcrumb\",\"itemListElement\":[{\"@type\":\"ListItem\",\"position\":1,\"name\":\"In\u00edcio\",\"item\":\"https:\/\/portaltela.pt\/\"},{\"@type\":\"ListItem\",\"position\":2,\"name\":\"For\u00e7as curdas acusam ex\u00e9rcito s\u00edrio de crimes de guerra\"}]},{\"@type\":\"WebSite\",\"@id\":\"https:\/\/portaltela.pt\/#website\",\"url\":\"https:\/\/portaltela.pt\/\",\"name\":\"Portal Tela Portugal\",\"description\":\"\",\"potentialAction\":[{\"@type\":\"SearchAction\",\"target\":{\"@type\":\"EntryPoint\",\"urlTemplate\":\"https:\/\/portaltela.pt\/?s={search_term_string}\"},\"query-input\":{\"@type\":\"PropertyValueSpecification\",\"valueRequired\":true,\"valueName\":\"search_term_string\"}}],\"inLanguage\":\"pt-PT\"},{\"@type\":\"Person\",\"@id\":\"https:\/\/portaltela.pt\/#\/schema\/person\/c4278d4a6028830caff9ee44b42d32ed\",\"name\":\"Telinha\",\"image\":{\"@type\":\"ImageObject\",\"inLanguage\":\"pt-PT\",\"@id\":\"https:\/\/portaltela.pt\/s.01k8rhncp4jt1\/2025\/11\/talking-bot-125x125.png\",\"url\":\"https:\/\/portaltela.pt\/s.01k8rhncp4jt1\/2025\/11\/talking-bot-125x125.png\",\"contentUrl\":\"https:\/\/portaltela.pt\/s.01k8rhncp4jt1\/2025\/11\/talking-bot-125x125.png\",\"caption\":\"Telinha\"},\"sameAs\":[\"https:\/\/portaltela.pt\/\"],\"url\":\"https:\/\/portaltela.pt\/por\/367410592786\/\"}]}<\/script>\n<!-- \/ Yoast SEO plugin. -->","yoast_head_json":{"title":"For\u00e7as curdas acusam ex\u00e9rcito s\u00edrio de crimes de guerra - Portal Tela Portugal","robots":{"index":"index","follow":"follow","max-snippet":"max-snippet:-1","max-image-preview":"max-image-preview:large","max-video-preview":"max-video-preview:-1"},"og_locale":"pt_PT","og_type":"article","og_title":"For\u00e7as curdas acusam ex\u00e9rcito s\u00edrio de crimes de guerra - Portal Tela Portugal","og_description":"As For\u00e7as Democr\u00e1ticas S\u00edrias (FDS) acusam o ex\u00e9rcito s\u00edrio de crimes de guerra durante o recente conflito na zona, apresentando provas documentadas em menos de 17 dias da campanha contra a popula\u00e7\u00e3o civil. A den\u00fancia cita execu\u00e7\u00f5es extrajudiciais, ataques a hospitais, deten\u00e7\u00f5es arbitr\u00e1rias, mutila\u00e7\u00f5es e abusos contra mulheres combatentes; h\u00e1 alega\u00e7\u00e3o de participa\u00e7\u00e3o de elementos do Estado Isl\u00e2mico (EI) como aliados do Ex\u00e9rcito s\u00edrio. O cessar-fogo de quatro dias, que deveria terminar hoje \u00e0 noite, pode ser prorrogado; o acordo permite que as autoridades de Damasco assumam controlo estrat\u00e9gico da regi\u00e3o e reconhe\u00e7am a identidade da comunidade aut\u00f3noma dentro da S\u00edria. O acordo prev\u00ea tamb\u00e9m que o Ex\u00e9rcito s\u00edrio passe a controlar centros de deten\u00e7\u00e3o de fam\u00edlias de jihadistas do EI; as FDS dizem que ataques continuaram depois da entrada em vigor do cessar-fogo, incluindo na pris\u00e3o de Al-Aqtan, em Raqa. As FDS foram a principal for\u00e7a na luta contra o EI, derrotado em 2019 com apoio internacional; o novo poder em Damasco \u00e9 liderado pelo Presidente Ahmad al-Charaa.","og_url":"https:\/\/portaltela.pt\/noticias\/2026\/01\/24\/forcas-curdas-acusam-exercito-sirio-de-crimes-de-guerra\/","og_site_name":"Portal Tela Portugal","article_published_time":"2026-01-24T12:20:00+00:00","author":"Telinha","twitter_card":"summary_large_image","twitter_misc":{"Escrito por":"Telinha","Tempo estimado de leitura":"2 minutos"},"schema":{"@context":"https:\/\/schema.org","@graph":[{"@type":"Article","@id":"https:\/\/portaltela.pt\/noticias\/2026\/01\/24\/forcas-curdas-acusam-exercito-sirio-de-crimes-de-guerra\/#article","isPartOf":{"@id":"https:\/\/portaltela.pt\/noticias\/2026\/01\/24\/forcas-curdas-acusam-exercito-sirio-de-crimes-de-guerra\/"},"author":{"name":"Telinha","@id":"https:\/\/portaltela.pt\/#\/schema\/person\/c4278d4a6028830caff9ee44b42d32ed"},"headline":"For\u00e7as curdas acusam ex\u00e9rcito s\u00edrio de crimes de guerra","datePublished":"2026-01-24T12:20:00+00:00","mainEntityOfPage":{"@id":"https:\/\/portaltela.pt\/noticias\/2026\/01\/24\/forcas-curdas-acusam-exercito-sirio-de-crimes-de-guerra\/"},"wordCount":332,"image":{"@id":"https:\/\/portaltela.pt\/noticias\/2026\/01\/24\/forcas-curdas-acusam-exercito-sirio-de-crimes-de-guerra\/#primaryimage"},"thumbnailUrl":"https:\/\/portaltela.pt\/s.01k8rhncp4jt1\/2026\/01\/unnamed-file-4965.jpg","keywords":["conflitos internacionais","crimes de guerra","Daesh","direitos humanos","For\u00e7as Armadas","guerra"],"articleSection":["Not\u00edcias"],"inLanguage":"pt-PT"},{"@type":"WebPage","@id":"https:\/\/portaltela.pt\/noticias\/2026\/01\/24\/forcas-curdas-acusam-exercito-sirio-de-crimes-de-guerra\/","url":"https:\/\/portaltela.pt\/noticias\/2026\/01\/24\/forcas-curdas-acusam-exercito-sirio-de-crimes-de-guerra\/","name":"For\u00e7as curdas acusam ex\u00e9rcito s\u00edrio de crimes de guerra - Portal Tela Portugal","isPartOf":{"@id":"https:\/\/portaltela.pt\/#website"},"primaryImageOfPage":{"@id":"https:\/\/portaltela.pt\/noticias\/2026\/01\/24\/forcas-curdas-acusam-exercito-sirio-de-crimes-de-guerra\/#primaryimage"},"image":{"@id":"https:\/\/portaltela.pt\/noticias\/2026\/01\/24\/forcas-curdas-acusam-exercito-sirio-de-crimes-de-guerra\/#primaryimage"},"thumbnailUrl":"https:\/\/portaltela.pt\/s.01k8rhncp4jt1\/2026\/01\/unnamed-file-4965.jpg","datePublished":"2026-01-24T12:20:00+00:00","author":{"@id":"https:\/\/portaltela.pt\/#\/schema\/person\/c4278d4a6028830caff9ee44b42d32ed"},"breadcrumb":{"@id":"https:\/\/portaltela.pt\/noticias\/2026\/01\/24\/forcas-curdas-acusam-exercito-sirio-de-crimes-de-guerra\/#breadcrumb"},"inLanguage":"pt-PT","potentialAction":[{"@type":"ReadAction","target":["https:\/\/portaltela.pt\/noticias\/2026\/01\/24\/forcas-curdas-acusam-exercito-sirio-de-crimes-de-guerra\/"]}]},{"@type":"ImageObject","inLanguage":"pt-PT","@id":"https:\/\/portaltela.pt\/noticias\/2026\/01\/24\/forcas-curdas-acusam-exercito-sirio-de-crimes-de-guerra\/#primaryimage","url":"https:\/\/portaltela.pt\/s.01k8rhncp4jt1\/2026\/01\/unnamed-file-4965.jpg","contentUrl":"https:\/\/portaltela.pt\/s.01k8rhncp4jt1\/2026\/01\/unnamed-file-4965.jpg","width":796,"height":448,"caption":"For\u00e7as curdas acusam ex\u00e9rcito s\u00edrio de \"crimes de guerra\""},{"@type":"BreadcrumbList","@id":"https:\/\/portaltela.pt\/noticias\/2026\/01\/24\/forcas-curdas-acusam-exercito-sirio-de-crimes-de-guerra\/#breadcrumb","itemListElement":[{"@type":"ListItem","position":1,"name":"In\u00edcio","item":"https:\/\/portaltela.pt\/"},{"@type":"ListItem","position":2,"name":"For\u00e7as curdas acusam ex\u00e9rcito s\u00edrio de crimes de guerra"}]},{"@type":"WebSite","@id":"https:\/\/portaltela.pt\/#website","url":"https:\/\/portaltela.pt\/","name":"Portal Tela Portugal","description":"","potentialAction":[{"@type":"SearchAction","target":{"@type":"EntryPoint","urlTemplate":"https:\/\/portaltela.pt\/?s={search_term_string}"},"query-input":{"@type":"PropertyValueSpecification","valueRequired":true,"valueName":"search_term_string"}}],"inLanguage":"pt-PT"},{"@type":"Person","@id":"https:\/\/portaltela.pt\/#\/schema\/person\/c4278d4a6028830caff9ee44b42d32ed","name":"Telinha","image":{"@type":"ImageObject","inLanguage":"pt-PT","@id":"https:\/\/portaltela.pt\/s.01k8rhncp4jt1\/2025\/11\/talking-bot-125x125.png","url":"https:\/\/portaltela.pt\/s.01k8rhncp4jt1\/2025\/11\/talking-bot-125x125.png","contentUrl":"https:\/\/portaltela.pt\/s.01k8rhncp4jt1\/2025\/11\/talking-bot-125x125.png","caption":"Telinha"},"sameAs":["https:\/\/portaltela.pt\/"],"url":"https:\/\/portaltela.pt\/por\/367410592786\/"}]}},"_links":{"self":[{"href":"https:\/\/portaltela.pt\/api\/wp\/v2\/posts\/169766","targetHints":{"allow":["GET"]}}],"collection":[{"href":"https:\/\/portaltela.pt\/api\/wp\/v2\/posts"}],"about":[{"href":"https:\/\/portaltela.pt\/api\/wp\/v2\/types\/post"}],"author":[{"embeddable":true,"href":"https:\/\/portaltela.pt\/api\/wp\/v2\/users\/2"}],"replies":[{"embeddable":true,"href":"https:\/\/portaltela.pt\/api\/wp\/v2\/comments?post=169766"}],"version-history":[{"count":0,"href":"https:\/\/portaltela.pt\/api\/wp\/v2\/posts\/169766\/revisions"}],"wp:featuredmedia":[{"embeddable":true,"href":"https:\/\/portaltela.pt\/api\/wp\/v2\/media\/169777"}],"wp:attachment":[{"href":"https:\/\/portaltela.pt\/api\/wp\/v2\/media?parent=169766"}],"wp:term":[{"taxonomy":"category","embeddable":true,"href":"https:\/\/portaltela.pt\/api\/wp\/v2\/categories?post=169766"},{"taxonomy":"post_tag","embeddable":true,"href":"https:\/\/portaltela.pt\/api\/wp\/v2\/tags?post=169766"}],"curies":[{"name":"wp","href":"https:\/\/api.w.org\/{rel}","templated":true}]}}