{"id":169752,"date":"2026-01-24T09:15:00","date_gmt":"2026-01-24T12:15:00","guid":{"rendered":"https:\/\/portaltela.pt\/noticias\/2026\/01\/24\/cinco-arguidos-do-grupo-1143-ficam-em-prisao-preventiva\/"},"modified":"2026-01-24T09:15:00","modified_gmt":"2026-01-24T12:15:00","slug":"cinco-arguidos-do-grupo-1143-ficam-em-prisao-preventiva","status":"publish","type":"post","link":"https:\/\/portaltela.pt\/noticias\/2026\/01\/24\/cinco-arguidos-do-grupo-1143-ficam-em-prisao-preventiva\/","title":{"rendered":"Cinco arguidos do Grupo 1143 ficam em pris\u00e3o preventiva"},"content":{"rendered":"<p>Cinco arguidos do Grupo 1143 ficaram em pris\u00e3o preventiva, segundo decis\u00e3o do juiz Nuno Costa Dias. A medida surge num caso ligado a uma investiga\u00e7\u00e3o por discrimina\u00e7\u00e3o, incitamento ao \u00f3dio, viol\u00eancia, amea\u00e7a e coa\u00e7\u00e3o agravada.<\/p>\n<p>Os 32 arguidos libertados ficam sujeitos a proibi\u00e7\u00e3o de qualquer contacto entre si e a apresenta\u00e7\u00f5es peri\u00f3dicas \u00e0s autoridades competentes, conforme determina\u00e7\u00e3o judicial. Entre os detidos no \u00e2mbito da opera\u00e7\u00e3o estiveram militantes do Chega, um pol\u00edcia de Set\u00fabal e um militar da For\u00e7a A\u00e9rea.<\/p>\n<p>Ao todo, eram 37 arguidos detidos na semana passada, com v\u00e1rias buscas de grande escala realizadas em todo o pa\u00eds. A opera\u00e7\u00e3o apreendeu armas e material de propaganda associado \u00e0 extrema-direita violenta, incluindo s\u00edmbolos neonazistas. A investiga\u00e7\u00e3o visa esclarecer planos de uma mil\u00edcia armada para conter uma alegada amea\u00e7a isl\u00e2mica.<\/p>\n<h3>Contexto do processo e desdobramentos<\/h3>\n<p>Segundo a Pol\u00edcia Judici\u00e1ria, o l\u00edder do grupo, M\u00e1rio Machado, foi j\u00e1 condenado a quatro anos de pris\u00e3o efetiva por crimes de discrimina\u00e7\u00e3o e incitamento \u00e0 viol\u00eancia relacionados com grupos sociais. A decis\u00e3o de pris\u00e3o preventiva incidiu nos riscos de continuidade da atividade criminosa e de eventuais amea\u00e7as \u00e0 ordem p\u00fablica.<\/p>\n<p>A opera\u00e7\u00e3o contou com dezenas de buscas e permitiu controlar potenciais meios de apoio log\u00edstico ao grupo. As autoridades n\u00e3o divulgaram datas de novos interrogat\u00f3rios, limitando-se a confirmar as medidas j\u00e1 anunciadas. A investiga\u00e7\u00e3o prossegue para esclarecer a extens\u00e3o de supostos contatos e financiamentos.<\/p>\n","protected":false},"excerpt":{"rendered":"<ul>\n<li>O juiz Nuno Costa Dias decretou pris\u00e3o preventiva a cinco arguidos do Grupo 1143, por risco de continuidade da atividade criminosa e de amea\u00e7as associadas.<\/li>\n<li>32 arguidos libertados ficam obrigados a n\u00e3o contactar entre si e a apresentar-se periodicamente \u00e0s autoridades competentes.<\/li>\n<li>O l\u00edder do grupo, M\u00e1rio Machado, recebeu quatro anos de prisi\u00f3n efetiva por crimes de discrimina\u00e7\u00e3o e incitamento \u00e0 viol\u00eancia ligados a grupos sociais.<\/li>\n<li>Entre os 37 arguidos detidos na opera\u00e7\u00e3o estavam militantes do Chega, um pol\u00edcia de Set\u00fabal e um militar da For\u00e7a A\u00e9rea, abrangidos por crimes de discrimina\u00e7\u00e3o, incitamento ao \u00f3dio, viol\u00eancia, amea\u00e7a e deten\u00e7\u00e3o de arma proibida.<\/li>\n<li>A PJ indicou que o Grupo 1143 pretendia formar uma mil\u00edcia armada para conter uma alegada amea\u00e7a isl\u00e2mica e desencadear uma guerra racial, com a opera\u00e7\u00e3o a incluir dezenas de buscas e apreens\u00e3o de armas e material de propaganda associado \u00e0 extrema-direita violenta.<\/li>\n<\/ul>\n","protected":false},"author":2,"featured_media":169757,"comment_status":"closed","ping_status":"closed","sticky":false,"template":"","format":"standard","meta":{"footnotes":""},"categories":[1],"tags":[182,2142,1695,3528,1802,939],"class_list":["post-169752","post","type-post","status-publish","format-standard","has-post-thumbnail","hentry","category-noticias","tag-armas","tag-chega","tag-discriminacao","tag-incitamento-ao-odio","tag-policia-judiciaria","tag-violencia"],"yoast_head":"<!-- This site is optimized with the Yoast SEO plugin v27.2 - https:\/\/yoast.com\/product\/yoast-seo-wordpress\/ -->\n<title>Cinco arguidos do Grupo 1143 ficam em pris\u00e3o preventiva - Portal Tela Portugal<\/title>\n<meta name=\"robots\" content=\"index, follow, max-snippet:-1, max-image-preview:large, max-video-preview:-1\" \/>\n<meta property=\"og:locale\" content=\"pt_PT\" \/>\n<meta property=\"og:type\" content=\"article\" \/>\n<meta property=\"og:title\" content=\"Cinco arguidos do Grupo 1143 ficam em pris\u00e3o preventiva - Portal Tela Portugal\" \/>\n<meta property=\"og:description\" content=\"O juiz Nuno Costa Dias decretou pris\u00e3o preventiva a cinco arguidos do Grupo 1143, por risco de continuidade da atividade criminosa e de amea\u00e7as associadas. 32 arguidos libertados ficam obrigados a n\u00e3o contactar entre si e a apresentar-se periodicamente \u00e0s autoridades competentes. O l\u00edder do grupo, M\u00e1rio Machado, recebeu quatro anos de prisi\u00f3n efetiva por crimes de discrimina\u00e7\u00e3o e incitamento \u00e0 viol\u00eancia ligados a grupos sociais. Entre os 37 arguidos detidos na opera\u00e7\u00e3o estavam militantes do Chega, um pol\u00edcia de Set\u00fabal e um militar da For\u00e7a A\u00e9rea, abrangidos por crimes de discrimina\u00e7\u00e3o, incitamento ao \u00f3dio, viol\u00eancia, amea\u00e7a e deten\u00e7\u00e3o de arma proibida. A PJ indicou que o Grupo 1143 pretendia formar uma mil\u00edcia armada para conter uma alegada amea\u00e7a isl\u00e2mica e desencadear uma guerra racial, com a opera\u00e7\u00e3o a incluir dezenas de buscas e apreens\u00e3o de armas e material de propaganda associado \u00e0 extrema-direita violenta.\" \/>\n<meta property=\"og:url\" content=\"https:\/\/portaltela.pt\/noticias\/2026\/01\/24\/cinco-arguidos-do-grupo-1143-ficam-em-prisao-preventiva\/\" \/>\n<meta property=\"og:site_name\" content=\"Portal Tela Portugal\" \/>\n<meta property=\"article:published_time\" content=\"2026-01-24T12:15:00+00:00\" \/>\n<meta name=\"author\" content=\"Telinha\" \/>\n<meta name=\"twitter:card\" content=\"summary_large_image\" \/>\n<meta name=\"twitter:label1\" content=\"Escrito por\" \/>\n\t<meta name=\"twitter:data1\" content=\"Telinha\" \/>\n\t<meta name=\"twitter:label2\" content=\"Tempo estimado de leitura\" \/>\n\t<meta name=\"twitter:data2\" content=\"1 minuto\" \/>\n<script type=\"application\/ld+json\" class=\"yoast-schema-graph\">{\"@context\":\"https:\/\/schema.org\",\"@graph\":[{\"@type\":\"Article\",\"@id\":\"https:\/\/portaltela.pt\/noticias\/2026\/01\/24\/cinco-arguidos-do-grupo-1143-ficam-em-prisao-preventiva\/#article\",\"isPartOf\":{\"@id\":\"https:\/\/portaltela.pt\/noticias\/2026\/01\/24\/cinco-arguidos-do-grupo-1143-ficam-em-prisao-preventiva\/\"},\"author\":{\"name\":\"Telinha\",\"@id\":\"https:\/\/portaltela.pt\/#\/schema\/person\/c4278d4a6028830caff9ee44b42d32ed\"},\"headline\":\"Cinco arguidos do Grupo 1143 ficam em pris\u00e3o preventiva\",\"datePublished\":\"2026-01-24T12:15:00+00:00\",\"mainEntityOfPage\":{\"@id\":\"https:\/\/portaltela.pt\/noticias\/2026\/01\/24\/cinco-arguidos-do-grupo-1143-ficam-em-prisao-preventiva\/\"},\"wordCount\":273,\"image\":{\"@id\":\"https:\/\/portaltela.pt\/noticias\/2026\/01\/24\/cinco-arguidos-do-grupo-1143-ficam-em-prisao-preventiva\/#primaryimage\"},\"thumbnailUrl\":\"https:\/\/portaltela.pt\/s.01k8rhncp4jt1\/2026\/01\/unnamed-file-4963.jpg\",\"keywords\":[\"armas\",\"CHEGA\",\"discrimina\u00e7\u00e3o\",\"incitamento ao \u00f3dio\",\"Pol\u00edcia Judici\u00e1ria\",\"viol\u00eancia\"],\"articleSection\":[\"Not\u00edcias\"],\"inLanguage\":\"pt-PT\"},{\"@type\":\"WebPage\",\"@id\":\"https:\/\/portaltela.pt\/noticias\/2026\/01\/24\/cinco-arguidos-do-grupo-1143-ficam-em-prisao-preventiva\/\",\"url\":\"https:\/\/portaltela.pt\/noticias\/2026\/01\/24\/cinco-arguidos-do-grupo-1143-ficam-em-prisao-preventiva\/\",\"name\":\"Cinco arguidos do Grupo 1143 ficam em pris\u00e3o preventiva - Portal Tela Portugal\",\"isPartOf\":{\"@id\":\"https:\/\/portaltela.pt\/#website\"},\"primaryImageOfPage\":{\"@id\":\"https:\/\/portaltela.pt\/noticias\/2026\/01\/24\/cinco-arguidos-do-grupo-1143-ficam-em-prisao-preventiva\/#primaryimage\"},\"image\":{\"@id\":\"https:\/\/portaltela.pt\/noticias\/2026\/01\/24\/cinco-arguidos-do-grupo-1143-ficam-em-prisao-preventiva\/#primaryimage\"},\"thumbnailUrl\":\"https:\/\/portaltela.pt\/s.01k8rhncp4jt1\/2026\/01\/unnamed-file-4963.jpg\",\"datePublished\":\"2026-01-24T12:15:00+00:00\",\"author\":{\"@id\":\"https:\/\/portaltela.pt\/#\/schema\/person\/c4278d4a6028830caff9ee44b42d32ed\"},\"breadcrumb\":{\"@id\":\"https:\/\/portaltela.pt\/noticias\/2026\/01\/24\/cinco-arguidos-do-grupo-1143-ficam-em-prisao-preventiva\/#breadcrumb\"},\"inLanguage\":\"pt-PT\",\"potentialAction\":[{\"@type\":\"ReadAction\",\"target\":[\"https:\/\/portaltela.pt\/noticias\/2026\/01\/24\/cinco-arguidos-do-grupo-1143-ficam-em-prisao-preventiva\/\"]}]},{\"@type\":\"ImageObject\",\"inLanguage\":\"pt-PT\",\"@id\":\"https:\/\/portaltela.pt\/noticias\/2026\/01\/24\/cinco-arguidos-do-grupo-1143-ficam-em-prisao-preventiva\/#primaryimage\",\"url\":\"https:\/\/portaltela.pt\/s.01k8rhncp4jt1\/2026\/01\/unnamed-file-4963.jpg\",\"contentUrl\":\"https:\/\/portaltela.pt\/s.01k8rhncp4jt1\/2026\/01\/unnamed-file-4963.jpg\",\"width\":796,\"height\":448,\"caption\":\"Cinco arguidos do Grupo 1143 ficam em pris\u00e3o preventiva\"},{\"@type\":\"BreadcrumbList\",\"@id\":\"https:\/\/portaltela.pt\/noticias\/2026\/01\/24\/cinco-arguidos-do-grupo-1143-ficam-em-prisao-preventiva\/#breadcrumb\",\"itemListElement\":[{\"@type\":\"ListItem\",\"position\":1,\"name\":\"In\u00edcio\",\"item\":\"https:\/\/portaltela.pt\/\"},{\"@type\":\"ListItem\",\"position\":2,\"name\":\"Cinco arguidos do Grupo 1143 ficam em pris\u00e3o preventiva\"}]},{\"@type\":\"WebSite\",\"@id\":\"https:\/\/portaltela.pt\/#website\",\"url\":\"https:\/\/portaltela.pt\/\",\"name\":\"Portal Tela Portugal\",\"description\":\"\",\"potentialAction\":[{\"@type\":\"SearchAction\",\"target\":{\"@type\":\"EntryPoint\",\"urlTemplate\":\"https:\/\/portaltela.pt\/?s={search_term_string}\"},\"query-input\":{\"@type\":\"PropertyValueSpecification\",\"valueRequired\":true,\"valueName\":\"search_term_string\"}}],\"inLanguage\":\"pt-PT\"},{\"@type\":\"Person\",\"@id\":\"https:\/\/portaltela.pt\/#\/schema\/person\/c4278d4a6028830caff9ee44b42d32ed\",\"name\":\"Telinha\",\"image\":{\"@type\":\"ImageObject\",\"inLanguage\":\"pt-PT\",\"@id\":\"https:\/\/portaltela.pt\/s.01k8rhncp4jt1\/2025\/11\/talking-bot-125x125.png\",\"url\":\"https:\/\/portaltela.pt\/s.01k8rhncp4jt1\/2025\/11\/talking-bot-125x125.png\",\"contentUrl\":\"https:\/\/portaltela.pt\/s.01k8rhncp4jt1\/2025\/11\/talking-bot-125x125.png\",\"caption\":\"Telinha\"},\"sameAs\":[\"https:\/\/portaltela.pt\/\"],\"url\":\"https:\/\/portaltela.pt\/por\/367410592786\/\"}]}<\/script>\n<!-- \/ Yoast SEO plugin. -->","yoast_head_json":{"title":"Cinco arguidos do Grupo 1143 ficam em pris\u00e3o preventiva - Portal Tela Portugal","robots":{"index":"index","follow":"follow","max-snippet":"max-snippet:-1","max-image-preview":"max-image-preview:large","max-video-preview":"max-video-preview:-1"},"og_locale":"pt_PT","og_type":"article","og_title":"Cinco arguidos do Grupo 1143 ficam em pris\u00e3o preventiva - Portal Tela Portugal","og_description":"O juiz Nuno Costa Dias decretou pris\u00e3o preventiva a cinco arguidos do Grupo 1143, por risco de continuidade da atividade criminosa e de amea\u00e7as associadas. 32 arguidos libertados ficam obrigados a n\u00e3o contactar entre si e a apresentar-se periodicamente \u00e0s autoridades competentes. O l\u00edder do grupo, M\u00e1rio Machado, recebeu quatro anos de prisi\u00f3n efetiva por crimes de discrimina\u00e7\u00e3o e incitamento \u00e0 viol\u00eancia ligados a grupos sociais. Entre os 37 arguidos detidos na opera\u00e7\u00e3o estavam militantes do Chega, um pol\u00edcia de Set\u00fabal e um militar da For\u00e7a A\u00e9rea, abrangidos por crimes de discrimina\u00e7\u00e3o, incitamento ao \u00f3dio, viol\u00eancia, amea\u00e7a e deten\u00e7\u00e3o de arma proibida. A PJ indicou que o Grupo 1143 pretendia formar uma mil\u00edcia armada para conter uma alegada amea\u00e7a isl\u00e2mica e desencadear uma guerra racial, com a opera\u00e7\u00e3o a incluir dezenas de buscas e apreens\u00e3o de armas e material de propaganda associado \u00e0 extrema-direita violenta.","og_url":"https:\/\/portaltela.pt\/noticias\/2026\/01\/24\/cinco-arguidos-do-grupo-1143-ficam-em-prisao-preventiva\/","og_site_name":"Portal Tela Portugal","article_published_time":"2026-01-24T12:15:00+00:00","author":"Telinha","twitter_card":"summary_large_image","twitter_misc":{"Escrito por":"Telinha","Tempo estimado de leitura":"1 minuto"},"schema":{"@context":"https:\/\/schema.org","@graph":[{"@type":"Article","@id":"https:\/\/portaltela.pt\/noticias\/2026\/01\/24\/cinco-arguidos-do-grupo-1143-ficam-em-prisao-preventiva\/#article","isPartOf":{"@id":"https:\/\/portaltela.pt\/noticias\/2026\/01\/24\/cinco-arguidos-do-grupo-1143-ficam-em-prisao-preventiva\/"},"author":{"name":"Telinha","@id":"https:\/\/portaltela.pt\/#\/schema\/person\/c4278d4a6028830caff9ee44b42d32ed"},"headline":"Cinco arguidos do Grupo 1143 ficam em pris\u00e3o preventiva","datePublished":"2026-01-24T12:15:00+00:00","mainEntityOfPage":{"@id":"https:\/\/portaltela.pt\/noticias\/2026\/01\/24\/cinco-arguidos-do-grupo-1143-ficam-em-prisao-preventiva\/"},"wordCount":273,"image":{"@id":"https:\/\/portaltela.pt\/noticias\/2026\/01\/24\/cinco-arguidos-do-grupo-1143-ficam-em-prisao-preventiva\/#primaryimage"},"thumbnailUrl":"https:\/\/portaltela.pt\/s.01k8rhncp4jt1\/2026\/01\/unnamed-file-4963.jpg","keywords":["armas","CHEGA","discrimina\u00e7\u00e3o","incitamento ao \u00f3dio","Pol\u00edcia Judici\u00e1ria","viol\u00eancia"],"articleSection":["Not\u00edcias"],"inLanguage":"pt-PT"},{"@type":"WebPage","@id":"https:\/\/portaltela.pt\/noticias\/2026\/01\/24\/cinco-arguidos-do-grupo-1143-ficam-em-prisao-preventiva\/","url":"https:\/\/portaltela.pt\/noticias\/2026\/01\/24\/cinco-arguidos-do-grupo-1143-ficam-em-prisao-preventiva\/","name":"Cinco arguidos do Grupo 1143 ficam em pris\u00e3o preventiva - Portal Tela Portugal","isPartOf":{"@id":"https:\/\/portaltela.pt\/#website"},"primaryImageOfPage":{"@id":"https:\/\/portaltela.pt\/noticias\/2026\/01\/24\/cinco-arguidos-do-grupo-1143-ficam-em-prisao-preventiva\/#primaryimage"},"image":{"@id":"https:\/\/portaltela.pt\/noticias\/2026\/01\/24\/cinco-arguidos-do-grupo-1143-ficam-em-prisao-preventiva\/#primaryimage"},"thumbnailUrl":"https:\/\/portaltela.pt\/s.01k8rhncp4jt1\/2026\/01\/unnamed-file-4963.jpg","datePublished":"2026-01-24T12:15:00+00:00","author":{"@id":"https:\/\/portaltela.pt\/#\/schema\/person\/c4278d4a6028830caff9ee44b42d32ed"},"breadcrumb":{"@id":"https:\/\/portaltela.pt\/noticias\/2026\/01\/24\/cinco-arguidos-do-grupo-1143-ficam-em-prisao-preventiva\/#breadcrumb"},"inLanguage":"pt-PT","potentialAction":[{"@type":"ReadAction","target":["https:\/\/portaltela.pt\/noticias\/2026\/01\/24\/cinco-arguidos-do-grupo-1143-ficam-em-prisao-preventiva\/"]}]},{"@type":"ImageObject","inLanguage":"pt-PT","@id":"https:\/\/portaltela.pt\/noticias\/2026\/01\/24\/cinco-arguidos-do-grupo-1143-ficam-em-prisao-preventiva\/#primaryimage","url":"https:\/\/portaltela.pt\/s.01k8rhncp4jt1\/2026\/01\/unnamed-file-4963.jpg","contentUrl":"https:\/\/portaltela.pt\/s.01k8rhncp4jt1\/2026\/01\/unnamed-file-4963.jpg","width":796,"height":448,"caption":"Cinco arguidos do Grupo 1143 ficam em pris\u00e3o preventiva"},{"@type":"BreadcrumbList","@id":"https:\/\/portaltela.pt\/noticias\/2026\/01\/24\/cinco-arguidos-do-grupo-1143-ficam-em-prisao-preventiva\/#breadcrumb","itemListElement":[{"@type":"ListItem","position":1,"name":"In\u00edcio","item":"https:\/\/portaltela.pt\/"},{"@type":"ListItem","position":2,"name":"Cinco arguidos do Grupo 1143 ficam em pris\u00e3o preventiva"}]},{"@type":"WebSite","@id":"https:\/\/portaltela.pt\/#website","url":"https:\/\/portaltela.pt\/","name":"Portal Tela Portugal","description":"","potentialAction":[{"@type":"SearchAction","target":{"@type":"EntryPoint","urlTemplate":"https:\/\/portaltela.pt\/?s={search_term_string}"},"query-input":{"@type":"PropertyValueSpecification","valueRequired":true,"valueName":"search_term_string"}}],"inLanguage":"pt-PT"},{"@type":"Person","@id":"https:\/\/portaltela.pt\/#\/schema\/person\/c4278d4a6028830caff9ee44b42d32ed","name":"Telinha","image":{"@type":"ImageObject","inLanguage":"pt-PT","@id":"https:\/\/portaltela.pt\/s.01k8rhncp4jt1\/2025\/11\/talking-bot-125x125.png","url":"https:\/\/portaltela.pt\/s.01k8rhncp4jt1\/2025\/11\/talking-bot-125x125.png","contentUrl":"https:\/\/portaltela.pt\/s.01k8rhncp4jt1\/2025\/11\/talking-bot-125x125.png","caption":"Telinha"},"sameAs":["https:\/\/portaltela.pt\/"],"url":"https:\/\/portaltela.pt\/por\/367410592786\/"}]}},"_links":{"self":[{"href":"https:\/\/portaltela.pt\/api\/wp\/v2\/posts\/169752","targetHints":{"allow":["GET"]}}],"collection":[{"href":"https:\/\/portaltela.pt\/api\/wp\/v2\/posts"}],"about":[{"href":"https:\/\/portaltela.pt\/api\/wp\/v2\/types\/post"}],"author":[{"embeddable":true,"href":"https:\/\/portaltela.pt\/api\/wp\/v2\/users\/2"}],"replies":[{"embeddable":true,"href":"https:\/\/portaltela.pt\/api\/wp\/v2\/comments?post=169752"}],"version-history":[{"count":0,"href":"https:\/\/portaltela.pt\/api\/wp\/v2\/posts\/169752\/revisions"}],"wp:featuredmedia":[{"embeddable":true,"href":"https:\/\/portaltela.pt\/api\/wp\/v2\/media\/169757"}],"wp:attachment":[{"href":"https:\/\/portaltela.pt\/api\/wp\/v2\/media?parent=169752"}],"wp:term":[{"taxonomy":"category","embeddable":true,"href":"https:\/\/portaltela.pt\/api\/wp\/v2\/categories?post=169752"},{"taxonomy":"post_tag","embeddable":true,"href":"https:\/\/portaltela.pt\/api\/wp\/v2\/tags?post=169752"}],"curies":[{"name":"wp","href":"https:\/\/api.w.org\/{rel}","templated":true}]}}