{"id":169708,"date":"2026-01-24T09:43:00","date_gmt":"2026-01-24T12:43:00","guid":{"rendered":"https:\/\/portaltela.pt\/noticias\/2026\/01\/24\/norte-e-centro-de-portugal-cobertos-de-neve-com-imagens\/"},"modified":"2026-01-24T09:43:00","modified_gmt":"2026-01-24T12:43:00","slug":"norte-e-centro-de-portugal-cobertos-de-neve-com-imagens","status":"publish","type":"post","link":"https:\/\/portaltela.pt\/noticias\/2026\/01\/24\/norte-e-centro-de-portugal-cobertos-de-neve-com-imagens\/","title":{"rendered":"Norte e Centro de Portugal cobertos de neve, com imagens"},"content":{"rendered":"<p>A neve manteve-se persistente em v\u00e1rias zonas do territ\u00f3rio continental de Portugal, com as quedas a revelar-se mais intensas do que o habitual. Em algumas regi\u00f5es, as temperaturas baixas provocaram acumula\u00e7\u00e3o de neve, sobretudo nas serras, obrigando a tro\u00e7os de vias a ficarem em regime de interdi\u00e7\u00e3o tempor\u00e1ria durante a noite.<\/p>\n<p>Ao in\u00edcio da manh\u00e3, as estradas interditadas foram reabertas e n\u00e3o se registaram constrangimentos significativos ao tr\u00e2nsito nos concelhos afetados, segundo o Comando Sub-Regional de Emerg\u00eancia e Prote\u00e7\u00e3o Civil da Beira Baixa.<\/p>\n<h3>Beira Baixa: circula\u00e7\u00e3o normalizada<\/h3>\n<p>Durante a noite e madrugada de s\u00e1bado, a Estrada Nacional 351 entre Bra\u00e7al e Oleiros, e entre Bra\u00e7al e Proen\u00e7a-a-Nova esteve parcialmente interditada devido \u00e0 queda de neve. As serras do Moradal, em Oleiros, e das Corgas, em Proen\u00e7a-a-Nova, registaram acumula\u00e7\u00e3o de neve pela primeira vez desde 2010.<\/p>\n<p>No concelho de Castelo Branco, a encosta da serra da Gardunha, do lado de Louri\u00e7al do Campo, ficou tamb\u00e9m coberta de branco. Pela manh\u00e3, as vias interditadas foram reabertas e n\u00e3o houve impedimentos significativos no tr\u00e1fego.<\/p>\n<h3>Viana do Castelo: neve e gelo em vias habitualmente afetadas<\/h3>\n<p>No distrito, houve queda de chuva, gelo e neve nos locais habituais. O acesso a Santo Ant\u00f3nio de Vale de Poldros, em Mon\u00e7\u00e3o, permaneceu encerrado por motivos de seguran\u00e7a. A Prote\u00e7\u00e3o Civil manteve a ocorr\u00eancia de condi\u00e7\u00f5es meteorol\u00f3gicas adversas na regi\u00e3o, sem registo de incidentes maiores at\u00e9 ao momento.<\/p>\n","protected":false},"excerpt":{"rendered":"<ul>\n<li>A neve continua a cobrir v\u00e1rias \u00e1reas de Portugal continental, com queda mais intensa no Norte e Centro.<\/li>\n<li>No Tro\u00e7o da Estrada Nacional 351, entre Bra\u00e7al e Oleiros e entre Cunqueiros e Proen\u00e7a-a-Nova, esteve interditado ao tr\u00e2nsito durante a noite e madrugada, mas foram reabertas pela manh\u00e3.<\/li>\n<li>As serras do Moradal (Oleiros) e das Corgas (Proen\u00e7a-a-Nova) registaram acumula\u00e7\u00e3o de neve, algo n\u00e3o visto na regi\u00e3o desde 2010.<\/li>\n<li>Em Castelo Branco, a encosta da serra da Gardunha, do lado de Louri\u00e7al do Campo, ficou tamb\u00e9m branca.<\/li>\n<li>No distrito de Viana do Castelo houve chuva, gelo e neve nos locais habituais, com o acesso a Santo Ant\u00f3nio de Vale de Poldros, em Mon\u00e7\u00e3o, encerrado por seguran\u00e7a.<\/li>\n<\/ul>\n","protected":false},"author":2,"featured_media":169719,"comment_status":"closed","ping_status":"closed","sticky":false,"template":"","format":"standard","meta":{"footnotes":""},"categories":[1],"tags":[3670,1112,1083,2000,2389,1530],"class_list":["post-169708","post","type-post","status-publish","format-standard","has-post-thumbnail","hentry","category-noticias","tag-beira-baixa","tag-castelo-branco","tag-estradas","tag-moncao","tag-moradal","tag-viana-do-castelo"],"yoast_head":"<!-- This site is optimized with the Yoast SEO plugin v27.2 - https:\/\/yoast.com\/product\/yoast-seo-wordpress\/ -->\n<title>Norte e Centro de Portugal cobertos de neve, com imagens - Portal Tela Portugal<\/title>\n<meta name=\"robots\" content=\"index, follow, max-snippet:-1, max-image-preview:large, max-video-preview:-1\" \/>\n<meta property=\"og:locale\" content=\"pt_PT\" \/>\n<meta property=\"og:type\" content=\"article\" \/>\n<meta property=\"og:title\" content=\"Norte e Centro de Portugal cobertos de neve, com imagens - Portal Tela Portugal\" \/>\n<meta property=\"og:description\" content=\"A neve continua a cobrir v\u00e1rias \u00e1reas de Portugal continental, com queda mais intensa no Norte e Centro. No Tro\u00e7o da Estrada Nacional 351, entre Bra\u00e7al e Oleiros e entre Cunqueiros e Proen\u00e7a-a-Nova, esteve interditado ao tr\u00e2nsito durante a noite e madrugada, mas foram reabertas pela manh\u00e3. As serras do Moradal (Oleiros) e das Corgas (Proen\u00e7a-a-Nova) registaram acumula\u00e7\u00e3o de neve, algo n\u00e3o visto na regi\u00e3o desde 2010. Em Castelo Branco, a encosta da serra da Gardunha, do lado de Louri\u00e7al do Campo, ficou tamb\u00e9m branca. No distrito de Viana do Castelo houve chuva, gelo e neve nos locais habituais, com o acesso a Santo Ant\u00f3nio de Vale de Poldros, em Mon\u00e7\u00e3o, encerrado por seguran\u00e7a.\" \/>\n<meta property=\"og:url\" content=\"https:\/\/portaltela.pt\/noticias\/2026\/01\/24\/norte-e-centro-de-portugal-cobertos-de-neve-com-imagens\/\" \/>\n<meta property=\"og:site_name\" content=\"Portal Tela Portugal\" \/>\n<meta property=\"article:published_time\" content=\"2026-01-24T12:43:00+00:00\" \/>\n<meta name=\"author\" content=\"Telinha\" \/>\n<meta name=\"twitter:card\" content=\"summary_large_image\" \/>\n<meta name=\"twitter:label1\" content=\"Escrito por\" \/>\n\t<meta name=\"twitter:data1\" content=\"Telinha\" \/>\n\t<meta name=\"twitter:label2\" content=\"Tempo estimado de leitura\" \/>\n\t<meta name=\"twitter:data2\" content=\"1 minuto\" \/>\n<script type=\"application\/ld+json\" class=\"yoast-schema-graph\">{\"@context\":\"https:\/\/schema.org\",\"@graph\":[{\"@type\":\"Article\",\"@id\":\"https:\/\/portaltela.pt\/noticias\/2026\/01\/24\/norte-e-centro-de-portugal-cobertos-de-neve-com-imagens\/#article\",\"isPartOf\":{\"@id\":\"https:\/\/portaltela.pt\/noticias\/2026\/01\/24\/norte-e-centro-de-portugal-cobertos-de-neve-com-imagens\/\"},\"author\":{\"name\":\"Telinha\",\"@id\":\"https:\/\/portaltela.pt\/#\/schema\/person\/c4278d4a6028830caff9ee44b42d32ed\"},\"headline\":\"Norte e Centro de Portugal cobertos de neve, com imagens\",\"datePublished\":\"2026-01-24T12:43:00+00:00\",\"mainEntityOfPage\":{\"@id\":\"https:\/\/portaltela.pt\/noticias\/2026\/01\/24\/norte-e-centro-de-portugal-cobertos-de-neve-com-imagens\/\"},\"wordCount\":268,\"image\":{\"@id\":\"https:\/\/portaltela.pt\/noticias\/2026\/01\/24\/norte-e-centro-de-portugal-cobertos-de-neve-com-imagens\/#primaryimage\"},\"thumbnailUrl\":\"https:\/\/portaltela.pt\/s.01k8rhncp4jt1\/2026\/01\/image-1625.jpg\",\"keywords\":[\"Beira Baixa\",\"Castelo Branco\",\"estradas\",\"Mon\u00e7\u00e3o\",\"Moradal\",\"Viana do Castelo\"],\"articleSection\":[\"Not\u00edcias\"],\"inLanguage\":\"pt-PT\"},{\"@type\":\"WebPage\",\"@id\":\"https:\/\/portaltela.pt\/noticias\/2026\/01\/24\/norte-e-centro-de-portugal-cobertos-de-neve-com-imagens\/\",\"url\":\"https:\/\/portaltela.pt\/noticias\/2026\/01\/24\/norte-e-centro-de-portugal-cobertos-de-neve-com-imagens\/\",\"name\":\"Norte e Centro de Portugal cobertos de neve, com imagens - Portal Tela Portugal\",\"isPartOf\":{\"@id\":\"https:\/\/portaltela.pt\/#website\"},\"primaryImageOfPage\":{\"@id\":\"https:\/\/portaltela.pt\/noticias\/2026\/01\/24\/norte-e-centro-de-portugal-cobertos-de-neve-com-imagens\/#primaryimage\"},\"image\":{\"@id\":\"https:\/\/portaltela.pt\/noticias\/2026\/01\/24\/norte-e-centro-de-portugal-cobertos-de-neve-com-imagens\/#primaryimage\"},\"thumbnailUrl\":\"https:\/\/portaltela.pt\/s.01k8rhncp4jt1\/2026\/01\/image-1625.jpg\",\"datePublished\":\"2026-01-24T12:43:00+00:00\",\"author\":{\"@id\":\"https:\/\/portaltela.pt\/#\/schema\/person\/c4278d4a6028830caff9ee44b42d32ed\"},\"breadcrumb\":{\"@id\":\"https:\/\/portaltela.pt\/noticias\/2026\/01\/24\/norte-e-centro-de-portugal-cobertos-de-neve-com-imagens\/#breadcrumb\"},\"inLanguage\":\"pt-PT\",\"potentialAction\":[{\"@type\":\"ReadAction\",\"target\":[\"https:\/\/portaltela.pt\/noticias\/2026\/01\/24\/norte-e-centro-de-portugal-cobertos-de-neve-com-imagens\/\"]}]},{\"@type\":\"ImageObject\",\"inLanguage\":\"pt-PT\",\"@id\":\"https:\/\/portaltela.pt\/noticias\/2026\/01\/24\/norte-e-centro-de-portugal-cobertos-de-neve-com-imagens\/#primaryimage\",\"url\":\"https:\/\/portaltela.pt\/s.01k8rhncp4jt1\/2026\/01\/image-1625.jpg\",\"contentUrl\":\"https:\/\/portaltela.pt\/s.01k8rhncp4jt1\/2026\/01\/image-1625.jpg\",\"width\":796,\"height\":448,\"caption\":\"Foto: Eduardo Pinto\"},{\"@type\":\"BreadcrumbList\",\"@id\":\"https:\/\/portaltela.pt\/noticias\/2026\/01\/24\/norte-e-centro-de-portugal-cobertos-de-neve-com-imagens\/#breadcrumb\",\"itemListElement\":[{\"@type\":\"ListItem\",\"position\":1,\"name\":\"In\u00edcio\",\"item\":\"https:\/\/portaltela.pt\/\"},{\"@type\":\"ListItem\",\"position\":2,\"name\":\"Norte e Centro de Portugal cobertos de neve, com imagens\"}]},{\"@type\":\"WebSite\",\"@id\":\"https:\/\/portaltela.pt\/#website\",\"url\":\"https:\/\/portaltela.pt\/\",\"name\":\"Portal Tela Portugal\",\"description\":\"\",\"potentialAction\":[{\"@type\":\"SearchAction\",\"target\":{\"@type\":\"EntryPoint\",\"urlTemplate\":\"https:\/\/portaltela.pt\/?s={search_term_string}\"},\"query-input\":{\"@type\":\"PropertyValueSpecification\",\"valueRequired\":true,\"valueName\":\"search_term_string\"}}],\"inLanguage\":\"pt-PT\"},{\"@type\":\"Person\",\"@id\":\"https:\/\/portaltela.pt\/#\/schema\/person\/c4278d4a6028830caff9ee44b42d32ed\",\"name\":\"Telinha\",\"image\":{\"@type\":\"ImageObject\",\"inLanguage\":\"pt-PT\",\"@id\":\"https:\/\/portaltela.pt\/s.01k8rhncp4jt1\/2025\/11\/talking-bot-125x125.png\",\"url\":\"https:\/\/portaltela.pt\/s.01k8rhncp4jt1\/2025\/11\/talking-bot-125x125.png\",\"contentUrl\":\"https:\/\/portaltela.pt\/s.01k8rhncp4jt1\/2025\/11\/talking-bot-125x125.png\",\"caption\":\"Telinha\"},\"sameAs\":[\"https:\/\/portaltela.pt\/\"],\"url\":\"https:\/\/portaltela.pt\/por\/367410592786\/\"}]}<\/script>\n<!-- \/ Yoast SEO plugin. -->","yoast_head_json":{"title":"Norte e Centro de Portugal cobertos de neve, com imagens - Portal Tela Portugal","robots":{"index":"index","follow":"follow","max-snippet":"max-snippet:-1","max-image-preview":"max-image-preview:large","max-video-preview":"max-video-preview:-1"},"og_locale":"pt_PT","og_type":"article","og_title":"Norte e Centro de Portugal cobertos de neve, com imagens - Portal Tela Portugal","og_description":"A neve continua a cobrir v\u00e1rias \u00e1reas de Portugal continental, com queda mais intensa no Norte e Centro. No Tro\u00e7o da Estrada Nacional 351, entre Bra\u00e7al e Oleiros e entre Cunqueiros e Proen\u00e7a-a-Nova, esteve interditado ao tr\u00e2nsito durante a noite e madrugada, mas foram reabertas pela manh\u00e3. As serras do Moradal (Oleiros) e das Corgas (Proen\u00e7a-a-Nova) registaram acumula\u00e7\u00e3o de neve, algo n\u00e3o visto na regi\u00e3o desde 2010. Em Castelo Branco, a encosta da serra da Gardunha, do lado de Louri\u00e7al do Campo, ficou tamb\u00e9m branca. No distrito de Viana do Castelo houve chuva, gelo e neve nos locais habituais, com o acesso a Santo Ant\u00f3nio de Vale de Poldros, em Mon\u00e7\u00e3o, encerrado por seguran\u00e7a.","og_url":"https:\/\/portaltela.pt\/noticias\/2026\/01\/24\/norte-e-centro-de-portugal-cobertos-de-neve-com-imagens\/","og_site_name":"Portal Tela Portugal","article_published_time":"2026-01-24T12:43:00+00:00","author":"Telinha","twitter_card":"summary_large_image","twitter_misc":{"Escrito por":"Telinha","Tempo estimado de leitura":"1 minuto"},"schema":{"@context":"https:\/\/schema.org","@graph":[{"@type":"Article","@id":"https:\/\/portaltela.pt\/noticias\/2026\/01\/24\/norte-e-centro-de-portugal-cobertos-de-neve-com-imagens\/#article","isPartOf":{"@id":"https:\/\/portaltela.pt\/noticias\/2026\/01\/24\/norte-e-centro-de-portugal-cobertos-de-neve-com-imagens\/"},"author":{"name":"Telinha","@id":"https:\/\/portaltela.pt\/#\/schema\/person\/c4278d4a6028830caff9ee44b42d32ed"},"headline":"Norte e Centro de Portugal cobertos de neve, com imagens","datePublished":"2026-01-24T12:43:00+00:00","mainEntityOfPage":{"@id":"https:\/\/portaltela.pt\/noticias\/2026\/01\/24\/norte-e-centro-de-portugal-cobertos-de-neve-com-imagens\/"},"wordCount":268,"image":{"@id":"https:\/\/portaltela.pt\/noticias\/2026\/01\/24\/norte-e-centro-de-portugal-cobertos-de-neve-com-imagens\/#primaryimage"},"thumbnailUrl":"https:\/\/portaltela.pt\/s.01k8rhncp4jt1\/2026\/01\/image-1625.jpg","keywords":["Beira Baixa","Castelo Branco","estradas","Mon\u00e7\u00e3o","Moradal","Viana do Castelo"],"articleSection":["Not\u00edcias"],"inLanguage":"pt-PT"},{"@type":"WebPage","@id":"https:\/\/portaltela.pt\/noticias\/2026\/01\/24\/norte-e-centro-de-portugal-cobertos-de-neve-com-imagens\/","url":"https:\/\/portaltela.pt\/noticias\/2026\/01\/24\/norte-e-centro-de-portugal-cobertos-de-neve-com-imagens\/","name":"Norte e Centro de Portugal cobertos de neve, com imagens - Portal Tela Portugal","isPartOf":{"@id":"https:\/\/portaltela.pt\/#website"},"primaryImageOfPage":{"@id":"https:\/\/portaltela.pt\/noticias\/2026\/01\/24\/norte-e-centro-de-portugal-cobertos-de-neve-com-imagens\/#primaryimage"},"image":{"@id":"https:\/\/portaltela.pt\/noticias\/2026\/01\/24\/norte-e-centro-de-portugal-cobertos-de-neve-com-imagens\/#primaryimage"},"thumbnailUrl":"https:\/\/portaltela.pt\/s.01k8rhncp4jt1\/2026\/01\/image-1625.jpg","datePublished":"2026-01-24T12:43:00+00:00","author":{"@id":"https:\/\/portaltela.pt\/#\/schema\/person\/c4278d4a6028830caff9ee44b42d32ed"},"breadcrumb":{"@id":"https:\/\/portaltela.pt\/noticias\/2026\/01\/24\/norte-e-centro-de-portugal-cobertos-de-neve-com-imagens\/#breadcrumb"},"inLanguage":"pt-PT","potentialAction":[{"@type":"ReadAction","target":["https:\/\/portaltela.pt\/noticias\/2026\/01\/24\/norte-e-centro-de-portugal-cobertos-de-neve-com-imagens\/"]}]},{"@type":"ImageObject","inLanguage":"pt-PT","@id":"https:\/\/portaltela.pt\/noticias\/2026\/01\/24\/norte-e-centro-de-portugal-cobertos-de-neve-com-imagens\/#primaryimage","url":"https:\/\/portaltela.pt\/s.01k8rhncp4jt1\/2026\/01\/image-1625.jpg","contentUrl":"https:\/\/portaltela.pt\/s.01k8rhncp4jt1\/2026\/01\/image-1625.jpg","width":796,"height":448,"caption":"Foto: Eduardo Pinto"},{"@type":"BreadcrumbList","@id":"https:\/\/portaltela.pt\/noticias\/2026\/01\/24\/norte-e-centro-de-portugal-cobertos-de-neve-com-imagens\/#breadcrumb","itemListElement":[{"@type":"ListItem","position":1,"name":"In\u00edcio","item":"https:\/\/portaltela.pt\/"},{"@type":"ListItem","position":2,"name":"Norte e Centro de Portugal cobertos de neve, com imagens"}]},{"@type":"WebSite","@id":"https:\/\/portaltela.pt\/#website","url":"https:\/\/portaltela.pt\/","name":"Portal Tela Portugal","description":"","potentialAction":[{"@type":"SearchAction","target":{"@type":"EntryPoint","urlTemplate":"https:\/\/portaltela.pt\/?s={search_term_string}"},"query-input":{"@type":"PropertyValueSpecification","valueRequired":true,"valueName":"search_term_string"}}],"inLanguage":"pt-PT"},{"@type":"Person","@id":"https:\/\/portaltela.pt\/#\/schema\/person\/c4278d4a6028830caff9ee44b42d32ed","name":"Telinha","image":{"@type":"ImageObject","inLanguage":"pt-PT","@id":"https:\/\/portaltela.pt\/s.01k8rhncp4jt1\/2025\/11\/talking-bot-125x125.png","url":"https:\/\/portaltela.pt\/s.01k8rhncp4jt1\/2025\/11\/talking-bot-125x125.png","contentUrl":"https:\/\/portaltela.pt\/s.01k8rhncp4jt1\/2025\/11\/talking-bot-125x125.png","caption":"Telinha"},"sameAs":["https:\/\/portaltela.pt\/"],"url":"https:\/\/portaltela.pt\/por\/367410592786\/"}]}},"_links":{"self":[{"href":"https:\/\/portaltela.pt\/api\/wp\/v2\/posts\/169708","targetHints":{"allow":["GET"]}}],"collection":[{"href":"https:\/\/portaltela.pt\/api\/wp\/v2\/posts"}],"about":[{"href":"https:\/\/portaltela.pt\/api\/wp\/v2\/types\/post"}],"author":[{"embeddable":true,"href":"https:\/\/portaltela.pt\/api\/wp\/v2\/users\/2"}],"replies":[{"embeddable":true,"href":"https:\/\/portaltela.pt\/api\/wp\/v2\/comments?post=169708"}],"version-history":[{"count":0,"href":"https:\/\/portaltela.pt\/api\/wp\/v2\/posts\/169708\/revisions"}],"wp:featuredmedia":[{"embeddable":true,"href":"https:\/\/portaltela.pt\/api\/wp\/v2\/media\/169719"}],"wp:attachment":[{"href":"https:\/\/portaltela.pt\/api\/wp\/v2\/media?parent=169708"}],"wp:term":[{"taxonomy":"category","embeddable":true,"href":"https:\/\/portaltela.pt\/api\/wp\/v2\/categories?post=169708"},{"taxonomy":"post_tag","embeddable":true,"href":"https:\/\/portaltela.pt\/api\/wp\/v2\/tags?post=169708"}],"curies":[{"name":"wp","href":"https:\/\/api.w.org\/{rel}","templated":true}]}}