{"id":169613,"date":"2026-01-24T08:57:00","date_gmt":"2026-01-24T11:57:00","guid":{"rendered":"https:\/\/portaltela.pt\/noticias\/2026\/01\/24\/vincent-paronnaud-afirma-que-a-mensagem-do-filme-e-adequada-para-todas-as-idades\/"},"modified":"2026-01-24T08:57:00","modified_gmt":"2026-01-24T11:57:00","slug":"vincent-paronnaud-afirma-que-a-mensagem-do-filme-e-adequada-para-todas-as-idades","status":"publish","type":"post","link":"https:\/\/portaltela.pt\/noticias\/2026\/01\/24\/vincent-paronnaud-afirma-que-a-mensagem-do-filme-e-adequada-para-todas-as-idades\/","title":{"rendered":"Vincent Paronnaud afirma que a mensagem do filme \u00e9 adequada para todas as idades"},"content":{"rendered":"<p>Vincent Paronnaud participou numa entrevista com o JN para falar de \u00c2ngelo na Floresta Maravilhosa, novo filme de anima\u00e7\u00e3o que j\u00e1 est\u00e1 nos cinema. A obra acompanha a hist\u00f3ria de \u00c2ngelo, um rapaz de dez anos que sonha ser explorador e zo\u00f3logo.<\/p>\n<p>Durante uma visita \u00e0 av\u00f3, os pais esquecem o filho numa esta\u00e7\u00e3o de servi\u00e7o. Para o encontrar, \u00c2ngelo parte \u00e0 passagem por uma floresta povoada por seres estranhos, numa aventura que cruza fantasia e desafio.<\/p>\n<p>O filme estreou mundialmente em Cannes e chegou agora \u00e0s salas de cinema nacionais. Paronnaud, que dirige grande parte da realiza\u00e7\u00e3o, trabalha em conjunto com Alexis Ducord para a produ\u00e7\u00e3o.<\/p>\n<p>Vincent Paronnaud recordou ainda a passagem pela dupla dire\u00e7\u00e3o de Persepolis, nomeada ao \u00d3scar, e explicou que a mensagem da nova produ\u00e7\u00e3o \u00e9 adequada tanto para crian\u00e7as como para adultos. A obra resulta de uma coprodu\u00e7\u00e3o entre equipas com liga\u00e7\u00e3o a v\u00e1rias cidades.<\/p>\n<h3>Sobre o filme e a produ\u00e7\u00e3o<\/h3>\n<p>A entrevista com o diretor oferece detalhes sobre o enredo, o conceito visual e as raz\u00f5es para a escolha de certos elementos narrativos que visam ampliar o p\u00fablico-alvo. Paronnaud destacu a import\u00e2ncia de manter a curiosidade e a imagina\u00e7\u00e3o como motores da hist\u00f3ria.<\/p>\n","protected":false},"excerpt":{"rendered":"<ul>\n<li>Vincent Paronnaud concedeu uma entrevista ao Jornal de Not\u00edcias (JN) sobre o filme &#8220;\u00c2ngelo na Floresta Maravilhosa&#8221;, que j\u00e1 est\u00e1 nas salas de cinema.<\/li>\n<li>A hist\u00f3ria acompanha \u00c2ngelo, um garoto de dez anos que sonha ser explorador e zo\u00f3logo, que fica perdido ap\u00f3s os pais o esquecerem numa esta\u00e7\u00e3o de servi\u00e7o, levando-o a atravessar uma floresta habitada por seres estranhos.<\/li>\n<li>A anima\u00e7\u00e3o estreou mundialmente em Cannes e chegou recentemente aos cinemas.<\/li>\n<li>Paronnaud dirige a anima\u00e7\u00e3o em parceria com Alexis Ducord, j\u00e1 tendo co-criado o filme &#8220;Persepolis&#8221; com Marjane Satrapi, e tendo sido nomeado para um \u00d3scar.<\/li>\n<\/ul>\n","protected":false},"author":2,"featured_media":169655,"comment_status":"closed","ping_status":"closed","sticky":false,"template":"","format":"standard","meta":{"footnotes":""},"categories":[1],"tags":[70,112,3953,145,113,1462],"class_list":["post-169613","post","type-post","status-publish","format-standard","has-post-thumbnail","hentry","category-noticias","tag-arte","tag-cinema","tag-criancas","tag-cultura","tag-filmes-e-series","tag-producao-de-conteudos-com-menores"],"yoast_head":"<!-- This site is optimized with the Yoast SEO plugin v27.2 - https:\/\/yoast.com\/product\/yoast-seo-wordpress\/ -->\n<title>Vincent Paronnaud afirma que a mensagem do filme \u00e9 adequada para todas as idades - Portal Tela Portugal<\/title>\n<meta name=\"robots\" content=\"index, follow, max-snippet:-1, max-image-preview:large, max-video-preview:-1\" \/>\n<meta property=\"og:locale\" content=\"pt_PT\" \/>\n<meta property=\"og:type\" content=\"article\" \/>\n<meta property=\"og:title\" content=\"Vincent Paronnaud afirma que a mensagem do filme \u00e9 adequada para todas as idades - Portal Tela Portugal\" \/>\n<meta property=\"og:description\" content=\"Vincent Paronnaud concedeu uma entrevista ao Jornal de Not\u00edcias (JN) sobre o filme &quot;\u00c2ngelo na Floresta Maravilhosa&quot;, que j\u00e1 est\u00e1 nas salas de cinema. A hist\u00f3ria acompanha \u00c2ngelo, um garoto de dez anos que sonha ser explorador e zo\u00f3logo, que fica perdido ap\u00f3s os pais o esquecerem numa esta\u00e7\u00e3o de servi\u00e7o, levando-o a atravessar uma floresta habitada por seres estranhos. A anima\u00e7\u00e3o estreou mundialmente em Cannes e chegou recentemente aos cinemas. Paronnaud dirige a anima\u00e7\u00e3o em parceria com Alexis Ducord, j\u00e1 tendo co-criado o filme &quot;Persepolis&quot; com Marjane Satrapi, e tendo sido nomeado para um \u00d3scar.\" \/>\n<meta property=\"og:url\" content=\"https:\/\/portaltela.pt\/noticias\/2026\/01\/24\/vincent-paronnaud-afirma-que-a-mensagem-do-filme-e-adequada-para-todas-as-idades\/\" \/>\n<meta property=\"og:site_name\" content=\"Portal Tela Portugal\" \/>\n<meta property=\"article:published_time\" content=\"2026-01-24T11:57:00+00:00\" \/>\n<meta name=\"author\" content=\"Telinha\" \/>\n<meta name=\"twitter:card\" content=\"summary_large_image\" \/>\n<meta name=\"twitter:label1\" content=\"Escrito por\" \/>\n\t<meta name=\"twitter:data1\" content=\"Telinha\" \/>\n\t<meta name=\"twitter:label2\" content=\"Tempo estimado de leitura\" \/>\n\t<meta name=\"twitter:data2\" content=\"1 minuto\" \/>\n<script type=\"application\/ld+json\" class=\"yoast-schema-graph\">{\"@context\":\"https:\/\/schema.org\",\"@graph\":[{\"@type\":\"Article\",\"@id\":\"https:\/\/portaltela.pt\/noticias\/2026\/01\/24\/vincent-paronnaud-afirma-que-a-mensagem-do-filme-e-adequada-para-todas-as-idades\/#article\",\"isPartOf\":{\"@id\":\"https:\/\/portaltela.pt\/noticias\/2026\/01\/24\/vincent-paronnaud-afirma-que-a-mensagem-do-filme-e-adequada-para-todas-as-idades\/\"},\"author\":{\"name\":\"Telinha\",\"@id\":\"https:\/\/portaltela.pt\/#\/schema\/person\/c4278d4a6028830caff9ee44b42d32ed\"},\"headline\":\"Vincent Paronnaud afirma que a mensagem do filme \u00e9 adequada para todas as idades\",\"datePublished\":\"2026-01-24T11:57:00+00:00\",\"mainEntityOfPage\":{\"@id\":\"https:\/\/portaltela.pt\/noticias\/2026\/01\/24\/vincent-paronnaud-afirma-que-a-mensagem-do-filme-e-adequada-para-todas-as-idades\/\"},\"wordCount\":228,\"image\":{\"@id\":\"https:\/\/portaltela.pt\/noticias\/2026\/01\/24\/vincent-paronnaud-afirma-que-a-mensagem-do-filme-e-adequada-para-todas-as-idades\/#primaryimage\"},\"thumbnailUrl\":\"https:\/\/portaltela.pt\/s.01k8rhncp4jt1\/2026\/01\/image-1621.jpg\",\"keywords\":[\"arte\",\"cinema\",\"crian\u00e7as\",\"cultura\",\"filmes e s\u00e9ries\",\"produ\u00e7\u00e3o de conte\u00fados com menores\"],\"articleSection\":[\"Not\u00edcias\"],\"inLanguage\":\"pt-PT\"},{\"@type\":\"WebPage\",\"@id\":\"https:\/\/portaltela.pt\/noticias\/2026\/01\/24\/vincent-paronnaud-afirma-que-a-mensagem-do-filme-e-adequada-para-todas-as-idades\/\",\"url\":\"https:\/\/portaltela.pt\/noticias\/2026\/01\/24\/vincent-paronnaud-afirma-que-a-mensagem-do-filme-e-adequada-para-todas-as-idades\/\",\"name\":\"Vincent Paronnaud afirma que a mensagem do filme \u00e9 adequada para todas as idades - Portal Tela Portugal\",\"isPartOf\":{\"@id\":\"https:\/\/portaltela.pt\/#website\"},\"primaryImageOfPage\":{\"@id\":\"https:\/\/portaltela.pt\/noticias\/2026\/01\/24\/vincent-paronnaud-afirma-que-a-mensagem-do-filme-e-adequada-para-todas-as-idades\/#primaryimage\"},\"image\":{\"@id\":\"https:\/\/portaltela.pt\/noticias\/2026\/01\/24\/vincent-paronnaud-afirma-que-a-mensagem-do-filme-e-adequada-para-todas-as-idades\/#primaryimage\"},\"thumbnailUrl\":\"https:\/\/portaltela.pt\/s.01k8rhncp4jt1\/2026\/01\/image-1621.jpg\",\"datePublished\":\"2026-01-24T11:57:00+00:00\",\"author\":{\"@id\":\"https:\/\/portaltela.pt\/#\/schema\/person\/c4278d4a6028830caff9ee44b42d32ed\"},\"breadcrumb\":{\"@id\":\"https:\/\/portaltela.pt\/noticias\/2026\/01\/24\/vincent-paronnaud-afirma-que-a-mensagem-do-filme-e-adequada-para-todas-as-idades\/#breadcrumb\"},\"inLanguage\":\"pt-PT\",\"potentialAction\":[{\"@type\":\"ReadAction\",\"target\":[\"https:\/\/portaltela.pt\/noticias\/2026\/01\/24\/vincent-paronnaud-afirma-que-a-mensagem-do-filme-e-adequada-para-todas-as-idades\/\"]}]},{\"@type\":\"ImageObject\",\"inLanguage\":\"pt-PT\",\"@id\":\"https:\/\/portaltela.pt\/noticias\/2026\/01\/24\/vincent-paronnaud-afirma-que-a-mensagem-do-filme-e-adequada-para-todas-as-idades\/#primaryimage\",\"url\":\"https:\/\/portaltela.pt\/s.01k8rhncp4jt1\/2026\/01\/image-1621.jpg\",\"contentUrl\":\"https:\/\/portaltela.pt\/s.01k8rhncp4jt1\/2026\/01\/image-1621.jpg\",\"width\":796,\"height\":448,\"caption\":\"Vincent Paronnaud\"},{\"@type\":\"BreadcrumbList\",\"@id\":\"https:\/\/portaltela.pt\/noticias\/2026\/01\/24\/vincent-paronnaud-afirma-que-a-mensagem-do-filme-e-adequada-para-todas-as-idades\/#breadcrumb\",\"itemListElement\":[{\"@type\":\"ListItem\",\"position\":1,\"name\":\"In\u00edcio\",\"item\":\"https:\/\/portaltela.pt\/\"},{\"@type\":\"ListItem\",\"position\":2,\"name\":\"Vincent Paronnaud afirma que a mensagem do filme \u00e9 adequada para todas as idades\"}]},{\"@type\":\"WebSite\",\"@id\":\"https:\/\/portaltela.pt\/#website\",\"url\":\"https:\/\/portaltela.pt\/\",\"name\":\"Portal Tela Portugal\",\"description\":\"\",\"potentialAction\":[{\"@type\":\"SearchAction\",\"target\":{\"@type\":\"EntryPoint\",\"urlTemplate\":\"https:\/\/portaltela.pt\/?s={search_term_string}\"},\"query-input\":{\"@type\":\"PropertyValueSpecification\",\"valueRequired\":true,\"valueName\":\"search_term_string\"}}],\"inLanguage\":\"pt-PT\"},{\"@type\":\"Person\",\"@id\":\"https:\/\/portaltela.pt\/#\/schema\/person\/c4278d4a6028830caff9ee44b42d32ed\",\"name\":\"Telinha\",\"image\":{\"@type\":\"ImageObject\",\"inLanguage\":\"pt-PT\",\"@id\":\"https:\/\/portaltela.pt\/s.01k8rhncp4jt1\/2025\/11\/talking-bot-125x125.png\",\"url\":\"https:\/\/portaltela.pt\/s.01k8rhncp4jt1\/2025\/11\/talking-bot-125x125.png\",\"contentUrl\":\"https:\/\/portaltela.pt\/s.01k8rhncp4jt1\/2025\/11\/talking-bot-125x125.png\",\"caption\":\"Telinha\"},\"sameAs\":[\"https:\/\/portaltela.pt\/\"],\"url\":\"https:\/\/portaltela.pt\/por\/367410592786\/\"}]}<\/script>\n<!-- \/ Yoast SEO plugin. -->","yoast_head_json":{"title":"Vincent Paronnaud afirma que a mensagem do filme \u00e9 adequada para todas as idades - Portal Tela Portugal","robots":{"index":"index","follow":"follow","max-snippet":"max-snippet:-1","max-image-preview":"max-image-preview:large","max-video-preview":"max-video-preview:-1"},"og_locale":"pt_PT","og_type":"article","og_title":"Vincent Paronnaud afirma que a mensagem do filme \u00e9 adequada para todas as idades - Portal Tela Portugal","og_description":"Vincent Paronnaud concedeu uma entrevista ao Jornal de Not\u00edcias (JN) sobre o filme \"\u00c2ngelo na Floresta Maravilhosa\", que j\u00e1 est\u00e1 nas salas de cinema. A hist\u00f3ria acompanha \u00c2ngelo, um garoto de dez anos que sonha ser explorador e zo\u00f3logo, que fica perdido ap\u00f3s os pais o esquecerem numa esta\u00e7\u00e3o de servi\u00e7o, levando-o a atravessar uma floresta habitada por seres estranhos. A anima\u00e7\u00e3o estreou mundialmente em Cannes e chegou recentemente aos cinemas. Paronnaud dirige a anima\u00e7\u00e3o em parceria com Alexis Ducord, j\u00e1 tendo co-criado o filme \"Persepolis\" com Marjane Satrapi, e tendo sido nomeado para um \u00d3scar.","og_url":"https:\/\/portaltela.pt\/noticias\/2026\/01\/24\/vincent-paronnaud-afirma-que-a-mensagem-do-filme-e-adequada-para-todas-as-idades\/","og_site_name":"Portal Tela Portugal","article_published_time":"2026-01-24T11:57:00+00:00","author":"Telinha","twitter_card":"summary_large_image","twitter_misc":{"Escrito por":"Telinha","Tempo estimado de leitura":"1 minuto"},"schema":{"@context":"https:\/\/schema.org","@graph":[{"@type":"Article","@id":"https:\/\/portaltela.pt\/noticias\/2026\/01\/24\/vincent-paronnaud-afirma-que-a-mensagem-do-filme-e-adequada-para-todas-as-idades\/#article","isPartOf":{"@id":"https:\/\/portaltela.pt\/noticias\/2026\/01\/24\/vincent-paronnaud-afirma-que-a-mensagem-do-filme-e-adequada-para-todas-as-idades\/"},"author":{"name":"Telinha","@id":"https:\/\/portaltela.pt\/#\/schema\/person\/c4278d4a6028830caff9ee44b42d32ed"},"headline":"Vincent Paronnaud afirma que a mensagem do filme \u00e9 adequada para todas as idades","datePublished":"2026-01-24T11:57:00+00:00","mainEntityOfPage":{"@id":"https:\/\/portaltela.pt\/noticias\/2026\/01\/24\/vincent-paronnaud-afirma-que-a-mensagem-do-filme-e-adequada-para-todas-as-idades\/"},"wordCount":228,"image":{"@id":"https:\/\/portaltela.pt\/noticias\/2026\/01\/24\/vincent-paronnaud-afirma-que-a-mensagem-do-filme-e-adequada-para-todas-as-idades\/#primaryimage"},"thumbnailUrl":"https:\/\/portaltela.pt\/s.01k8rhncp4jt1\/2026\/01\/image-1621.jpg","keywords":["arte","cinema","crian\u00e7as","cultura","filmes e s\u00e9ries","produ\u00e7\u00e3o de conte\u00fados com menores"],"articleSection":["Not\u00edcias"],"inLanguage":"pt-PT"},{"@type":"WebPage","@id":"https:\/\/portaltela.pt\/noticias\/2026\/01\/24\/vincent-paronnaud-afirma-que-a-mensagem-do-filme-e-adequada-para-todas-as-idades\/","url":"https:\/\/portaltela.pt\/noticias\/2026\/01\/24\/vincent-paronnaud-afirma-que-a-mensagem-do-filme-e-adequada-para-todas-as-idades\/","name":"Vincent Paronnaud afirma que a mensagem do filme \u00e9 adequada para todas as idades - Portal Tela Portugal","isPartOf":{"@id":"https:\/\/portaltela.pt\/#website"},"primaryImageOfPage":{"@id":"https:\/\/portaltela.pt\/noticias\/2026\/01\/24\/vincent-paronnaud-afirma-que-a-mensagem-do-filme-e-adequada-para-todas-as-idades\/#primaryimage"},"image":{"@id":"https:\/\/portaltela.pt\/noticias\/2026\/01\/24\/vincent-paronnaud-afirma-que-a-mensagem-do-filme-e-adequada-para-todas-as-idades\/#primaryimage"},"thumbnailUrl":"https:\/\/portaltela.pt\/s.01k8rhncp4jt1\/2026\/01\/image-1621.jpg","datePublished":"2026-01-24T11:57:00+00:00","author":{"@id":"https:\/\/portaltela.pt\/#\/schema\/person\/c4278d4a6028830caff9ee44b42d32ed"},"breadcrumb":{"@id":"https:\/\/portaltela.pt\/noticias\/2026\/01\/24\/vincent-paronnaud-afirma-que-a-mensagem-do-filme-e-adequada-para-todas-as-idades\/#breadcrumb"},"inLanguage":"pt-PT","potentialAction":[{"@type":"ReadAction","target":["https:\/\/portaltela.pt\/noticias\/2026\/01\/24\/vincent-paronnaud-afirma-que-a-mensagem-do-filme-e-adequada-para-todas-as-idades\/"]}]},{"@type":"ImageObject","inLanguage":"pt-PT","@id":"https:\/\/portaltela.pt\/noticias\/2026\/01\/24\/vincent-paronnaud-afirma-que-a-mensagem-do-filme-e-adequada-para-todas-as-idades\/#primaryimage","url":"https:\/\/portaltela.pt\/s.01k8rhncp4jt1\/2026\/01\/image-1621.jpg","contentUrl":"https:\/\/portaltela.pt\/s.01k8rhncp4jt1\/2026\/01\/image-1621.jpg","width":796,"height":448,"caption":"Vincent Paronnaud"},{"@type":"BreadcrumbList","@id":"https:\/\/portaltela.pt\/noticias\/2026\/01\/24\/vincent-paronnaud-afirma-que-a-mensagem-do-filme-e-adequada-para-todas-as-idades\/#breadcrumb","itemListElement":[{"@type":"ListItem","position":1,"name":"In\u00edcio","item":"https:\/\/portaltela.pt\/"},{"@type":"ListItem","position":2,"name":"Vincent Paronnaud afirma que a mensagem do filme \u00e9 adequada para todas as idades"}]},{"@type":"WebSite","@id":"https:\/\/portaltela.pt\/#website","url":"https:\/\/portaltela.pt\/","name":"Portal Tela Portugal","description":"","potentialAction":[{"@type":"SearchAction","target":{"@type":"EntryPoint","urlTemplate":"https:\/\/portaltela.pt\/?s={search_term_string}"},"query-input":{"@type":"PropertyValueSpecification","valueRequired":true,"valueName":"search_term_string"}}],"inLanguage":"pt-PT"},{"@type":"Person","@id":"https:\/\/portaltela.pt\/#\/schema\/person\/c4278d4a6028830caff9ee44b42d32ed","name":"Telinha","image":{"@type":"ImageObject","inLanguage":"pt-PT","@id":"https:\/\/portaltela.pt\/s.01k8rhncp4jt1\/2025\/11\/talking-bot-125x125.png","url":"https:\/\/portaltela.pt\/s.01k8rhncp4jt1\/2025\/11\/talking-bot-125x125.png","contentUrl":"https:\/\/portaltela.pt\/s.01k8rhncp4jt1\/2025\/11\/talking-bot-125x125.png","caption":"Telinha"},"sameAs":["https:\/\/portaltela.pt\/"],"url":"https:\/\/portaltela.pt\/por\/367410592786\/"}]}},"_links":{"self":[{"href":"https:\/\/portaltela.pt\/api\/wp\/v2\/posts\/169613","targetHints":{"allow":["GET"]}}],"collection":[{"href":"https:\/\/portaltela.pt\/api\/wp\/v2\/posts"}],"about":[{"href":"https:\/\/portaltela.pt\/api\/wp\/v2\/types\/post"}],"author":[{"embeddable":true,"href":"https:\/\/portaltela.pt\/api\/wp\/v2\/users\/2"}],"replies":[{"embeddable":true,"href":"https:\/\/portaltela.pt\/api\/wp\/v2\/comments?post=169613"}],"version-history":[{"count":0,"href":"https:\/\/portaltela.pt\/api\/wp\/v2\/posts\/169613\/revisions"}],"wp:featuredmedia":[{"embeddable":true,"href":"https:\/\/portaltela.pt\/api\/wp\/v2\/media\/169655"}],"wp:attachment":[{"href":"https:\/\/portaltela.pt\/api\/wp\/v2\/media?parent=169613"}],"wp:term":[{"taxonomy":"category","embeddable":true,"href":"https:\/\/portaltela.pt\/api\/wp\/v2\/categories?post=169613"},{"taxonomy":"post_tag","embeddable":true,"href":"https:\/\/portaltela.pt\/api\/wp\/v2\/tags?post=169613"}],"curies":[{"name":"wp","href":"https:\/\/api.w.org\/{rel}","templated":true}]}}