{"id":169611,"date":"2026-01-24T08:36:00","date_gmt":"2026-01-24T11:36:00","guid":{"rendered":"https:\/\/portaltela.pt\/noticias\/2026\/01\/24\/protecao-civil-de-valpacos-auxilia-entrega-de-refeicoes-da-santa-casa\/"},"modified":"2026-01-24T08:36:00","modified_gmt":"2026-01-24T11:36:00","slug":"protecao-civil-de-valpacos-auxilia-entrega-de-refeicoes-da-santa-casa","status":"publish","type":"post","link":"https:\/\/portaltela.pt\/noticias\/2026\/01\/24\/protecao-civil-de-valpacos-auxilia-entrega-de-refeicoes-da-santa-casa\/","title":{"rendered":"Prote\u00e7\u00e3o Civil de Valpa\u00e7os auxilia entrega de refei\u00e7\u00f5es da Santa Casa"},"content":{"rendered":"<p>O Servi\u00e7o de Prote\u00e7\u00e3o Civil de Valpa\u00e7os apoiou a Santa Casa da Miseric\u00f3rdia na entrega de refei\u00e7\u00f5es aos utentes. A interven\u00e7\u00e3o ocorreu devido aos constrangimentos verificados nas estradas do concelho, causados pela queda de neve associada \u00e0 passagem da depress\u00e3o Ingrid pelo territ\u00f3rio continental.<\/p>\n<p>A a\u00e7\u00e3o teve a participa\u00e7\u00e3o e acompanhamento do presidente da C\u00e2mara Municipal, Jorge Mata Pires. O objetivo foi assegurar a continuidade do apoio social prestado pela institui\u00e7\u00e3o, mantendo a seguran\u00e7a da popula\u00e7\u00e3o durante a situa\u00e7\u00e3o de weather adversa.<\/p>\n<p>Este apoio permitido assegurar a entrega de refei\u00e7\u00f5es aos utentes, mantendo o funcionamento dos servi\u00e7os sociais. A autarquia adianta que o esfor\u00e7o dever\u00e1 repetir-se nos pr\u00f3ximos dias, conforme a evolu\u00e7\u00e3o meteorol\u00f3gica.<\/p>\n<h3>Contexto da interven\u00e7\u00e3o<\/h3>\n<p>A atua\u00e7\u00e3o conjunta entre o munic\u00edpio e a prote\u00e7\u00e3o civil visou minimizar impactos na resposta social. N\u00e3o foram reportados incidentes graves relacionados com a entrega, e as autoridades continuam a monitorizar a evolu\u00e7\u00e3o clim\u00e1tica.<\/p>\n","protected":false},"excerpt":{"rendered":"<ul>\n<li>O Servi\u00e7o de Prote\u00e7\u00e3o Civil de Valpa\u00e7os ajudou na entrega de refei\u00e7\u00f5es da Santa Casa da Miseric\u00f3rdia, devido aos constrangimentos rodovi\u00e1rios provocados pela neve causada pela depress\u00e3o Ingrid.<\/li>\n<li>A entrega ocorreu no concelho de Valpa\u00e7os e contou com a articula\u00e7\u00e3o e acompanhamento do presidente da C\u00e2mara Municipal, Jorge Mata Pires.<\/li>\n<li>A a\u00e7\u00e3o permitiu manter o apoio social prestado pela Santa Casa da Miseric\u00f3rdia e garantir a seguran\u00e7a da popula\u00e7\u00e3o.<\/li>\n<li>A autarquia informou que a medida dever\u00e1 repetir-se nos pr\u00f3ximos dias.<\/li>\n<\/ul>\n","protected":false},"author":2,"featured_media":169656,"comment_status":"closed","ping_status":"closed","sticky":false,"template":"","format":"standard","meta":{"footnotes":""},"categories":[1],"tags":[2172,703,320,2318,4071,2146],"class_list":["post-169611","post","type-post","status-publish","format-standard","has-post-thumbnail","hentry","category-noticias","tag-assistencia-social","tag-camara","tag-protecao-civil","tag-sociedade","tag-solidariedade-social","tag-valpacos"],"yoast_head":"<!-- This site is optimized with the Yoast SEO plugin v27.2 - https:\/\/yoast.com\/product\/yoast-seo-wordpress\/ -->\n<title>Prote\u00e7\u00e3o Civil de Valpa\u00e7os auxilia entrega de refei\u00e7\u00f5es da Santa Casa - Portal Tela Portugal<\/title>\n<meta name=\"robots\" content=\"index, follow, max-snippet:-1, max-image-preview:large, max-video-preview:-1\" \/>\n<meta property=\"og:locale\" content=\"pt_PT\" \/>\n<meta property=\"og:type\" content=\"article\" \/>\n<meta property=\"og:title\" content=\"Prote\u00e7\u00e3o Civil de Valpa\u00e7os auxilia entrega de refei\u00e7\u00f5es da Santa Casa - Portal Tela Portugal\" \/>\n<meta property=\"og:description\" content=\"O Servi\u00e7o de Prote\u00e7\u00e3o Civil de Valpa\u00e7os ajudou na entrega de refei\u00e7\u00f5es da Santa Casa da Miseric\u00f3rdia, devido aos constrangimentos rodovi\u00e1rios provocados pela neve causada pela depress\u00e3o Ingrid. A entrega ocorreu no concelho de Valpa\u00e7os e contou com a articula\u00e7\u00e3o e acompanhamento do presidente da C\u00e2mara Municipal, Jorge Mata Pires. A a\u00e7\u00e3o permitiu manter o apoio social prestado pela Santa Casa da Miseric\u00f3rdia e garantir a seguran\u00e7a da popula\u00e7\u00e3o. A autarquia informou que a medida dever\u00e1 repetir-se nos pr\u00f3ximos dias.\" \/>\n<meta property=\"og:url\" content=\"https:\/\/portaltela.pt\/noticias\/2026\/01\/24\/protecao-civil-de-valpacos-auxilia-entrega-de-refeicoes-da-santa-casa\/\" \/>\n<meta property=\"og:site_name\" content=\"Portal Tela Portugal\" \/>\n<meta property=\"article:published_time\" content=\"2026-01-24T11:36:00+00:00\" \/>\n<meta name=\"author\" content=\"Telinha\" \/>\n<meta name=\"twitter:card\" content=\"summary_large_image\" \/>\n<meta name=\"twitter:label1\" content=\"Escrito por\" \/>\n\t<meta name=\"twitter:data1\" content=\"Telinha\" \/>\n\t<meta name=\"twitter:label2\" content=\"Tempo estimado de leitura\" \/>\n\t<meta name=\"twitter:data2\" content=\"1 minuto\" \/>\n<script type=\"application\/ld+json\" class=\"yoast-schema-graph\">{\"@context\":\"https:\/\/schema.org\",\"@graph\":[{\"@type\":\"Article\",\"@id\":\"https:\/\/portaltela.pt\/noticias\/2026\/01\/24\/protecao-civil-de-valpacos-auxilia-entrega-de-refeicoes-da-santa-casa\/#article\",\"isPartOf\":{\"@id\":\"https:\/\/portaltela.pt\/noticias\/2026\/01\/24\/protecao-civil-de-valpacos-auxilia-entrega-de-refeicoes-da-santa-casa\/\"},\"author\":{\"name\":\"Telinha\",\"@id\":\"https:\/\/portaltela.pt\/#\/schema\/person\/c4278d4a6028830caff9ee44b42d32ed\"},\"headline\":\"Prote\u00e7\u00e3o Civil de Valpa\u00e7os auxilia entrega de refei\u00e7\u00f5es da Santa Casa\",\"datePublished\":\"2026-01-24T11:36:00+00:00\",\"mainEntityOfPage\":{\"@id\":\"https:\/\/portaltela.pt\/noticias\/2026\/01\/24\/protecao-civil-de-valpacos-auxilia-entrega-de-refeicoes-da-santa-casa\/\"},\"wordCount\":191,\"image\":{\"@id\":\"https:\/\/portaltela.pt\/noticias\/2026\/01\/24\/protecao-civil-de-valpacos-auxilia-entrega-de-refeicoes-da-santa-casa\/#primaryimage\"},\"thumbnailUrl\":\"https:\/\/portaltela.pt\/s.01k8rhncp4jt1\/2026\/01\/unnamed-file-4960.jpg\",\"keywords\":[\"assist\u00eancia social\",\"c\u00e2mara\",\"prote\u00e7\u00e3o civil\",\"sociedade\",\"Solidariedade Social\",\"Valpa\u00e7os\"],\"articleSection\":[\"Not\u00edcias\"],\"inLanguage\":\"pt-PT\"},{\"@type\":\"WebPage\",\"@id\":\"https:\/\/portaltela.pt\/noticias\/2026\/01\/24\/protecao-civil-de-valpacos-auxilia-entrega-de-refeicoes-da-santa-casa\/\",\"url\":\"https:\/\/portaltela.pt\/noticias\/2026\/01\/24\/protecao-civil-de-valpacos-auxilia-entrega-de-refeicoes-da-santa-casa\/\",\"name\":\"Prote\u00e7\u00e3o Civil de Valpa\u00e7os auxilia entrega de refei\u00e7\u00f5es da Santa Casa - Portal Tela Portugal\",\"isPartOf\":{\"@id\":\"https:\/\/portaltela.pt\/#website\"},\"primaryImageOfPage\":{\"@id\":\"https:\/\/portaltela.pt\/noticias\/2026\/01\/24\/protecao-civil-de-valpacos-auxilia-entrega-de-refeicoes-da-santa-casa\/#primaryimage\"},\"image\":{\"@id\":\"https:\/\/portaltela.pt\/noticias\/2026\/01\/24\/protecao-civil-de-valpacos-auxilia-entrega-de-refeicoes-da-santa-casa\/#primaryimage\"},\"thumbnailUrl\":\"https:\/\/portaltela.pt\/s.01k8rhncp4jt1\/2026\/01\/unnamed-file-4960.jpg\",\"datePublished\":\"2026-01-24T11:36:00+00:00\",\"author\":{\"@id\":\"https:\/\/portaltela.pt\/#\/schema\/person\/c4278d4a6028830caff9ee44b42d32ed\"},\"breadcrumb\":{\"@id\":\"https:\/\/portaltela.pt\/noticias\/2026\/01\/24\/protecao-civil-de-valpacos-auxilia-entrega-de-refeicoes-da-santa-casa\/#breadcrumb\"},\"inLanguage\":\"pt-PT\",\"potentialAction\":[{\"@type\":\"ReadAction\",\"target\":[\"https:\/\/portaltela.pt\/noticias\/2026\/01\/24\/protecao-civil-de-valpacos-auxilia-entrega-de-refeicoes-da-santa-casa\/\"]}]},{\"@type\":\"ImageObject\",\"inLanguage\":\"pt-PT\",\"@id\":\"https:\/\/portaltela.pt\/noticias\/2026\/01\/24\/protecao-civil-de-valpacos-auxilia-entrega-de-refeicoes-da-santa-casa\/#primaryimage\",\"url\":\"https:\/\/portaltela.pt\/s.01k8rhncp4jt1\/2026\/01\/unnamed-file-4960.jpg\",\"contentUrl\":\"https:\/\/portaltela.pt\/s.01k8rhncp4jt1\/2026\/01\/unnamed-file-4960.jpg\",\"width\":796,\"height\":448,\"caption\":\"Servi\u00e7o de Prote\u00e7\u00e3o Civil de Valpa\u00e7os ajudou na entrega de refei\u00e7\u00f5es da Santa Casa da Miseric\u00f3rdia\"},{\"@type\":\"BreadcrumbList\",\"@id\":\"https:\/\/portaltela.pt\/noticias\/2026\/01\/24\/protecao-civil-de-valpacos-auxilia-entrega-de-refeicoes-da-santa-casa\/#breadcrumb\",\"itemListElement\":[{\"@type\":\"ListItem\",\"position\":1,\"name\":\"In\u00edcio\",\"item\":\"https:\/\/portaltela.pt\/\"},{\"@type\":\"ListItem\",\"position\":2,\"name\":\"Prote\u00e7\u00e3o Civil de Valpa\u00e7os auxilia entrega de refei\u00e7\u00f5es da Santa Casa\"}]},{\"@type\":\"WebSite\",\"@id\":\"https:\/\/portaltela.pt\/#website\",\"url\":\"https:\/\/portaltela.pt\/\",\"name\":\"Portal Tela Portugal\",\"description\":\"\",\"potentialAction\":[{\"@type\":\"SearchAction\",\"target\":{\"@type\":\"EntryPoint\",\"urlTemplate\":\"https:\/\/portaltela.pt\/?s={search_term_string}\"},\"query-input\":{\"@type\":\"PropertyValueSpecification\",\"valueRequired\":true,\"valueName\":\"search_term_string\"}}],\"inLanguage\":\"pt-PT\"},{\"@type\":\"Person\",\"@id\":\"https:\/\/portaltela.pt\/#\/schema\/person\/c4278d4a6028830caff9ee44b42d32ed\",\"name\":\"Telinha\",\"image\":{\"@type\":\"ImageObject\",\"inLanguage\":\"pt-PT\",\"@id\":\"https:\/\/portaltela.pt\/s.01k8rhncp4jt1\/2025\/11\/talking-bot-125x125.png\",\"url\":\"https:\/\/portaltela.pt\/s.01k8rhncp4jt1\/2025\/11\/talking-bot-125x125.png\",\"contentUrl\":\"https:\/\/portaltela.pt\/s.01k8rhncp4jt1\/2025\/11\/talking-bot-125x125.png\",\"caption\":\"Telinha\"},\"sameAs\":[\"https:\/\/portaltela.pt\/\"],\"url\":\"https:\/\/portaltela.pt\/por\/367410592786\/\"}]}<\/script>\n<!-- \/ Yoast SEO plugin. -->","yoast_head_json":{"title":"Prote\u00e7\u00e3o Civil de Valpa\u00e7os auxilia entrega de refei\u00e7\u00f5es da Santa Casa - Portal Tela Portugal","robots":{"index":"index","follow":"follow","max-snippet":"max-snippet:-1","max-image-preview":"max-image-preview:large","max-video-preview":"max-video-preview:-1"},"og_locale":"pt_PT","og_type":"article","og_title":"Prote\u00e7\u00e3o Civil de Valpa\u00e7os auxilia entrega de refei\u00e7\u00f5es da Santa Casa - Portal Tela Portugal","og_description":"O Servi\u00e7o de Prote\u00e7\u00e3o Civil de Valpa\u00e7os ajudou na entrega de refei\u00e7\u00f5es da Santa Casa da Miseric\u00f3rdia, devido aos constrangimentos rodovi\u00e1rios provocados pela neve causada pela depress\u00e3o Ingrid. A entrega ocorreu no concelho de Valpa\u00e7os e contou com a articula\u00e7\u00e3o e acompanhamento do presidente da C\u00e2mara Municipal, Jorge Mata Pires. A a\u00e7\u00e3o permitiu manter o apoio social prestado pela Santa Casa da Miseric\u00f3rdia e garantir a seguran\u00e7a da popula\u00e7\u00e3o. A autarquia informou que a medida dever\u00e1 repetir-se nos pr\u00f3ximos dias.","og_url":"https:\/\/portaltela.pt\/noticias\/2026\/01\/24\/protecao-civil-de-valpacos-auxilia-entrega-de-refeicoes-da-santa-casa\/","og_site_name":"Portal Tela Portugal","article_published_time":"2026-01-24T11:36:00+00:00","author":"Telinha","twitter_card":"summary_large_image","twitter_misc":{"Escrito por":"Telinha","Tempo estimado de leitura":"1 minuto"},"schema":{"@context":"https:\/\/schema.org","@graph":[{"@type":"Article","@id":"https:\/\/portaltela.pt\/noticias\/2026\/01\/24\/protecao-civil-de-valpacos-auxilia-entrega-de-refeicoes-da-santa-casa\/#article","isPartOf":{"@id":"https:\/\/portaltela.pt\/noticias\/2026\/01\/24\/protecao-civil-de-valpacos-auxilia-entrega-de-refeicoes-da-santa-casa\/"},"author":{"name":"Telinha","@id":"https:\/\/portaltela.pt\/#\/schema\/person\/c4278d4a6028830caff9ee44b42d32ed"},"headline":"Prote\u00e7\u00e3o Civil de Valpa\u00e7os auxilia entrega de refei\u00e7\u00f5es da Santa Casa","datePublished":"2026-01-24T11:36:00+00:00","mainEntityOfPage":{"@id":"https:\/\/portaltela.pt\/noticias\/2026\/01\/24\/protecao-civil-de-valpacos-auxilia-entrega-de-refeicoes-da-santa-casa\/"},"wordCount":191,"image":{"@id":"https:\/\/portaltela.pt\/noticias\/2026\/01\/24\/protecao-civil-de-valpacos-auxilia-entrega-de-refeicoes-da-santa-casa\/#primaryimage"},"thumbnailUrl":"https:\/\/portaltela.pt\/s.01k8rhncp4jt1\/2026\/01\/unnamed-file-4960.jpg","keywords":["assist\u00eancia social","c\u00e2mara","prote\u00e7\u00e3o civil","sociedade","Solidariedade Social","Valpa\u00e7os"],"articleSection":["Not\u00edcias"],"inLanguage":"pt-PT"},{"@type":"WebPage","@id":"https:\/\/portaltela.pt\/noticias\/2026\/01\/24\/protecao-civil-de-valpacos-auxilia-entrega-de-refeicoes-da-santa-casa\/","url":"https:\/\/portaltela.pt\/noticias\/2026\/01\/24\/protecao-civil-de-valpacos-auxilia-entrega-de-refeicoes-da-santa-casa\/","name":"Prote\u00e7\u00e3o Civil de Valpa\u00e7os auxilia entrega de refei\u00e7\u00f5es da Santa Casa - Portal Tela Portugal","isPartOf":{"@id":"https:\/\/portaltela.pt\/#website"},"primaryImageOfPage":{"@id":"https:\/\/portaltela.pt\/noticias\/2026\/01\/24\/protecao-civil-de-valpacos-auxilia-entrega-de-refeicoes-da-santa-casa\/#primaryimage"},"image":{"@id":"https:\/\/portaltela.pt\/noticias\/2026\/01\/24\/protecao-civil-de-valpacos-auxilia-entrega-de-refeicoes-da-santa-casa\/#primaryimage"},"thumbnailUrl":"https:\/\/portaltela.pt\/s.01k8rhncp4jt1\/2026\/01\/unnamed-file-4960.jpg","datePublished":"2026-01-24T11:36:00+00:00","author":{"@id":"https:\/\/portaltela.pt\/#\/schema\/person\/c4278d4a6028830caff9ee44b42d32ed"},"breadcrumb":{"@id":"https:\/\/portaltela.pt\/noticias\/2026\/01\/24\/protecao-civil-de-valpacos-auxilia-entrega-de-refeicoes-da-santa-casa\/#breadcrumb"},"inLanguage":"pt-PT","potentialAction":[{"@type":"ReadAction","target":["https:\/\/portaltela.pt\/noticias\/2026\/01\/24\/protecao-civil-de-valpacos-auxilia-entrega-de-refeicoes-da-santa-casa\/"]}]},{"@type":"ImageObject","inLanguage":"pt-PT","@id":"https:\/\/portaltela.pt\/noticias\/2026\/01\/24\/protecao-civil-de-valpacos-auxilia-entrega-de-refeicoes-da-santa-casa\/#primaryimage","url":"https:\/\/portaltela.pt\/s.01k8rhncp4jt1\/2026\/01\/unnamed-file-4960.jpg","contentUrl":"https:\/\/portaltela.pt\/s.01k8rhncp4jt1\/2026\/01\/unnamed-file-4960.jpg","width":796,"height":448,"caption":"Servi\u00e7o de Prote\u00e7\u00e3o Civil de Valpa\u00e7os ajudou na entrega de refei\u00e7\u00f5es da Santa Casa da Miseric\u00f3rdia"},{"@type":"BreadcrumbList","@id":"https:\/\/portaltela.pt\/noticias\/2026\/01\/24\/protecao-civil-de-valpacos-auxilia-entrega-de-refeicoes-da-santa-casa\/#breadcrumb","itemListElement":[{"@type":"ListItem","position":1,"name":"In\u00edcio","item":"https:\/\/portaltela.pt\/"},{"@type":"ListItem","position":2,"name":"Prote\u00e7\u00e3o Civil de Valpa\u00e7os auxilia entrega de refei\u00e7\u00f5es da Santa Casa"}]},{"@type":"WebSite","@id":"https:\/\/portaltela.pt\/#website","url":"https:\/\/portaltela.pt\/","name":"Portal Tela Portugal","description":"","potentialAction":[{"@type":"SearchAction","target":{"@type":"EntryPoint","urlTemplate":"https:\/\/portaltela.pt\/?s={search_term_string}"},"query-input":{"@type":"PropertyValueSpecification","valueRequired":true,"valueName":"search_term_string"}}],"inLanguage":"pt-PT"},{"@type":"Person","@id":"https:\/\/portaltela.pt\/#\/schema\/person\/c4278d4a6028830caff9ee44b42d32ed","name":"Telinha","image":{"@type":"ImageObject","inLanguage":"pt-PT","@id":"https:\/\/portaltela.pt\/s.01k8rhncp4jt1\/2025\/11\/talking-bot-125x125.png","url":"https:\/\/portaltela.pt\/s.01k8rhncp4jt1\/2025\/11\/talking-bot-125x125.png","contentUrl":"https:\/\/portaltela.pt\/s.01k8rhncp4jt1\/2025\/11\/talking-bot-125x125.png","caption":"Telinha"},"sameAs":["https:\/\/portaltela.pt\/"],"url":"https:\/\/portaltela.pt\/por\/367410592786\/"}]}},"_links":{"self":[{"href":"https:\/\/portaltela.pt\/api\/wp\/v2\/posts\/169611","targetHints":{"allow":["GET"]}}],"collection":[{"href":"https:\/\/portaltela.pt\/api\/wp\/v2\/posts"}],"about":[{"href":"https:\/\/portaltela.pt\/api\/wp\/v2\/types\/post"}],"author":[{"embeddable":true,"href":"https:\/\/portaltela.pt\/api\/wp\/v2\/users\/2"}],"replies":[{"embeddable":true,"href":"https:\/\/portaltela.pt\/api\/wp\/v2\/comments?post=169611"}],"version-history":[{"count":0,"href":"https:\/\/portaltela.pt\/api\/wp\/v2\/posts\/169611\/revisions"}],"wp:featuredmedia":[{"embeddable":true,"href":"https:\/\/portaltela.pt\/api\/wp\/v2\/media\/169656"}],"wp:attachment":[{"href":"https:\/\/portaltela.pt\/api\/wp\/v2\/media?parent=169611"}],"wp:term":[{"taxonomy":"category","embeddable":true,"href":"https:\/\/portaltela.pt\/api\/wp\/v2\/categories?post=169611"},{"taxonomy":"post_tag","embeddable":true,"href":"https:\/\/portaltela.pt\/api\/wp\/v2\/tags?post=169611"}],"curies":[{"name":"wp","href":"https:\/\/api.w.org\/{rel}","templated":true}]}}